{"id":46380,"date":"2016-12-16T12:39:36","date_gmt":"2016-12-16T18:39:36","guid":{"rendered":"http:\/\/www.eloriente.net\/home\/?p=46380"},"modified":"2016-12-17T19:16:37","modified_gmt":"2016-12-18T01:16:37","slug":"videocolumna-fracaso-trampa-vital-ursula-woolrich","status":"publish","type":"post","link":"http:\/\/www.eloriente.net\/home\/2016\/12\/16\/videocolumna-fracaso-trampa-vital-ursula-woolrich\/","title":{"rendered":"VIDEOCOLUMNA: El fracaso como trampa vital. Por \u00darsula Woolrich"},"content":{"rendered":"<p><script src=\"\/\/pagead2.googlesyndication.com\/pagead\/js\/adsbygoogle.js\" async=\"\"><\/script><!-- BANNER ELORIENTE INCRUSTADO NOTAS --> <ins class=\"adsbygoogle\" style=\"display: inline-block; width: 300px; height: 250px;\" data-ad-client=\"ca-pub-1136171134853753\" data-ad-slot=\"7974633627\"><\/ins><script>\/\/ <![CDATA[\n(adsbygoogle = window.adsbygoogle || []).push({});\n\/\/ ]]><\/script><\/p>\n<p>&nbsp;<\/p>\n<p>eloriente.net<\/p>\n<p>16 de diciembre de 2016<\/p>\n<p>\u00bfSientes que tu desempe\u00f1o actual est\u00e1 por debajo de tu verdadero potencial? \u00bfTe sientes menos competente que las otras personas de tu escuela o trabajo? \u00bfConsideras que la mayor\u00eda de las personas de tu edad tienen m\u00e1s \u00e9xito que t\u00fa? \u00bfSientes que no eres tan inteligente como la mayor\u00eda de las personas con las que tratas?.<\/p>\n<p>Entonces probablemente tienes la trampa vital del fracaso.<\/p>\n<p><a class=\"profileLink\" href=\"https:\/\/www.facebook.com\/psicologaursula.woolrich\" data-hovercard=\"\/ajax\/hovercard\/user.php?id=100011737595477\" data-hovercard-prefer-more-content-show=\"1\">Ursula Woolrich<\/a> nos explica en qu\u00e9 consiste esta trampa vital, y como cada semana, nos ayuda con co<span class=\"text_exposed_show\">nsejos para combatir la misma.<\/span><\/p>\n<p><iframe loading=\"lazy\" style=\"border: none; overflow: hidden;\" src=\"https:\/\/www.facebook.com\/plugins\/video.php?href=https%3A%2F%2Fwww.facebook.com%2F443535572345554%2Fvideos%2F1383799488319153%2F&amp;show_text=0&amp;width=560\" width=\"560\" height=\"315\" frameborder=\"0\" scrolling=\"no\" allowfullscreen=\"allowfullscreen\"><\/iframe><\/p>\n<p><script src=\"\/\/pagead2.googlesyndication.com\/pagead\/js\/adsbygoogle.js\" async=\"\"><\/script><!-- BANNER PEQUE\u00d1O PARA ENTRENOTAS EL ORIENTE --> <ins class=\"adsbygoogle\" style=\"display: inline-block; width: 468px; height: 60px;\" data-ad-client=\"ca-pub-1136171134853753\" data-ad-slot=\"4953536424\"><\/ins><script>\/\/ <![CDATA[\n(adsbygoogle = window.adsbygoogle || []).push({});\n\/\/ ]]><\/script><\/p>\n<p>\u00darsula Woolrich es Psic\u00f3loga con estudios de maestr\u00eda en educaci\u00f3n superior. Diplomada en programaci\u00f3n neuroling\u00fc\u00edstica, docente y conferencista<\/p>\n<p><a href=\"http:\/\/www.eloriente.net\/home\/wp-content\/uploads\/2016\/12\/U\u0301RSULA-WOOLRICH-15-de-diciembre.jpg\" rel=\"attachment wp-att-46384\"><img loading=\"lazy\" decoding=\"async\" class=\"alignnone wp-image-46384\" src=\"http:\/\/www.eloriente.net\/home\/wp-content\/uploads\/2016\/12\/U\u0301RSULA-WOOLRICH-15-de-diciembre.jpg\" alt=\"ursula-woolrich-15-de-diciembre\" width=\"601\" height=\"338\" srcset=\"http:\/\/www.eloriente.net\/home\/wp-content\/uploads\/2016\/12\/U\u0301RSULA-WOOLRICH-15-de-diciembre.jpg 1920w, http:\/\/www.eloriente.net\/home\/wp-content\/uploads\/2016\/12\/U\u0301RSULA-WOOLRICH-15-de-diciembre-300x169.jpg 300w, http:\/\/www.eloriente.net\/home\/wp-content\/uploads\/2016\/12\/U\u0301RSULA-WOOLRICH-15-de-diciembre-768x432.jpg 768w, http:\/\/www.eloriente.net\/home\/wp-content\/uploads\/2016\/12\/U\u0301RSULA-WOOLRICH-15-de-diciembre-1024x576.jpg 1024w\" sizes=\"(max-width: 601px) 100vw, 601px\" \/><\/a><\/p>\n<p><strong>OTRAS VIDEOCOLUMNAS<\/strong><\/p>\n<div id=\"post-46357\" class=\"entry loop-default border_bottom_30 post-46357 post type-post status-publish format-standard has-post-thumbnail hentry category-comunicacion category-derechos-humanos category-entradas category-salud-y-estilo-de-vida category-lo-mas-reciente category-rebeca-garza category-videoblogs tag-medios tag-noticias tag-rebeca-garza tag-recomendaciones tag-trans\">\n<h2 class=\"entry_title\"><a title=\"Enlace Permanente a VIDEOCOLUMNA: Como abordar las noticias que involucren personas trans. Por Rebeca Garza\" href=\"http:\/\/www.eloriente.net\/home\/2016\/12\/14\/videocolumna-abordar-las-noticias-involucren-personas-trans-rebeca-garza\/\" rel=\"bookmark\">VIDEOCOLUMNA: Como abordar las noticias que involucren personas trans. Por Rebeca Garza<\/a><\/h2>\n<p><a href=\"http:\/\/www.eloriente.net\/home\/2016\/12\/14\/videocolumna-abordar-las-noticias-involucren-personas-trans-rebeca-garza\/\" rel=\"bookmark\"><img decoding=\"async\" class=\"alignleft\" title=\"VIDEOCOLUMNA: Como abordar las noticias que involucren personas trans. Por Rebeca Garza\" src=\"http:\/\/www.eloriente.net\/home\/wp-content\/themes\/city-desk\/timthumb.php?src=http%3A%2F%2Fwww.eloriente.net%2Fhome%2Fwp-content%2Fuploads%2F2016%2F12%2FREBECA-GARZA-14-DE-DICIEMBRE.jpg&amp;q=90&amp;w=160&amp;h=106&amp;zc=1\" alt=\"VIDEOCOLUMNA: Como abordar las noticias que involucren personas trans. Por Rebeca Garza\" \/><\/a>\u00a0 eloriente.net 14 de diciembre de 2016 Ante las recientes noticias que involucran a personas trans, es normal que los medios de comunicaci\u00f3n y otras fuentes, tengan abordajes que no sean del todo correcto, especialmente uno que respete la dignidad. Por esa raz\u00f3n, esta semana Rebeca Garza nos comparte algunas sugerencias, retomadas de diversas fuentes, [\u2026]<\/p>\n<div class=\"toolbar-social\"><\/div>\n<p class=\"postmeta\"><span class=\"meta_date\">diciembre 14, 2016<\/span><\/p>\n<\/div>\n<div id=\"post-46345\" class=\"entry loop-default border_bottom_30 post-46345 post type-post status-publish format-standard has-post-thumbnail hentry category-entradas category-estados category-oaxaca-estados category-raul-cruz-maldonado category-videoblogs tag-diciembre tag-fiestas-decembrinas tag-navidad tag-raul-maldonado tag-raul-maldonado-mendoza\">\n<h2 class=\"entry_title\"><a title=\"Enlace Permanente a VIDEOCOLUMNA: \u00a1Felices fiestas navide\u00f1as! Por Ra\u00fal Maldonado Mendoza\" href=\"http:\/\/www.eloriente.net\/home\/2016\/12\/13\/videocolumna-felices-fiestas-navidenas-raul-maldonado-mendoza\/\" rel=\"bookmark\">VIDEOCOLUMNA: \u00a1Felices fiestas navide\u00f1as! Por Ra\u00fal Maldonado Mendoza<\/a><\/h2>\n<p><a href=\"http:\/\/www.eloriente.net\/home\/2016\/12\/13\/videocolumna-felices-fiestas-navidenas-raul-maldonado-mendoza\/\" rel=\"bookmark\"><img decoding=\"async\" class=\"alignleft\" title=\"VIDEOCOLUMNA: \u00a1Felices fiestas navide\u00f1as! Por Ra\u00fal Maldonado Mendoza\" src=\"http:\/\/www.eloriente.net\/home\/wp-content\/themes\/city-desk\/timthumb.php?src=http%3A%2F%2Fwww.eloriente.net%2Fhome%2Fwp-content%2Fuploads%2F2016%2F12%2FRAU%CC%81L-MALDONADO-13-DE-DICIEMBRE.jpg&amp;q=90&amp;w=160&amp;h=106&amp;zc=1\" alt=\"VIDEOCOLUMNA: \u00a1Felices fiestas navide\u00f1as! Por Ra\u00fal Maldonado Mendoza\" \/><\/a>\u00a0 eloriente.net 13 de diciembre de 2016 Esta semana Ra\u00fal Maldonado Mendoza nos habla sobre el festival Iluminando la Navidad 2016, sobre las fiestas decembrinas y el significado de las mismas. Ra\u00fal Maldonado Mendoza es\u00a0Licenciado en Derecho por la UABJO,\u00a0Campe\u00f3n Nacional de Oratoria\u00a0representando al Estado de Oaxaca en el Concurso\u00a0\u201cUn Siglo de Sindicalismo en M\u00e9xico\u201d, [\u2026]<\/p>\n<div class=\"toolbar-social\"><\/div>\n<p class=\"postmeta\"><span class=\"meta_date\">diciembre 13, 2016<\/span><\/p>\n<\/div>\n<div id=\"post-46329\" class=\"entry loop-default border_bottom_30 post-46329 post type-post status-publish format-standard has-post-thumbnail hentry category-congreso-y-justicia category-entradas category-estados category-karina-baron category-oaxaca-estados category-politica-y-gobierno category-videoblogs tag-karina-baron tag-madres tag-mortalidad-materna tag-oaxaca tag-salud-2\">\n<h2 class=\"entry_title\"><a title=\"Enlace Permanente a VIDEOCOLUMNA: Con la salud de las mujeres no se juega.Por Karina Bar\u00f3n\" href=\"http:\/\/www.eloriente.net\/home\/2016\/12\/12\/videocolumna-la-salud-las-mujeres-no-se-juega-karina-baron\/\" rel=\"bookmark\">VIDEOCOLUMNA: Con la salud de las mujeres no se juega.Por Karina Bar\u00f3n<\/a><\/h2>\n<p><a href=\"http:\/\/www.eloriente.net\/home\/2016\/12\/12\/videocolumna-la-salud-las-mujeres-no-se-juega-karina-baron\/\" rel=\"bookmark\"><img decoding=\"async\" class=\"alignleft\" title=\"VIDEOCOLUMNA: Con la salud de las mujeres no se juega.Por Karina Bar\u00f3n\" src=\"http:\/\/www.eloriente.net\/home\/wp-content\/themes\/city-desk\/timthumb.php?src=http%3A%2F%2Fwww.eloriente.net%2Fhome%2Fwp-content%2Fuploads%2F2016%2F12%2FKARINA-BARO%CC%81N-12-de-diciembre.jpg&amp;q=90&amp;w=160&amp;h=106&amp;zc=1\" alt=\"VIDEOCOLUMNA: Con la salud de las mujeres no se juega.Por Karina Bar\u00f3n\" \/><\/a>\u00a0 eloriente.net 12 de diciembre de 2016 \u201cEl triste caso del elevado \u00edndice de muertes maternas en Oaxaca, es uno de esos asuntos urgentes que requieren atenci\u00f3n inmediata. En 2016, Oaxaca ocup\u00f3 el deshonroso primer lugar en la tabla nacional de mortalidad materna.\u201d Karina Bar\u00f3n habla sobre la urgencia de resolver el problema de las [\u2026]<\/p>\n<\/div>\n\n\t\t\t  <div \n\t\t\t  \tclass = \"fb-comments\" \n\t\t\t  \tdata-href = \"http:\/\/www.eloriente.net\/home\/2016\/12\/16\/videocolumna-fracaso-trampa-vital-ursula-woolrich\/\"\n\t\t\t  \tdata-numposts = \"10\"\n\t\t\t\tdata-colorscheme = \"dark\"\n\t\t\t\tdata-order-by = \"social\"\n\t\t\t\tdata-mobile=true>\n\t\t\t  <\/div>\n\t\t  <style>\n\t\t\t.fb_iframe_widget_fluid_desktop iframe {\n\t\t\t    width: 100% !important;\n\t\t\t}\n\t\t  <\/style>\n\t\t  ","protected":false},"excerpt":{"rendered":"<p>&nbsp; eloriente.net 16 de diciembre de 2016 \u00bfSientes que tu desempe\u00f1o actual est\u00e1 por debajo de tu verdadero potencial? \u00bfTe sientes menos competente que las otras personas de tu escuela o trabajo? \u00bfConsideras que la mayor\u00eda de las personas de tu edad tienen m\u00e1s \u00e9xito que t\u00fa? \u00bfSientes que no eres tan inteligente como la [&hellip;]<\/p>\n","protected":false},"author":44,"featured_media":46385,"comment_status":"open","ping_status":"open","sticky":false,"template":"","format":"standard","meta":{"_jetpack_memberships_contains_paid_content":false,"footnotes":""},"categories":[3,32,16,10,31,30,7100,98],"tags":[1612,7322,1569,7321,7101,7004],"class_list":["post-46380","post","type-post","status-publish","format-standard","has-post-thumbnail","hentry","category-canal-1-tu-aula","category-entradas","category-salud-y-estilo-de-vida","category-lo-mas-reciente","category-principal","category-salud","category-ursula-woolrich","category-videoblogs","tag-fracaso","tag-psicologa","tag-psicologia","tag-trampa-vital-fracaso","tag-trampas-vitales","tag-ursula-woolrich"],"jetpack_featured_media_url":"http:\/\/www.eloriente.net\/home\/wp-content\/uploads\/2016\/12\/U\u0301RSULA-WOOLRICH-15-de-diciembre-1-e1481913488987.jpg","jetpack_sharing_enabled":true,"_links":{"self":[{"href":"http:\/\/www.eloriente.net\/home\/wp-json\/wp\/v2\/posts\/46380"}],"collection":[{"href":"http:\/\/www.eloriente.net\/home\/wp-json\/wp\/v2\/posts"}],"about":[{"href":"http:\/\/www.eloriente.net\/home\/wp-json\/wp\/v2\/types\/post"}],"author":[{"embeddable":true,"href":"http:\/\/www.eloriente.net\/home\/wp-json\/wp\/v2\/users\/44"}],"replies":[{"embeddable":true,"href":"http:\/\/www.eloriente.net\/home\/wp-json\/wp\/v2\/comments?post=46380"}],"version-history":[{"count":2,"href":"http:\/\/www.eloriente.net\/home\/wp-json\/wp\/v2\/posts\/46380\/revisions"}],"predecessor-version":[{"id":46405,"href":"http:\/\/www.eloriente.net\/home\/wp-json\/wp\/v2\/posts\/46380\/revisions\/46405"}],"wp:featuredmedia":[{"embeddable":true,"href":"http:\/\/www.eloriente.net\/home\/wp-json\/wp\/v2\/media\/46385"}],"wp:attachment":[{"href":"http:\/\/www.eloriente.net\/home\/wp-json\/wp\/v2\/media?parent=46380"}],"wp:term":[{"taxonomy":"category","embeddable":true,"href":"http:\/\/www.eloriente.net\/home\/wp-json\/wp\/v2\/categories?post=46380"},{"taxonomy":"post_tag","embeddable":true,"href":"http:\/\/www.eloriente.net\/home\/wp-json\/wp\/v2\/tags?post=46380"}],"curies":[{"name":"wp","href":"https:\/\/api.w.org\/{rel}","templated":true}]}}