{"id":46387,"date":"2016-12-16T12:49:44","date_gmt":"2016-12-16T18:49:44","guid":{"rendered":"http:\/\/www.eloriente.net\/home\/?p=46387"},"modified":"2016-12-16T13:01:35","modified_gmt":"2016-12-16T19:01:35","slug":"oaxaca-abre-sala-cine-guelatao","status":"publish","type":"post","link":"http:\/\/www.eloriente.net\/home\/2016\/12\/16\/oaxaca-abre-sala-cine-guelatao\/","title":{"rendered":"OAXACA: \u00a1Abre sala de cine en Guelatao!"},"content":{"rendered":"<p><script src=\"\/\/pagead2.googlesyndication.com\/pagead\/js\/adsbygoogle.js\" async=\"\"><\/script><!-- BANNER ELORIENTE INCRUSTADO NOTAS --> <ins class=\"adsbygoogle\" style=\"display: inline-block; width: 300px; height: 250px;\" data-ad-client=\"ca-pub-1136171134853753\" data-ad-slot=\"7974633627\"><\/ins><script>\/\/ <![CDATA[\n(adsbygoogle = window.adsbygoogle || []).push({});\n\/\/ ]]><\/script><br \/>\neloriente.net\/<a href=\"http:\/\/www.puentes.me\/episodio\/cine\/469#\" target=\"_blank\">puentes.me<\/a><\/p>\n<p>16 de diciembre de 2016<\/p>\n<p style=\"text-align: right;\"><em>(Recomendamos para complementar esta lectura, escuchar este magn\u00edfico podcast)<\/em><\/p>\n<p><iframe loading=\"lazy\" src=\"http:\/\/www.puentes.me\/?powerpress_embed=25990-podcast&amp;powerpress_player=mediaelement-audio\" width=\"320\" height=\"30\" frameborder=\"0\" scrolling=\"no\"><\/iframe><br \/>\nEl 17 de diciembre se abrir\u00e1n las puertas del <strong>CINE TOO<\/strong> que por su denominaci\u00f3n en zapoteco: <strong>Cine Encantado<\/strong>, siendo la primer sala digital con programaci\u00f3n cinematogr\u00e1fica con una vinculaci\u00f3n de cine y educaci\u00f3n organizado por una comunidad zapoteca.<\/p>\n<p><strong>Cine Too<\/strong> es el resultado de 2 generaciones de productores audiovisuales que insisten en que la imagen audiovisual es imprescindible para la construcci\u00f3n de nuestra identidad como serranos: zapotecos, mixes y chinantecos.<\/p>\n<p>Ni\u00f1os del Centro de Integraci\u00f3n Social N\u00fam. 3; del Jard\u00edn de Ni\u00f1os Br\u00edgida Garc\u00eda y de la Escuela Primaria Benito Ju\u00e1rez han disfrutado de las pel\u00edculas animadas de<strong> Hayao Miyasaki<\/strong> y pel\u00edculas de reciente creaci\u00f3n como Anina, del director <strong>Alfredo Soderguit<\/strong> coproducci\u00f3n de Colombia y Uruguay, que han fascinado a los peque\u00f1os espectadores.<\/p>\n<p>&nbsp;<\/p>\n<p><script src=\"\/\/pagead2.googlesyndication.com\/pagead\/js\/adsbygoogle.js\" async=\"\"><\/script><br \/>\n <!-- BANNER PEQUE\u00d1O PARA ENTRENOTAS EL ORIENTE --><br \/>\n <ins class=\"adsbygoogle\" style=\"display: inline-block; width: 468px; height: 60px;\" data-ad-client=\"ca-pub-1136171134853753\" data-ad-slot=\"4953536424\"><\/ins><br \/>\n<script>\/\/ <![CDATA[\n(adsbygoogle = window.adsbygoogle || []).push({});\n\/\/ ]]><\/script><\/p>\n<p>&nbsp;<\/p>\n<p>Gracias al apoyo de la C\u00e1mara de Diputados en lo \u00faltimos meses se ha hecho una remodelaci\u00f3n que acondiciona la sala con 81 butacas, 1 espacio para discapacitados, sonido 5.1 y un proyector HD.<\/p>\n<p>A esta inauguraci\u00f3n estar\u00e1n invitados los ciudadanos, ni\u00f1os y j\u00f3venes de la comunidad, as\u00ed como autoridades municipales de las comunidades vecinas, como madrinas de esta sala tendremos: la presencia de M\u00f3nica del Carmen, quien actu\u00f3 en los largometrajes \u201cBabel\u201c de Alejandro Gonz\u00e1lez I\u00f1\u00e1rritu y \u201cLa \u00faltima mirada\u201c escrita y dirigida por Patricia Arriaga; \u00a0\u00c1ngeles Cruz actriz de Espiral, \u201cEl viol\u00edn\u201d, \u201cThe girl\u201dy directora de los cortometrajes \u201cLa tiricia o c\u00f3mo cura la tristeza\u201d y \u201cLa carta\u201d; Sof\u00eda Espinosa actriz ganadora del ariel a mejor actriz por su papel protag\u00f3nico en Gloria, pel\u00edcula biogr\u00e1fica sobre la cantante Gloria Trevi; adem\u00e1s estar\u00e1 presente la cineasta Paula Astorga quien fuera directora de la Cineteca Nacional del 2010 al 2013.<\/p>\n<p>&nbsp;<\/p>\n<div class=\"sharedaddy sd-sharing-enabled\"><a href=\"http:\/\/www.eloriente.net\/home\/wp-content\/uploads\/2016\/12\/agenda-guelatao-cine.jpg\" rel=\"attachment wp-att-46388\"><img loading=\"lazy\" decoding=\"async\" class=\"alignnone size-full wp-image-46388\" src=\"http:\/\/www.eloriente.net\/home\/wp-content\/uploads\/2016\/12\/agenda-guelatao-cine.jpg\" alt=\"agenda-guelatao-cine\" width=\"640\" height=\"960\" srcset=\"http:\/\/www.eloriente.net\/home\/wp-content\/uploads\/2016\/12\/agenda-guelatao-cine.jpg 640w, http:\/\/www.eloriente.net\/home\/wp-content\/uploads\/2016\/12\/agenda-guelatao-cine-200x300.jpg 200w\" sizes=\"(max-width: 640px) 100vw, 640px\" \/><\/a><\/div>\n<div class=\"sharedaddy sd-sharing-enabled\"><\/div>\n<div class=\"sharedaddy sd-sharing-enabled\"><strong>OTRAS ENTRADAS:<\/strong><\/div>\n<div class=\"sharedaddy sd-sharing-enabled\"><\/div>\n<div class=\"sharedaddy sd-sharing-enabled\">\n<div class=\"featuredpost\">\n<div class=\"flow_hide\">\n<h2 class=\"posttitle bigposttitle\"><a title=\"Enlace Permanente a OAXACA: Proponen crear un protocolo que atienda la violencia pol\u00edtica contra las mujeres\" href=\"http:\/\/www.eloriente.net\/home\/2016\/12\/15\/oaxaca-proponen-crear-protocolo-atienda-la-violencia-politica-las-mujeres\/\" rel=\"bookmark\">OAXACA: Proponen crear un protocolo que atienda la violencia pol\u00edtica contra las mujeres<\/a><\/h2>\n<\/div>\n<p>eloriente.net 15 de diciembre de 2016 La Diputada local Eufrosina Cruz Mendoza, present\u00f3 ante la LXIII legislatura local, un punto de acuerdo para crear un protocolo que\u2026<\/p>\n<p class=\"postmeta\"><span class=\"meta_date\">diciembre 15, 2016<\/span><\/p>\n<div class=\"toolbar-social\">\n<div class=\"social-widget\">\n<div id=\"sharing-widget\"><a class=\"button icon-share\">Compartir<\/a><\/div>\n<\/div>\n<\/div>\n<\/div>\n<div class=\"featuredpost\">\n<div class=\"flow_hide\">\n<p><a href=\"http:\/\/www.eloriente.net\/home\/2016\/12\/15\/actividades-culturales-no-te-puedes-perder-del-15-al-21-diciembre\/\" rel=\"bookmark\"><img decoding=\"async\" class=\"alignleft\" title=\"Actividades culturales que no te puedes perder (del 15 al 21 de diciembre)\" src=\"http:\/\/www.eloriente.net\/home\/wp-content\/themes\/city-desk\/timthumb.php?src=http%3A%2F%2Fwww.eloriente.net%2Fhome%2Fwp-content%2Fuploads%2F2016%2F12%2FCACAO.jpg&amp;q=90&amp;w=70&amp;h=45&amp;zc=1\" alt=\"Actividades culturales que no te puedes perder (del 15 al 21 de diciembre)\" \/><\/a><\/p>\n<h2 class=\"posttitle \"><a title=\"Enlace Permanente a Actividades culturales que no te puedes perder (del 15 al 21 de diciembre)\" href=\"http:\/\/www.eloriente.net\/home\/2016\/12\/15\/actividades-culturales-no-te-puedes-perder-del-15-al-21-diciembre\/\" rel=\"bookmark\">Actividades culturales que no te puedes perder (del 15 al 21 de diciembre)<\/a><\/h2>\n<\/div>\n<p>(www.eloriente.net; M\u00e9xico a 15 de diciembre de 2016).- Por Jessica Lamadrid \u00a0 Como todos los jueves te compartimos algunas de la actividades culturales que se estar\u00e1 realizando durante\u2026<\/p>\n<p class=\"postmeta\"><span class=\"meta_date\">diciembre 15, 2016<\/span><\/p>\n<\/div>\n<\/div>\n<p>&nbsp;<\/p>\n\n\t\t\t  <div \n\t\t\t  \tclass = \"fb-comments\" \n\t\t\t  \tdata-href = \"http:\/\/www.eloriente.net\/home\/2016\/12\/16\/oaxaca-abre-sala-cine-guelatao\/\"\n\t\t\t  \tdata-numposts = \"10\"\n\t\t\t\tdata-colorscheme = \"dark\"\n\t\t\t\tdata-order-by = \"social\"\n\t\t\t\tdata-mobile=true>\n\t\t\t  <\/div>\n\t\t  <style>\n\t\t\t.fb_iframe_widget_fluid_desktop iframe {\n\t\t\t    width: 100% !important;\n\t\t\t}\n\t\t  <\/style>\n\t\t  ","protected":false},"excerpt":{"rendered":"<p>eloriente.net\/puentes.me 16 de diciembre de 2016 (Recomendamos para complementar esta lectura, escuchar este magn\u00edfico podcast) El 17 de diciembre se abrir\u00e1n las puertas del CINE TOO que por su denominaci\u00f3n en zapoteco: Cine Encantado, siendo la primer sala digital con programaci\u00f3n cinematogr\u00e1fica con una vinculaci\u00f3n de cine y educaci\u00f3n organizado por una comunidad zapoteca. Cine [&hellip;]<\/p>\n","protected":false},"author":1,"featured_media":46389,"comment_status":"open","ping_status":"open","sticky":false,"template":"","format":"standard","meta":{"_jetpack_memberships_contains_paid_content":false,"footnotes":""},"categories":[982,4300,49,32,63,23,464,31],"tags":[7324,5133,7325,7323,7326],"class_list":["post-46387","post","type-post","status-publish","format-standard","has-post-thumbnail","hentry","category-juevesdecineyseries","category-comunicacion","category-destacadas","category-entradas","category-estados","category-municipios","category-oaxaca-estados","category-principal","tag-aqui-cine","tag-cine-comunitario","tag-cine-guelatao","tag-cine-oaxaca","tag-cine-too"],"jetpack_featured_media_url":"http:\/\/www.eloriente.net\/home\/wp-content\/uploads\/2016\/12\/agenda-guelatao.jpg","jetpack_sharing_enabled":true,"_links":{"self":[{"href":"http:\/\/www.eloriente.net\/home\/wp-json\/wp\/v2\/posts\/46387"}],"collection":[{"href":"http:\/\/www.eloriente.net\/home\/wp-json\/wp\/v2\/posts"}],"about":[{"href":"http:\/\/www.eloriente.net\/home\/wp-json\/wp\/v2\/types\/post"}],"author":[{"embeddable":true,"href":"http:\/\/www.eloriente.net\/home\/wp-json\/wp\/v2\/users\/1"}],"replies":[{"embeddable":true,"href":"http:\/\/www.eloriente.net\/home\/wp-json\/wp\/v2\/comments?post=46387"}],"version-history":[{"count":2,"href":"http:\/\/www.eloriente.net\/home\/wp-json\/wp\/v2\/posts\/46387\/revisions"}],"predecessor-version":[{"id":46391,"href":"http:\/\/www.eloriente.net\/home\/wp-json\/wp\/v2\/posts\/46387\/revisions\/46391"}],"wp:featuredmedia":[{"embeddable":true,"href":"http:\/\/www.eloriente.net\/home\/wp-json\/wp\/v2\/media\/46389"}],"wp:attachment":[{"href":"http:\/\/www.eloriente.net\/home\/wp-json\/wp\/v2\/media?parent=46387"}],"wp:term":[{"taxonomy":"category","embeddable":true,"href":"http:\/\/www.eloriente.net\/home\/wp-json\/wp\/v2\/categories?post=46387"},{"taxonomy":"post_tag","embeddable":true,"href":"http:\/\/www.eloriente.net\/home\/wp-json\/wp\/v2\/tags?post=46387"}],"curies":[{"name":"wp","href":"https:\/\/api.w.org\/{rel}","templated":true}]}}