{"id":46396,"date":"2016-12-16T15:33:07","date_gmt":"2016-12-16T21:33:07","guid":{"rendered":"http:\/\/www.eloriente.net\/home\/?p=46396"},"modified":"2016-12-16T15:33:07","modified_gmt":"2016-12-16T21:33:07","slug":"oaxaca-alfredo-lagunas-rivera-rinde-informe-actividades-2016","status":"publish","type":"post","link":"http:\/\/www.eloriente.net\/home\/2016\/12\/16\/oaxaca-alfredo-lagunas-rivera-rinde-informe-actividades-2016\/","title":{"rendered":"OAXACA: Alfredo Lagunas Rivera rinde informe de actividades 2016"},"content":{"rendered":"<p><script src=\"\/\/pagead2.googlesyndication.com\/pagead\/js\/adsbygoogle.js\" async=\"\"><\/script><!-- BANNER ELORIENTE INCRUSTADO NOTAS --> <ins class=\"adsbygoogle\" style=\"display: inline-block; width: 300px; height: 250px;\" data-ad-client=\"ca-pub-1136171134853753\" data-ad-slot=\"7974633627\"><\/ins><script>\/\/ <![CDATA[\n(adsbygoogle = window.adsbygoogle || []).push({});\n\/\/ ]]><\/script><\/p>\n<p>&nbsp;<\/p>\n<p>eloriente.net<\/p>\n<p>16 de diciembre de 2016<\/p>\n<p>La justicia en Oaxaca se construye desde sus exigencias, las cuales en los \u00faltimos a\u00f1os han adquirido un car\u00e1cter multidimensional que pasa por una sinergia global de respeto a las identidades, la diversidad, los pueblos y comunidades ind\u00edgenas, los colectivos vulnerables y el reforzamiento de la propiedad privada, as\u00ed como la protecci\u00f3n a la vida comunitaria que nos ha empujado con todo vigor y sin parpadeos a trabajar con una perspectiva de tendencia nacional.<\/p>\n<p>As\u00ed lo se\u00f1al\u00f3 el titular del Poder Judicial del Estado, magistrado Alfredo Rodrigo Lagunas Rivera, al rendir su Informe de Actividades 2016, donde resalt\u00f3 que la consolidaci\u00f3n del Sistema de Justicia Penal Acusatorio, el avance del movimiento denominado Justicia Cotidiana que apuesta a hacer m\u00e1s eficaces los procesos civiles, mercantiles, familiares y administrativos, el Sistema Nacional Anticorrupci\u00f3n, los Mecanismos Alternos de Soluci\u00f3n de Conflictos, la judicializaci\u00f3n laboral y los indicadores en materia de derechos humanos, son el umbral de un reto extenso que la instituci\u00f3n ha asumido con responsabilidad.<\/p>\n<p>En sesi\u00f3n solemne conjunta de los plenos del Tribunal Superior de Justicia y del Consejo de la Judicatura, a la que asistieron como invitados especiales el consejero jur\u00eddico del Gobierno del Estado, \u00c1ngel Alejo Torres, en representaci\u00f3n del gobernador Alejandro Murat Hinojosa y el presidente de la Mesa Directiva de la LXIII Legislatura del Congreso del Estado, diputado Samuel Gurri\u00f3n Mat\u00edas, reiter\u00f3 que el compromiso de quienes integran el Poder Judicial para consolidarlo como garant\u00eda institucional de respuesta inmediata, proactiva y con inteligencia colectiva para proteger los derechos humanos.<\/p>\n<p>\u201cEsto requiere de una nueva actitud profesional, de articular una mediaci\u00f3n pol\u00edtico-social, con actores institucionales y de la sociedad civil y desarrollar todas las capacidades posibles para materializar dichos procesos de acuerdo con nuestro contexto, en donde la armonizaci\u00f3n del presupuesto p\u00fablico, desde el respeto de la autonom\u00eda presupuestaria y sobre la base del principio de irreductibilidad presupuestal del Poder Judicial, pueda permear en esta acometida de exigencias y cambios del ahora no del ma\u00f1ana\u201d, dijo.<\/p>\n<p>En su mensaje, el magistrado Laguna Rivera refrend\u00f3 su compromiso de trabajo con el gobernador Alejandro Murat Hinojosa, para contribuir con la pol\u00edticas p\u00fablicas en materia de procuraci\u00f3n y administraci\u00f3n de justicia que permitan seguir enfilando un Oaxaca referente y proactivo en temas como el debido proceso, acceso a la justicia y protecci\u00f3n de los derechos humanos, como incentivos para las directrices de pol\u00edtica social, desarrollo econ\u00f3mico y crecimiento sustentable de su gobierno.<\/p>\n<p>Asimismo, hizo votos porque en esta renovada transici\u00f3n pol\u00edtica y la reciente integraci\u00f3n de la Sexag\u00e9sima Tercera Legislatura del Congreso del Estado se refuerce la estructura normativa de Oaxaca, en un di\u00e1logo abierto y respetuoso para la mejora regulatoria en las materias de incidencia en el Poder Judicial.<\/p>\n<h3>Por una nueva cara de la justicia<\/h3>\n<p>En la presentaci\u00f3n del Informe de Actividades, proyectado en un video, se detallaron los logros y avances alcanzados con pleno apego al Plan Estrat\u00e9gico para el Mejoramiento de \u00a0la Administraci\u00f3n de Justicia en Oaxaca 2016-2019, el cual se integra por nueve ejes, que son: Administraci\u00f3n de justicia, un servicio p\u00fablico de calidad con calidez; Una justicia profesional y altamente calificada; Una justicia tecnol\u00f3gicamente avanzada y Una justicia con sistemas de gesti\u00f3n de vanguardia.<\/p>\n<p>Asimismo, Una organizaci\u00f3n administrativa y gesti\u00f3n de las competencias; Una justicia con infraestructuras f\u00edsicas modernas, Un servicio p\u00fablico orientado a la ciudadan\u00eda; el fortalecimiento de la dimensi\u00f3n jur\u00eddica nacional e internacional y Una pol\u00edtica p\u00fablica basada en la coordinaci\u00f3n de esfuerzos.<\/p>\n<p><script src=\"\/\/pagead2.googlesyndication.com\/pagead\/js\/adsbygoogle.js\" async=\"\"><\/script><!-- BANNER PEQUE\u00d1O PARA ENTRENOTAS EL ORIENTE --> <ins class=\"adsbygoogle\" style=\"display: inline-block; width: 468px; height: 60px;\" data-ad-client=\"ca-pub-1136171134853753\" data-ad-slot=\"4953536424\"><\/ins><script>\/\/ <![CDATA[\n(adsbygoogle = window.adsbygoogle || []).push({});\n\/\/ ]]><\/script><\/p>\n<p>Respecto al Pleno del Tribunal Superior de Justicia se inform\u00f3 que desahog\u00f3 10 sesiones ordinarias, 10 extraordinarias y 11 solemnes; en las cuales, entre otros temas destacan el procedimiento de votaci\u00f3n, declaratoria de Presidente Electo por un periodo de 4 a\u00f1os y toma de protesta del Magistrado Presidente del Tribunal Superior de Justicia del Estado, la adscripci\u00f3n de los magistrados al Tribunal de lo Contencioso Administrativo y de Cuentas.<\/p>\n<p>Tambi\u00e9n, la instalaci\u00f3n de la Sala de Justicia Ind\u00edgena, y la creaci\u00f3n de la Quinta Sala Penal as\u00ed como de la Sala Auxiliar del Tribunal Superior de Justicia del Estado; designaci\u00f3n de magistrados de la Comisi\u00f3n de \u00c9tica Judicial y aprobaci\u00f3n del acuerdo que establece los criterios para conceder licencias por paternidad, cuidados paternos, adopci\u00f3n, matrimonio, fallecimiento de familiares, interrupci\u00f3n prematura de embarazo y cuidados maternos.<\/p>\n<p>La Presidencia atendi\u00f3 a la ciudadan\u00eda en 1,315 audiencias y realiz\u00f3 348 reuniones ejecutivas con directores y coordinadores para revisar los avances del Plan Anual de Trabajo; mientras que en lo que corresponde a la labor de los magistrados las seis Salas Penales admitieron 1,923 expedientes, resolviendo 1,657 tocas; las dos Salas Civiles, admitieron 692 expedientes, resolviendo 565 tocas.<\/p>\n<p>La Sala Familiar, admiti\u00f3 547 expedientes, resolviendo 531 tocas y la Sala Constitucional conoci\u00f3 4 controversias constitucionales, 5 juicios para la protecci\u00f3n de derechos humanos y 2 para juicios de protecci\u00f3n de derechos humanos.<\/p>\n<p>La Sala de Justicia Ind\u00edgena conoci\u00f3 una demanda para garantizar el sistema normativo y la facultad jurisdiccional de la comunidad y municipio ind\u00edgena, una demanda de juicio de protecci\u00f3n de los derechos individuales contra autoridades comunitarias en el sistema normativo de la comunidad, un recurso de inconformidad, un recurso donde se solicita ejerza facultad de atracci\u00f3n y dos demandas para el reconocimiento y respeto del derecho a la autonom\u00eda para determinar libremente el desarrollo; de las cuales resolvi\u00f3 1 demanda para garantizar el sistema normativo.<\/p>\n<p>Los juzgados de primera instancia del sistema tradicional en materia civil, mercantil, penal y familiar as\u00ed como del Sistema de Justicia Penal Acusatorio atendieron 21,321 asuntos y concluyeron 10,361 expedientes en las cuatro materias tanto en el sistema tradicional y oral, en los que se contemplan las regiones de Valles Centrales, Mixteca, Ca\u00f1ada, Sierra Norte, Sierra Sur, Costa, Istmo y Papaloapan.<\/p>\n<h3>Consejo de la Judicatura<\/h3>\n<p>El Consejo de la Judicatura, \u00f3rgano de administraci\u00f3n, planeaci\u00f3n y encargado de la vigilancia, disciplina, capacitaci\u00f3n y profesionalizaci\u00f3n de los \u00f3rganos jurisdiccionales y administrativos que integran el Poder Judicial, funcionando a trav\u00e9s de Pleno y las 7 Comisiones permanentes y 1 especial, desahog\u00f3 57 sesiones; 13 ordinarias, 41 extraordinarias y 3 solemnes, mediante las cuales se aprobaron importantes acuerdos generales que inciden directamente en la actividad jurisdiccional del estado.<\/p>\n<p>Entre estos destacan la redistritaci\u00f3n e implementaci\u00f3n de los Juzgados de Control y Tribunal de Enjuiciamiento en las regiones de la Sierra Norte y Sierra Sur del Estado de Oaxaca y modificaci\u00f3n de la competencia del Juzgado de Garant\u00eda de Tehuantepec y el Tribunal de Juicio Oral de la regi\u00f3n Istmo; la creaci\u00f3n del Juzgado Tercero Familiar en Tuxtepec y el cierre de los Juzgados Mixtos de Primera Instancia de los Distritos Judiciales de Coixtlahuaca y Silacayoapam.<\/p>\n<p>La Visitadur\u00eda General suscribi\u00f3 este a\u00f1o 656 instructivos de responsabilidad, aplicando 30 amonestaciones, 13 multas, 1 terminaci\u00f3n de relaci\u00f3n laboral, 2 suspensiones, 100 apercibimientos privados y 3 apercibimientos p\u00fablicos y por su parte, la Contralor\u00eda Interna practic\u00f3 24 auditor\u00edas, en las cuales se revisaron 3,008 expedientes, se fincaron 5 pliegos preventivos de responsabilidad resarcitoria y se formularon 79 observaciones de orden; en el contexto administrativo, practic\u00f3 9 auditor\u00edas, en las se formularon 33 observaciones de orden.<\/p>\n<p>A trav\u00e9s de la Escuela Judicial se dise\u00f1aron 155 actividades entre especialidades, diplomados, seminarios, cursos, talleres y conferencias en las que se actualizaron y capacitaron un total 3,696 servidores p\u00fablicos judiciales. Asimismo se articularon esfuerzos para la puesta en marcha y operatividad de los centros de justicia, aprob\u00e1ndose los proyectos para el equipamiento de la salas de juicio oral de los centros de justicia de Miahuatl\u00e1n, Sola de Vega, Ixtl\u00e1n de Ju\u00e1rez, Tanivet, Ejutla de Crespo, Putla de Guerrero, San Juan Bautista Tuxtepec, Huajuapan de Le\u00f3n, y el Espinal.<\/p>\n<p>El video del Informe de Actividades 2016 del magistrado Lagunas Rivera se puede consultar en el siguiente link: <a href=\"https:\/\/www.tribunaloaxaca.gob.mx\/videos.aspx?cve=102705\" target=\"_blank\">https:\/\/www.tribunaloaxaca.gob.mx\/videos.aspx?cve=102705<\/a><\/p>\n<p><a href=\"http:\/\/www.eloriente.net\/home\/wp-content\/uploads\/2016\/12\/TSJ-16-DE-DICIEMBRE.jpg\" rel=\"attachment wp-att-46397\"><img loading=\"lazy\" decoding=\"async\" class=\"alignnone  wp-image-46397\" src=\"http:\/\/www.eloriente.net\/home\/wp-content\/uploads\/2016\/12\/TSJ-16-DE-DICIEMBRE.jpg\" alt=\"tsj-16-de-diciembre\" width=\"603\" height=\"333\" srcset=\"http:\/\/www.eloriente.net\/home\/wp-content\/uploads\/2016\/12\/TSJ-16-DE-DICIEMBRE.jpg 4364w, http:\/\/www.eloriente.net\/home\/wp-content\/uploads\/2016\/12\/TSJ-16-DE-DICIEMBRE-300x166.jpg 300w, http:\/\/www.eloriente.net\/home\/wp-content\/uploads\/2016\/12\/TSJ-16-DE-DICIEMBRE-768x424.jpg 768w, http:\/\/www.eloriente.net\/home\/wp-content\/uploads\/2016\/12\/TSJ-16-DE-DICIEMBRE-1024x566.jpg 1024w\" sizes=\"(max-width: 603px) 100vw, 603px\" \/><\/a><\/p>\n<p><strong>OTRAS ENTRADAS<\/strong><\/p>\n<div class=\"featuredpost\">\n<div class=\"flow_hide\">\n<h2 class=\"posttitle bigposttitle\"><a title=\"Enlace Permanente a OAXACA: \u00a1Abre sala de cine en Guelatao!\" href=\"http:\/\/www.eloriente.net\/home\/2016\/12\/16\/oaxaca-abre-sala-cine-guelatao\/\" rel=\"bookmark\">OAXACA: \u00a1Abre sala de cine en Guelatao!<\/a><\/h2>\n<\/div>\n<p>eloriente.net\/puentes.me 16 de diciembre de 2016 (Recomendamos para complementar esta lectura, escuchar este magn\u00edfico podcast) El 17 de diciembre se abrir\u00e1n las puertas del CINE TOO que por\u2026<\/p>\n<p class=\"postmeta\"><span class=\"meta_date\">diciembre 16, 2016<\/span><\/p>\n<div class=\"toolbar-social\"><\/div>\n<\/div>\n<div class=\"featuredpost\">\n<div class=\"flow_hide\"><a href=\"http:\/\/www.eloriente.net\/home\/2016\/12\/15\/oaxaca-proponen-crear-protocolo-atienda-la-violencia-politica-las-mujeres\/\" rel=\"bookmark\"><img decoding=\"async\" class=\"alignleft\" title=\"OAXACA: Proponen crear protocolo contra violencia pol\u00edtica hacia mujeres\" src=\"http:\/\/www.eloriente.net\/home\/wp-content\/themes\/city-desk\/timthumb.php?src=http%3A%2F%2Fwww.eloriente.net%2Fhome%2Fwp-content%2Fuploads%2F2016%2F12%2FEUFROSINA-CRUZ.jpg&amp;q=90&amp;w=70&amp;h=45&amp;zc=1\" alt=\"OAXACA: Proponen crear protocolo contra violencia pol\u00edtica hacia mujeres\" \/><\/a><\/p>\n<h2 class=\"posttitle \"><a title=\"Enlace Permanente a OAXACA: Proponen crear protocolo contra violencia pol\u00edtica hacia mujeres\" href=\"http:\/\/www.eloriente.net\/home\/2016\/12\/15\/oaxaca-proponen-crear-protocolo-atienda-la-violencia-politica-las-mujeres\/\" rel=\"bookmark\">OAXACA: Proponen crear protocolo contra violencia pol\u00edtica hacia mujeres<\/a><\/h2>\n<\/div>\n<p>eloriente.net 15 de diciembre de 2016 La Diputada local Eufrosina Cruz Mendoza, present\u00f3 ante la LXIII legislatura local, un punto de acuerdo para crear un protocolo que\u2026<\/p>\n<p class=\"postmeta\"><span class=\"meta_date\">diciembre 15, 2016<\/span><\/p>\n<div class=\"toolbar-social\"><\/div>\n<\/div>\n<div class=\"featuredpost\">\n<div class=\"flow_hide\"><a href=\"http:\/\/www.eloriente.net\/home\/2016\/12\/15\/actividades-culturales-no-te-puedes-perder-del-15-al-21-diciembre\/\" rel=\"bookmark\"><img decoding=\"async\" class=\"alignleft\" title=\"Actividades culturales que no te puedes perder (del 15 al 21 de diciembre)\" src=\"http:\/\/www.eloriente.net\/home\/wp-content\/themes\/city-desk\/timthumb.php?src=http%3A%2F%2Fwww.eloriente.net%2Fhome%2Fwp-content%2Fuploads%2F2016%2F12%2FCACAO.jpg&amp;q=90&amp;w=70&amp;h=45&amp;zc=1\" alt=\"Actividades culturales que no te puedes perder (del 15 al 21 de diciembre)\" \/><\/a><\/p>\n<h2 class=\"posttitle \"><a title=\"Enlace Permanente a Actividades culturales que no te puedes perder (del 15 al 21 de diciembre)\" href=\"http:\/\/www.eloriente.net\/home\/2016\/12\/15\/actividades-culturales-no-te-puedes-perder-del-15-al-21-diciembre\/\" rel=\"bookmark\">Actividades culturales que no te puedes perder (del 15 al 21 de diciembre)<\/a><\/h2>\n<\/div>\n<p>(www.eloriente.net; M\u00e9xico a 15 de diciembre de 2016).- Por Jessica Lamadrid \u00a0 Como todos los jueves te compartimos algunas de la actividades culturales que se estar\u00e1 realizando durante\u2026<\/p>\n<p class=\"postmeta\"><span class=\"meta_date\">diciembre 15, 2016<\/span><\/p>\n<\/div>\n\n\t\t\t  <div \n\t\t\t  \tclass = \"fb-comments\" \n\t\t\t  \tdata-href = \"http:\/\/www.eloriente.net\/home\/2016\/12\/16\/oaxaca-alfredo-lagunas-rivera-rinde-informe-actividades-2016\/\"\n\t\t\t  \tdata-numposts = \"10\"\n\t\t\t\tdata-colorscheme = \"dark\"\n\t\t\t\tdata-order-by = \"social\"\n\t\t\t\tdata-mobile=true>\n\t\t\t  <\/div>\n\t\t  <style>\n\t\t\t.fb_iframe_widget_fluid_desktop iframe {\n\t\t\t    width: 100% !important;\n\t\t\t}\n\t\t  <\/style>\n\t\t  ","protected":false},"excerpt":{"rendered":"<p>&nbsp; eloriente.net 16 de diciembre de 2016 La justicia en Oaxaca se construye desde sus exigencias, las cuales en los \u00faltimos a\u00f1os han adquirido un car\u00e1cter multidimensional que pasa por una sinergia global de respeto a las identidades, la diversidad, los pueblos y comunidades ind\u00edgenas, los colectivos vulnerables y el reforzamiento de la propiedad privada, [&hellip;]<\/p>\n","protected":false},"author":44,"featured_media":46397,"comment_status":"open","ping_status":"open","sticky":false,"template":"","format":"standard","meta":{"_jetpack_memberships_contains_paid_content":false,"footnotes":""},"categories":[4300,1588,91,32,63,464,21,31],"tags":[5483,7329,4653,4134],"class_list":["post-46396","post","type-post","status-publish","format-standard","has-post-thumbnail","hentry","category-comunicacion","category-comunicados-y-boletines","category-congreso-y-justicia","category-entradas","category-estados","category-oaxaca-estados","category-politica-y-gobierno","category-principal","tag-alfredo-lagunas-rivera","tag-informe-2016","tag-tribunal-superior-de-justicia-de-oaxaca","tag-tsjo"],"jetpack_featured_media_url":"http:\/\/www.eloriente.net\/home\/wp-content\/uploads\/2016\/12\/TSJ-16-DE-DICIEMBRE.jpg","jetpack_sharing_enabled":true,"_links":{"self":[{"href":"http:\/\/www.eloriente.net\/home\/wp-json\/wp\/v2\/posts\/46396"}],"collection":[{"href":"http:\/\/www.eloriente.net\/home\/wp-json\/wp\/v2\/posts"}],"about":[{"href":"http:\/\/www.eloriente.net\/home\/wp-json\/wp\/v2\/types\/post"}],"author":[{"embeddable":true,"href":"http:\/\/www.eloriente.net\/home\/wp-json\/wp\/v2\/users\/44"}],"replies":[{"embeddable":true,"href":"http:\/\/www.eloriente.net\/home\/wp-json\/wp\/v2\/comments?post=46396"}],"version-history":[{"count":1,"href":"http:\/\/www.eloriente.net\/home\/wp-json\/wp\/v2\/posts\/46396\/revisions"}],"predecessor-version":[{"id":46398,"href":"http:\/\/www.eloriente.net\/home\/wp-json\/wp\/v2\/posts\/46396\/revisions\/46398"}],"wp:featuredmedia":[{"embeddable":true,"href":"http:\/\/www.eloriente.net\/home\/wp-json\/wp\/v2\/media\/46397"}],"wp:attachment":[{"href":"http:\/\/www.eloriente.net\/home\/wp-json\/wp\/v2\/media?parent=46396"}],"wp:term":[{"taxonomy":"category","embeddable":true,"href":"http:\/\/www.eloriente.net\/home\/wp-json\/wp\/v2\/categories?post=46396"},{"taxonomy":"post_tag","embeddable":true,"href":"http:\/\/www.eloriente.net\/home\/wp-json\/wp\/v2\/tags?post=46396"}],"curies":[{"name":"wp","href":"https:\/\/api.w.org\/{rel}","templated":true}]}}