{"id":46524,"date":"2016-12-28T18:16:34","date_gmt":"2016-12-29T00:16:34","guid":{"rendered":"http:\/\/www.eloriente.net\/home\/?p=46524"},"modified":"2017-01-02T12:57:54","modified_gmt":"2017-01-02T18:57:54","slug":"cultura-festivales-culturales-mexico-disfrutar-2017","status":"publish","type":"post","link":"http:\/\/www.eloriente.net\/home\/2016\/12\/28\/cultura-festivales-culturales-mexico-disfrutar-2017\/","title":{"rendered":"CULTURA: Festivales culturales en M\u00e9xico a disfrutar en 2017"},"content":{"rendered":"<p><script src=\"\/\/pagead2.googlesyndication.com\/pagead\/js\/adsbygoogle.js\" async=\"\"><\/script><!-- BANNER ELORIENTE INCRUSTADO NOTAS --> <ins class=\"adsbygoogle\" style=\"display: inline-block; width: 300px; height: 250px;\" data-ad-client=\"ca-pub-1136171134853753\" data-ad-slot=\"7974633627\"><\/ins><script>\/\/ <![CDATA[\n(adsbygoogle = window.adsbygoogle || []).push({});\n\/\/ ]]><\/script><\/p>\n<p>&nbsp;<\/p>\n<p>eloriente.net<\/p>\n<p>28 de diciembre de 2016<\/p>\n<p>El 2017 est\u00e1 a la vuelta de la esquina, y su llegada representa la apertura de un sin fin de oportunidades para vivir nuevas experiencias. Por ello, en EL ORIENTE te presentamos 10 festivales culturales en M\u00e9xico a los que vale la pena asistir<\/p>\n<p><a href=\"http:\/\/thebpmfestival.com\/\" target=\"_blank\"><strong>1.- BPM Festival<\/strong><\/a><\/p>\n<p>El d\u00e9cimo aniversario del BPM (uno de los festivales de m\u00fasica electr\u00f3nica m\u00e1s importantes de Am\u00e9rica) se celebrar\u00e1 del 6 al 15 de enero de 2017 en Playa del Carmen. Un evento que no tiene desperdicio alguna por la calidad de sus invitados.<\/p>\n<p><a href=\"http:\/\/www.eloriente.net\/home\/wp-content\/uploads\/2016\/12\/BPM.jpg\" rel=\"attachment wp-att-46525\"><img loading=\"lazy\" decoding=\"async\" class=\"alignnone wp-image-46525\" src=\"http:\/\/www.eloriente.net\/home\/wp-content\/uploads\/2016\/12\/BPM.jpg\" alt=\"bpm\" width=\"602\" height=\"400\" srcset=\"http:\/\/www.eloriente.net\/home\/wp-content\/uploads\/2016\/12\/BPM.jpg 1080w, http:\/\/www.eloriente.net\/home\/wp-content\/uploads\/2016\/12\/BPM-300x199.jpg 300w, http:\/\/www.eloriente.net\/home\/wp-content\/uploads\/2016\/12\/BPM-768x511.jpg 768w, http:\/\/www.eloriente.net\/home\/wp-content\/uploads\/2016\/12\/BPM-1024x681.jpg 1024w\" sizes=\"(max-width: 602px) 100vw, 602px\" \/><\/a><\/p>\n<p><a href=\"http:\/\/www.ficg.mx\/32\/index.php\/es\/\"><strong>2.- Festival Internacional de Cine de Guadalajara<\/strong><\/a><\/p>\n<p>Considerado por muchos como el evento f\u00edlmico m\u00e1s grande de Latinoam\u00e9rica, el Festival Internacional de Cine de Guadalajara es uno de los escaparates para la apreciaci\u00f3n, difusi\u00f3n, promoci\u00f3n y distribuci\u00f3n del cine mexicano e iberoamericano.<\/p>\n<p>La edici\u00f3n 32 se llevar\u00e1 a cabo del 10 al 17 de marzo de 2017 y tendr\u00e1 a Alemania como invitado de honor.<\/p>\n<p><a href=\"http:\/\/www.eloriente.net\/home\/wp-content\/uploads\/2016\/12\/FICG-32.jpg\" rel=\"attachment wp-att-46531\"><img loading=\"lazy\" decoding=\"async\" class=\"alignnone wp-image-46531\" src=\"http:\/\/www.eloriente.net\/home\/wp-content\/uploads\/2016\/12\/FICG-32.jpg\" alt=\"ficg-32\" width=\"602\" height=\"401\" srcset=\"http:\/\/www.eloriente.net\/home\/wp-content\/uploads\/2016\/12\/FICG-32.jpg 1511w, http:\/\/www.eloriente.net\/home\/wp-content\/uploads\/2016\/12\/FICG-32-300x200.jpg 300w, http:\/\/www.eloriente.net\/home\/wp-content\/uploads\/2016\/12\/FICG-32-768x512.jpg 768w, http:\/\/www.eloriente.net\/home\/wp-content\/uploads\/2016\/12\/FICG-32-1024x682.jpg 1024w\" sizes=\"(max-width: 602px) 100vw, 602px\" \/><\/a><\/p>\n<p><a href=\"http:\/\/www.culturacampeche.com\/\"><strong>3.- Festival del Centro Hist\u00f3rico de Campeche<\/strong><\/a><\/p>\n<p>El Festival del Centro Hist\u00f3rico de Campeche funge como escaparate para promover diversas manifestaciones art\u00edsticas y culturales en los espacios m\u00e1s representativos de la hist\u00f3rica ciudad de Campeche como museos, plazas, parques, teatros, salas de arte, entre otros.<\/p>\n<p>Esta edici\u00f3n cont\u00f3 con artistas invitados como Julieta Venegas; La Charanga Habanera; \u201cEl Cascanueces\u201d, de la Compa\u00f1\u00eda Nacional de Danza M\u00e9xico City Ballet; la Orquesta T\u00edpica Yukalpet\u00e9n; el Ensamble vocal de M\u00e9xico \u201cVoz en Punto\u201d; el Ballet Nacional de Colombia de la Compa\u00f1\u00eda \u201cIncolballet\u201d, entre muchos otros.<\/p>\n<p>La m\u00e1s reciente edici\u00f3n de este festival reci\u00e9n acaba de terminar en diciembre.<\/p>\n<p><a href=\"http:\/\/www.eloriente.net\/home\/wp-content\/uploads\/2016\/12\/FESTIVAL-CAMPECHE.jpg\" rel=\"attachment wp-att-46530\"><img loading=\"lazy\" decoding=\"async\" class=\"alignnone wp-image-46530\" src=\"http:\/\/www.eloriente.net\/home\/wp-content\/uploads\/2016\/12\/FESTIVAL-CAMPECHE.jpg\" alt=\"festival-campeche\" width=\"601\" height=\"200\" srcset=\"http:\/\/www.eloriente.net\/home\/wp-content\/uploads\/2016\/12\/FESTIVAL-CAMPECHE.jpg 3547w, http:\/\/www.eloriente.net\/home\/wp-content\/uploads\/2016\/12\/FESTIVAL-CAMPECHE-300x100.jpg 300w, http:\/\/www.eloriente.net\/home\/wp-content\/uploads\/2016\/12\/FESTIVAL-CAMPECHE-768x256.jpg 768w, http:\/\/www.eloriente.net\/home\/wp-content\/uploads\/2016\/12\/FESTIVAL-CAMPECHE-1024x341.jpg 1024w\" sizes=\"(max-width: 601px) 100vw, 601px\" \/><\/a><\/p>\n<p><a href=\"http:\/\/www.hellandheavenfest.com\/\"><strong>4.- Festival Hell &amp; Heaven<\/strong><\/a><\/p>\n<p>Es el festival imprescindible para los amantes del heavy metal, en el que tambi\u00e9n conviven el rock, el punk y otras tendencias alternativas.<\/p>\n<p>Por lo regular se realiza a mediados de a\u00f1o. En 2016 se llev\u00f3 a cabo el 23 de julio en el Aut\u00f3dromo Hermanos Rodr\u00edguez y cont\u00f3 con la presencia de bandas de gran renombre como Rammstein, Twisted Sister, Ghost, Epica, entre muchas otras.<\/p>\n<p><a href=\"http:\/\/www.eloriente.net\/home\/wp-content\/uploads\/2016\/12\/HELL-AND-HEAVEN.jpg\" rel=\"attachment wp-att-46532\"><img loading=\"lazy\" decoding=\"async\" class=\"alignnone wp-image-46532\" src=\"http:\/\/www.eloriente.net\/home\/wp-content\/uploads\/2016\/12\/HELL-AND-HEAVEN.jpg\" alt=\"hell-and-heaven\" width=\"600\" height=\"399\" srcset=\"http:\/\/www.eloriente.net\/home\/wp-content\/uploads\/2016\/12\/HELL-AND-HEAVEN.jpg 960w, http:\/\/www.eloriente.net\/home\/wp-content\/uploads\/2016\/12\/HELL-AND-HEAVEN-300x199.jpg 300w, http:\/\/www.eloriente.net\/home\/wp-content\/uploads\/2016\/12\/HELL-AND-HEAVEN-768x510.jpg 768w\" sizes=\"(max-width: 600px) 100vw, 600px\" \/><\/a><\/p>\n<p><script src=\"\/\/pagead2.googlesyndication.com\/pagead\/js\/adsbygoogle.js\" async=\"\"><\/script><!-- BANNER PEQUE\u00d1O PARA ENTRENOTAS EL ORIENTE --> <ins class=\"adsbygoogle\" style=\"display: inline-block; width: 468px; height: 60px;\" data-ad-client=\"ca-pub-1136171134853753\" data-ad-slot=\"4953536424\"><\/ins><script>\/\/ <![CDATA[\n(adsbygoogle = window.adsbygoogle || []).push({});\n\/\/ ]]><\/script><\/p>\n<p><a href=\"http:\/\/festivalortiztirado.gob.mx\/\"><strong>5.- Festival Internacional Alfonso Ortiz Tirado<\/strong><\/a><\/p>\n<p>El Festival Internacional Alfonso Ortiz Tirado (FAOT), es el foro oper\u00edstico m\u00e1s importante del noroeste de M\u00e9xico, el cual festejar\u00e1 su trig\u00e9sima tercer edici\u00f3n del 20 al 28 de enero de 2017.<\/p>\n<p>La cartelera est\u00e1 integrada por artistas de gran calidad como la pianista Silvia Navarrete, la mezzosoprano Elina Garanca, el pianista Rogelio Riojas Nolasco entre otros.<\/p>\n<p><span class=\"embed-youtube\" style=\"text-align:center; display: block;\"><iframe loading=\"lazy\" class=\"youtube-player\" width=\"640\" height=\"360\" src=\"https:\/\/www.youtube.com\/embed\/TROoeQSZcVs?version=3&#038;rel=1&#038;showsearch=0&#038;showinfo=1&#038;iv_load_policy=1&#038;fs=1&#038;hl=es-ES&#038;autohide=2&#038;wmode=transparent\" allowfullscreen=\"true\" style=\"border:0;\" sandbox=\"allow-scripts allow-same-origin allow-popups allow-presentation allow-popups-to-escape-sandbox\"><\/iframe><\/span><\/p>\n<p><a href=\"http:\/\/www.ferialibromineria.mx\/\"><strong>6.- Feria Internacional del Libro del Palacio de Miner\u00eda<\/strong><\/a><\/p>\n<p>La edici\u00f3n 38 de la Feria Internacional del Libro del Palacio de Miner\u00eda se llevar\u00e1 a cabo del 23 de febrero al 6 de marzo del a\u00f1o 2017.<\/p>\n<p>Este evento, organizado anualmente por la Facultad de Ingenier\u00eda de la Universidad Nacional Aut\u00f3noma de M\u00e9xico, tiene por objetivo dar a conocer a la sociedad en su conjunto y a la comunidad universitaria, las novedades de la industria editorial mexicana.<\/p>\n<p>La Feria recibe su nombre gracias a la sede en la que a\u00f1o con a\u00f1o se realiza: el Palacio de Miner\u00eda, monumento del siglo XVIII ubicado en Tacuba No. 5, en el centro hist\u00f3rico de la Ciudad de M\u00e9xico.<\/p>\n<p>En esta edici\u00f3n el estado invitado es Queretaro.<\/p>\n<p><span class=\"embed-youtube\" style=\"text-align:center; display: block;\"><iframe loading=\"lazy\" class=\"youtube-player\" width=\"640\" height=\"360\" src=\"https:\/\/www.youtube.com\/embed\/cSXACNr6frk?version=3&#038;rel=1&#038;showsearch=0&#038;showinfo=1&#038;iv_load_policy=1&#038;fs=1&#038;hl=es-ES&#038;autohide=2&#038;wmode=transparent\" allowfullscreen=\"true\" style=\"border:0;\" sandbox=\"allow-scripts allow-same-origin allow-popups allow-presentation allow-popups-to-escape-sandbox\"><\/iframe><\/span><\/p>\n<p><strong><a href=\"http:\/\/www.comefest.info\/\">7.- Festival Internacional de Sabores<\/a><\/strong><\/p>\n<p>En Guadalajara, Jalisco, cada a\u00f1o se celebra el COME Festival Internacional de Sabores, que es el encuentro gastron\u00f3mico m\u00e1s importante de M\u00e9xico, \u00fanico en su tipo gracias a que ofrece un escaparate no solo para profesionales sino para todos los amantes de la comida de vanguardia y desde luego la tradicional.<\/p>\n<p>En 2017 las actividades del COME se realizar\u00e1n del 3 al 5 de marzo, entre las mismas se encuentran: demostraciones de cocina, participaciones musicales, exposiciones y ventas de alimentos, talleres de cocina y muchas otras.<\/p>\n<p>Los chefs y sometiera invitados est\u00e1n por confirmarse, lo que s\u00ed se sabe es que el pa\u00eds invitado es Italia.<\/p>\n<p><a href=\"http:\/\/www.eloriente.net\/home\/wp-content\/uploads\/2016\/12\/COME.jpg\" rel=\"attachment wp-att-46529\"><img loading=\"lazy\" decoding=\"async\" class=\"alignnone wp-image-46529\" src=\"http:\/\/www.eloriente.net\/home\/wp-content\/uploads\/2016\/12\/COME.jpg\" alt=\"come\" width=\"602\" height=\"229\" srcset=\"http:\/\/www.eloriente.net\/home\/wp-content\/uploads\/2016\/12\/COME.jpg 828w, http:\/\/www.eloriente.net\/home\/wp-content\/uploads\/2016\/12\/COME-300x114.jpg 300w, http:\/\/www.eloriente.net\/home\/wp-content\/uploads\/2016\/12\/COME-768x292.jpg 768w\" sizes=\"(max-width: 602px) 100vw, 602px\" \/><\/a><\/p>\n<p><a href=\"http:\/\/www.vivelatino.com.mx\/\"><strong>8.- Festival Iberoamericano de Cultura Musical Vive Latino<\/strong><\/a><\/p>\n<p>Es un festival de rock y diversos g\u00e9neros musicales alternativos que se realiza anualmente desde 1998 (excepto 1999 y 2002), en el Foro Sol de la Ciudad de M\u00e9xico. En el 2017 se realizar\u00e1 la decimoctava edici\u00f3n los d\u00edas 18 y 19 de marzo.<\/p>\n<p>Algunas bandas confirmadas para esas fechas son: Babas\u00f3nicos, Jarabe de Pali, Los Fabulosos Cadillacs, Enanitos Verdes, Hombres G, entre muchos otros.<\/p>\n<p><a href=\"http:\/\/www.eloriente.net\/home\/wp-content\/uploads\/2016\/12\/VL_2017_lineup_x_day_02.jpg\" rel=\"attachment wp-att-46534\"><img loading=\"lazy\" decoding=\"async\" class=\"alignnone wp-image-46534\" src=\"http:\/\/www.eloriente.net\/home\/wp-content\/uploads\/2016\/12\/VL_2017_lineup_x_day_02.jpg\" alt=\"vl_2017_lineup_x_day_02\" width=\"601\" height=\"902\" srcset=\"http:\/\/www.eloriente.net\/home\/wp-content\/uploads\/2016\/12\/VL_2017_lineup_x_day_02.jpg 1134w, http:\/\/www.eloriente.net\/home\/wp-content\/uploads\/2016\/12\/VL_2017_lineup_x_day_02-200x300.jpg 200w, http:\/\/www.eloriente.net\/home\/wp-content\/uploads\/2016\/12\/VL_2017_lineup_x_day_02-768x1152.jpg 768w, http:\/\/www.eloriente.net\/home\/wp-content\/uploads\/2016\/12\/VL_2017_lineup_x_day_02-683x1024.jpg 683w, http:\/\/www.eloriente.net\/home\/wp-content\/uploads\/2016\/12\/VL_2017_lineup_x_day_02-1024x1536.jpg 1024w\" sizes=\"(max-width: 601px) 100vw, 601px\" \/><\/a><\/p>\n<p><a href=\"http:\/\/www.festivalcervantino.gob.mx\/\"><strong>9.- Festival Internacional Cervantino<\/strong><\/a><\/p>\n<p>En la ciudad de Guanajuato se lleva a cabo el Festival Internacional Cervantino (FIC), que es el encuentro cultural y art\u00edstico m\u00e1s notable de Am\u00e9rica Latina y uno de los m\u00e1s emblem\u00e1ticos en el mundo.<\/p>\n<p>Durante m\u00e1s de cuatro d\u00e9cadas ha sido foro de las expresiones m\u00e1s vitales del arte tradicional y contempor\u00e1neo. Por sus escenarios han pasado lo mismo Ella Fitzgerald que B.B. King, Martha Graham y Akira Kasai, Leonard Bernstein y Ricardo Muti, as\u00ed como Ute Lemper y Rub\u00e9n Blades.<\/p>\n<p>En algunas meses se actualizar\u00e1 la cartelera de actividades e invitados para la edici\u00f3n 2017.<\/p>\n<p><a href=\"http:\/\/www.eloriente.net\/home\/wp-content\/uploads\/2016\/12\/CERVANTINO-e1482970375286.jpg\" rel=\"attachment wp-att-46528\"><img loading=\"lazy\" decoding=\"async\" class=\"alignnone wp-image-46528\" src=\"http:\/\/www.eloriente.net\/home\/wp-content\/uploads\/2016\/12\/CERVANTINO-e1482970375286.jpg\" alt=\"cervantino\" width=\"600\" height=\"471\" srcset=\"http:\/\/www.eloriente.net\/home\/wp-content\/uploads\/2016\/12\/CERVANTINO-e1482970375286.jpg 1244w, http:\/\/www.eloriente.net\/home\/wp-content\/uploads\/2016\/12\/CERVANTINO-e1482970375286-300x236.jpg 300w, http:\/\/www.eloriente.net\/home\/wp-content\/uploads\/2016\/12\/CERVANTINO-e1482970375286-768x603.jpg 768w, http:\/\/www.eloriente.net\/home\/wp-content\/uploads\/2016\/12\/CERVANTINO-e1482970375286-1024x804.jpg 1024w\" sizes=\"(max-width: 600px) 100vw, 600px\" \/><\/a><\/p>\n<p><a href=\"https:\/\/www.festivalsayulita.com\/?lang=es\"><strong>10.- Festival Sayulita<\/strong><\/a><\/p>\n<p>El Festival Sayulita es uno relativamente joven pero con una propuesta interesante.<\/p>\n<p>En 2017 se llevar\u00e1 a cabo del 1 al 5 de febrero, y en \u00e9l se mezcla la m\u00fasica, el cine, la vida y mucho m\u00e1s. Contar\u00e1 con invitados como Caf\u00e9 Tacvba y Nortec Collective<\/p>\n<p><a href=\"http:\/\/www.eloriente.net\/home\/wp-content\/uploads\/2016\/12\/SAYULITA.jpg\" rel=\"attachment wp-att-46533\"><img loading=\"lazy\" decoding=\"async\" class=\"alignnone wp-image-46533\" src=\"http:\/\/www.eloriente.net\/home\/wp-content\/uploads\/2016\/12\/SAYULITA.jpg\" alt=\"sayulita\" width=\"600\" height=\"228\" srcset=\"http:\/\/www.eloriente.net\/home\/wp-content\/uploads\/2016\/12\/SAYULITA.jpg 3322w, http:\/\/www.eloriente.net\/home\/wp-content\/uploads\/2016\/12\/SAYULITA-300x114.jpg 300w, http:\/\/www.eloriente.net\/home\/wp-content\/uploads\/2016\/12\/SAYULITA-768x292.jpg 768w, http:\/\/www.eloriente.net\/home\/wp-content\/uploads\/2016\/12\/SAYULITA-1024x389.jpg 1024w\" sizes=\"(max-width: 600px) 100vw, 600px\" \/><\/a><\/p>\n<p><strong>OTRAS ENTRADAS<\/strong><\/p>\n<div class=\"featuredpost\">\n<div class=\"flow_hide\">\n<h2 class=\"posttitle bigposttitle\"><a title=\"Enlace Permanente a 5 vacantes en Administraci\u00f3n #MartesDeVacantes\" href=\"http:\/\/www.eloriente.net\/home\/2016\/12\/27\/5-vacantes-administracion-martesdevacantes\/\" rel=\"bookmark\">5 vacantes en Administraci\u00f3n #MartesDeVacantes<\/a><\/h2>\n<\/div>\n<p>(www.eloriente.net, M\u00e9xico, a 27 de diciembre de 2016).- Conscientes de la importancia para la ciudadan\u00eda en general de la b\u00fasqueda de nuevas oportunidades de crecimiento profesional, ponemos\u2026<\/p>\n<p class=\"postmeta\"><span class=\"meta_date\">diciembre 27, 2016<\/span><\/p>\n<div class=\"toolbar-social\"><\/div>\n<\/div>\n<div class=\"featuredpost\">\n<div class=\"flow_hide\">\n<p><a href=\"http:\/\/www.eloriente.net\/home\/2016\/12\/26\/oaxaca-proponen-eliminar-fuero-funcionarios\/\" rel=\"bookmark\"><img decoding=\"async\" class=\"alignleft\" title=\"OAXACA: Proponen eliminar el fuero a funcionarios\" src=\"http:\/\/www.eloriente.net\/home\/wp-content\/themes\/city-desk\/timthumb.php?src=http%3A%2F%2Fwww.eloriente.net%2Fhome%2Fwp-content%2Fuploads%2F2016%2F12%2Fmorena.jpg&amp;q=90&amp;w=70&amp;h=45&amp;zc=1\" alt=\"OAXACA: Proponen eliminar el fuero a funcionarios\" \/><\/a><\/p>\n<h2 class=\"posttitle \"><a title=\"Enlace Permanente a OAXACA: Proponen eliminar el fuero a funcionarios\" href=\"http:\/\/www.eloriente.net\/home\/2016\/12\/26\/oaxaca-proponen-eliminar-fuero-funcionarios\/\" rel=\"bookmark\">OAXACA: Proponen eliminar el fuero a funcionarios<\/a><\/h2>\n<\/div>\n<p>eloriente.net 26 de diciembre de 2016 La fracci\u00f3n parlamentaria de Morena, present\u00f3 ante el Pleno una iniciativa para derogar la fracci\u00f3n XLVI del Articulo 59 y los\u2026<\/p>\n<p class=\"postmeta\"><span class=\"meta_date\">diciembre 26, 2016<\/span><\/p>\n<div class=\"toolbar-social\"><\/div>\n<\/div>\n<div class=\"featuredpost\">\n<div class=\"flow_hide\">\n<p><a href=\"http:\/\/www.eloriente.net\/home\/2016\/12\/26\/audio-inso-publica-palabra-natural-pueblo-temascales\/\" rel=\"bookmark\"><img decoding=\"async\" class=\"alignleft\" title=\"AUDIO: INSO publica \u201cPalabra Natural\u201d, Pueblo de temazcales\" src=\"http:\/\/www.eloriente.net\/home\/wp-content\/themes\/city-desk\/timthumb.php?src=http%3A%2F%2Fwww.eloriente.net%2Fhome%2Fwp-content%2Fuploads%2F2016%2F12%2FTEMAZCAl.jpg&amp;q=90&amp;w=70&amp;h=45&amp;zc=1\" alt=\"AUDIO: INSO publica \u201cPalabra Natural\u201d, Pueblo de temazcales\" \/><\/a><\/p>\n<h2 class=\"posttitle \"><a title=\"Enlace Permanente a AUDIO: INSO publica \u201cPalabra Natural\u201d, Pueblo de temazcales\" href=\"http:\/\/www.eloriente.net\/home\/2016\/12\/26\/audio-inso-publica-palabra-natural-pueblo-temascales\/\" rel=\"bookmark\">AUDIO: INSO publica \u201cPalabra Natural\u201d, Pueblo de temazcales<\/a><\/h2>\n<\/div>\n<p>eloriente.net\/INSO 26 de diciembre de 2016 El Instituto de la Naturaleza y la Sociedad de Oaxaca A.C. (INSO), nos presenta nuevamente su programa de 15 minutos titulado\u2026<\/p>\n<p class=\"postmeta\"><span class=\"meta_date\">diciembre 26, 2016<\/span><\/p>\n<\/div>\n\n\t\t\t  <div \n\t\t\t  \tclass = \"fb-comments\" \n\t\t\t  \tdata-href = \"http:\/\/www.eloriente.net\/home\/2016\/12\/28\/cultura-festivales-culturales-mexico-disfrutar-2017\/\"\n\t\t\t  \tdata-numposts = \"10\"\n\t\t\t\tdata-colorscheme = \"dark\"\n\t\t\t\tdata-order-by = \"social\"\n\t\t\t\tdata-mobile=true>\n\t\t\t  <\/div>\n\t\t  <style>\n\t\t\t.fb_iframe_widget_fluid_desktop iframe {\n\t\t\t    width: 100% !important;\n\t\t\t}\n\t\t  <\/style>\n\t\t  ","protected":false},"excerpt":{"rendered":"<p>&nbsp; eloriente.net 28 de diciembre de 2016 El 2017 est\u00e1 a la vuelta de la esquina, y su llegada representa la apertura de un sin fin de oportunidades para vivir nuevas experiencias. Por ello, en EL ORIENTE te presentamos 10 festivales culturales en M\u00e9xico a los que vale la pena asistir 1.- BPM Festival El [&hellip;]<\/p>\n","protected":false},"author":44,"featured_media":46528,"comment_status":"open","ping_status":"open","sticky":false,"template":"","format":"standard","meta":{"_jetpack_memberships_contains_paid_content":false,"footnotes":""},"categories":[8,18,32,13,10,24,19],"tags":[6990,4340,7355,4076,241,1548,4336,2485,7356,1768],"class_list":["post-46524","post","type-post","status-publish","format-standard","has-post-thumbnail","hentry","category-agenda","category-educacion-y-cultura","category-entradas","category-especiales","category-lo-mas-reciente","category-mexico-y-el-mundo","category-turismo-y-negocios","tag-6990","tag-bpm","tag-cervantino","tag-cine","tag-cultura","tag-festivales","tag-festivales-culturales","tag-guadalajara","tag-hell-and-heaven","tag-metal"],"jetpack_featured_media_url":"http:\/\/www.eloriente.net\/home\/wp-content\/uploads\/2016\/12\/CERVANTINO-e1482970375286.jpg","jetpack_sharing_enabled":true,"_links":{"self":[{"href":"http:\/\/www.eloriente.net\/home\/wp-json\/wp\/v2\/posts\/46524"}],"collection":[{"href":"http:\/\/www.eloriente.net\/home\/wp-json\/wp\/v2\/posts"}],"about":[{"href":"http:\/\/www.eloriente.net\/home\/wp-json\/wp\/v2\/types\/post"}],"author":[{"embeddable":true,"href":"http:\/\/www.eloriente.net\/home\/wp-json\/wp\/v2\/users\/44"}],"replies":[{"embeddable":true,"href":"http:\/\/www.eloriente.net\/home\/wp-json\/wp\/v2\/comments?post=46524"}],"version-history":[{"count":2,"href":"http:\/\/www.eloriente.net\/home\/wp-json\/wp\/v2\/posts\/46524\/revisions"}],"predecessor-version":[{"id":46571,"href":"http:\/\/www.eloriente.net\/home\/wp-json\/wp\/v2\/posts\/46524\/revisions\/46571"}],"wp:featuredmedia":[{"embeddable":true,"href":"http:\/\/www.eloriente.net\/home\/wp-json\/wp\/v2\/media\/46528"}],"wp:attachment":[{"href":"http:\/\/www.eloriente.net\/home\/wp-json\/wp\/v2\/media?parent=46524"}],"wp:term":[{"taxonomy":"category","embeddable":true,"href":"http:\/\/www.eloriente.net\/home\/wp-json\/wp\/v2\/categories?post=46524"},{"taxonomy":"post_tag","embeddable":true,"href":"http:\/\/www.eloriente.net\/home\/wp-json\/wp\/v2\/tags?post=46524"}],"curies":[{"name":"wp","href":"https:\/\/api.w.org\/{rel}","templated":true}]}}