{"id":46536,"date":"2016-12-28T18:50:12","date_gmt":"2016-12-29T00:50:12","guid":{"rendered":"http:\/\/www.eloriente.net\/home\/?p=46536"},"modified":"2016-12-28T18:50:12","modified_gmt":"2016-12-29T00:50:12","slug":"lo-mas-visto-oriente-2016","status":"publish","type":"post","link":"http:\/\/www.eloriente.net\/home\/2016\/12\/28\/lo-mas-visto-oriente-2016\/","title":{"rendered":"Lo m\u00e1s visto de EL ORIENTE en 2016"},"content":{"rendered":"<p><script src=\"\/\/pagead2.googlesyndication.com\/pagead\/js\/adsbygoogle.js\" async=\"\"><\/script><!-- BANNER ELORIENTE INCRUSTADO NOTAS --> <ins class=\"adsbygoogle\" style=\"display: inline-block; width: 300px; height: 250px;\" data-ad-client=\"ca-pub-1136171134853753\" data-ad-slot=\"7974633627\"><\/ins><script>\/\/ <![CDATA[\n(adsbygoogle = window.adsbygoogle || []).push({});\n\/\/ ]]><\/script><\/p>\n<p>&nbsp;<\/p>\n<p>eloriente.net<\/p>\n<p>28 de diciembre de 2916<\/p>\n<p>El 2016 fue un a\u00f1o bastante cargado de informaci\u00f3n, actividades y contenido. A manera de remembranza te presentamos las entradas de EL ORIENTE m\u00e1s visitadas por nuestros lectores durante el a\u00f1o que concluye. Hay que se\u00f1alar que no todos su publicaron durante 2016, sin embargo su vigencia se hace notar pues siguen siendo visitadas constantemente<\/p>\n<p><strong><a href=\"http:\/\/www.eloriente.net\/home\/2013\/03\/07\/historia-detras-de-la-cancion-y-como-es-el-de-jose-luis-perales-por-canal-3\/\" target=\"_blank\">1.- SERIE HISTORIA DETR\u00c1S DE LA CANCI\u00d3N<\/a><\/strong><\/p>\n<p>Cada cierto tiempo nos permitimos contarte la historia que inspir\u00f3 la letra de canciones que se han vuelto populares. El caso de <em>\u00bfY C\u00f3mo es \u00e9l?\u00a0<\/em>de Jos\u00e9 Luis Perales es una de las entradas que m\u00e1s ha gustado y que siempre forma parte de conteos como \u00e9ste.<\/p>\n<p><span class=\"embed-youtube\" style=\"text-align:center; display: block;\"><iframe loading=\"lazy\" class=\"youtube-player\" width=\"640\" height=\"360\" src=\"https:\/\/www.youtube.com\/embed\/XBBqc_JbdBs?version=3&#038;rel=1&#038;showsearch=0&#038;showinfo=1&#038;iv_load_policy=1&#038;fs=1&#038;hl=es-ES&#038;autohide=2&#038;wmode=transparent\" allowfullscreen=\"true\" style=\"border:0;\" sandbox=\"allow-scripts allow-same-origin allow-popups allow-presentation allow-popups-to-escape-sandbox\"><\/iframe><\/span><\/p>\n<p><a href=\"http:\/\/www.eloriente.net\/home\/?x=0&amp;y=0&amp;s=ELECCIONES+OAXACA\" target=\"_blank\"><strong>2.- COBERTURA ELECCIONES OAXACA<\/strong><\/a><\/p>\n<p>Sin duda uno de los eventos m\u00e1s relevantes del a\u00f1o para Oaxaca fueron las elecciones para gobernador. En EL ORIENTE tuvimos una cobertura de \u00e1ngulos diversos que fue muy concurrida por nuestros lectores.<\/p>\n<p><a href=\"http:\/\/www.eloriente.net\/home\/wp-content\/uploads\/2016\/06\/ieepco.jpg\" rel=\"attachment wp-att-43752\"><img loading=\"lazy\" decoding=\"async\" class=\"alignnone wp-image-43752\" src=\"http:\/\/www.eloriente.net\/home\/wp-content\/uploads\/2016\/06\/ieepco.jpg\" alt=\"ieepco\" width=\"598\" height=\"405\" srcset=\"http:\/\/www.eloriente.net\/home\/wp-content\/uploads\/2016\/06\/ieepco.jpg 960w, http:\/\/www.eloriente.net\/home\/wp-content\/uploads\/2016\/06\/ieepco-300x203.jpg 300w, http:\/\/www.eloriente.net\/home\/wp-content\/uploads\/2016\/06\/ieepco-768x520.jpg 768w\" sizes=\"(max-width: 598px) 100vw, 598px\" \/><\/a><\/p>\n<p><a href=\"http:\/\/www.eloriente.net\/home\/2013\/07\/06\/15-consejos-para-cuidar-el-medio-ambiente-desde-el-hogar\/\"><strong>3.- 15\u00a0CONSEJOS PARA CUIDAR EL MEDIO AMBIENTE DESDE EL HOGAR<\/strong><\/a><\/p>\n<p>El da\u00f1o que las actividades humanas le han provocado al medio ambiente y los terribles efectos de esta situaci\u00f3n, como el cambio clim\u00e1tico y escasez del agua, son parte de la preocupaci\u00f3n mundial, un tema muy\u00a0 importante que forma parte del debate entre las naciones; congresos y cumbres se llevan a cabo para que los pa\u00edses tomen medidas eficaces que ayuden a revertir esta situaci\u00f3n.<\/p>\n<p><a href=\"http:\/\/www.eloriente.net\/home\/wp-content\/uploads\/2013\/07\/Algunos-derechos-reservados-por-felicemcc-RECICLAR.jpg\" rel=\"attachment wp-att-14240\"><img loading=\"lazy\" decoding=\"async\" class=\"alignnone wp-image-14240\" src=\"http:\/\/www.eloriente.net\/home\/wp-content\/uploads\/2013\/07\/Algunos-derechos-reservados-por-felicemcc-RECICLAR.jpg\" alt=\"Algunos derechos reservados por felicemcc-RECICLAR\" width=\"602\" height=\"251\" srcset=\"http:\/\/www.eloriente.net\/home\/wp-content\/uploads\/2013\/07\/Algunos-derechos-reservados-por-felicemcc-RECICLAR.jpg 640w, http:\/\/www.eloriente.net\/home\/wp-content\/uploads\/2013\/07\/Algunos-derechos-reservados-por-felicemcc-RECICLAR-300x125.jpg 300w\" sizes=\"(max-width: 602px) 100vw, 602px\" \/><\/a><\/p>\n<p><a href=\"http:\/\/www.eloriente.net\/home\/2016\/02\/06\/cultura-10-artistas-oaxaquenos-que-debes-conocer\/\"><strong>4.- 10 ARTISTAS OAXAQUE\u00d1OS QUE DEBES CONOCER<\/strong><\/a><\/p>\n<p>En EL ORIENTE estamos comprometidos con la difusi\u00f3n art\u00edstica, intelectual y cultural, sobre todo cuando se trata de creadores en el estado de Oaxaca. Es por ello que hace algunos d\u00edas presentamos una lista con cuentas de Twitter de m\u00fasicos oaxaque\u00f1os que son dignos de seguirse.<\/p>\n<p>Siguiendo esa misma l\u00ednea, a continuaci\u00f3n hacemos un recorrido por 10 artistas oaxaque\u00f1os que tienen presencia en Facebook y que es imperdonable no seguirlos. Tenemos desde pintores, ilustradores y fot\u00f3grafos hasta artistas del arte urbano. Esperamos que los puedan seguir en esta red social y que apoyen con la difusi\u00f3n de su trabajo.<\/p>\n<p><a href=\"http:\/\/www.eloriente.net\/home\/wp-content\/uploads\/2016\/02\/Catnip.jpg\" rel=\"attachment wp-att-42142\"><img loading=\"lazy\" decoding=\"async\" class=\"alignnone wp-image-42142\" src=\"http:\/\/www.eloriente.net\/home\/wp-content\/uploads\/2016\/02\/Catnip.jpg\" alt=\"Catnip\" width=\"599\" height=\"846\" srcset=\"http:\/\/www.eloriente.net\/home\/wp-content\/uploads\/2016\/02\/Catnip.jpg 680w, http:\/\/www.eloriente.net\/home\/wp-content\/uploads\/2016\/02\/Catnip-213x300.jpg 213w\" sizes=\"(max-width: 599px) 100vw, 599px\" \/><\/a><\/p>\n<p><script src=\"\/\/pagead2.googlesyndication.com\/pagead\/js\/adsbygoogle.js\" async=\"\"><\/script><!-- BANNER PEQUE\u00d1O PARA ENTRENOTAS EL ORIENTE --> <ins class=\"adsbygoogle\" style=\"display: inline-block; width: 468px; height: 60px;\" data-ad-client=\"ca-pub-1136171134853753\" data-ad-slot=\"4953536424\"><\/ins><script>\/\/ <![CDATA[\n(adsbygoogle = window.adsbygoogle || []).push({});\n\/\/ ]]><\/script><\/p>\n<p><a href=\"http:\/\/www.eloriente.net\/home\/2012\/07\/03\/tus-redes-2\/\"><strong>5.- SECCI\u00d3N TWITTER EN OAXACA<\/strong><\/a><\/p>\n<p>Esta secci\u00f3n siempre es atractiva pues nos brinda una ruta sencilla para conocer los temas de actualidad en tiempo real de la ciudad de Oaxaca.<\/p>\n<p><a href=\"http:\/\/www.eloriente.net\/home\/wp-content\/uploads\/2012\/11\/Algunos-derechos-reservados-por-west.m-twitter.jpg\" rel=\"attachment wp-att-5135\"><img loading=\"lazy\" decoding=\"async\" class=\"alignnone wp-image-5135\" src=\"http:\/\/www.eloriente.net\/home\/wp-content\/uploads\/2012\/11\/Algunos-derechos-reservados-por-west.m-twitter.jpg\" alt=\"Algunos derechos reservados por west.m-twitter\" width=\"600\" height=\"400\" srcset=\"http:\/\/www.eloriente.net\/home\/wp-content\/uploads\/2012\/11\/Algunos-derechos-reservados-por-west.m-twitter.jpg 1024w, http:\/\/www.eloriente.net\/home\/wp-content\/uploads\/2012\/11\/Algunos-derechos-reservados-por-west.m-twitter-300x200.jpg 300w\" sizes=\"(max-width: 600px) 100vw, 600px\" \/><\/a><\/p>\n<p><a href=\"http:\/\/www.eloriente.net\/home\/2012\/07\/16\/mexico-uno-de-los-5-paises-megadiversos-del-mundo-y-oaxaca-el-estado-mas-biodiverso-del-pais-2\/\"><strong>6.-M\u00c9XICO UNO DE LOS 5 PA\u00cdSES M\u00c1S MEGADIVERSOS<\/strong><\/a><\/p>\n<p>M\u00e9xico es el quinto pa\u00eds megadiverso del mundo solo por debajo de Brasil, Colombia, China e Indonesia.<\/p>\n<p>La comunidad cient\u00edfica concuerda con que la gran biodiversidad de M\u00e9xico se debe cuando menos a tres factores: en nuestro territorio se encuentran y mezclan dos importantes zonas biogeogr\u00e1ficas, el complejo relieve monta\u00f1oso y la variedad de climas. Esto a su vez se suma a la evoluci\u00f3n\u00a0<em>in situ<\/em>\u00a0de much\u00edsimas especies durante millones de a\u00f1os. (SEMARNAT, 2011).<\/p>\n<p><a href=\"http:\/\/www.eloriente.net\/home\/wp-content\/uploads\/2012\/09\/biodiversidadandes3.jpg\" rel=\"attachment wp-att-2846\"><img loading=\"lazy\" decoding=\"async\" class=\"alignnone wp-image-2846\" src=\"http:\/\/www.eloriente.net\/home\/wp-content\/uploads\/2012\/09\/biodiversidadandes3.jpg\" alt=\"biodiversidadandes3\" width=\"602\" height=\"485\" srcset=\"http:\/\/www.eloriente.net\/home\/wp-content\/uploads\/2012\/09\/biodiversidadandes3.jpg 1772w, http:\/\/www.eloriente.net\/home\/wp-content\/uploads\/2012\/09\/biodiversidadandes3-300x241.jpg 300w, http:\/\/www.eloriente.net\/home\/wp-content\/uploads\/2012\/09\/biodiversidadandes3-1024x824.jpg 1024w\" sizes=\"(max-width: 602px) 100vw, 602px\" \/><\/a><\/p>\n<p><a href=\"http:\/\/www.eloriente.net\/home\/2015\/09\/30\/festivales-culturales-en-mexico-a-disfrutar-en-2016-2\/\"><strong>7.- FESTIVALES CULTURALES EN M\u00c9XICO A DISFRUTAR EN 2016<\/strong><\/a><\/p>\n<p>A lo largo y ancho de M\u00e9xico se desarrollan cada a\u00f1o una gran cantidad de festivales culturales enfocados a muy diversos temas.\u00a0Aunque el 2015 a\u00fan no termina, es un buen momento para ir conociendo con anticipaci\u00f3n algunos de los festivales que se desarrollar\u00e1n en M\u00e9xico durante el 2016.<\/p>\n<p><a href=\"http:\/\/www.eloriente.net\/home\/wp-content\/uploads\/2015\/09\/@festival-cultura-maya.jpg\" rel=\"attachment wp-att-39442\"><img loading=\"lazy\" decoding=\"async\" class=\"alignnone wp-image-39442\" src=\"http:\/\/www.eloriente.net\/home\/wp-content\/uploads\/2015\/09\/@festival-cultura-maya.jpg\" alt=\"@festival cultura maya\" width=\"600\" height=\"400\" srcset=\"http:\/\/www.eloriente.net\/home\/wp-content\/uploads\/2015\/09\/@festival-cultura-maya.jpg 960w, http:\/\/www.eloriente.net\/home\/wp-content\/uploads\/2015\/09\/@festival-cultura-maya-300x200.jpg 300w, http:\/\/www.eloriente.net\/home\/wp-content\/uploads\/2015\/09\/@festival-cultura-maya-900x600.jpg 900w\" sizes=\"(max-width: 600px) 100vw, 600px\" \/><\/a><\/p>\n<p><a href=\"http:\/\/www.eloriente.net\/home\/2016\/02\/03\/medio-ambiente-ocho-son-las-areas-naturales-protegidas-en-oaxaca\/\"><strong>8.- LAS \u00c1REAS NATURALES PROTEGIDAS DE OAXACA<\/strong><\/a><\/p>\n<p>Es importante conocer las riqueza de flora y fauna que tiene nuestro estado, pero sobre todo, hay que tener presente cuales son las reservas ecol\u00f3gicas y zonas protegidas que tiene Oaxaca para as\u00ed poder prevenir una cat\u00e1strofe como la ocurrida en Tajamar.<\/p>\n<p><a href=\"http:\/\/www.eloriente.net\/home\/wp-content\/uploads\/2016\/02\/Mapa-de-a\u0301reas-naturales-protegidas-por-@CONANP-e1454536749329.png\" rel=\"attachment wp-att-42072\"><img loading=\"lazy\" decoding=\"async\" class=\"alignnone wp-image-42072\" src=\"http:\/\/www.eloriente.net\/home\/wp-content\/uploads\/2016\/02\/Mapa-de-a\u0301reas-naturales-protegidas-por-@CONANP-e1454536749329.png\" alt=\"Mapa de a\u0301reas naturales protegidas por @CONANP\" width=\"600\" height=\"457\" \/><\/a><\/p>\n<p><a href=\"http:\/\/www.eloriente.net\/home\/2015\/11\/27\/los-estadios-que-esperamos-para-los-proximos-anos\/\"><strong>9.- LOS ESTADIOS QUE ESPERAMOS EN LOS PR\u00d3XIMOS A\u00d1OS<\/strong><\/a><\/p>\n<p>En Oaxaca ya contamos con nuevo estadio de f\u00fatbol, como ese proyecto hay varios en M\u00e9xico que se han consolidado o que est\u00e1n por realizarse.<\/p>\n<p><a href=\"http:\/\/www.eloriente.net\/home\/wp-content\/uploads\/2015\/11\/Neza-86-e1448670704597.jpg\" rel=\"attachment wp-att-41006\"><img loading=\"lazy\" decoding=\"async\" class=\"alignnone wp-image-41006\" src=\"http:\/\/www.eloriente.net\/home\/wp-content\/uploads\/2015\/11\/Neza-86-e1448670704597.jpg\" alt=\"Neza 86\" width=\"602\" height=\"240\" \/><\/a><\/p>\n<p><strong>10.- 5 PEL\u00cdCULAS SOBRE VIH QUE NO TE DEBES PERDER<\/strong><\/p>\n<p>Conscientes de la necesidad de atenuar la discriminaci\u00f3n y prejuicios en la sociedad hacia personas con enfermedades terminales,\u00a0capacidades y orientaciones sexuales diferentes, ELORIENTE.NET te recomienda cinco pel\u00edculas que abordan historias con personajes enfermemos de VIH-Sida; y los retos sociales y de salud a los que se enfrentan \u00a1no te las pierdas!<\/p>\n<p><a href=\"http:\/\/www.eloriente.net\/home\/wp-content\/uploads\/2014\/03\/dallas-buyers-club.jpg\" rel=\"attachment wp-att-22690\"><img loading=\"lazy\" decoding=\"async\" class=\"alignnone wp-image-22690\" src=\"http:\/\/www.eloriente.net\/home\/wp-content\/uploads\/2014\/03\/dallas-buyers-club.jpg\" sizes=\"(max-width: 600px) 100vw, 600px\" srcset=\"http:\/\/www.eloriente.net\/home\/wp-content\/uploads\/2014\/03\/dallas-buyers-club-300x199.jpg 300w, http:\/\/www.eloriente.net\/home\/wp-content\/uploads\/2014\/03\/dallas-buyers-club-1024x681.jpg 1024w, http:\/\/www.eloriente.net\/home\/wp-content\/uploads\/2014\/03\/dallas-buyers-club.jpg 1500w\" alt=\"Dallas Buyers Club\" width=\"600\" height=\"399\" \/><\/a><\/p>\n<p><strong>OTRAS ENTRADAS<\/strong><\/p>\n<div class=\"featuredpost\">\n<div class=\"flow_hide\">\n<h2 class=\"posttitle bigposttitle\"><a title=\"Enlace Permanente a 5 vacantes en Administraci\u00f3n #MartesDeVacantes\" href=\"http:\/\/www.eloriente.net\/home\/2016\/12\/27\/5-vacantes-administracion-martesdevacantes\/\" rel=\"bookmark\">5 vacantes en Administraci\u00f3n #MartesDeVacantes<\/a><\/h2>\n<\/div>\n<p>(www.eloriente.net, M\u00e9xico, a 27 de diciembre de 2016).- Conscientes de la importancia para la ciudadan\u00eda en general de la b\u00fasqueda de nuevas oportunidades de crecimiento profesional, ponemos\u2026<\/p>\n<p class=\"postmeta\"><span class=\"meta_date\">diciembre 27, 2016<\/span><\/p>\n<div class=\"toolbar-social\"><\/div>\n<\/div>\n<div class=\"featuredpost\">\n<div class=\"flow_hide\">\n<p><a href=\"http:\/\/www.eloriente.net\/home\/2016\/12\/26\/oaxaca-proponen-eliminar-fuero-funcionarios\/\" rel=\"bookmark\"><img decoding=\"async\" class=\"alignleft\" title=\"OAXACA: Proponen eliminar el fuero a funcionarios\" src=\"http:\/\/www.eloriente.net\/home\/wp-content\/themes\/city-desk\/timthumb.php?src=http%3A%2F%2Fwww.eloriente.net%2Fhome%2Fwp-content%2Fuploads%2F2016%2F12%2Fmorena.jpg&amp;q=90&amp;w=70&amp;h=45&amp;zc=1\" alt=\"OAXACA: Proponen eliminar el fuero a funcionarios\" \/><\/a><\/p>\n<h2 class=\"posttitle \"><a title=\"Enlace Permanente a OAXACA: Proponen eliminar el fuero a funcionarios\" href=\"http:\/\/www.eloriente.net\/home\/2016\/12\/26\/oaxaca-proponen-eliminar-fuero-funcionarios\/\" rel=\"bookmark\">OAXACA: Proponen eliminar el fuero a funcionarios<\/a><\/h2>\n<\/div>\n<p>eloriente.net 26 de diciembre de 2016 La fracci\u00f3n parlamentaria de Morena, present\u00f3 ante el Pleno una iniciativa para derogar la fracci\u00f3n XLVI del Articulo 59 y los\u2026<\/p>\n<p class=\"postmeta\"><span class=\"meta_date\">diciembre 26, 2016<\/span><\/p>\n<div class=\"toolbar-social\"><\/div>\n<\/div>\n<div class=\"featuredpost\">\n<div class=\"flow_hide\">\n<p><a href=\"http:\/\/www.eloriente.net\/home\/2016\/12\/26\/audio-inso-publica-palabra-natural-pueblo-temascales\/\" rel=\"bookmark\"><img decoding=\"async\" class=\"alignleft\" title=\"AUDIO: INSO publica \u201cPalabra Natural\u201d, Pueblo de temazcales\" src=\"http:\/\/www.eloriente.net\/home\/wp-content\/themes\/city-desk\/timthumb.php?src=http%3A%2F%2Fwww.eloriente.net%2Fhome%2Fwp-content%2Fuploads%2F2016%2F12%2FTEMAZCAl.jpg&amp;q=90&amp;w=70&amp;h=45&amp;zc=1\" alt=\"AUDIO: INSO publica \u201cPalabra Natural\u201d, Pueblo de temazcales\" \/><\/a><\/p>\n<h2 class=\"posttitle \"><a title=\"Enlace Permanente a AUDIO: INSO publica \u201cPalabra Natural\u201d, Pueblo de temazcales\" href=\"http:\/\/www.eloriente.net\/home\/2016\/12\/26\/audio-inso-publica-palabra-natural-pueblo-temascales\/\" rel=\"bookmark\">AUDIO: INSO publica \u201cPalabra Natural\u201d, Pueblo de temazcales<\/a><\/h2>\n<\/div>\n<p>eloriente.net\/INSO 26 de diciembre de 2016 El Instituto de la Naturaleza y la Sociedad de Oaxaca A.C. (INSO), nos presenta nuevamente su programa de 15 minutos titulado\u2026<\/p>\n<p class=\"postmeta\"><span class=\"meta_date\">diciembre 26, 2016<\/span><\/p>\n<\/div>\n\n\t\t\t  <div \n\t\t\t  \tclass = \"fb-comments\" \n\t\t\t  \tdata-href = \"http:\/\/www.eloriente.net\/home\/2016\/12\/28\/lo-mas-visto-oriente-2016\/\"\n\t\t\t  \tdata-numposts = \"10\"\n\t\t\t\tdata-colorscheme = \"dark\"\n\t\t\t\tdata-order-by = \"social\"\n\t\t\t\tdata-mobile=true>\n\t\t\t  <\/div>\n\t\t  <style>\n\t\t\t.fb_iframe_widget_fluid_desktop iframe {\n\t\t\t    width: 100% !important;\n\t\t\t}\n\t\t  <\/style>\n\t\t  ","protected":false},"excerpt":{"rendered":"<p>&nbsp; eloriente.net 28 de diciembre de 2916 El 2016 fue un a\u00f1o bastante cargado de informaci\u00f3n, actividades y contenido. A manera de remembranza te presentamos las entradas de EL ORIENTE m\u00e1s visitadas por nuestros lectores durante el a\u00f1o que concluye. Hay que se\u00f1alar que no todos su publicaron durante 2016, sin embargo su vigencia se [&hellip;]<\/p>\n","protected":false},"author":44,"featured_media":42142,"comment_status":"open","ping_status":"open","sticky":false,"template":"","format":"standard","meta":{"_jetpack_memberships_contains_paid_content":false,"footnotes":""},"categories":[18,32,13,10,31],"tags":[4321,239,3115,241,451,477,1548,3414,475],"class_list":["post-46536","post","type-post","status-publish","format-standard","has-post-thumbnail","hentry","category-educacion-y-cultura","category-entradas","category-especiales","category-lo-mas-reciente","category-principal","tag-4321","tag-arte","tag-artistas","tag-cultura","tag-deportes-2","tag-el-oriente","tag-festivales","tag-las-mas-vistas","tag-mas-vistas"],"jetpack_featured_media_url":"http:\/\/www.eloriente.net\/home\/wp-content\/uploads\/2016\/02\/Catnip.jpg","jetpack_sharing_enabled":true,"_links":{"self":[{"href":"http:\/\/www.eloriente.net\/home\/wp-json\/wp\/v2\/posts\/46536"}],"collection":[{"href":"http:\/\/www.eloriente.net\/home\/wp-json\/wp\/v2\/posts"}],"about":[{"href":"http:\/\/www.eloriente.net\/home\/wp-json\/wp\/v2\/types\/post"}],"author":[{"embeddable":true,"href":"http:\/\/www.eloriente.net\/home\/wp-json\/wp\/v2\/users\/44"}],"replies":[{"embeddable":true,"href":"http:\/\/www.eloriente.net\/home\/wp-json\/wp\/v2\/comments?post=46536"}],"version-history":[{"count":1,"href":"http:\/\/www.eloriente.net\/home\/wp-json\/wp\/v2\/posts\/46536\/revisions"}],"predecessor-version":[{"id":46537,"href":"http:\/\/www.eloriente.net\/home\/wp-json\/wp\/v2\/posts\/46536\/revisions\/46537"}],"wp:featuredmedia":[{"embeddable":true,"href":"http:\/\/www.eloriente.net\/home\/wp-json\/wp\/v2\/media\/42142"}],"wp:attachment":[{"href":"http:\/\/www.eloriente.net\/home\/wp-json\/wp\/v2\/media?parent=46536"}],"wp:term":[{"taxonomy":"category","embeddable":true,"href":"http:\/\/www.eloriente.net\/home\/wp-json\/wp\/v2\/categories?post=46536"},{"taxonomy":"post_tag","embeddable":true,"href":"http:\/\/www.eloriente.net\/home\/wp-json\/wp\/v2\/tags?post=46536"}],"curies":[{"name":"wp","href":"https:\/\/api.w.org\/{rel}","templated":true}]}}