{"id":46566,"date":"2016-12-30T18:53:05","date_gmt":"2016-12-31T00:53:05","guid":{"rendered":"http:\/\/www.eloriente.net\/home\/?p=46566"},"modified":"2016-12-31T16:32:46","modified_gmt":"2016-12-31T22:32:46","slug":"videocolumna-los-ciudadanos-agraviados-otra-vez-representantes-alejandro-cruz-pimentel","status":"publish","type":"post","link":"http:\/\/www.eloriente.net\/home\/2016\/12\/30\/videocolumna-los-ciudadanos-agraviados-otra-vez-representantes-alejandro-cruz-pimentel\/","title":{"rendered":"VIDEOCOLUMNA: Los ciudadanos agraviados otra vez por nuestros representantes. Por Alejandro Cruz Pimentel"},"content":{"rendered":"<p><script src=\"\/\/pagead2.googlesyndication.com\/pagead\/js\/adsbygoogle.js\" async=\"\"><\/script><!-- BANNER ELORIENTE INCRUSTADO NOTAS --> <ins class=\"adsbygoogle\" style=\"display: inline-block; width: 300px; height: 250px;\" data-ad-client=\"ca-pub-1136171134853753\" data-ad-slot=\"7974633627\"><\/ins><script>\/\/ <![CDATA[\n(adsbygoogle = window.adsbygoogle || []).push({});\n\/\/ ]]><\/script><\/p>\n<p>&nbsp;<\/p>\n<p>eloriente.net<\/p>\n<p>30 de diciembre de 2016<\/p>\n<p>\u00abHoy nuestro Congreso Federal y nuestra C\u00e1mara de Senadores, la gran mayor\u00eda permanece en silencio ante la situaci\u00f3n del alza en el precio de las gasolinas en nuestro pa\u00eds. Un golpe duro a la econom\u00eda de millones de mexicanos que ni veh\u00edculo tienen.\u00bb<\/p>\n<p><a class=\"profileLink\" href=\"https:\/\/www.facebook.com\/acruzpi68\" data-hovercard=\"\/ajax\/hovercard\/user.php?id=100001021602250\" data-hovercard-prefer-more-content-show=\"1\">Alejandro Cruz Pimentel<\/a> habla sobre las situaciones que se est\u00e1n generando a ra\u00edz de la liberaci\u00f3n de los precios en la gasolina, y sobre qui\u00e9nes deber\u00edan actuar y c\u00f3mo.<\/p>\n<p><iframe loading=\"lazy\" style=\"border: none; overflow: hidden;\" src=\"https:\/\/www.facebook.com\/plugins\/video.php?href=https%3A%2F%2Fwww.facebook.com%2F443535572345554%2Fvideos%2F1403905912975177%2F&amp;show_text=0&amp;width=560\" width=\"560\" height=\"315\" frameborder=\"0\" scrolling=\"no\" allowfullscreen=\"allowfullscreen\"><\/iframe><\/p>\n<p><script src=\"\/\/pagead2.googlesyndication.com\/pagead\/js\/adsbygoogle.js\" async=\"\"><\/script><!-- BANNER PEQUE\u00d1O PARA ENTRENOTAS EL ORIENTE --> <ins class=\"adsbygoogle\" style=\"display: inline-block; width: 468px; height: 60px;\" data-ad-client=\"ca-pub-1136171134853753\" data-ad-slot=\"4953536424\"><\/ins><script>\/\/ <![CDATA[\n(adsbygoogle = window.adsbygoogle || []).push({});\n\/\/ ]]><\/script><\/p>\n<p>Alejandro Cruz Pimentel es egresado del Instituto Tecnol\u00f3gico de Oaxaca. Cuenta con el grado de Licenciatura de Ingeniero Industrial y Maestr\u00eda en Planificaci\u00f3n de Empresas y Desarrollo Regional.<\/p>\n<p>Ha laborado durante dos d\u00e9cadas en la administraci\u00f3n p\u00fablica.<\/p>\n<p>Cuenta con distintos Diplomados en Gobierno Abierto y Participativo; en Pol\u00edticas P\u00fablicas y Evaluaci\u00f3n; Administraci\u00f3n Municipal. Adem\u00e1s ha asistido a Seminarios Internacionales de Transparencia, Acceso a la Informaci\u00f3n y Combate a la corrupci\u00f3n. \u00a0Es consultor en obra p\u00fablica y adquisiciones gubernamentales.\u00a0Colaborador en varios medios de opini\u00f3n.\u00a0Profesor en la Maestr\u00eda de Gobierno y Pol\u00edticas P\u00fablicas en la Universidad Vasconcelos (UNIVAS).<\/p>\n<p><a href=\"http:\/\/www.eloriente.net\/home\/wp-content\/uploads\/2016\/12\/ALEJANDRO-CRUZ-30-DE-DICIEMBRE.jpg\" rel=\"attachment wp-att-46567\"><img loading=\"lazy\" decoding=\"async\" class=\"alignnone  wp-image-46567\" src=\"http:\/\/www.eloriente.net\/home\/wp-content\/uploads\/2016\/12\/ALEJANDRO-CRUZ-30-DE-DICIEMBRE.jpg\" alt=\"alejandro-cruz-30-de-diciembre\" width=\"601\" height=\"338\" srcset=\"http:\/\/www.eloriente.net\/home\/wp-content\/uploads\/2016\/12\/ALEJANDRO-CRUZ-30-DE-DICIEMBRE.jpg 1920w, http:\/\/www.eloriente.net\/home\/wp-content\/uploads\/2016\/12\/ALEJANDRO-CRUZ-30-DE-DICIEMBRE-300x169.jpg 300w, http:\/\/www.eloriente.net\/home\/wp-content\/uploads\/2016\/12\/ALEJANDRO-CRUZ-30-DE-DICIEMBRE-768x432.jpg 768w, http:\/\/www.eloriente.net\/home\/wp-content\/uploads\/2016\/12\/ALEJANDRO-CRUZ-30-DE-DICIEMBRE-1024x576.jpg 1024w\" sizes=\"(max-width: 601px) 100vw, 601px\" \/><\/a><\/p>\n<p><strong>OTRAS VIDEOCOLUMNAS<\/strong><\/p>\n<div id=\"post-46554\" class=\"entry loop-default border_bottom_30 post-46554 post type-post status-publish format-standard has-post-thumbnail hentry category-entradas category-lo-mas-reciente category-salud category-ursula-woolrich category-videoblogs tag-bienestar tag-normas-inalcanzables tag-psicologa tag-trampas-vitales tag-ursula-woolrich tag-videocolumna\">\n<h2 class=\"entry_title\"><a title=\"Enlace Permanente a VIDEOCOLUMNA: Las normas inalcanzables como trampa vital. Por \u00darsula Woolrich\" href=\"http:\/\/www.eloriente.net\/home\/2016\/12\/29\/videocolumna-las-normas-inalcanzables-trampa-vital-ursula-woolrich\/\" rel=\"bookmark\">VIDEOCOLUMNA: Las normas inalcanzables como trampa vital. Por \u00darsula Woolrich<\/a><\/h2>\n<p><a href=\"http:\/\/www.eloriente.net\/home\/2016\/12\/29\/videocolumna-las-normas-inalcanzables-trampa-vital-ursula-woolrich\/\" rel=\"bookmark\"><img decoding=\"async\" class=\"alignleft\" title=\"VIDEOCOLUMNA: Las normas inalcanzables como trampa vital. Por \u00darsula Woolrich\" src=\"http:\/\/www.eloriente.net\/home\/wp-content\/themes\/city-desk\/timthumb.php?src=http%3A%2F%2Fwww.eloriente.net%2Fhome%2Fwp-content%2Fuploads%2F2016%2F12%2FU%CC%81RSULA-WOOLRICH-29-DE-DICIEMBRE.jpg&amp;q=90&amp;w=160&amp;h=106&amp;zc=1\" alt=\"VIDEOCOLUMNA: Las normas inalcanzables como trampa vital. Por \u00darsula Woolrich\" \/><\/a>\u00a0 eloriente.net 29 de diciembre de 2016 \u00bfToda tu vida parece girar alrededor del \u00e9xito, la posici\u00f3n social y los aspectos materiales?\u00bfDedicas demasiada energ\u00eda a planear, limpiar, reparar y en cambio no pasas el suficiente tiempo de descanso o diversi\u00f3n? Entonces posiblemente tienes la trampa vital de las normas inalcanzables. Ursula Woolrich nos explica c\u00f3mo [\u2026]<\/p>\n<div class=\"toolbar-social\">\n<div class=\"social-widget\">\n<div id=\"sharing-widget\"><\/div>\n<\/div>\n<\/div>\n<p class=\"postmeta\"><span class=\"meta_date\">diciembre 29, 2016<\/span><\/p>\n<\/div>\n<div id=\"post-46538\" class=\"entry loop-default border_bottom_30 post-46538 post type-post status-publish format-standard has-post-thumbnail hentry category-derechos-humanos category-entradas category-salud-y-estilo-de-vida category-lo-mas-reciente category-rebeca-garza category-videoblogs tag-feminicidio tag-mujeres tag-rebeca-garza tag-violencia tag-violencia-contra-las-mujeres\">\n<h2 class=\"entry_title\"><a title=\"Enlace Permanente a VIDEOCOLUMNA: Sobre la insistente violencia machista hacia las mujeres en  M\u00e9xico. Por Rebeca Garza\" href=\"http:\/\/www.eloriente.net\/home\/2016\/12\/28\/videocolumna-la-insistente-violencia-machista-hacia-las-mujeres-mexico-rebeca-garza\/\" rel=\"bookmark\">VIDEOCOLUMNA: Sobre la insistente violencia machista hacia las mujeres en M\u00e9xico. Por Rebeca Garza<\/a><\/h2>\n<p><a href=\"http:\/\/www.eloriente.net\/home\/2016\/12\/28\/videocolumna-la-insistente-violencia-machista-hacia-las-mujeres-mexico-rebeca-garza\/\" rel=\"bookmark\"><img decoding=\"async\" class=\"alignleft\" title=\"VIDEOCOLUMNA: Sobre la insistente violencia machista hacia las mujeres en  M\u00e9xico. Por Rebeca Garza\" src=\"http:\/\/www.eloriente.net\/home\/wp-content\/themes\/city-desk\/timthumb.php?src=http%3A%2F%2Fwww.eloriente.net%2Fhome%2Fwp-content%2Fuploads%2F2016%2F12%2FREBECA-GARZA-28-DE-DICIEMBRE-DE-2016.jpg&amp;q=90&amp;w=160&amp;h=106&amp;zc=1\" alt=\"VIDEOCOLUMNA: Sobre la insistente violencia machista hacia las mujeres en  M\u00e9xico. Por Rebeca Garza\" \/><\/a>\u00a0 eloriente.net 28 de diciembre de 2016 \u201cHay quienes argumentan que la violencia es violencia sin importar el g\u00e9nero y eso es una forma de invisibilizar la situaci\u00f3n tan grave que actualmente se vive en M\u00e9xico.\u201d Esta semana, Rebeca Garza toca el tema de la insistente violencia machista hacia las mujeres en M\u00e9xico. Rebeca Garza, [\u2026]<\/p>\n<div class=\"toolbar-social\">\n<div class=\"social-widget\">\n<div id=\"sharing-widget\"><\/div>\n<\/div>\n<\/div>\n<p class=\"postmeta\"><span class=\"meta_date\">diciembre 28, 2016<\/span><\/p>\n<\/div>\n<div id=\"post-46504\" class=\"entry loop-default border_bottom_30 post-46504 post type-post status-publish format-standard has-post-thumbnail hentry category-articulistas category-carlos-spindola-perez-guerrero category-carlos-spindola-perez-guerrero-videoblogs category-educacion-y-cultura category-entradas category-lo-mas-reciente category-videoblogs tag-carlos-spindola tag-diciembre tag-musica-clasica tag-musica-navidena tag-navidad tag-videocolumna\">\n<h2 class=\"entry_title\"><a title=\"Enlace Permanente a VIDEOCOLUMNA: La otra m\u00fasica navide\u00f1a. Por Carlos Sp\u00edndola\" href=\"http:\/\/www.eloriente.net\/home\/2016\/12\/26\/videocolumna-la-otra-musica-navidena-carlos-spindola\/\" rel=\"bookmark\">VIDEOCOLUMNA: La otra m\u00fasica navide\u00f1a. Por Carlos Sp\u00edndola<\/a><\/h2>\n<p><a href=\"http:\/\/www.eloriente.net\/home\/2016\/12\/26\/videocolumna-la-otra-musica-navidena-carlos-spindola\/\" rel=\"bookmark\"><img decoding=\"async\" class=\"alignleft\" title=\"VIDEOCOLUMNA: La otra m\u00fasica navide\u00f1a. Por Carlos Sp\u00edndola\" src=\"http:\/\/www.eloriente.net\/home\/wp-content\/themes\/city-desk\/timthumb.php?src=http%3A%2F%2Fwww.eloriente.net%2Fhome%2Fwp-content%2Fuploads%2F2016%2F12%2FCARLOS-SPI%CC%81NDOLA-26-DE-DICIEMBRE-1.jpg&amp;q=90&amp;w=160&amp;h=106&amp;zc=1\" alt=\"VIDEOCOLUMNA: La otra m\u00fasica navide\u00f1a. Por Carlos Sp\u00edndola\" \/><\/a>\u00a0 eloriente.net 26 de diciembre de 2016 Carlos Spindola nos comparte la otra m\u00fasica de navidad, es decir, aquella que expresa el j\u00fabilo por el nacimiento de Cristo, resaltando lo importante de este hecho e interiorizando su relevancia, a diferencia de la m\u00fasica comercial de navidad que provoca todo el efecto contrario. Christmas Concertos \u2013 [\u2026]<\/p>\n<\/div>\n\n\t\t\t  <div \n\t\t\t  \tclass = \"fb-comments\" \n\t\t\t  \tdata-href = \"http:\/\/www.eloriente.net\/home\/2016\/12\/30\/videocolumna-los-ciudadanos-agraviados-otra-vez-representantes-alejandro-cruz-pimentel\/\"\n\t\t\t  \tdata-numposts = \"10\"\n\t\t\t\tdata-colorscheme = \"dark\"\n\t\t\t\tdata-order-by = \"social\"\n\t\t\t\tdata-mobile=true>\n\t\t\t  <\/div>\n\t\t  <style>\n\t\t\t.fb_iframe_widget_fluid_desktop iframe {\n\t\t\t    width: 100% !important;\n\t\t\t}\n\t\t  <\/style>\n\t\t  ","protected":false},"excerpt":{"rendered":"<p>&nbsp; eloriente.net 30 de diciembre de 2016 \u00abHoy nuestro Congreso Federal y nuestra C\u00e1mara de Senadores, la gran mayor\u00eda permanece en silencio ante la situaci\u00f3n del alza en el precio de las gasolinas en nuestro pa\u00eds. Un golpe duro a la econom\u00eda de millones de mexicanos que ni veh\u00edculo tienen.\u00bb Alejandro Cruz Pimentel habla sobre [&hellip;]<\/p>\n","protected":false},"author":36,"featured_media":46567,"comment_status":"open","ping_status":"open","sticky":false,"template":"","format":"standard","meta":{"_jetpack_memberships_contains_paid_content":false,"footnotes":""},"categories":[2829,6243,11,91,32,10,21,98],"tags":[6990,4190,246,7362,277,6224],"class_list":["post-46566","post","type-post","status-publish","format-standard","has-post-thumbnail","hentry","category-alejandro-cruz-pimentel","category-alejandro-cruz-pimentel-videoblogs","category-colaboradores","category-congreso-y-justicia","category-entradas","category-lo-mas-reciente","category-politica-y-gobierno","category-videoblogs","tag-6990","tag-alejandro-cruz-pimentel","tag-congreso","tag-gasolina","tag-gobierno","tag-videocolumna"],"jetpack_featured_media_url":"http:\/\/www.eloriente.net\/home\/wp-content\/uploads\/2016\/12\/ALEJANDRO-CRUZ-30-DE-DICIEMBRE.jpg","jetpack_sharing_enabled":true,"_links":{"self":[{"href":"http:\/\/www.eloriente.net\/home\/wp-json\/wp\/v2\/posts\/46566"}],"collection":[{"href":"http:\/\/www.eloriente.net\/home\/wp-json\/wp\/v2\/posts"}],"about":[{"href":"http:\/\/www.eloriente.net\/home\/wp-json\/wp\/v2\/types\/post"}],"author":[{"embeddable":true,"href":"http:\/\/www.eloriente.net\/home\/wp-json\/wp\/v2\/users\/36"}],"replies":[{"embeddable":true,"href":"http:\/\/www.eloriente.net\/home\/wp-json\/wp\/v2\/comments?post=46566"}],"version-history":[{"count":1,"href":"http:\/\/www.eloriente.net\/home\/wp-json\/wp\/v2\/posts\/46566\/revisions"}],"predecessor-version":[{"id":46568,"href":"http:\/\/www.eloriente.net\/home\/wp-json\/wp\/v2\/posts\/46566\/revisions\/46568"}],"wp:featuredmedia":[{"embeddable":true,"href":"http:\/\/www.eloriente.net\/home\/wp-json\/wp\/v2\/media\/46567"}],"wp:attachment":[{"href":"http:\/\/www.eloriente.net\/home\/wp-json\/wp\/v2\/media?parent=46566"}],"wp:term":[{"taxonomy":"category","embeddable":true,"href":"http:\/\/www.eloriente.net\/home\/wp-json\/wp\/v2\/categories?post=46566"},{"taxonomy":"post_tag","embeddable":true,"href":"http:\/\/www.eloriente.net\/home\/wp-json\/wp\/v2\/tags?post=46566"}],"curies":[{"name":"wp","href":"https:\/\/api.w.org\/{rel}","templated":true}]}}