{"id":46579,"date":"2017-01-02T18:23:35","date_gmt":"2017-01-03T00:23:35","guid":{"rendered":"http:\/\/www.eloriente.net\/home\/?p=46579"},"modified":"2017-01-02T18:23:35","modified_gmt":"2017-01-03T00:23:35","slug":"cultura-reporte-arete-digital-gestion-cultural-enero-2017","status":"publish","type":"post","link":"http:\/\/www.eloriente.net\/home\/2017\/01\/02\/cultura-reporte-arete-digital-gestion-cultural-enero-2017\/","title":{"rendered":"CULTURA: Reporte Aret\u00e9 Digital sobre gesti\u00f3n cultural, enero 2017"},"content":{"rendered":"<p><script src=\"\/\/pagead2.googlesyndication.com\/pagead\/js\/adsbygoogle.js\" async=\"\"><\/script><!-- BANNER ELORIENTE INCRUSTADO NOTAS --> <ins class=\"adsbygoogle\" style=\"display: inline-block; width: 300px; height: 250px;\" data-ad-client=\"ca-pub-1136171134853753\" data-ad-slot=\"7974633627\"><\/ins><script>\/\/ <![CDATA[\n(adsbygoogle = window.adsbygoogle || []).push({});\n\/\/ ]]><\/script><\/p>\n<p>&nbsp;<\/p>\n<p>(www.eloriente.net, M\u00e9xico, 2 de enero de 2017).- La Asociaci\u00f3n Espa\u00f1ola de Gestores de Patrimonio Cultural (AEGPC) public\u00f3 su reporte mensual sobre gesti\u00f3n cultural, Aret\u00e9 Digital, noviembre 2015, en el cual muestra una s\u00edntesis sobre las actividades, convocatorias, cursos, jornadas, congresos, seminarios y noticias de la instituci\u00f3n.<\/p>\n<p>En esta edici\u00f3n destaca primeramente \u00a0la <strong>18\u00aa Jornada de Conservaci\u00f3n de Arte Contempor\u00e1neo<\/strong>, que se llevar\u00e1 a cabo el 23 y 24 de febrero de 2017 en el Museo Nacional Centro de Arte Reina Sof\u00eda..<\/p>\n<p>Por otro lado tenemos\u00a0la <strong>Jornada Europa Creativa sobre nuevos modelos de negocio<\/strong>\u00a0que se realizar\u00e1 el 17 de enero de 2017 en la Oficina de Europa Creativa, para mayor informaci\u00f3n visita: http:\/\/www.mecd.gob.es\/cultura-mecd\/areas-cultura\/cooperacion\/mc\/oficina-subprograma-cultura\/jornadas\/europacreativa2017.html.<\/p>\n<p><script src=\"\/\/pagead2.googlesyndication.com\/pagead\/js\/adsbygoogle.js\" async=\"\"><\/script><!-- BANNER PEQUE\u00d1O PARA ENTRENOTAS EL ORIENTE --> <ins class=\"adsbygoogle\" style=\"display: inline-block; width: 468px; height: 60px;\" data-ad-client=\"ca-pub-1136171134853753\" data-ad-slot=\"4953536424\"><\/ins><script>\/\/ <![CDATA[\n(adsbygoogle = window.adsbygoogle || []).push({});\n\/\/ ]]><\/script><\/p>\n<p>Por \u00faltimo encontramos la apertura de inscripciones para la <strong>3\u00aa Edici\u00f3n del Premio Europeo de Intervenci\u00f3n en el Patrimonio Arquitect\u00f3nico \u00a0AADIPA<\/strong>, el plazo para dichas inscripciones comienza el 14 de abril. El objetivo del certamen reside en distinguir a la buena pr\u00e1ctica patrimonial y contribuir a su divulgaci\u00f3n.<\/p>\n<p>Cabe recordar que el Bolet\u00edn Aret\u00e9 es producido, dise\u00f1ado y distribuido por la Asociaci\u00f3n Espa\u00f1ola de Gestores del Patrimonio Cultural y contiene noticias, convocatorias, cursos y otro contenido de inter\u00e9s para el sector.<\/p>\n<p>A continuaci\u00f3n el visor oficial y, abajo, otros boletines compartidos:<\/p>\n<p><iframe title=\"Arete digital enero 2017\" src=\"https:\/\/e.issuu.com\/embed.html?u=aegpc&#038;d=arete_digital_enero_2017\" style=\"border:none; width: 640px; height: 491px;\" allow=\"clipboard-write,allow-top-navigation,allow-top-navigation-by-user-activation,allow-downloads,allow-scripts,allow-same-origin,allow-popups,allow-modals,allow-popups-to-escape-sandbox,allow-forms\"  allowfullscreen=\"true\"><\/iframe><\/p>\n<p><a href=\"http:\/\/www.eloriente.net\/home\/wp-content\/uploads\/2017\/01\/EUROPE.jpg\" rel=\"attachment wp-att-46580\"><img loading=\"lazy\" decoding=\"async\" class=\"alignnone wp-image-46580\" src=\"http:\/\/www.eloriente.net\/home\/wp-content\/uploads\/2017\/01\/EUROPE.jpg\" alt=\"europe\" width=\"600\" height=\"266\" srcset=\"http:\/\/www.eloriente.net\/home\/wp-content\/uploads\/2017\/01\/EUROPE.jpg 2048w, http:\/\/www.eloriente.net\/home\/wp-content\/uploads\/2017\/01\/EUROPE-300x133.jpg 300w, http:\/\/www.eloriente.net\/home\/wp-content\/uploads\/2017\/01\/EUROPE-768x340.jpg 768w, http:\/\/www.eloriente.net\/home\/wp-content\/uploads\/2017\/01\/EUROPE-1024x454.jpg 1024w\" sizes=\"(max-width: 600px) 100vw, 600px\" \/><\/a><\/p>\n<p><strong>OTRAS ENTRADAS<\/strong><\/p>\n<div class=\"featuredpost\">\n<div class=\"flow_hide\">\n<h2 class=\"posttitle bigposttitle\"><a title=\"Enlace Permanente a OAXACA: Inicia primer per\u00edodo oficial de sesiones del Poder Judicial\" href=\"http:\/\/www.eloriente.net\/home\/2017\/01\/02\/oaxaca-inicia-primer-periodo-oficial-sesiones-del-poder-judicial\/\" rel=\"bookmark\">OAXACA: Inicia primer per\u00edodo oficial de sesiones del Poder Judicial<\/a><\/h2>\n<\/div>\n<p>eloriente.net 2 de enero de 2017 El titular del Poder Judicial del Estado, magistrado Alfredo Rodrigo Lagunas Rivera, realiz\u00f3 este lunes dos de enero la declaratoria oficial\u2026<\/p>\n<p class=\"postmeta\"><span class=\"meta_date\">enero 2, 2017<\/span><\/p>\n<div class=\"toolbar-social\"><\/div>\n<\/div>\n<div class=\"featuredpost\">\n<div class=\"flow_hide\">\n<p><a href=\"http:\/\/www.eloriente.net\/home\/2016\/12\/30\/oaxaca-5-pasos-llegar-dain-roo-san-miguel-del-valle\/\" rel=\"bookmark\"><img decoding=\"async\" class=\"alignleft\" title=\"OAXACA: 5 pasos para llegar a \u201cDain Roo\u201d en San Miguel del Valle\" src=\"http:\/\/www.eloriente.net\/home\/wp-content\/themes\/city-desk\/timthumb.php?src=http%3A%2F%2Fwww.eloriente.net%2Fhome%2Fwp-content%2Fuploads%2F2016%2F12%2F48.jpg&amp;q=90&amp;w=70&amp;h=45&amp;zc=1\" alt=\"OAXACA: 5 pasos para llegar a \u201cDain Roo\u201d en San Miguel del Valle\" \/><\/a><\/p>\n<h2 class=\"posttitle \"><a title=\"Enlace Permanente a OAXACA: 5 pasos para llegar a \u201cDain Roo\u201d en San Miguel del Valle\" href=\"http:\/\/www.eloriente.net\/home\/2016\/12\/30\/oaxaca-5-pasos-llegar-dain-roo-san-miguel-del-valle\/\" rel=\"bookmark\">OAXACA: 5 pasos para llegar a \u201cDain Roo\u201d en San Miguel del Valle<\/a><\/h2>\n<\/div>\n<p>(www.eloriente.net, M\u00e9xico a 30 de diciembre de 2016, por \u00c1ngel Osorio\/@SenderosOax).- \u00bfBuscas un escape a corta distancia de la ciudad? A 45 minutos de la capital oaxaque\u00f1a\u2026<\/p>\n<p class=\"postmeta\"><span class=\"meta_date\">diciembre 30, 2016<\/span><\/p>\n<div class=\"toolbar-social\"><\/div>\n<\/div>\n<div class=\"featuredpost\">\n<div class=\"flow_hide\">\n<p><a href=\"http:\/\/www.eloriente.net\/home\/2016\/12\/29\/activiades-culturales-oaxaca-no-te-puedes-perder-del-29-diciembre-al-4-enero\/\" rel=\"bookmark\"><img decoding=\"async\" class=\"alignleft\" title=\"Actividades culturales en Oaxaca que no te puedes perder (del 29 de diciembre al 4 de enero)\" src=\"http:\/\/www.eloriente.net\/home\/wp-content\/themes\/city-desk\/timthumb.php?src=http%3A%2F%2Fwww.eloriente.net%2Fhome%2Fwp-content%2Fuploads%2F2016%2F12%2F6187621870_5a23a87b44_b.jpg&amp;q=90&amp;w=70&amp;h=45&amp;zc=1\" alt=\"Actividades culturales en Oaxaca que no te puedes perder (del 29 de diciembre al 4 de enero)\" \/><\/a><\/p>\n<h2 class=\"posttitle \"><a title=\"Enlace Permanente a Actividades culturales en Oaxaca que no te puedes perder (del 29 de diciembre al 4 de enero)\" href=\"http:\/\/www.eloriente.net\/home\/2016\/12\/29\/activiades-culturales-oaxaca-no-te-puedes-perder-del-29-diciembre-al-4-enero\/\" rel=\"bookmark\">Actividades culturales en Oaxaca que no te puedes perder (del 29 de diciembre al 4 de enero)<\/a><\/h2>\n<\/div>\n<p>(www.eloriente.net; M\u00e9xico a 29 de diciembre de 2016).- Por Jessica Lamadrid \u00a0 El Oriente te comparte una serie de actividades culturales que puedes realizar para este fin e\u2026<\/p>\n<p class=\"postmeta\"><span class=\"meta_date\">diciembre 29, 2016<\/span><\/p>\n<\/div>\n\n\t\t\t  <div \n\t\t\t  \tclass = \"fb-comments\" \n\t\t\t  \tdata-href = \"http:\/\/www.eloriente.net\/home\/2017\/01\/02\/cultura-reporte-arete-digital-gestion-cultural-enero-2017\/\"\n\t\t\t  \tdata-numposts = \"10\"\n\t\t\t\tdata-colorscheme = \"dark\"\n\t\t\t\tdata-order-by = \"social\"\n\t\t\t\tdata-mobile=true>\n\t\t\t  <\/div>\n\t\t  <style>\n\t\t\t.fb_iframe_widget_fluid_desktop iframe {\n\t\t\t    width: 100% !important;\n\t\t\t}\n\t\t  <\/style>\n\t\t  ","protected":false},"excerpt":{"rendered":"<p>&nbsp; (www.eloriente.net, M\u00e9xico, 2 de enero de 2017).- La Asociaci\u00f3n Espa\u00f1ola de Gestores de Patrimonio Cultural (AEGPC) public\u00f3 su reporte mensual sobre gesti\u00f3n cultural, Aret\u00e9 Digital, noviembre 2015, en el cual muestra una s\u00edntesis sobre las actividades, convocatorias, cursos, jornadas, congresos, seminarios y noticias de la instituci\u00f3n. En esta edici\u00f3n destaca primeramente \u00a0la 18\u00aa Jornada [&hellip;]<\/p>\n","protected":false},"author":44,"featured_media":46580,"comment_status":"open","ping_status":"open","sticky":false,"template":"","format":"standard","meta":{"_jetpack_memberships_contains_paid_content":false,"footnotes":""},"categories":[1588,18,32,10,24],"tags":[426,2559,7366,1526],"class_list":["post-46579","post","type-post","status-publish","format-standard","has-post-thumbnail","hentry","category-comunicados-y-boletines","category-educacion-y-cultura","category-entradas","category-lo-mas-reciente","category-mexico-y-el-mundo","tag-arete","tag-arete-digital","tag-enero-2017","tag-gestion-cultural"],"jetpack_featured_media_url":"http:\/\/www.eloriente.net\/home\/wp-content\/uploads\/2017\/01\/EUROPE.jpg","jetpack_sharing_enabled":true,"_links":{"self":[{"href":"http:\/\/www.eloriente.net\/home\/wp-json\/wp\/v2\/posts\/46579"}],"collection":[{"href":"http:\/\/www.eloriente.net\/home\/wp-json\/wp\/v2\/posts"}],"about":[{"href":"http:\/\/www.eloriente.net\/home\/wp-json\/wp\/v2\/types\/post"}],"author":[{"embeddable":true,"href":"http:\/\/www.eloriente.net\/home\/wp-json\/wp\/v2\/users\/44"}],"replies":[{"embeddable":true,"href":"http:\/\/www.eloriente.net\/home\/wp-json\/wp\/v2\/comments?post=46579"}],"version-history":[{"count":1,"href":"http:\/\/www.eloriente.net\/home\/wp-json\/wp\/v2\/posts\/46579\/revisions"}],"predecessor-version":[{"id":46581,"href":"http:\/\/www.eloriente.net\/home\/wp-json\/wp\/v2\/posts\/46579\/revisions\/46581"}],"wp:featuredmedia":[{"embeddable":true,"href":"http:\/\/www.eloriente.net\/home\/wp-json\/wp\/v2\/media\/46580"}],"wp:attachment":[{"href":"http:\/\/www.eloriente.net\/home\/wp-json\/wp\/v2\/media?parent=46579"}],"wp:term":[{"taxonomy":"category","embeddable":true,"href":"http:\/\/www.eloriente.net\/home\/wp-json\/wp\/v2\/categories?post=46579"},{"taxonomy":"post_tag","embeddable":true,"href":"http:\/\/www.eloriente.net\/home\/wp-json\/wp\/v2\/tags?post=46579"}],"curies":[{"name":"wp","href":"https:\/\/api.w.org\/{rel}","templated":true}]}}