{"id":46587,"date":"2017-01-03T14:38:32","date_gmt":"2017-01-03T20:38:32","guid":{"rendered":"http:\/\/www.eloriente.net\/home\/?p=46587"},"modified":"2017-01-03T16:36:10","modified_gmt":"2017-01-03T22:36:10","slug":"las-videocolumnas-mas-vistas-2016-oriente","status":"publish","type":"post","link":"http:\/\/www.eloriente.net\/home\/2017\/01\/03\/las-videocolumnas-mas-vistas-2016-oriente\/","title":{"rendered":"Las videocolumnas m\u00e1s vistas de 2016 en El Oriente"},"content":{"rendered":"<p><script src=\"\/\/pagead2.googlesyndication.com\/pagead\/js\/adsbygoogle.js\" async=\"\"><\/script><!-- BANNER ELORIENTE INCRUSTADO NOTAS --> <ins class=\"adsbygoogle\" style=\"display: inline-block; width: 300px; height: 250px;\" data-ad-client=\"ca-pub-1136171134853753\" data-ad-slot=\"7974633627\"><\/ins><script>\/\/ <![CDATA[\n(adsbygoogle = window.adsbygoogle || []).push({});\n\/\/ ]]><\/script><\/p>\n<p>&nbsp;<\/p>\n<p>eloriente.net<\/p>\n<p>3 de enero de 2017<\/p>\n<p>En marzo del 2016 comenzamos con una nueva etapa en EL ORIENTE cuando inauguramos nuestra secci\u00f3n de videocolumnas. La intenci\u00f3n ha sido, es, y ser\u00e1 siempre la de proporcionar un espacio para la libertad de expresi\u00f3n y de pensamiento, prueba de ello es la diversidad de temas y personalidades que nos han regalado su tiempo y conocimiento.<\/p>\n<p>Por lo anterior queremos presentar las 10 videocolumnas m\u00e1s vistas durante 2016. Como anotaci\u00f3n, cabe se\u00f1alar que hemos obviado algunos con la \u00fanica finalidad de enriquecer este top con variedad.<\/p>\n<h2><strong>1.-<\/strong><a title=\"Enlace Permanente a VIDEOCOLUMNA: Libros y reflexiones. Por Alejandra Silva\" href=\"http:\/\/www.eloriente.net\/home\/2016\/08\/11\/videocolumna-libros-y-reflexiones-por-alejandra-silva\/\" rel=\"bookmark\">Libros y reflexiones. Por Alejandra Silva<\/a><\/h2>\n<p><a class=\"profileLink\" href=\"https:\/\/www.facebook.com\/ale.silva.soriano\" data-hovercard=\"\/ajax\/hovercard\/user.php?id=100000861381286\" data-hovercard-prefer-more-content-show=\"1\">Alejandra Silva Soriano<\/a> comienza su participaci\u00f3n como videocolumnista de EL ORIENTE.<\/p>\n<p>En este video nos platicar\u00e1 sobre el libro \u00abInstrucciones para vivir en M\u00e9xico\u00bb de Jorge Ibarg\u00fcengoita y las reflexiones que del mismo podemos sacar.<\/p>\n<p><iframe loading=\"lazy\" style=\"border: none; overflow: hidden;\" src=\"https:\/\/www.facebook.com\/plugins\/video.php?href=https%3A%2F%2Fwww.facebook.com%2F443535572345554%2Fvideos%2F1254810817884688%2F&amp;show_text=0&amp;width=560\" width=\"560\" height=\"315\" frameborder=\"0\" scrolling=\"no\" allowfullscreen=\"allowfullscreen\"><\/iframe><\/p>\n<h2><strong>2.-<\/strong><a title=\"Enlace Permanente a VIDEOCOLUMNA: No m\u00e1s confrontaci\u00f3n, queremos propuestas serias. Por Alejandro Cruz\" href=\"http:\/\/www.eloriente.net\/home\/2016\/04\/09\/videocolumna-no-mas-confrontacion-queremos-propuestas-serias-por-alejandro-cruz\/\" rel=\"bookmark\">No m\u00e1s confrontaci\u00f3n, queremos propuestas serias. Por Alejandro Cruz<\/a><\/h2>\n<p>Benjam\u00edn, Pepe To\u00f1o, Alejandro y Salom\u00f3n, queremos propuestas que permitan sacar a Oaxaca de los rezagos ancestrales que sus partidos pol\u00edticos han acrecentado. Ya no queremos dimes y diretes.<\/p>\n<p>Alejandro Cruz opina sobre la preferencia de los candidatos a Gobernador en Oaxaca por el discurso de confrontaci\u00f3n y sobre la falta de propuestas serias en sus campa\u00f1as.<\/p>\n<p><iframe loading=\"lazy\" style=\"border: none; overflow: hidden;\" src=\"https:\/\/www.facebook.com\/plugins\/video.php?href=https%3A%2F%2Fwww.facebook.com%2F443535572345554%2Fvideos%2F1168986956467075%2F&amp;show_text=0&amp;width=560\" width=\"560\" height=\"315\" frameborder=\"0\" scrolling=\"no\" allowfullscreen=\"allowfullscreen\"><\/iframe><\/p>\n<h2><strong>3.-<\/strong><a title=\"Enlace Permanente a VIDEOCOLUMNA: Felicidad Hed\u00f3nica o Felicidad Genuina, por Diego Mier y Ter\u00e1n\" href=\"http:\/\/www.eloriente.net\/home\/2016\/04\/17\/videocolumna-felicidad-hedonica-o-felicidad-genuina-por-diego-mier-y-teran\/\" rel=\"bookmark\">Felicidad Hed\u00f3nica o Felicidad Genuina, por Diego Mier y Ter\u00e1n<\/a><\/h2>\n<p>\u00bfQu\u00e9 felicidad es la que siento?<br \/>\nLa Diferencia entre la Felicidad Hed\u00f3nica y la Felicidad Genuina.<\/p>\n<p>Diego Mier y Ter\u00e1n de <a class=\"profileLink\" href=\"https:\/\/www.facebook.com\/casatibet.sedeoaxaca\" data-hovercard=\"\/ajax\/hovercard\/user.php?id=100006458288909\" data-hovercard-prefer-more-content-show=\"1\">Casa Tibet Sede Oaxaca<\/a> te comparte su experiencia<\/p>\n<p><iframe loading=\"lazy\" style=\"border: none; overflow: hidden;\" src=\"https:\/\/www.facebook.com\/plugins\/video.php?href=https%3A%2F%2Fwww.facebook.com%2F443535572345554%2Fvideos%2F1174502919248812%2F&amp;show_text=0&amp;width=560\" width=\"560\" height=\"315\" frameborder=\"0\" scrolling=\"no\" allowfullscreen=\"allowfullscreen\"><\/iframe><\/p>\n<h2>4.-<a title=\"Enlace Permanente a VIDEOCOLUMNA: \u00bfOaxaca realmente vive del turismo? Por Juan Carlos Rivera\" href=\"http:\/\/www.eloriente.net\/home\/2016\/06\/21\/videocolumna-oaxaca-realmente-vive-del-turismo-por-juan-carlos-rivera\/\" rel=\"bookmark\">\u00bfOaxaca realmente vive del turismo? Por Juan Carlos Rivera<\/a><\/h2>\n<p>Se tiene la idea de que el turismo es la actividad que genera mayores ingresos para los oaxaque\u00f1os, \u00bfeso es realmente cierto? Nuestro columnista experto en Turismo aborda este tema en su nueva videocolumna.<\/p>\n<p><iframe loading=\"lazy\" style=\"border: none; overflow: hidden;\" src=\"https:\/\/www.facebook.com\/plugins\/video.php?href=https%3A%2F%2Fwww.facebook.com%2F443535572345554%2Fvideos%2F1217657858266651%2F&amp;show_text=0&amp;width=560\" width=\"560\" height=\"315\" frameborder=\"0\" scrolling=\"no\" allowfullscreen=\"allowfullscreen\"><\/iframe><\/p>\n<h2><\/h2>\n<p><script src=\"\/\/pagead2.googlesyndication.com\/pagead\/js\/adsbygoogle.js\" async=\"\"><\/script><!-- BANNER PEQUE\u00d1O PARA ENTRENOTAS EL ORIENTE --> <ins class=\"adsbygoogle\" style=\"display: inline-block; width: 468px; height: 60px;\" data-ad-client=\"ca-pub-1136171134853753\" data-ad-slot=\"4953536424\"><\/ins><script>\/\/ <![CDATA[\n(adsbygoogle = window.adsbygoogle || []).push({});\n\/\/ ]]><\/script><\/p>\n<h2>5.-<a title=\"Enlace Permanente a VIDEOCOLUMNA: \u00bfEres cisg\u00e9nero? \u00bfEres cissexual? Por Rebeca Garza\" href=\"http:\/\/www.eloriente.net\/home\/2016\/07\/19\/videocolumna-eres-cisgenero-eres-cissexual-por-rebeca-garza\/\" rel=\"bookmark\">\u00bfEres cisg\u00e9nero? \u00bfEres cissexual? Por Rebeca Garza<\/a><\/h2>\n<p>\u00abSi al momento de nacer fuiste se te asign\u00f3 el sexo de hombre, has sido socializado como hombre desde tu infancia y adem\u00e1s te identificas a ti mismo y a tu cuerpo como parte de una identidad de hombre\u2026\u00a1sorpresa! \u00a1ERES CISG\u00c9NERO Y TAMBI\u00c9N ERES CISEXUAL!\u00bb<\/p>\n<p>Nuestra amiga <a class=\"profileLink\" href=\"https:\/\/www.facebook.com\/rebeca.garza\" data-hovercard=\"\/ajax\/hovercard\/user.php?id=587832367\" data-hovercard-prefer-more-content-show=\"1\">Rebeca Garza<\/a> nos explica estos conceptos fundamentales en cuestiones de diversidad de g\u00e9nero.<\/p>\n<p><iframe loading=\"lazy\" style=\"border: none; overflow: hidden;\" src=\"https:\/\/www.facebook.com\/plugins\/video.php?href=https%3A%2F%2Fwww.facebook.com%2F443535572345554%2Fvideos%2F1237204742978629%2F&amp;show_text=0&amp;width=560\" width=\"560\" height=\"315\" frameborder=\"0\" scrolling=\"no\" allowfullscreen=\"allowfullscreen\"><\/iframe><\/p>\n<h2>6.-\u00a0<a title=\"Enlace Permanente a VIDEOCOLUMNAS: Oaxaca, un estado pobre pero con buena producci\u00f3n minera. Por Rodolfo Moreno\" href=\"http:\/\/www.eloriente.net\/home\/2016\/09\/30\/videocolumnas-oaxaca-un-estado-pobre-pero-con-buena-produccion-minera-por-rodolfo-moreno\/\" rel=\"bookmark\">Oaxaca, un estado pobre pero con buena producci\u00f3n minera. Por Rodolfo Moreno<\/a><\/h2>\n<p>Oaxaca es un estado que genera una buena producci\u00f3n minera, sin embargo, los beneficios de estas pr\u00e1ctica no se ven reflejados en la econom\u00eda de las comunidades donde operan las empresas mineras.<\/p>\n<p>Rodolfo Moreno nos explica las razones por las cuales los 34 proyectos mineros no est\u00e1n ayudando a combatir la pobreza en el estado.<\/p>\n<p><iframe loading=\"lazy\" style=\"border: none; overflow: hidden;\" src=\"https:\/\/www.facebook.com\/plugins\/video.php?href=https%3A%2F%2Fwww.facebook.com%2F443535572345554%2Fvideos%2F1299296426769460%2F&amp;show_text=0&amp;width=560\" width=\"560\" height=\"315\" frameborder=\"0\" scrolling=\"no\" allowfullscreen=\"allowfullscreen\"><\/iframe><\/p>\n<h2>7.-\u00a0<a title=\"Enlace Permanente a VIDEOCOLUMNA: Alegr\u00eda y enojo \u00bfQu\u00e9 hay detr\u00e1s de ellos? Por \u00darsula Woolrich\" href=\"http:\/\/www.eloriente.net\/home\/2016\/09\/22\/videocolumna-alegria-y-enojo-que-hay-detras-de-ellos-por-ursula-woolrich\/\" rel=\"bookmark\">Alegr\u00eda y enojo \u00bfQu\u00e9 hay detr\u00e1s de ellos? Por \u00darsula Woolrich<\/a><\/h2>\n<p>Damos la bienvenida como videocolumnista a la psic\u00f3loga \u00darsula Woolrich, quien nos platicar\u00e1 sobre diversos temas relacionados con la mente y el bienestar.<\/p>\n<p>En esta ocasi\u00f3n nos comenta acerca de la alegr\u00eda y el enojo y lo que hay detr\u00e1s de ellos.<\/p>\n<p><iframe loading=\"lazy\" style=\"border: none; overflow: hidden;\" src=\"https:\/\/www.facebook.com\/plugins\/video.php?href=https%3A%2F%2Fwww.facebook.com%2F443535572345554%2Fvideos%2F1286756184690151%2F&amp;show_text=0&amp;width=560\" width=\"560\" height=\"315\" frameborder=\"0\" scrolling=\"no\" allowfullscreen=\"allowfullscreen\"><\/iframe><\/p>\n<h2>8.- Visibilizar el matrimonio igualitario\u00a0facilita el ejercicio de los derechos de las personas trans. Por Rebeca Garza<\/h2>\n<p>\u00abEs importante visibilizar que el matrimonio igualitario tambi\u00e9n facilita el ejercicio de los derechos de las personas trans.\u00bb<\/p>\n<p><a id=\"js_17w\" class=\"profileLink\" href=\"https:\/\/www.facebook.com\/rebeca.garza\" data-hovercard=\"\/ajax\/hovercard\/user.php?id=587832367\" data-hovercard-prefer-more-content-show=\"1\">Rebeca Garza<\/a> nos explica las razones por las cuales las personas trans no deben ser excluidas del derecho a formar una familia.<\/p>\n<p><iframe loading=\"lazy\" style=\"border: none; overflow: hidden;\" src=\"https:\/\/www.facebook.com\/plugins\/video.php?href=https%3A%2F%2Fwww.facebook.com%2F443535572345554%2Fvideos%2F1286769964688773%2F&amp;show_text=0&amp;width=560\" width=\"560\" height=\"315\" frameborder=\"0\" scrolling=\"no\" allowfullscreen=\"allowfullscreen\"><\/iframe><\/p>\n<h2>9.-\u00a0<a title=\"Enlace Permanente a VIDEOCOLUMNA: \u00bfCu\u00e1l es la importancia de las Orquestas Sinf\u00f3nicas? Por Carlos Sp\u00edndola\" href=\"http:\/\/www.eloriente.net\/home\/2016\/10\/22\/videocolumna-cual-es-la-importancia-de-las-orquestas-sinfonicas-por-carlos-spindola\/\" rel=\"bookmark\">\u00bfCu\u00e1l es la importancia de las Orquestas Sinf\u00f3nicas? Por Carlos Sp\u00edndola<\/a><\/h2>\n<p>\u00bfConoces la situaci\u00f3n por la que est\u00e1 pasando la Orquesta Sinf\u00f3nica de Oaxaca? \u00bfSabes lo que representa una Orquesta Sinf\u00f3nica para su ciudad?<\/p>\n<p>Esta semana <a class=\"profileLink\" href=\"https:\/\/www.facebook.com\/carlos.spindola.9\" data-hovercard=\"\/ajax\/hovercard\/user.php?id=602496910\" data-hovercard-prefer-more-content-show=\"1\">Carlos Spindola<\/a> nos explica esta situaci\u00f3n y nos explica las funciones y la importancia de las sinf\u00f3nicas.<\/p>\n<p><iframe loading=\"lazy\" style=\"border: none; overflow: hidden;\" src=\"https:\/\/www.facebook.com\/plugins\/video.php?href=https%3A%2F%2Fwww.facebook.com%2F443535572345554%2Fvideos%2F1321023684596734%2F&amp;show_text=0&amp;width=560\" width=\"560\" height=\"315\" frameborder=\"0\" scrolling=\"no\" allowfullscreen=\"allowfullscreen\"><\/iframe><\/p>\n<h2>10.-<a title=\"Enlace Permanente a VIDEOCOLUMNA: 7 de noviembre D\u00eda del Ferrocarrilero. Por Ra\u00fal Maldonado Mendoza\" href=\"http:\/\/www.eloriente.net\/home\/2016\/11\/07\/videocolumna-7-de-noviembre-dia-del-ferrocarrilero-por-raul-maldonado-mendoza\/\" rel=\"bookmark\">7 de noviembre D\u00eda del Ferrocarrilero. Por Ra\u00fal Maldonado Mendoza<\/a><\/h2>\n<p>El 7 de noviembre se celebra el D\u00eda del Ferrocarrilero, <a class=\"profileLink\" href=\"https:\/\/www.facebook.com\/raul.maldonadomendoza.9\" data-hovercard=\"\/ajax\/hovercard\/user.php?id=100001942230138\" data-hovercard-prefer-more-content-show=\"1\">Ra\u00fal Maldonado Mendoza<\/a> dedica su videocolumna para explicarnos la historia detr\u00e1s de este d\u00eda. De igual forma nos platica que en Mat\u00edas Romero, Oaxaca, se celebra tambi\u00e9n el aniversario del nacimiento de Demetrio Vallejo Mart\u00ednez, l\u00edder hist\u00f3rico ferrocarrilero.<\/p>\n<p><iframe loading=\"lazy\" style=\"border: none; overflow: hidden;\" src=\"https:\/\/www.facebook.com\/plugins\/video.php?href=https%3A%2F%2Fwww.facebook.com%2F443535572345554%2Fvideos%2F1338447442854358%2F&amp;show_text=0&amp;width=560\" width=\"560\" height=\"315\" frameborder=\"0\" scrolling=\"no\" allowfullscreen=\"allowfullscreen\"><\/iframe><\/p>\n<p>&nbsp;<\/p>\n<p><a href=\"http:\/\/www.eloriente.net\/home\/wp-content\/uploads\/2016\/09\/ALEJANDRA-SILVA-8-DE-SEPTIEMBRE.jpg\" rel=\"attachment wp-att-44841\"><img loading=\"lazy\" decoding=\"async\" class=\"alignnone wp-image-44841\" src=\"http:\/\/www.eloriente.net\/home\/wp-content\/uploads\/2016\/09\/ALEJANDRA-SILVA-8-DE-SEPTIEMBRE.jpg\" alt=\"alejandra-silva-8-de-septiembre\" width=\"601\" height=\"338\" srcset=\"http:\/\/www.eloriente.net\/home\/wp-content\/uploads\/2016\/09\/ALEJANDRA-SILVA-8-DE-SEPTIEMBRE.jpg 1920w, http:\/\/www.eloriente.net\/home\/wp-content\/uploads\/2016\/09\/ALEJANDRA-SILVA-8-DE-SEPTIEMBRE-300x169.jpg 300w, http:\/\/www.eloriente.net\/home\/wp-content\/uploads\/2016\/09\/ALEJANDRA-SILVA-8-DE-SEPTIEMBRE-768x432.jpg 768w, http:\/\/www.eloriente.net\/home\/wp-content\/uploads\/2016\/09\/ALEJANDRA-SILVA-8-DE-SEPTIEMBRE-1024x576.jpg 1024w\" sizes=\"(max-width: 601px) 100vw, 601px\" \/><\/a><\/p>\n<p><strong>OTRAS ENTRADAS<\/strong><\/p>\n<div class=\"featuredpost\">\n<div class=\"flow_hide\">\n<h2 class=\"posttitle bigposttitle\"><a title=\"Enlace Permanente a 5 vacantes para Abogados #MartesDeVacantes\" href=\"http:\/\/www.eloriente.net\/home\/2017\/01\/03\/5-vacantes-abogados-martesdevacantes\/\" rel=\"bookmark\">5 vacantes para Abogados #MartesDeVacantes<\/a><\/h2>\n<\/div>\n<p>(www.eloriente.net, M\u00e9xico, a 2 de enero de 2017).- Conscientes de la importancia para la ciudadan\u00eda en general de la b\u00fasqueda de nuevas oportunidades de crecimiento profesional, ponemos\u2026<\/p>\n<p class=\"postmeta\"><span class=\"meta_date\">enero 3, 2017<\/span><\/p>\n<div class=\"toolbar-social\"><\/div>\n<\/div>\n<div class=\"featuredpost\">\n<div class=\"flow_hide\">\n<p><a href=\"http:\/\/www.eloriente.net\/home\/2017\/01\/02\/oaxaca-anuncian-proyecto-universidad-zaachila\/\" rel=\"bookmark\"><img decoding=\"async\" class=\"alignleft\" title=\"OAXACA: Anuncian proyecto de universidad para Zaachila\" src=\"http:\/\/www.eloriente.net\/home\/wp-content\/themes\/city-desk\/timthumb.php?src=http%3A%2F%2Fwww.eloriente.net%2Fhome%2Fwp-content%2Fuploads%2F2017%2F01%2Fzaachila-2.jpg&amp;q=90&amp;w=70&amp;h=45&amp;zc=1\" alt=\"OAXACA: Anuncian proyecto de universidad para Zaachila\" \/><\/a><\/p>\n<h2 class=\"posttitle \"><a title=\"Enlace Permanente a OAXACA: Anuncian proyecto de universidad para Zaachila\" href=\"http:\/\/www.eloriente.net\/home\/2017\/01\/02\/oaxaca-anuncian-proyecto-universidad-zaachila\/\" rel=\"bookmark\">OAXACA: Anuncian proyecto de universidad para Zaachila<\/a><\/h2>\n<\/div>\n<p>eloriente.net 2 de enero de 2017 El pasado 1 de Enero, la doctora Maricela Mart\u00ednez Coronel tom\u00f3 Protesta de Ley como Presidenta Municipal de la Villa de\u2026<\/p>\n<p class=\"postmeta\"><span class=\"meta_date\">enero 2, 2017<\/span><\/p>\n<div class=\"toolbar-social\"><\/div>\n<\/div>\n<div class=\"featuredpost\">\n<div class=\"flow_hide\">\n<p><a href=\"http:\/\/www.eloriente.net\/home\/2017\/01\/02\/oaxaca-inicia-primer-periodo-oficial-sesiones-del-poder-judicial\/\" rel=\"bookmark\"><img decoding=\"async\" class=\"alignleft\" title=\"OAXACA: Inicia primer per\u00edodo oficial de sesiones del Poder Judicial\" src=\"http:\/\/www.eloriente.net\/home\/wp-content\/themes\/city-desk\/timthumb.php?src=http%3A%2F%2Fwww.eloriente.net%2Fhome%2Fwp-content%2Fuploads%2F2017%2F01%2FTSJ-.jpg&amp;q=90&amp;w=70&amp;h=45&amp;zc=1\" alt=\"OAXACA: Inicia primer per\u00edodo oficial de sesiones del Poder Judicial\" \/><\/a><\/p>\n<h2 class=\"posttitle \"><a title=\"Enlace Permanente a OAXACA: Inicia primer per\u00edodo oficial de sesiones del Poder Judicial\" href=\"http:\/\/www.eloriente.net\/home\/2017\/01\/02\/oaxaca-inicia-primer-periodo-oficial-sesiones-del-poder-judicial\/\" rel=\"bookmark\">OAXACA: Inicia primer per\u00edodo oficial de sesiones del Poder Judicial<\/a><\/h2>\n<\/div>\n<p>eloriente.net 2 de enero de 2017 El titular del Poder Judicial del Estado, magistrado Alfredo Rodrigo Lagunas Rivera, realiz\u00f3 este lunes dos de enero la declaratoria oficial\u2026<\/p>\n<p class=\"postmeta\"><span class=\"meta_date\">enero 2, 2017<\/span><\/p>\n<\/div>\n\n\t\t\t  <div \n\t\t\t  \tclass = \"fb-comments\" \n\t\t\t  \tdata-href = \"http:\/\/www.eloriente.net\/home\/2017\/01\/03\/las-videocolumnas-mas-vistas-2016-oriente\/\"\n\t\t\t  \tdata-numposts = \"10\"\n\t\t\t\tdata-colorscheme = \"dark\"\n\t\t\t\tdata-order-by = \"social\"\n\t\t\t\tdata-mobile=true>\n\t\t\t  <\/div>\n\t\t  <style>\n\t\t\t.fb_iframe_widget_fluid_desktop iframe {\n\t\t\t    width: 100% !important;\n\t\t\t}\n\t\t  <\/style>\n\t\t  ","protected":false},"excerpt":{"rendered":"<p>&nbsp; eloriente.net 3 de enero de 2017 En marzo del 2016 comenzamos con una nueva etapa en EL ORIENTE cuando inauguramos nuestra secci\u00f3n de videocolumnas. La intenci\u00f3n ha sido, es, y ser\u00e1 siempre la de proporcionar un espacio para la libertad de expresi\u00f3n y de pensamiento, prueba de ello es la diversidad de temas y [&hellip;]<\/p>\n","protected":false},"author":44,"featured_media":45318,"comment_status":"open","ping_status":"open","sticky":false,"template":"","format":"standard","meta":{"_jetpack_memberships_contains_paid_content":false,"footnotes":""},"categories":[32,13,10,31,98],"tags":[4321,292,3339,477,369,73,197,6380,6189],"class_list":["post-46587","post","type-post","status-publish","format-standard","has-post-thumbnail","hentry","category-entradas","category-especiales","category-lo-mas-reciente","category-principal","category-videoblogs","tag-4321","tag-alejandra-silva","tag-alejandro-cruz","tag-el-oriente","tag-elecciones-2","tag-oaxaca","tag-opinion","tag-rodolfo-moreno","tag-videocolumnas"],"jetpack_featured_media_url":"http:\/\/www.eloriente.net\/home\/wp-content\/uploads\/2016\/10\/ALEJANDRO-CRUZ-7-DE-OCTUBRE-e1483482825777.jpg","jetpack_sharing_enabled":true,"_links":{"self":[{"href":"http:\/\/www.eloriente.net\/home\/wp-json\/wp\/v2\/posts\/46587"}],"collection":[{"href":"http:\/\/www.eloriente.net\/home\/wp-json\/wp\/v2\/posts"}],"about":[{"href":"http:\/\/www.eloriente.net\/home\/wp-json\/wp\/v2\/types\/post"}],"author":[{"embeddable":true,"href":"http:\/\/www.eloriente.net\/home\/wp-json\/wp\/v2\/users\/44"}],"replies":[{"embeddable":true,"href":"http:\/\/www.eloriente.net\/home\/wp-json\/wp\/v2\/comments?post=46587"}],"version-history":[{"count":2,"href":"http:\/\/www.eloriente.net\/home\/wp-json\/wp\/v2\/posts\/46587\/revisions"}],"predecessor-version":[{"id":46591,"href":"http:\/\/www.eloriente.net\/home\/wp-json\/wp\/v2\/posts\/46587\/revisions\/46591"}],"wp:featuredmedia":[{"embeddable":true,"href":"http:\/\/www.eloriente.net\/home\/wp-json\/wp\/v2\/media\/45318"}],"wp:attachment":[{"href":"http:\/\/www.eloriente.net\/home\/wp-json\/wp\/v2\/media?parent=46587"}],"wp:term":[{"taxonomy":"category","embeddable":true,"href":"http:\/\/www.eloriente.net\/home\/wp-json\/wp\/v2\/categories?post=46587"},{"taxonomy":"post_tag","embeddable":true,"href":"http:\/\/www.eloriente.net\/home\/wp-json\/wp\/v2\/tags?post=46587"}],"curies":[{"name":"wp","href":"https:\/\/api.w.org\/{rel}","templated":true}]}}