{"id":46616,"date":"2017-01-05T18:55:59","date_gmt":"2017-01-06T00:55:59","guid":{"rendered":"http:\/\/www.eloriente.net\/home\/?p=46616"},"modified":"2017-01-05T18:55:59","modified_gmt":"2017-01-06T00:55:59","slug":"videocolumna-la-trampa-vital-la-grandiosidad-parte-1-ursula-woolrich","status":"publish","type":"post","link":"http:\/\/www.eloriente.net\/home\/2017\/01\/05\/videocolumna-la-trampa-vital-la-grandiosidad-parte-1-ursula-woolrich\/","title":{"rendered":"VIDEOCOLUMNA: La trampa vital de la grandiosidad parte 1). Por \u00darsula Woolrich"},"content":{"rendered":"<p><script src=\"\/\/pagead2.googlesyndication.com\/pagead\/js\/adsbygoogle.js\" async=\"\"><\/script><!-- BANNER ELORIENTE INCRUSTADO NOTAS --> <ins class=\"adsbygoogle\" style=\"display: inline-block; width: 300px; height: 250px;\" data-ad-client=\"ca-pub-1136171134853753\" data-ad-slot=\"7974633627\"><\/ins><script>\/\/ <![CDATA[\n(adsbygoogle = window.adsbygoogle || []).push({});\n\/\/ ]]><\/script><\/p>\n<p>&nbsp;<\/p>\n<p>eloriente.net<\/p>\n<p>5 de enero de 2017<\/p>\n<p>\u00bfTienes problemas para aceptar \u201cno\u201d como respuesta? \u00bfTe sientes especial y crees que no deber\u00eda tener que aceptar las mismas reglas y situaciones que las personas \u201cnormales\u201d? \u00bfInsistes en que las personas hagan las cosas a tu manera?<\/p>\n<p>Llegamos a la trampa vital n\u00famero 11: la trampa de la grandiosidad.<\/p>\n<p>En esta videocolumna <a class=\"profileLink\" href=\"https:\/\/www.facebook.com\/psicologaursula.woolrich\" data-hovercard=\"\/ajax\/hovercard\/user.php?id=100011737595477\" data-hovercard-prefer-more-content-show=\"1\">Ursula Woolrich<\/a> nos explica por qu\u00e9 es diferente en relaci\u00f3n con las otras trampas y c\u00f3mo podemos vencerla.<\/p>\n<p>No te pierdas la segunda parte de esta videocolumna la pr\u00f3xima semana<\/p>\n<p><iframe loading=\"lazy\" style=\"border: none; overflow: hidden;\" src=\"https:\/\/www.facebook.com\/plugins\/video.php?href=https%3A%2F%2Fwww.facebook.com%2F443535572345554%2Fvideos%2F1409760915723010%2F&amp;show_text=0&amp;width=560\" width=\"560\" height=\"315\" frameborder=\"0\" scrolling=\"no\" allowfullscreen=\"allowfullscreen\"><\/iframe><\/p>\n<p><script src=\"\/\/pagead2.googlesyndication.com\/pagead\/js\/adsbygoogle.js\" async=\"\"><\/script><!-- BANNER PEQUE\u00d1O PARA ENTRENOTAS EL ORIENTE --> <ins class=\"adsbygoogle\" style=\"display: inline-block; width: 468px; height: 60px;\" data-ad-client=\"ca-pub-1136171134853753\" data-ad-slot=\"4953536424\"><\/ins><script>\/\/ <![CDATA[\n(adsbygoogle = window.adsbygoogle || []).push({});\n\/\/ ]]><\/script><\/p>\n<p>\u00darsula Woolrich es Psic\u00f3loga con estudios de maestr\u00eda en educaci\u00f3n superior. Diplomada en programaci\u00f3n neuroling\u00fc\u00edstica, docente y conferencista<\/p>\n<p><a href=\"http:\/\/www.eloriente.net\/home\/wp-content\/uploads\/2017\/01\/U\u0301RSULA-WOOLRICH-5-DE-ENERO-2017.jpg\" rel=\"attachment wp-att-46617\"><img loading=\"lazy\" decoding=\"async\" class=\"alignnone  wp-image-46617\" src=\"http:\/\/www.eloriente.net\/home\/wp-content\/uploads\/2017\/01\/U\u0301RSULA-WOOLRICH-5-DE-ENERO-2017.jpg\" alt=\"ursula-woolrich-5-de-enero-2017\" width=\"601\" height=\"338\" srcset=\"http:\/\/www.eloriente.net\/home\/wp-content\/uploads\/2017\/01\/U\u0301RSULA-WOOLRICH-5-DE-ENERO-2017.jpg 1920w, http:\/\/www.eloriente.net\/home\/wp-content\/uploads\/2017\/01\/U\u0301RSULA-WOOLRICH-5-DE-ENERO-2017-300x169.jpg 300w, http:\/\/www.eloriente.net\/home\/wp-content\/uploads\/2017\/01\/U\u0301RSULA-WOOLRICH-5-DE-ENERO-2017-768x432.jpg 768w, http:\/\/www.eloriente.net\/home\/wp-content\/uploads\/2017\/01\/U\u0301RSULA-WOOLRICH-5-DE-ENERO-2017-1024x576.jpg 1024w\" sizes=\"(max-width: 601px) 100vw, 601px\" \/><\/a><\/p>\n<p><strong>OTRAS\u00a0VIDEOCOLUMNAS<\/strong><\/p>\n<div id=\"post-46600\" class=\"entry loop-default border_bottom_30 post-46600 post type-post status-publish format-standard has-post-thumbnail hentry category-derechos-humanos category-entradas category-lo-mas-reciente category-rebeca-garza category-videoblogs tag-identidad-de-genero tag-protocolo tag-rebeca-garza tag-scjn tag-suprema-corte-de-justicia-de-la-nacion tag-videocolumna\">\n<h2 class=\"entry_title\"><a title=\"Enlace Permanente a VIDEOCOLUMNA: Protocolo para quienes imparten justicia en casos que involucren la orientaci\u00f3n sexual o la  identidad de g\u00e9nero. Por Rebeca Garza\" href=\"http:\/\/www.eloriente.net\/home\/2017\/01\/04\/videocolumna-protocolo-quienes-imparten-justicia-casos-involucren-la-orientacion-sexual-la-identidad-genero-rebeca-garza\/\" rel=\"bookmark\">VIDEOCOLUMNA: Protocolo para quienes imparten justicia en casos que involucren la orientaci\u00f3n sexual o la identidad de g\u00e9nero. Por Rebeca Garza<\/a><\/h2>\n<p><a href=\"http:\/\/www.eloriente.net\/home\/2017\/01\/04\/videocolumna-protocolo-quienes-imparten-justicia-casos-involucren-la-orientacion-sexual-la-identidad-genero-rebeca-garza\/\" rel=\"bookmark\"><img decoding=\"async\" class=\"alignleft\" title=\"VIDEOCOLUMNA: Protocolo para quienes imparten justicia en casos que involucren la orientaci\u00f3n sexual o la  identidad de g\u00e9nero. Por Rebeca Garza\" src=\"http:\/\/www.eloriente.net\/home\/wp-content\/themes\/city-desk\/timthumb.php?src=http%3A%2F%2Fwww.eloriente.net%2Fhome%2Fwp-content%2Fuploads%2F2017%2F01%2FREBECA-GARZA-4-DE-ENERO.jpg&amp;q=90&amp;w=160&amp;h=106&amp;zc=1\" alt=\"VIDEOCOLUMNA: Protocolo para quienes imparten justicia en casos que involucren la orientaci\u00f3n sexual o la  identidad de g\u00e9nero. Por Rebeca Garza\" \/><\/a>\u00a0 eloriente.net 4 de enero de 2016 La Suprema Corte de Justicia de la Naci\u00f3n ha elaborado diferentes protocolos de actuaci\u00f3n para quienes imparten justicia que es importante que se conozcan. Rebeca Garza nos explica en esta videocolumna los casos aplicables donde se aplican dichos protocolos, as\u00ed como diversos estereotipos que las personas juzgadoras deben [\u2026]<\/p>\n<div class=\"toolbar-social\">\n<div class=\"social-widget\">\n<div id=\"sharing-widget\"><\/div>\n<\/div>\n<\/div>\n<p class=\"postmeta\"><span class=\"meta_date\">enero 4, 2017<\/span><\/p>\n<\/div>\n<div id=\"post-46587\" class=\"entry loop-default border_bottom_30 post-46587 post type-post status-publish format-standard has-post-thumbnail hentry category-entradas category-especiales category-lo-mas-reciente category-principal category-videoblogs tag-4321 tag-alejandra-silva tag-alejandro-cruz tag-el-oriente tag-elecciones-2 tag-oaxaca tag-opinion tag-rodolfo-moreno tag-videocolumnas\">\n<h2 class=\"entry_title\"><a title=\"Enlace Permanente a Las videocolumnas m\u00e1s vistas de 2016 en El Oriente\" href=\"http:\/\/www.eloriente.net\/home\/2017\/01\/03\/las-videocolumnas-mas-vistas-2016-oriente\/\" rel=\"bookmark\">Las videocolumnas m\u00e1s vistas de 2016 en El Oriente<\/a><\/h2>\n<p><a href=\"http:\/\/www.eloriente.net\/home\/2017\/01\/03\/las-videocolumnas-mas-vistas-2016-oriente\/\" rel=\"bookmark\"><img decoding=\"async\" class=\"alignleft\" title=\"Las videocolumnas m\u00e1s vistas de 2016 en El Oriente\" src=\"http:\/\/www.eloriente.net\/home\/wp-content\/themes\/city-desk\/timthumb.php?src=http%3A%2F%2Fwww.eloriente.net%2Fhome%2Fwp-content%2Fuploads%2F2016%2F10%2FALEJANDRO-CRUZ-7-DE-OCTUBRE-e1483482825777.jpg&amp;q=90&amp;w=160&amp;h=106&amp;zc=1\" alt=\"Las videocolumnas m\u00e1s vistas de 2016 en El Oriente\" \/><\/a>\u00a0 eloriente.net 3 de enero de 2017 En marzo del 2016 comenzamos con una nueva etapa en EL ORIENTE cuando inauguramos nuestra secci\u00f3n de videocolumnas. La intenci\u00f3n ha sido, es, y ser\u00e1 siempre la de proporcionar un espacio para la libertad de expresi\u00f3n y de pensamiento, prueba de ello es la diversidad de temas y [\u2026]<\/p>\n<div class=\"toolbar-social\">\n<div class=\"social-widget\">\n<div id=\"sharing-widget\"><\/div>\n<\/div>\n<\/div>\n<p class=\"postmeta\"><span class=\"meta_date\">enero 3, 2017<\/span><\/p>\n<\/div>\n<div id=\"post-46566\" class=\"entry loop-default border_bottom_30 post-46566 post type-post status-publish format-standard has-post-thumbnail hentry category-alejandro-cruz-pimentel category-alejandro-cruz-pimentel-videoblogs category-colaboradores category-congreso-y-justicia category-entradas category-lo-mas-reciente category-politica-y-gobierno category-videoblogs tag-6990 tag-alejandro-cruz-pimentel tag-congreso tag-gasolina tag-gobierno tag-videocolumna\">\n<h2 class=\"entry_title\"><a title=\"Enlace Permanente a VIDEOCOLUMNA: Los ciudadanos agraviados otra vez por nuestros representantes. Por Alejandro Cruz Pimentel\" href=\"http:\/\/www.eloriente.net\/home\/2016\/12\/30\/videocolumna-los-ciudadanos-agraviados-otra-vez-representantes-alejandro-cruz-pimentel\/\" rel=\"bookmark\">VIDEOCOLUMNA: Los ciudadanos agraviados otra vez por nuestros representantes. Por Alejandro Cruz Pimentel<\/a><\/h2>\n<p><a href=\"http:\/\/www.eloriente.net\/home\/2016\/12\/30\/videocolumna-los-ciudadanos-agraviados-otra-vez-representantes-alejandro-cruz-pimentel\/\" rel=\"bookmark\"><img decoding=\"async\" class=\"alignleft\" title=\"VIDEOCOLUMNA: Los ciudadanos agraviados otra vez por nuestros representantes. Por Alejandro Cruz Pimentel\" src=\"http:\/\/www.eloriente.net\/home\/wp-content\/themes\/city-desk\/timthumb.php?src=http%3A%2F%2Fwww.eloriente.net%2Fhome%2Fwp-content%2Fuploads%2F2016%2F12%2FALEJANDRO-CRUZ-30-DE-DICIEMBRE.jpg&amp;q=90&amp;w=160&amp;h=106&amp;zc=1\" alt=\"VIDEOCOLUMNA: Los ciudadanos agraviados otra vez por nuestros representantes. Por Alejandro Cruz Pimentel\" \/><\/a>\u00a0 eloriente.net 30 de diciembre de 2016 \u201cHoy nuestro Congreso Federal y nuestra C\u00e1mara de Senadores, la gran mayor\u00eda permanece en silencio ante la situaci\u00f3n del alza en el precio de las gasolinas en nuestro pa\u00eds. Un golpe duro a la econom\u00eda de millones de mexicanos que ni veh\u00edculo tienen.\u201d Alejandro Cruz Pimentel habla sobre [\u2026]<\/p>\n<\/div>\n\n\t\t\t  <div \n\t\t\t  \tclass = \"fb-comments\" \n\t\t\t  \tdata-href = \"http:\/\/www.eloriente.net\/home\/2017\/01\/05\/videocolumna-la-trampa-vital-la-grandiosidad-parte-1-ursula-woolrich\/\"\n\t\t\t  \tdata-numposts = \"10\"\n\t\t\t\tdata-colorscheme = \"dark\"\n\t\t\t\tdata-order-by = \"social\"\n\t\t\t\tdata-mobile=true>\n\t\t\t  <\/div>\n\t\t  <style>\n\t\t\t.fb_iframe_widget_fluid_desktop iframe {\n\t\t\t    width: 100% !important;\n\t\t\t}\n\t\t  <\/style>\n\t\t  ","protected":false},"excerpt":{"rendered":"<p>&nbsp; eloriente.net 5 de enero de 2017 \u00bfTienes problemas para aceptar \u201cno\u201d como respuesta? \u00bfTe sientes especial y crees que no deber\u00eda tener que aceptar las mismas reglas y situaciones que las personas \u201cnormales\u201d? \u00bfInsistes en que las personas hagan las cosas a tu manera? Llegamos a la trampa vital n\u00famero 11: la trampa de [&hellip;]<\/p>\n","protected":false},"author":44,"featured_media":46618,"comment_status":"open","ping_status":"open","sticky":false,"template":"","format":"standard","meta":{"_jetpack_memberships_contains_paid_content":false,"footnotes":""},"categories":[2015,32,16,10,31,30,7100,98],"tags":[7372,7371,7101,7004,6224],"class_list":["post-46616","post","type-post","status-publish","format-standard","has-post-thumbnail","hentry","category-viernesdefelicidad","category-entradas","category-salud-y-estilo-de-vida","category-lo-mas-reciente","category-principal","category-salud","category-ursula-woolrich","category-videoblogs","tag-grandiosidad","tag-trampa-vital-de-la-grandiosidad","tag-trampas-vitales","tag-ursula-woolrich","tag-videocolumna"],"jetpack_featured_media_url":"http:\/\/www.eloriente.net\/home\/wp-content\/uploads\/2017\/01\/U\u0301RSULA-WOOLRICH-5-DE-ENERO-2017-1-e1483662895998.jpg","jetpack_sharing_enabled":true,"_links":{"self":[{"href":"http:\/\/www.eloriente.net\/home\/wp-json\/wp\/v2\/posts\/46616"}],"collection":[{"href":"http:\/\/www.eloriente.net\/home\/wp-json\/wp\/v2\/posts"}],"about":[{"href":"http:\/\/www.eloriente.net\/home\/wp-json\/wp\/v2\/types\/post"}],"author":[{"embeddable":true,"href":"http:\/\/www.eloriente.net\/home\/wp-json\/wp\/v2\/users\/44"}],"replies":[{"embeddable":true,"href":"http:\/\/www.eloriente.net\/home\/wp-json\/wp\/v2\/comments?post=46616"}],"version-history":[{"count":1,"href":"http:\/\/www.eloriente.net\/home\/wp-json\/wp\/v2\/posts\/46616\/revisions"}],"predecessor-version":[{"id":46619,"href":"http:\/\/www.eloriente.net\/home\/wp-json\/wp\/v2\/posts\/46616\/revisions\/46619"}],"wp:featuredmedia":[{"embeddable":true,"href":"http:\/\/www.eloriente.net\/home\/wp-json\/wp\/v2\/media\/46618"}],"wp:attachment":[{"href":"http:\/\/www.eloriente.net\/home\/wp-json\/wp\/v2\/media?parent=46616"}],"wp:term":[{"taxonomy":"category","embeddable":true,"href":"http:\/\/www.eloriente.net\/home\/wp-json\/wp\/v2\/categories?post=46616"},{"taxonomy":"post_tag","embeddable":true,"href":"http:\/\/www.eloriente.net\/home\/wp-json\/wp\/v2\/tags?post=46616"}],"curies":[{"name":"wp","href":"https:\/\/api.w.org\/{rel}","templated":true}]}}