{"id":46647,"date":"2017-01-09T17:41:53","date_gmt":"2017-01-09T23:41:53","guid":{"rendered":"http:\/\/www.eloriente.net\/home\/?p=46647"},"modified":"2017-01-09T17:41:53","modified_gmt":"2017-01-09T23:41:53","slug":"videocolumna-devolverle-la-dignidad-al-campo-mexico-karina-baron","status":"publish","type":"post","link":"http:\/\/www.eloriente.net\/home\/2017\/01\/09\/videocolumna-devolverle-la-dignidad-al-campo-mexico-karina-baron\/","title":{"rendered":"VIDEOCOLUMNA: Vamos a devolverle la dignidad al campo de M\u00e9xico. Por Karina Bar\u00f3n"},"content":{"rendered":"<p><script src=\"\/\/pagead2.googlesyndication.com\/pagead\/js\/adsbygoogle.js\" async=\"\"><\/script><!-- BANNER ELORIENTE INCRUSTADO NOTAS --> <ins class=\"adsbygoogle\" style=\"display: inline-block; width: 300px; height: 250px;\" data-ad-client=\"ca-pub-1136171134853753\" data-ad-slot=\"7974633627\"><\/ins><script>\/\/ <![CDATA[\n(adsbygoogle = window.adsbygoogle || []).push({});\n\/\/ ]]><\/script><\/p>\n<p>&nbsp;<\/p>\n<p>eloriente.net<\/p>\n<p>9 de enero de 2016<\/p>\n<p>\u00abLa paz de M\u00e9xico depende del estado en que se encuentre el campo. All\u00ed est\u00e1n nuestras paisanas m\u00e1s humildes, nuestros hombres m\u00e1s trabajadores y valientes.\u00bb<\/p>\n<p>Esta semana <a class=\"profileLink\" href=\"https:\/\/www.facebook.com\/KarinaBaronO\/\" data-hovercard=\"\/ajax\/hovercard\/page.php?id=1608616546024857\" data-hovercard-prefer-more-content-show=\"1\">Karina Bar\u00f3n<\/a> nos explica la importancia de que movimientos como El Campo es de Todos contin\u00faen con su labor en favor de las y los campesinos de M\u00e9xico.<\/p>\n<p><iframe loading=\"lazy\" style=\"border: none; overflow: hidden;\" src=\"https:\/\/www.facebook.com\/plugins\/video.php?href=https%3A%2F%2Fwww.facebook.com%2F443535572345554%2Fvideos%2F1413110802054688%2F&amp;show_text=0&amp;width=560\" width=\"560\" height=\"315\" frameborder=\"0\" scrolling=\"no\" allowfullscreen=\"allowfullscreen\"><\/iframe><\/p>\n<p><script src=\"\/\/pagead2.googlesyndication.com\/pagead\/js\/adsbygoogle.js\" async=\"\"><\/script><!-- BANNER PEQUE\u00d1O PARA ENTRENOTAS EL ORIENTE --> <ins class=\"adsbygoogle\" style=\"display: inline-block; width: 468px; height: 60px;\" data-ad-client=\"ca-pub-1136171134853753\" data-ad-slot=\"4953536424\"><\/ins><script>\/\/ <![CDATA[\n(adsbygoogle = window.adsbygoogle || []).push({});\n\/\/ ]]><\/script><\/p>\n<p>Karina Bar\u00f3n es Licenciada en Derecho por la Universidad Aut\u00f3noma Benito Ju\u00e1rez de Oaxaca, fue dirigente nacional de la Uni\u00f3n General Obrero, Campesina y Popular A.C. (UGOCP), integrante de la Coordinaci\u00f3n Estatal de Nueva Izquierda en Oaxaca.<\/p>\n<p>Actualmente es integrante de la Comisi\u00f3n de Agricultura y Sistemas de Riego, Secretaria de las comisiones de Desarrollo Social y Asuntos Frontera Sur-Sureste, y Presidenta de la Comisi\u00f3n de seguimiento al Programa Especial Concurrente Anexo 11.1\u00a0en la C\u00e1mara de Diputados.<\/p>\n<p><a href=\"http:\/\/www.eloriente.net\/home\/wp-content\/uploads\/2017\/01\/KARINA-BARO\u0301N-9-DE-ENERO-DE-2016.jpg\" rel=\"attachment wp-att-46648\"><img loading=\"lazy\" decoding=\"async\" class=\"alignnone wp-image-46648\" src=\"http:\/\/www.eloriente.net\/home\/wp-content\/uploads\/2017\/01\/KARINA-BARO\u0301N-9-DE-ENERO-DE-2016.jpg\" alt=\"karina-baron-9-de-enero-de-2016\" width=\"601\" height=\"338\" srcset=\"http:\/\/www.eloriente.net\/home\/wp-content\/uploads\/2017\/01\/KARINA-BARO\u0301N-9-DE-ENERO-DE-2016.jpg 1920w, http:\/\/www.eloriente.net\/home\/wp-content\/uploads\/2017\/01\/KARINA-BARO\u0301N-9-DE-ENERO-DE-2016-300x169.jpg 300w, http:\/\/www.eloriente.net\/home\/wp-content\/uploads\/2017\/01\/KARINA-BARO\u0301N-9-DE-ENERO-DE-2016-768x432.jpg 768w, http:\/\/www.eloriente.net\/home\/wp-content\/uploads\/2017\/01\/KARINA-BARO\u0301N-9-DE-ENERO-DE-2016-1024x576.jpg 1024w\" sizes=\"(max-width: 601px) 100vw, 601px\" \/><\/a><\/p>\n<p><strong>OTRAS VIDEOCOLUMNAS<\/strong><\/p>\n<div id=\"post-46633\" class=\"entry loop-default border_bottom_30 post-46633 post type-post status-publish format-standard has-post-thumbnail hentry category-derechos-humanos category-entradas category-lo-mas-reciente category-rodolfo-moreno category-videoblogs tag-4321 tag-derechos-humanos-2 tag-el-oriente tag-rodolfo-moreno tag-videocolumnas\">\n<h2 class=\"entry_title\"><a title=\"Enlace Permanente a Las videocolumnas de el doctor Rodolfo Moreno\" href=\"http:\/\/www.eloriente.net\/home\/2017\/01\/07\/las-videocolumnas-doctor-rodolfo-moreno\/\" rel=\"bookmark\">Las videocolumnas de el doctor Rodolfo Moreno<\/a><\/h2>\n<p><a href=\"http:\/\/www.eloriente.net\/home\/2017\/01\/07\/las-videocolumnas-doctor-rodolfo-moreno\/\" rel=\"bookmark\"><img decoding=\"async\" class=\"alignleft\" title=\"Las videocolumnas de el doctor Rodolfo Moreno\" src=\"http:\/\/www.eloriente.net\/home\/wp-content\/themes\/city-desk\/timthumb.php?src=http%3A%2F%2Fwww.eloriente.net%2Fhome%2Fwp-content%2Fuploads%2F2016%2F10%2FRODOLFO-MORENO-6-de-OCTUBRE-1-e1475858406362.jpg&amp;q=90&amp;w=160&amp;h=106&amp;zc=1\" alt=\"Las videocolumnas de el doctor Rodolfo Moreno\" \/><\/a>\u00a0 eloriente.net 7 de enero de 2017 Este a\u00f1o en EL ORIENTE inauguramos un espacio para la reflexi\u00f3n con nuestra secci\u00f3n de videocolumnas. A lo largo de estos casi 10 meses han pasaron por nuestras filas importantes personalidades que nos enriquecieron con sus conocimientos y con su interesante opini\u00f3n. A manera de agradecimiento, y con [\u2026]<\/p>\n<div class=\"toolbar-social\">\n<div class=\"social-widget\">\n<div id=\"sharing-widget\"><\/div>\n<\/div>\n<\/div>\n<p class=\"postmeta\"><span class=\"meta_date\">enero 7, 2017<\/span><\/p>\n<\/div>\n<div id=\"post-46628\" class=\"entry loop-default border_bottom_30 post-46628 post type-post status-publish format-standard has-post-thumbnail hentry category-alejandro-cruz-pimentel category-alejandro-cruz-pimentel-videoblogs category-colaboradores category-entradas category-estados category-municipios category-oaxaca-estados category-politica-y-gobierno category-videoblogs tag-alejandro-cruz-pimentel tag-ayuntamientos tag-ley-general-de-instituciones-y-procedimientos-electorales tag-municipios-2 tag-sindicos\">\n<h2 class=\"entry_title\"><a title=\"Enlace Permanente a VIDEOCOLUMNA: Nos han enga\u00f1ado. Por Alejandro Cruz Pimentel\" href=\"http:\/\/www.eloriente.net\/home\/2017\/01\/06\/videocolumna-nos-enganado-alejandro-cruz-pimentel\/\" rel=\"bookmark\">VIDEOCOLUMNA: Nos han enga\u00f1ado. Por Alejandro Cruz Pimentel<\/a><\/h2>\n<p><a href=\"http:\/\/www.eloriente.net\/home\/2017\/01\/06\/videocolumna-nos-enganado-alejandro-cruz-pimentel\/\" rel=\"bookmark\"><img decoding=\"async\" class=\"alignleft\" title=\"VIDEOCOLUMNA: Nos han enga\u00f1ado. Por Alejandro Cruz Pimentel\" src=\"http:\/\/www.eloriente.net\/home\/wp-content\/themes\/city-desk\/timthumb.php?src=http%3A%2F%2Fwww.eloriente.net%2Fhome%2Fwp-content%2Fuploads%2F2017%2F01%2FALEJANDRO-CRUZ-6-DE-ENERO-2017.jpg&amp;q=90&amp;w=160&amp;h=106&amp;zc=1\" alt=\"VIDEOCOLUMNA: Nos han enga\u00f1ado. Por Alejandro Cruz Pimentel\" \/><\/a>\u00a0 eloriente.net 6 de enero de 2017 \u201cDe acuerdo a la Carta Magna y a la Ley General de Instituciones y Procedimientos Electorales, cada Municipio ser\u00e1 gobernado por un Ayuntamiento de elecci\u00f3n popular directa, integrado por un presidente municipal y el n\u00famero de regidores y s\u00edndicos que la ley determine. Nos queda claro que deber\u00edamos [\u2026]<\/p>\n<div class=\"toolbar-social\">\n<div class=\"social-widget\">\n<div id=\"sharing-widget\"><\/div>\n<\/div>\n<\/div>\n<p class=\"postmeta\"><span class=\"meta_date\">enero 6, 2017<\/span><\/p>\n<\/div>\n<div id=\"post-46616\" class=\"entry loop-default border_bottom_30 post-46616 post type-post status-publish format-standard has-post-thumbnail hentry category-viernesdefelicidad category-entradas category-salud-y-estilo-de-vida category-lo-mas-reciente category-principal category-salud category-ursula-woolrich category-videoblogs tag-grandiosidad tag-trampa-vital-de-la-grandiosidad tag-trampas-vitales tag-ursula-woolrich tag-videocolumna\">\n<h2 class=\"entry_title\"><a title=\"Enlace Permanente a VIDEOCOLUMNA: La trampa vital de la grandiosidad parte 1). Por \u00darsula Woolrich\" href=\"http:\/\/www.eloriente.net\/home\/2017\/01\/05\/videocolumna-la-trampa-vital-la-grandiosidad-parte-1-ursula-woolrich\/\" rel=\"bookmark\">VIDEOCOLUMNA: La trampa vital de la grandiosidad parte 1). Por \u00darsula Woolrich<\/a><\/h2>\n<p><a href=\"http:\/\/www.eloriente.net\/home\/2017\/01\/05\/videocolumna-la-trampa-vital-la-grandiosidad-parte-1-ursula-woolrich\/\" rel=\"bookmark\"><img decoding=\"async\" class=\"alignleft\" title=\"VIDEOCOLUMNA: La trampa vital de la grandiosidad parte 1). Por \u00darsula Woolrich\" src=\"http:\/\/www.eloriente.net\/home\/wp-content\/themes\/city-desk\/timthumb.php?src=http%3A%2F%2Fwww.eloriente.net%2Fhome%2Fwp-content%2Fuploads%2F2017%2F01%2FU%CC%81RSULA-WOOLRICH-5-DE-ENERO-2017-1-e1483662895998.jpg&amp;q=90&amp;w=160&amp;h=106&amp;zc=1\" alt=\"VIDEOCOLUMNA: La trampa vital de la grandiosidad parte 1). Por \u00darsula Woolrich\" \/><\/a>\u00a0 eloriente.net 5 de enero de 2017 \u00bfTienes problemas para aceptar \u201cno\u201d como respuesta? \u00bfTe sientes especial y crees que no deber\u00eda tener que aceptar las mismas reglas y situaciones que las personas \u201cnormales\u201d? \u00bfInsistes en que las personas hagan las cosas a tu manera? Llegamos a la trampa vital n\u00famero 11: la trampa de [\u2026]<\/p>\n<\/div>\n\n\t\t\t  <div \n\t\t\t  \tclass = \"fb-comments\" \n\t\t\t  \tdata-href = \"http:\/\/www.eloriente.net\/home\/2017\/01\/09\/videocolumna-devolverle-la-dignidad-al-campo-mexico-karina-baron\/\"\n\t\t\t  \tdata-numposts = \"10\"\n\t\t\t\tdata-colorscheme = \"dark\"\n\t\t\t\tdata-order-by = \"social\"\n\t\t\t\tdata-mobile=true>\n\t\t\t  <\/div>\n\t\t  <style>\n\t\t\t.fb_iframe_widget_fluid_desktop iframe {\n\t\t\t    width: 100% !important;\n\t\t\t}\n\t\t  <\/style>\n\t\t  ","protected":false},"excerpt":{"rendered":"<p>&nbsp; eloriente.net 9 de enero de 2016 \u00abLa paz de M\u00e9xico depende del estado en que se encuentre el campo. All\u00ed est\u00e1n nuestras paisanas m\u00e1s humildes, nuestros hombres m\u00e1s trabajadores y valientes.\u00bb Esta semana Karina Bar\u00f3n nos explica la importancia de que movimientos como El Campo es de Todos contin\u00faen con su labor en favor [&hellip;]<\/p>\n","protected":false},"author":44,"featured_media":46648,"comment_status":"open","ping_status":"open","sticky":false,"template":"","format":"standard","meta":{"_jetpack_memberships_contains_paid_content":false,"footnotes":""},"categories":[91,32,6324,10,24,21,98],"tags":[6496,2411,7380,7381,4418,141],"class_list":["post-46647","post","type-post","status-publish","format-standard","has-post-thumbnail","hentry","category-congreso-y-justicia","category-entradas","category-karina-baron","category-lo-mas-reciente","category-mexico-y-el-mundo","category-politica-y-gobierno","category-videoblogs","tag-campesinos","tag-campo-mexicano","tag-el-campo-es-de-todos","tag-iniciativas","tag-karina-baron","tag-mexico"],"jetpack_featured_media_url":"http:\/\/www.eloriente.net\/home\/wp-content\/uploads\/2017\/01\/KARINA-BARO\u0301N-9-DE-ENERO-DE-2016.jpg","jetpack_sharing_enabled":true,"_links":{"self":[{"href":"http:\/\/www.eloriente.net\/home\/wp-json\/wp\/v2\/posts\/46647"}],"collection":[{"href":"http:\/\/www.eloriente.net\/home\/wp-json\/wp\/v2\/posts"}],"about":[{"href":"http:\/\/www.eloriente.net\/home\/wp-json\/wp\/v2\/types\/post"}],"author":[{"embeddable":true,"href":"http:\/\/www.eloriente.net\/home\/wp-json\/wp\/v2\/users\/44"}],"replies":[{"embeddable":true,"href":"http:\/\/www.eloriente.net\/home\/wp-json\/wp\/v2\/comments?post=46647"}],"version-history":[{"count":1,"href":"http:\/\/www.eloriente.net\/home\/wp-json\/wp\/v2\/posts\/46647\/revisions"}],"predecessor-version":[{"id":46649,"href":"http:\/\/www.eloriente.net\/home\/wp-json\/wp\/v2\/posts\/46647\/revisions\/46649"}],"wp:featuredmedia":[{"embeddable":true,"href":"http:\/\/www.eloriente.net\/home\/wp-json\/wp\/v2\/media\/46648"}],"wp:attachment":[{"href":"http:\/\/www.eloriente.net\/home\/wp-json\/wp\/v2\/media?parent=46647"}],"wp:term":[{"taxonomy":"category","embeddable":true,"href":"http:\/\/www.eloriente.net\/home\/wp-json\/wp\/v2\/categories?post=46647"},{"taxonomy":"post_tag","embeddable":true,"href":"http:\/\/www.eloriente.net\/home\/wp-json\/wp\/v2\/tags?post=46647"}],"curies":[{"name":"wp","href":"https:\/\/api.w.org\/{rel}","templated":true}]}}