{"id":46709,"date":"2017-01-12T17:46:37","date_gmt":"2017-01-12T23:46:37","guid":{"rendered":"http:\/\/www.eloriente.net\/home\/?p=46709"},"modified":"2017-01-12T17:46:37","modified_gmt":"2017-01-12T23:46:37","slug":"videocolumna-la-trampa-vital-la-grandiosidad-parte-2-ursula-woolrich","status":"publish","type":"post","link":"http:\/\/www.eloriente.net\/home\/2017\/01\/12\/videocolumna-la-trampa-vital-la-grandiosidad-parte-2-ursula-woolrich\/","title":{"rendered":"VIDEOCOLUMNA: La trampa vital de la grandiosidad parte 2). Por \u00darsula Woolrich"},"content":{"rendered":"<p><script src=\"\/\/pagead2.googlesyndication.com\/pagead\/js\/adsbygoogle.js\" async=\"\"><\/script><!-- BANNER ELORIENTE INCRUSTADO NOTAS --> <ins class=\"adsbygoogle\" style=\"display: inline-block; width: 300px; height: 250px;\" data-ad-client=\"ca-pub-1136171134853753\" data-ad-slot=\"7974633627\"><\/ins><script>\/\/ <![CDATA[\n(adsbygoogle = window.adsbygoogle || []).push({});\n\/\/ ]]><\/script><\/p>\n<p>&nbsp;<\/p>\n<p>eloriente.net<\/p>\n<p>La semana pasada <a class=\"profileLink\" href=\"https:\/\/www.facebook.com\/psicologaursula.woolrich\" data-hovercard=\"\/ajax\/hovercard\/user.php?id=100011737595477\" data-hovercard-prefer-more-content-show=\"1\">Ursula Woolrich<\/a> nos platic\u00f3 sobre la trampa vital de la grandiosidad.<br \/>\nEn esta segunda parte nos explica c\u00f3mo actuar cuando una persona cercana a nosotros presenta esta trampa.<\/p>\n<p>Con esta videocolumna concluimos la serie sobre trampas vitales. Para ver las otras entregas pueden dar click en el siguiente enlace:<\/p>\n<div class=\"text_exposed_show\">\n<p><a href=\"https:\/\/goo.gl\/jmEDwa\" target=\"_blank\" rel=\"nofollow\">https:\/\/goo.gl\/jmEDwa<\/a><\/p>\n<\/div>\n<p>&nbsp;<\/p>\n<p><iframe loading=\"lazy\" style=\"border: none; overflow: hidden;\" src=\"https:\/\/www.facebook.com\/plugins\/video.php?href=https%3A%2F%2Fwww.facebook.com%2F443535572345554%2Fvideos%2F1416097855089316%2F&amp;show_text=0&amp;width=560\" width=\"560\" height=\"315\" frameborder=\"0\" scrolling=\"no\" allowfullscreen=\"allowfullscreen\"><\/iframe><\/p>\n<p><script src=\"\/\/pagead2.googlesyndication.com\/pagead\/js\/adsbygoogle.js\" async=\"\"><\/script><!-- BANNER PEQUE\u00d1O PARA ENTRENOTAS EL ORIENTE --> <ins class=\"adsbygoogle\" style=\"display: inline-block; width: 468px; height: 60px;\" data-ad-client=\"ca-pub-1136171134853753\" data-ad-slot=\"4953536424\"><\/ins><script>\/\/ <![CDATA[\n(adsbygoogle = window.adsbygoogle || []).push({});\n\/\/ ]]><\/script><\/p>\n<p>\u00darsula Woolrich es Psic\u00f3loga con estudios de maestr\u00eda en educaci\u00f3n superior. Diplomada en programaci\u00f3n neuroling\u00fc\u00edstica, docente y conferencista<\/p>\n<p><a href=\"http:\/\/www.eloriente.net\/home\/wp-content\/uploads\/2017\/01\/U\u0301RSULA-WOOLRICH-12-DE-ENERO-2017.jpg\" rel=\"attachment wp-att-46710\"><img loading=\"lazy\" decoding=\"async\" class=\"alignnone wp-image-46710\" src=\"http:\/\/www.eloriente.net\/home\/wp-content\/uploads\/2017\/01\/U\u0301RSULA-WOOLRICH-12-DE-ENERO-2017.jpg\" alt=\"U\u0301RSULA WOOLRICH 12 DE ENERO 2017\" width=\"601\" height=\"338\" srcset=\"http:\/\/www.eloriente.net\/home\/wp-content\/uploads\/2017\/01\/U\u0301RSULA-WOOLRICH-12-DE-ENERO-2017.jpg 1920w, http:\/\/www.eloriente.net\/home\/wp-content\/uploads\/2017\/01\/U\u0301RSULA-WOOLRICH-12-DE-ENERO-2017-300x169.jpg 300w, http:\/\/www.eloriente.net\/home\/wp-content\/uploads\/2017\/01\/U\u0301RSULA-WOOLRICH-12-DE-ENERO-2017-768x432.jpg 768w, http:\/\/www.eloriente.net\/home\/wp-content\/uploads\/2017\/01\/U\u0301RSULA-WOOLRICH-12-DE-ENERO-2017-1024x576.jpg 1024w\" sizes=\"(max-width: 601px) 100vw, 601px\" \/><\/a><\/p>\n<p><strong>OTRAS VIDEOCOLUMNAS<\/strong><\/p>\n<div id=\"post-46680\" class=\"entry loop-default border_bottom_30 post-46680 post type-post status-publish format-standard has-post-thumbnail hentry category-congreso-y-justicia category-entradas category-salud-y-estilo-de-vida category-lo-mas-reciente category-rebeca-garza category-videoblogs tag-4321 tag-lo-mejor-de-2016 tag-opinion tag-rebeca-garza tag-recuento tag-videocolumna\">\n<h2 class=\"entry_title\"><a title=\"Enlace Permanente a Las videocolumnas de Rebeca Garza en el 2016\" href=\"http:\/\/www.eloriente.net\/home\/2017\/01\/11\/las-videocolumnas-rebeca-garza-2016\/\" rel=\"bookmark\">Las videocolumnas de Rebeca Garza en el 2016<\/a><\/h2>\n<p><a href=\"http:\/\/www.eloriente.net\/home\/2017\/01\/11\/las-videocolumnas-rebeca-garza-2016\/\" rel=\"bookmark\"><img decoding=\"async\" class=\"alignleft\" title=\"Las videocolumnas de Rebeca Garza en el 2016\" src=\"http:\/\/www.eloriente.net\/home\/wp-content\/themes\/city-desk\/timthumb.php?src=http%3A%2F%2Fwww.eloriente.net%2Fhome%2Fwp-content%2Fuploads%2F2016%2F12%2FREBECA-GARZA-14-DE-DICIEMBRE.jpg&amp;q=90&amp;w=160&amp;h=106&amp;zc=1\" alt=\"Las videocolumnas de Rebeca Garza en el 2016\" \/><\/a>\u00a0 eloriente.net 11 de enero de 2016 Este a\u00f1o en EL ORIENTE inauguramos un espacio para la reflexi\u00f3n con nuestra secci\u00f3n de videocolumnas. A lo largo de estos casi 10 meses han pasaron por nuestras filas importantes personalidades que nos enriquecieron con sus conocimientos y con su interesante opini\u00f3n. A manera de agradecimiento, y con [\u2026]<\/p>\n<div class=\"toolbar-social\">\n<div class=\"social-widget\">\n<div id=\"sharing-widget\"><\/div>\n<\/div>\n<\/div>\n<p class=\"postmeta\"><span class=\"meta_date\">enero 11, 2017<\/span><\/p>\n<\/div>\n<div id=\"post-46676\" class=\"entry loop-default border_bottom_30 post-46676 post type-post status-publish format-standard has-post-thumbnail hentry category-congreso-y-justicia category-entradas category-salud-y-estilo-de-vida category-principal category-rebeca-garza category-videoblogs tag-gasolina tag-mexico tag-protestas tag-rebeca-garza tag-videocolumna\">\n<h2 class=\"entry_title\"><a title=\"Enlace Permanente a VIDEOCOLUMNA: Una raz\u00f3n m\u00e1s para no criminalizar la protesta. Por Rebeca Garza\" href=\"http:\/\/www.eloriente.net\/home\/2017\/01\/11\/videocolumna-una-razon-mas-no-criminalizar-la-protesta-rebeca-garza\/\" rel=\"bookmark\">VIDEOCOLUMNA: Una raz\u00f3n m\u00e1s para no criminalizar la protesta. Por Rebeca Garza<\/a><\/h2>\n<p><a href=\"http:\/\/www.eloriente.net\/home\/2017\/01\/11\/videocolumna-una-razon-mas-no-criminalizar-la-protesta-rebeca-garza\/\" rel=\"bookmark\"><img decoding=\"async\" class=\"alignleft\" title=\"VIDEOCOLUMNA: Una raz\u00f3n m\u00e1s para no criminalizar la protesta. Por Rebeca Garza\" src=\"http:\/\/www.eloriente.net\/home\/wp-content\/themes\/city-desk\/timthumb.php?src=http%3A%2F%2Fwww.eloriente.net%2Fhome%2Fwp-content%2Fuploads%2F2017%2F01%2FREBECA-GARZA-11-DE-ENERO-DE-2017-1-e1484176379259.jpg&amp;q=90&amp;w=160&amp;h=106&amp;zc=1\" alt=\"VIDEOCOLUMNA: Una raz\u00f3n m\u00e1s para no criminalizar la protesta. Por Rebeca Garza\" \/><\/a>\u00a0 eloriente.net 11 de enero de 2016 \u201cEl aumento del 20% de gasolina as\u00ed como la escalada inflacionaria con la que inici\u00f3 el a\u00f1o 2017 ha suscitado una serie de movilizaciones ciudadanas en se\u00f1al de protesta. Si bien, ha habido noticias que se han centrado en actos vand\u00e1licos hay que tener cuidado en no caer [\u2026]<\/p>\n<div class=\"toolbar-social\">\n<div class=\"social-widget\">\n<div id=\"sharing-widget\"><\/div>\n<\/div>\n<\/div>\n<p class=\"postmeta\"><span class=\"meta_date\">enero 11, 2017<\/span><\/p>\n<\/div>\n<div id=\"post-46662\" class=\"entry loop-default border_bottom_30 post-46662 post type-post status-publish format-standard has-post-thumbnail hentry category-educacion-y-cultura category-entradas category-especiales category-lo-mas-reciente category-raul-cruz-maldonado category-videoblogs tag-4321 tag-lo-mejor tag-raul-maldonado tag-recuento tag-videcolumnas\">\n<h2 class=\"entry_title\"><a title=\"Enlace Permanente a Las videocolumnas de Ra\u00fal Maldonado durante 2016\" href=\"http:\/\/www.eloriente.net\/home\/2017\/01\/10\/las-videocolumnas-raul-maldonado-2016\/\" rel=\"bookmark\">Las videocolumnas de Ra\u00fal Maldonado durante 2016<\/a><\/h2>\n<p><a href=\"http:\/\/www.eloriente.net\/home\/2017\/01\/10\/las-videocolumnas-raul-maldonado-2016\/\" rel=\"bookmark\"><img decoding=\"async\" class=\"alignleft\" title=\"Las videocolumnas de Ra\u00fal Maldonado durante 2016\" src=\"http:\/\/www.eloriente.net\/home\/wp-content\/themes\/city-desk\/timthumb.php?src=http%3A%2F%2Fwww.eloriente.net%2Fhome%2Fwp-content%2Fuploads%2F2016%2F12%2FRAU%CC%81L-MALDONADO-6-de-diciembre.jpg&amp;q=90&amp;w=160&amp;h=106&amp;zc=1\" alt=\"Las videocolumnas de Ra\u00fal Maldonado durante 2016\" \/><\/a>\u00a0 eloriente.net 10 de enero de 2017 Este a\u00f1o en EL ORIENTE inauguramos un espacio para la reflexi\u00f3n con nuestra secci\u00f3n de videocolumnas. A lo largo de estos casi 10 meses han pasaron por nuestras filas importantes personalidades que nos enriquecieron con sus conocimientos y con su interesante opini\u00f3n. A manera de agradecimiento, y con<\/p>\n<\/div>\n\n\t\t\t  <div \n\t\t\t  \tclass = \"fb-comments\" \n\t\t\t  \tdata-href = \"http:\/\/www.eloriente.net\/home\/2017\/01\/12\/videocolumna-la-trampa-vital-la-grandiosidad-parte-2-ursula-woolrich\/\"\n\t\t\t  \tdata-numposts = \"10\"\n\t\t\t\tdata-colorscheme = \"dark\"\n\t\t\t\tdata-order-by = \"social\"\n\t\t\t\tdata-mobile=true>\n\t\t\t  <\/div>\n\t\t  <style>\n\t\t\t.fb_iframe_widget_fluid_desktop iframe {\n\t\t\t    width: 100% !important;\n\t\t\t}\n\t\t  <\/style>\n\t\t  ","protected":false},"excerpt":{"rendered":"<p>&nbsp; eloriente.net La semana pasada Ursula Woolrich nos platic\u00f3 sobre la trampa vital de la grandiosidad. En esta segunda parte nos explica c\u00f3mo actuar cuando una persona cercana a nosotros presenta esta trampa. Con esta videocolumna concluimos la serie sobre trampas vitales. Para ver las otras entregas pueden dar click en el siguiente enlace: https:\/\/goo.gl\/jmEDwa [&hellip;]<\/p>\n","protected":false},"author":44,"featured_media":46711,"comment_status":"open","ping_status":"open","sticky":false,"template":"","format":"standard","meta":{"_jetpack_memberships_contains_paid_content":false,"footnotes":""},"categories":[2015,16,10,30,7100,98],"tags":[7372,7391,7151,7101,7004,6224],"class_list":["post-46709","post","type-post","status-publish","format-standard","has-post-thumbnail","hentry","category-viernesdefelicidad","category-salud-y-estilo-de-vida","category-lo-mas-reciente","category-salud","category-ursula-woolrich","category-videoblogs","tag-grandiosidad","tag-parte-2","tag-trampa-vital","tag-trampas-vitales","tag-ursula-woolrich","tag-videocolumna"],"jetpack_featured_media_url":"http:\/\/www.eloriente.net\/home\/wp-content\/uploads\/2017\/01\/U\u0301RSULA-WOOLRICH-12-DE-ENERO-2017-1-e1484263739599.jpg","jetpack_sharing_enabled":true,"_links":{"self":[{"href":"http:\/\/www.eloriente.net\/home\/wp-json\/wp\/v2\/posts\/46709"}],"collection":[{"href":"http:\/\/www.eloriente.net\/home\/wp-json\/wp\/v2\/posts"}],"about":[{"href":"http:\/\/www.eloriente.net\/home\/wp-json\/wp\/v2\/types\/post"}],"author":[{"embeddable":true,"href":"http:\/\/www.eloriente.net\/home\/wp-json\/wp\/v2\/users\/44"}],"replies":[{"embeddable":true,"href":"http:\/\/www.eloriente.net\/home\/wp-json\/wp\/v2\/comments?post=46709"}],"version-history":[{"count":1,"href":"http:\/\/www.eloriente.net\/home\/wp-json\/wp\/v2\/posts\/46709\/revisions"}],"predecessor-version":[{"id":46712,"href":"http:\/\/www.eloriente.net\/home\/wp-json\/wp\/v2\/posts\/46709\/revisions\/46712"}],"wp:featuredmedia":[{"embeddable":true,"href":"http:\/\/www.eloriente.net\/home\/wp-json\/wp\/v2\/media\/46711"}],"wp:attachment":[{"href":"http:\/\/www.eloriente.net\/home\/wp-json\/wp\/v2\/media?parent=46709"}],"wp:term":[{"taxonomy":"category","embeddable":true,"href":"http:\/\/www.eloriente.net\/home\/wp-json\/wp\/v2\/categories?post=46709"},{"taxonomy":"post_tag","embeddable":true,"href":"http:\/\/www.eloriente.net\/home\/wp-json\/wp\/v2\/tags?post=46709"}],"curies":[{"name":"wp","href":"https:\/\/api.w.org\/{rel}","templated":true}]}}