{"id":46713,"date":"2017-01-12T19:01:19","date_gmt":"2017-01-13T01:01:19","guid":{"rendered":"http:\/\/www.eloriente.net\/home\/?p=46713"},"modified":"2017-01-17T18:50:08","modified_gmt":"2017-01-18T00:50:08","slug":"las-videocolumnas-ursula-woolrich-2016","status":"publish","type":"post","link":"http:\/\/www.eloriente.net\/home\/2017\/01\/12\/las-videocolumnas-ursula-woolrich-2016\/","title":{"rendered":"Las videocolumnas de \u00darsula Woolrich en 2016"},"content":{"rendered":"<p><script src=\"\/\/pagead2.googlesyndication.com\/pagead\/js\/adsbygoogle.js\" async=\"\"><\/script><!-- BANNER ELORIENTE INCRUSTADO NOTAS --> <ins class=\"adsbygoogle\" style=\"display: inline-block; width: 300px; height: 250px;\" data-ad-client=\"ca-pub-1136171134853753\" data-ad-slot=\"7974633627\"><\/ins><script>\/\/ <![CDATA[\n(adsbygoogle = window.adsbygoogle || []).push({});\n\/\/ ]]><\/script><\/p>\n<p>&nbsp;<\/p>\n<p>eloriente.net<\/p>\n<p>12 de enero de 2016<\/p>\n<p>Este a\u00f1o en EL ORIENTE inauguramos un espacio para la reflexi\u00f3n con nuestra secci\u00f3n de videocolumnas. A lo largo de estos casi 10 meses han pasaron por nuestras filas importantes personalidades que nos enriquecieron con sus conocimientos y con su interesante opini\u00f3n.<\/p>\n<p>A manera de agradecimiento, y con el fin de reconocer su esfuerzo, queremos compartir con nuestros lectores todas las colaboraciones que cada uno de nuestros videocolumistas realiz\u00f3 durante el el a\u00f1o 2016 y lo que va de 2017.<\/p>\n<p>En esta ocasi\u00f3n\u00a0te presentamos a \u00darsula Woolrich, ella es Psic\u00f3loga con estudios de maestr\u00eda en educaci\u00f3n superior. Diplomada en programaci\u00f3n neuroling\u00fc\u00edstica, docente y conferencista. Ella nos ha platicado sobre diversos aspectos de la mente y de las emociones humanas que muchas veces afectan de manera negativa a nuestro estilo de vida.<\/p>\n<h2 class=\"entry_title\">1.-\u00a0<a title=\"Enlace Permanente a VIDEOCOLUMNA: Alegr\u00eda y enojo \u00bfQu\u00e9 hay detr\u00e1s de ellos? Por \u00darsula Woolrich\" href=\"http:\/\/www.eloriente.net\/home\/2016\/09\/22\/videocolumna-alegria-y-enojo-que-hay-detras-de-ellos-por-ursula-woolrich\/\" rel=\"bookmark\">VIDEOCOLUMNA: Alegr\u00eda y enojo \u00bfQu\u00e9 hay detr\u00e1s de ellos? Por \u00darsula Woolrich<\/a><\/h2>\n<p><a href=\"http:\/\/www.eloriente.net\/home\/2016\/09\/22\/videocolumna-alegria-y-enojo-que-hay-detras-de-ellos-por-ursula-woolrich\/\" rel=\"bookmark\"><img decoding=\"async\" class=\"alignleft\" title=\"VIDEOCOLUMNA: Alegr\u00eda y enojo \u00bfQu\u00e9 hay detr\u00e1s de ellos? Por \u00darsula Woolrich\" src=\"http:\/\/www.eloriente.net\/home\/wp-content\/themes\/city-desk\/timthumb.php?src=http%3A%2F%2Fwww.eloriente.net%2Fhome%2Fwp-content%2Fuploads%2F2016%2F09%2FU%CC%81RSULA-WOOLRICH-15-DE-SEPTIEMBRE-1.jpg&amp;q=90&amp;w=160&amp;h=106&amp;zc=1\" alt=\"VIDEOCOLUMNA: Alegr\u00eda y enojo \u00bfQu\u00e9 hay detr\u00e1s de ellos? Por \u00darsula Woolrich\" \/><\/a><\/p>\n<p>&nbsp;<\/p>\n<p>&nbsp;<\/p>\n<p>&nbsp;<\/p>\n<p>&nbsp;<\/p>\n<h2 class=\"entry_title\">2.-<a title=\"Enlace Permanente a VIDEOCOLUMNA: La percepci\u00f3n sobre uno mismo. Por \u00darsula Woolrich\" href=\"http:\/\/www.eloriente.net\/home\/2016\/09\/23\/videocolumna-la-percepcion-sobre-uno-mismo-por-ursula-woolrich\/\" rel=\"bookmark\">VIDEOCOLUMNA: La percepci\u00f3n sobre uno mismo. Por \u00darsula Woolrich<\/a><\/h2>\n<p><a href=\"http:\/\/www.eloriente.net\/home\/2016\/09\/23\/videocolumna-la-percepcion-sobre-uno-mismo-por-ursula-woolrich\/\" rel=\"bookmark\"><img decoding=\"async\" class=\"alignleft\" title=\"VIDEOCOLUMNA: La percepci\u00f3n sobre uno mismo. Por \u00darsula Woolrich\" src=\"http:\/\/www.eloriente.net\/home\/wp-content\/themes\/city-desk\/timthumb.php?src=http%3A%2F%2Fwww.eloriente.net%2Fhome%2Fwp-content%2Fuploads%2F2016%2F09%2FU%CC%81RSULA-WOOLRICH-22-DE-SEPTIEMBRE.jpg&amp;q=90&amp;w=160&amp;h=106&amp;zc=1\" alt=\"VIDEOCOLUMNA: La percepci\u00f3n sobre uno mismo. Por \u00darsula Woolrich\" \/><\/a><\/p>\n<p>&nbsp;<\/p>\n<p>&nbsp;<\/p>\n<p>&nbsp;<\/p>\n<p>&nbsp;<\/p>\n<h2 class=\"entry_title\">3.-<a title=\"Enlace Permanente a VIDEOCOLUMNA: \u00bfC\u00f3mo nos afectan las creencias sobre los otros? Por \u00darsula Woolrich\" href=\"http:\/\/www.eloriente.net\/home\/2016\/09\/29\/videocolumna-como-nos-afectan-las-creencias-sobre-los-otros-por-ursula-woolrich\/\" rel=\"bookmark\">VIDEOCOLUMNA: \u00bfC\u00f3mo nos afectan las creencias sobre los otros? Por \u00darsula Woolrich<\/a><\/h2>\n<p><a href=\"http:\/\/www.eloriente.net\/home\/2016\/09\/29\/videocolumna-como-nos-afectan-las-creencias-sobre-los-otros-por-ursula-woolrich\/\" rel=\"bookmark\"><img decoding=\"async\" class=\"alignleft\" title=\"VIDEOCOLUMNA: \u00bfC\u00f3mo nos afectan las creencias sobre los otros? Por \u00darsula Woolrich\" src=\"http:\/\/www.eloriente.net\/home\/wp-content\/themes\/city-desk\/timthumb.php?src=http%3A%2F%2Fwww.eloriente.net%2Fhome%2Fwp-content%2Fuploads%2F2016%2F09%2FU%CC%81RSULA-WOOLRICH-29-DE-SEPTIEMBRE.jpg&amp;q=90&amp;w=160&amp;h=106&amp;zc=1\" alt=\"VIDEOCOLUMNA: \u00bfC\u00f3mo nos afectan las creencias sobre los otros? Por \u00darsula Woolrich\" \/><\/a><\/p>\n<p>&nbsp;<\/p>\n<p>&nbsp;<\/p>\n<p>&nbsp;<\/p>\n<p>&nbsp;<\/p>\n<h2 class=\"entry_title\">4.-<a title=\"Enlace Permanente a VIDEOCOLUMNA: Las creencias sobre el mundo. Por \u00darsula Woolrich\" href=\"http:\/\/www.eloriente.net\/home\/2016\/10\/04\/videocolumna-las-creencias-sobre-el-mundo-por-ursula-woolrich\/\" rel=\"bookmark\">VIDEOCOLUMNA: Las creencias sobre el mundo. Por \u00darsula Woolrich<\/a><\/h2>\n<p><a href=\"http:\/\/www.eloriente.net\/home\/2016\/10\/04\/videocolumna-las-creencias-sobre-el-mundo-por-ursula-woolrich\/\" rel=\"bookmark\"><img decoding=\"async\" class=\"alignleft\" title=\"VIDEOCOLUMNA: Las creencias sobre el mundo. Por \u00darsula Woolrich\" src=\"http:\/\/www.eloriente.net\/home\/wp-content\/themes\/city-desk\/timthumb.php?src=http%3A%2F%2Fwww.eloriente.net%2Fhome%2Fwp-content%2Fuploads%2F2016%2F10%2FU%CC%81RSULA-WOOLRICH-4-DE-OCTUBRE.jpg&amp;q=90&amp;w=160&amp;h=106&amp;zc=1\" alt=\"VIDEOCOLUMNA: Las creencias sobre el mundo. Por \u00darsula Woolrich\" \/><\/a><\/p>\n<p>&nbsp;<\/p>\n<p>&nbsp;<\/p>\n<p>&nbsp;<\/p>\n<p>&nbsp;<\/p>\n<h2 class=\"entry_title\">5.-<a title=\"Enlace Permanente a VIDEOCOLUMNA: Encuentra los aspectos positivos de tu persona. Por Ursula Woolrich\" href=\"http:\/\/www.eloriente.net\/home\/2016\/10\/13\/videocolumna-encuentra-los-aspectos-positivos-de-tu-persona-por-ursula-woolrich\/\" rel=\"bookmark\">VIDEOCOLUMNA: Encuentra los aspectos positivos de tu persona. Por Ursula Woolrich<\/a><\/h2>\n<p><a href=\"http:\/\/www.eloriente.net\/home\/2016\/10\/13\/videocolumna-encuentra-los-aspectos-positivos-de-tu-persona-por-ursula-woolrich\/\" rel=\"bookmark\"><img decoding=\"async\" class=\"alignleft\" title=\"VIDEOCOLUMNA: Encuentra los aspectos positivos de tu persona. Por Ursula Woolrich\" src=\"http:\/\/www.eloriente.net\/home\/wp-content\/themes\/city-desk\/timthumb.php?src=http%3A%2F%2Fwww.eloriente.net%2Fhome%2Fwp-content%2Fuploads%2F2016%2F10%2FU%CC%81RSULA-WOOLRICH-13-DE-OCTUBRE-1-e1476462356670.jpg&amp;q=90&amp;w=160&amp;h=106&amp;zc=1\" alt=\"VIDEOCOLUMNA: Encuentra los aspectos positivos de tu persona. Por Ursula Woolrich\" \/><\/a><\/p>\n<p>&nbsp;<\/p>\n<p>&nbsp;<\/p>\n<p>&nbsp;<\/p>\n<p>&nbsp;<\/p>\n<h2 class=\"entry_title\">6.-<a title=\"Enlace Permanente a VIDEOCOLUMNA: \u00bfQu\u00e9 son las trampas vitales? Por \u00darsula Woolrich\" href=\"http:\/\/www.eloriente.net\/home\/2016\/10\/20\/videocolumna-que-son-las-trampas-vitales-por-ursula-woolrich\/\" rel=\"bookmark\">VIDEOCOLUMNA: \u00bfQu\u00e9 son las trampas vitales? Por \u00darsula Woolrich<\/a><\/h2>\n<p><a href=\"http:\/\/www.eloriente.net\/home\/2016\/10\/20\/videocolumna-que-son-las-trampas-vitales-por-ursula-woolrich\/\" rel=\"bookmark\"><img decoding=\"async\" class=\"alignleft\" title=\"VIDEOCOLUMNA: \u00bfQu\u00e9 son las trampas vitales? Por \u00darsula Woolrich\" src=\"http:\/\/www.eloriente.net\/home\/wp-content\/themes\/city-desk\/timthumb.php?src=http%3A%2F%2Fwww.eloriente.net%2Fhome%2Fwp-content%2Fuploads%2F2016%2F10%2FU%CC%81RSULA-WOOLRICH-20-DE-OCTUBRE.jpg&amp;q=90&amp;w=160&amp;h=106&amp;zc=1\" alt=\"VIDEOCOLUMNA: \u00bfQu\u00e9 son las trampas vitales? Por \u00darsula Woolrich\" \/><\/a><\/p>\n<p>&nbsp;<\/p>\n<p>&nbsp;<\/p>\n<p><script src=\"\/\/pagead2.googlesyndication.com\/pagead\/js\/adsbygoogle.js\" async=\"\"><\/script><!-- BANNER PEQUE\u00d1O PARA ENTRENOTAS EL ORIENTE --> <ins class=\"adsbygoogle\" style=\"display: inline-block; width: 468px; height: 60px;\" data-ad-client=\"ca-pub-1136171134853753\" data-ad-slot=\"4953536424\"><\/ins><script>\/\/ <![CDATA[\n(adsbygoogle = window.adsbygoogle || []).push({});\n\/\/ ]]><\/script><\/p>\n<p>&nbsp;<\/p>\n<h2 class=\"entry_title\">7.-<a title=\"Enlace Permanente a VIDEOCOLUMNA: La trampa vital del abandono. Por \u00darsula Woolrich\" href=\"http:\/\/www.eloriente.net\/home\/2016\/10\/27\/videocolumna-la-trampa-vital-del-abandono-por-ursula-woolrich\/\" rel=\"bookmark\">VIDEOCOLUMNA: La trampa vital del abandono. Por \u00darsula Woolrich<\/a><\/h2>\n<p><a href=\"http:\/\/www.eloriente.net\/home\/2016\/10\/27\/videocolumna-la-trampa-vital-del-abandono-por-ursula-woolrich\/\" rel=\"bookmark\"><img decoding=\"async\" class=\"alignleft\" title=\"VIDEOCOLUMNA: La trampa vital del abandono. Por \u00darsula Woolrich\" src=\"http:\/\/www.eloriente.net\/home\/wp-content\/themes\/city-desk\/timthumb.php?src=http%3A%2F%2Fwww.eloriente.net%2Fhome%2Fwp-content%2Fuploads%2F2016%2F10%2FU%CC%81RSULA-WOOLRICH-27-DE-OCTUBRE.jpg&amp;q=90&amp;w=160&amp;h=106&amp;zc=1\" alt=\"VIDEOCOLUMNA: La trampa vital del abandono. Por \u00darsula Woolrich\" \/><\/a><\/p>\n<p>&nbsp;<\/p>\n<p>&nbsp;<\/p>\n<p>&nbsp;<\/p>\n<p>&nbsp;<\/p>\n<h2 class=\"entry_title\">8.-<a title=\"Enlace Permanente a VIDEOCOLUMNA: La trampa vital de la desconfianza y el abuso. Por \u00darsula Woolrich\" href=\"http:\/\/www.eloriente.net\/home\/2016\/11\/03\/videocolumna-la-trampa-vital-de-la-desconfianza-y-el-abuso-por-ursula-woolrich\/\" rel=\"bookmark\">VIDEOCOLUMNA: La trampa vital de la desconfianza y el abuso. Por \u00darsula Woolrich<\/a><\/h2>\n<p><a href=\"http:\/\/www.eloriente.net\/home\/2016\/11\/03\/videocolumna-la-trampa-vital-de-la-desconfianza-y-el-abuso-por-ursula-woolrich\/\" rel=\"bookmark\"><img decoding=\"async\" class=\"alignleft\" title=\"VIDEOCOLUMNA: La trampa vital de la desconfianza y el abuso. Por \u00darsula Woolrich\" src=\"http:\/\/www.eloriente.net\/home\/wp-content\/themes\/city-desk\/timthumb.php?src=http%3A%2F%2Fwww.eloriente.net%2Fhome%2Fwp-content%2Fuploads%2F2016%2F11%2FU%CC%81RSULA-WOOLRICH-3-DE-NOVIEMBRE.jpg&amp;q=90&amp;w=160&amp;h=106&amp;zc=1\" alt=\"VIDEOCOLUMNA: La trampa vital de la desconfianza y el abuso. Por \u00darsula Woolrich\" \/><\/a><\/p>\n<p>&nbsp;<\/p>\n<p>&nbsp;<\/p>\n<p>&nbsp;<\/p>\n<p>&nbsp;<\/p>\n<h2 class=\"entry_title\">9.-<a title=\"Enlace Permanente a VIDEOCOLUMNA: La trampa vital de la privaci\u00f3n emocional. Por \u00darsula Woolrich\" href=\"http:\/\/www.eloriente.net\/home\/2016\/11\/10\/videocolumna-la-trampa-emocional-de-la-privacion-emocional-por-ursula-woolrich\/\" rel=\"bookmark\">VIDEOCOLUMNA: La trampa vital de la privaci\u00f3n emocional. Por \u00darsula Woolrich<\/a><\/h2>\n<p><a href=\"http:\/\/www.eloriente.net\/home\/2016\/11\/10\/videocolumna-la-trampa-emocional-de-la-privacion-emocional-por-ursula-woolrich\/\" rel=\"bookmark\"><img decoding=\"async\" class=\"alignleft\" title=\"VIDEOCOLUMNA: La trampa vital de la privaci\u00f3n emocional. Por \u00darsula Woolrich\" src=\"http:\/\/www.eloriente.net\/home\/wp-content\/themes\/city-desk\/timthumb.php?src=http%3A%2F%2Fwww.eloriente.net%2Fhome%2Fwp-content%2Fuploads%2F2016%2F11%2FU%CC%81RSULA-WOOLRICH-10-DE-NOVIEMBRE.jpg&amp;q=90&amp;w=160&amp;h=106&amp;zc=1\" alt=\"VIDEOCOLUMNA: La trampa vital de la privaci\u00f3n emocional. Por \u00darsula Woolrich\" \/><\/a><\/p>\n<p>&nbsp;<\/p>\n<p>&nbsp;<\/p>\n<p>&nbsp;<\/p>\n<p>&nbsp;<\/p>\n<h2 class=\"entry_title\">10.-<a title=\"Enlace Permanente a VIDEOCOLUMNA: La trampa vital de la exclusi\u00f3n social. Por \u00darsula Woolrich\" href=\"http:\/\/www.eloriente.net\/home\/2016\/11\/18\/videocolumna-la-trampa-vital-de-la-exclusion-social-por-ursula-woolrich\/\" rel=\"bookmark\">VIDEOCOLUMNA: La trampa vital de la exclusi\u00f3n social. Por \u00darsula Woolrich<\/a><\/h2>\n<p><a href=\"http:\/\/www.eloriente.net\/home\/2016\/11\/18\/videocolumna-la-trampa-vital-de-la-exclusion-social-por-ursula-woolrich\/\" rel=\"bookmark\"><img decoding=\"async\" class=\"alignleft\" title=\"VIDEOCOLUMNA: La trampa vital de la exclusi\u00f3n social. Por \u00darsula Woolrich\" src=\"http:\/\/www.eloriente.net\/home\/wp-content\/themes\/city-desk\/timthumb.php?src=http%3A%2F%2Fwww.eloriente.net%2Fhome%2Fwp-content%2Fuploads%2F2016%2F11%2FU%CC%81RSULA-WOOLRICH-18-DE-NOVIEMBRE.jpg&amp;q=90&amp;w=160&amp;h=106&amp;zc=1\" alt=\"VIDEOCOLUMNA: La trampa vital de la exclusi\u00f3n social. Por \u00darsula Woolrich\" \/><\/a><\/p>\n<p>&nbsp;<\/p>\n<p>&nbsp;<\/p>\n<p>&nbsp;<\/p>\n<h2 class=\"entry_title\">11.-<a title=\"Enlace Permanente a VIDEOCOLUMNA: La trampa vital de la dependencia. Por \u00darsula Woolrich\" href=\"http:\/\/www.eloriente.net\/home\/2016\/11\/24\/videocolumna-la-trampa-vital-de-la-dependencia-por-ursula-woolrich\/\" rel=\"bookmark\">VIDEOCOLUMNA: La trampa vital de la dependencia. Por \u00darsula Woolrich<\/a><\/h2>\n<p><a href=\"http:\/\/www.eloriente.net\/home\/2016\/11\/24\/videocolumna-la-trampa-vital-de-la-dependencia-por-ursula-woolrich\/\" rel=\"bookmark\"><img decoding=\"async\" class=\"alignleft\" title=\"VIDEOCOLUMNA: La trampa vital de la dependencia. Por \u00darsula Woolrich\" src=\"http:\/\/www.eloriente.net\/home\/wp-content\/themes\/city-desk\/timthumb.php?src=http%3A%2F%2Fwww.eloriente.net%2Fhome%2Fwp-content%2Fuploads%2F2016%2F11%2FU%CC%81RSULA-WOOLRICH-24-DE-NOVIEMBRE.jpg&amp;q=90&amp;w=160&amp;h=106&amp;zc=1\" alt=\"VIDEOCOLUMNA: La trampa vital de la dependencia. Por \u00darsula Woolrich\" \/><\/a><\/p>\n<p>&nbsp;<\/p>\n<p>&nbsp;<\/p>\n<p>&nbsp;<\/p>\n<p>&nbsp;<\/p>\n<h2 class=\"entry_title\">12.-<a title=\"Enlace Permanente a VIDEOCOLUMNA: La trampa vital de la imperfecci\u00f3n. Por \u00darsula Woolrich\" href=\"http:\/\/www.eloriente.net\/home\/2016\/12\/08\/videocolumna-la-trampa-vital-la-imperfeccion-ursula-woolrich\/\" rel=\"bookmark\">VIDEOCOLUMNA: La trampa vital de la imperfecci\u00f3n. Por \u00darsula Woolrich<\/a><\/h2>\n<p><a href=\"http:\/\/www.eloriente.net\/home\/2016\/12\/08\/videocolumna-la-trampa-vital-la-imperfeccion-ursula-woolrich\/\" rel=\"bookmark\"><img decoding=\"async\" class=\"alignleft\" title=\"VIDEOCOLUMNA: La trampa vital de la imperfecci\u00f3n. Por \u00darsula Woolrich\" src=\"http:\/\/www.eloriente.net\/home\/wp-content\/themes\/city-desk\/timthumb.php?src=http%3A%2F%2Fwww.eloriente.net%2Fhome%2Fwp-content%2Fuploads%2F2016%2F12%2FU%CC%81RSULA-WOOLRICH-8-de-diciembre.jpg&amp;q=90&amp;w=160&amp;h=106&amp;zc=1\" alt=\"VIDEOCOLUMNA: La trampa vital de la imperfecci\u00f3n. Por \u00darsula Woolrich\" \/><\/a><\/p>\n<p>&nbsp;<\/p>\n<p>&nbsp;<\/p>\n<p>&nbsp;<\/p>\n<p>&nbsp;<\/p>\n<h2 class=\"entry_title\">13.-<a title=\"Enlace Permanente a VIDEOCOLUMNA: El fracaso como trampa vital. Por \u00darsula Woolrich\" href=\"http:\/\/www.eloriente.net\/home\/2016\/12\/16\/videocolumna-fracaso-trampa-vital-ursula-woolrich\/\" rel=\"bookmark\">VIDEOCOLUMNA: El fracaso como trampa vital. Por \u00darsula Woolrich<\/a><\/h2>\n<p><a href=\"http:\/\/www.eloriente.net\/home\/2016\/12\/16\/videocolumna-fracaso-trampa-vital-ursula-woolrich\/\" rel=\"bookmark\"><img decoding=\"async\" class=\"alignleft\" title=\"VIDEOCOLUMNA: El fracaso como trampa vital. Por \u00darsula Woolrich\" src=\"http:\/\/www.eloriente.net\/home\/wp-content\/themes\/city-desk\/timthumb.php?src=http%3A%2F%2Fwww.eloriente.net%2Fhome%2Fwp-content%2Fuploads%2F2016%2F12%2FU%CC%81RSULA-WOOLRICH-15-de-diciembre-1-e1481913488987.jpg&amp;q=90&amp;w=160&amp;h=106&amp;zc=1\" alt=\"VIDEOCOLUMNA: El fracaso como trampa vital. Por \u00darsula Woolrich\" \/><\/a><\/p>\n<p>&nbsp;<\/p>\n<p>&nbsp;<\/p>\n<p>&nbsp;<\/p>\n<p>&nbsp;<\/p>\n<h2 class=\"entry_title\">14.-<a title=\"Enlace Permanente a VIDEOCOLUMNA: La trampa vital de la subyugaci\u00f3n. Por \u00darsula Woolrich\" href=\"http:\/\/www.eloriente.net\/home\/2016\/12\/22\/videocolumna-la-trampa-vital-la-subyugacion-ursula-woolrich\/\" rel=\"bookmark\">VIDEOCOLUMNA: La trampa vital de la subyugaci\u00f3n. Por \u00darsula Woolrich<\/a><\/h2>\n<p><a href=\"http:\/\/www.eloriente.net\/home\/2016\/12\/22\/videocolumna-la-trampa-vital-la-subyugacion-ursula-woolrich\/\" rel=\"bookmark\"><img decoding=\"async\" class=\"alignleft\" title=\"VIDEOCOLUMNA: La trampa vital de la subyugaci\u00f3n. Por \u00darsula Woolrich\" src=\"http:\/\/www.eloriente.net\/home\/wp-content\/themes\/city-desk\/timthumb.php?src=http%3A%2F%2Fwww.eloriente.net%2Fhome%2Fwp-content%2Fuploads%2F2016%2F12%2FURSULA-WOOLRICH-22-DE-DICIEMBRE.jpg&amp;q=90&amp;w=160&amp;h=106&amp;zc=1\" alt=\"VIDEOCOLUMNA: La trampa vital de la subyugaci\u00f3n. Por \u00darsula Woolrich\" \/><\/a><\/p>\n<p>&nbsp;<\/p>\n<p>&nbsp;<\/p>\n<p>&nbsp;<\/p>\n<p>&nbsp;<\/p>\n<h2 class=\"entry_title\">16.-<a title=\"Enlace Permanente a VIDEOCOLUMNA: Las normas inalcanzables como trampa vital. Por \u00darsula Woolrich\" href=\"http:\/\/www.eloriente.net\/home\/2016\/12\/29\/videocolumna-las-normas-inalcanzables-trampa-vital-ursula-woolrich\/\" rel=\"bookmark\">VIDEOCOLUMNA: Las normas inalcanzables como trampa vital. Por \u00darsula Woolrich<\/a><\/h2>\n<p><a href=\"http:\/\/www.eloriente.net\/home\/2016\/12\/29\/videocolumna-las-normas-inalcanzables-trampa-vital-ursula-woolrich\/\" rel=\"bookmark\"><img decoding=\"async\" class=\"alignleft\" title=\"VIDEOCOLUMNA: Las normas inalcanzables como trampa vital. Por \u00darsula Woolrich\" src=\"http:\/\/www.eloriente.net\/home\/wp-content\/themes\/city-desk\/timthumb.php?src=http%3A%2F%2Fwww.eloriente.net%2Fhome%2Fwp-content%2Fuploads%2F2016%2F12%2FU%CC%81RSULA-WOOLRICH-29-DE-DICIEMBRE.jpg&amp;q=90&amp;w=160&amp;h=106&amp;zc=1\" alt=\"VIDEOCOLUMNA: Las normas inalcanzables como trampa vital. Por \u00darsula Woolrich\" \/><\/a><\/p>\n<p>&nbsp;<\/p>\n<p>&nbsp;<\/p>\n<p>&nbsp;<\/p>\n<p>&nbsp;<\/p>\n<h2 class=\"entry_title\">17.-<a title=\"Enlace Permanente a VIDEOCOLUMNA: La trampa vital de la grandiosidad parte 1). Por \u00darsula Woolrich\" href=\"http:\/\/www.eloriente.net\/home\/2017\/01\/05\/videocolumna-la-trampa-vital-la-grandiosidad-parte-1-ursula-woolrich\/\" rel=\"bookmark\">VIDEOCOLUMNA: La trampa vital de la grandiosidad parte 1). Por \u00darsula Woolrich<\/a><\/h2>\n<p><a href=\"http:\/\/www.eloriente.net\/home\/2017\/01\/05\/videocolumna-la-trampa-vital-la-grandiosidad-parte-1-ursula-woolrich\/\" rel=\"bookmark\"><img decoding=\"async\" class=\"alignleft\" title=\"VIDEOCOLUMNA: La trampa vital de la grandiosidad parte 1). Por \u00darsula Woolrich\" src=\"http:\/\/www.eloriente.net\/home\/wp-content\/themes\/city-desk\/timthumb.php?src=http%3A%2F%2Fwww.eloriente.net%2Fhome%2Fwp-content%2Fuploads%2F2017%2F01%2FU%CC%81RSULA-WOOLRICH-5-DE-ENERO-2017-1-e1483662895998.jpg&amp;q=90&amp;w=160&amp;h=106&amp;zc=1\" alt=\"VIDEOCOLUMNA: La trampa vital de la grandiosidad parte 1). Por \u00darsula Woolrich\" \/><\/a><\/p>\n<p>&nbsp;<\/p>\n<p>&nbsp;<\/p>\n<p>&nbsp;<\/p>\n<p>&nbsp;<\/p>\n<h2 class=\"entry_title\">18.-<a title=\"Enlace Permanente a VIDEOCOLUMNA: La trampa vital de la grandiosidad parte 2). Por \u00darsula Woolrich\" href=\"http:\/\/www.eloriente.net\/home\/2017\/01\/12\/videocolumna-la-trampa-vital-la-grandiosidad-parte-2-ursula-woolrich\/\" rel=\"bookmark\">VIDEOCOLUMNA: La trampa vital de la grandiosidad parte 2). Por \u00darsula Woolrich<\/a><\/h2>\n<p><a href=\"http:\/\/www.eloriente.net\/home\/2017\/01\/12\/videocolumna-la-trampa-vital-la-grandiosidad-parte-2-ursula-woolrich\/\" rel=\"bookmark\"><img decoding=\"async\" class=\"alignleft\" title=\"VIDEOCOLUMNA: La trampa vital de la grandiosidad parte 2). Por \u00darsula Woolrich\" src=\"http:\/\/www.eloriente.net\/home\/wp-content\/themes\/city-desk\/timthumb.php?src=http%3A%2F%2Fwww.eloriente.net%2Fhome%2Fwp-content%2Fuploads%2F2017%2F01%2FU%CC%81RSULA-WOOLRICH-12-DE-ENERO-2017-1-e1484263739599.jpg&amp;q=90&amp;w=160&amp;h=106&amp;zc=1\" alt=\"VIDEOCOLUMNA: La trampa vital de la grandiosidad parte 2). Por \u00darsula Woolrich\" \/><\/a><\/p>\n<p>&nbsp;<\/p>\n<p>&nbsp;<\/p>\n<p>&nbsp;<\/p>\n<p>&nbsp;<\/p>\n<p><strong>OTRAS ENTRADAS<\/strong><\/p>\n<div class=\"featuredpost\">\n<div class=\"flow_hide\">\n<h2 class=\"posttitle bigposttitle\"><a title=\"Enlace Permanente a Abierta la ventanilla \u00fanica de recepci\u00f3n de documentaci\u00f3n de adeudos a proveedores y prestadores de servicios\" href=\"http:\/\/www.eloriente.net\/home\/2017\/01\/12\/abierta-la-ventanilla-unica-recepcion-documentacion-adeudos-proveedores-prestadores-servicios\/\" rel=\"bookmark\">Abierta la ventanilla \u00fanica de recepci\u00f3n de documentaci\u00f3n de adeudos a proveedores y prestadores de servicios<\/a><\/h2>\n<\/div>\n<p>www.eloriente.net 10 de enero de 2017 Para las personas o empresas que fueron proveedores o prestadores de servicios en el Gobierno del Estado de Oaxaca durante el ejercicio\u2026<\/p>\n<p class=\"postmeta\"><span class=\"meta_date\">enero 12, 2017<\/span><\/p>\n<div class=\"toolbar-social\"><\/div>\n<\/div>\n<div class=\"featuredpost\">\n<div class=\"flow_hide\">\n<p><a href=\"http:\/\/www.eloriente.net\/home\/2017\/01\/12\/actividades-culturales-oaxaca-no-te-puedes-perder-del-12-al-18-enero\/\" rel=\"bookmark\"><img decoding=\"async\" class=\"alignleft\" title=\"Actividades culturales en Oaxaca que no te puedes perder (del 12 al 18 de enero)\" src=\"http:\/\/www.eloriente.net\/home\/wp-content\/themes\/city-desk\/timthumb.php?src=http%3A%2F%2Fwww.eloriente.net%2Fhome%2Fwp-content%2Fuploads%2F2017%2F01%2F3682178651_74764ef582_z-1.jpg&amp;q=90&amp;w=70&amp;h=45&amp;zc=1\" alt=\"Actividades culturales en Oaxaca que no te puedes perder (del 12 al 18 de enero)\" \/><\/a><\/p>\n<h2 class=\"posttitle \"><a title=\"Enlace Permanente a Actividades culturales en Oaxaca que no te puedes perder (del 12 al 18 de enero)\" href=\"http:\/\/www.eloriente.net\/home\/2017\/01\/12\/actividades-culturales-oaxaca-no-te-puedes-perder-del-12-al-18-enero\/\" rel=\"bookmark\">Actividades culturales en Oaxaca que no te puedes perder (del 12 al 18 de enero)<\/a><\/h2>\n<\/div>\n<p>(www.eloriente.net; M\u00e9xico a 12 de enero de 2017).- Por Jessica Lamadrid En la agenda cultural que El Oriente les comparte cada jueves, encontrar\u00e1s en esta ocasi\u00f3n actividades como\u2026<\/p>\n<p class=\"postmeta\"><span class=\"meta_date\">enero 12, 2017<\/span><\/p>\n<div class=\"toolbar-social\"><\/div>\n<\/div>\n<div class=\"featuredpost\">\n<div class=\"flow_hide\">\n<p><a href=\"http:\/\/www.eloriente.net\/home\/2017\/01\/10\/videocolumna-recordando-andres-henestrosa-raul-maldonado\/\" rel=\"bookmark\"><img decoding=\"async\" class=\"alignleft\" title=\"VIDEOCOLUMNA: Recordando a Andr\u00e9s Henestrosa. Por Ra\u00fal Maldonado\" src=\"http:\/\/www.eloriente.net\/home\/wp-content\/themes\/city-desk\/timthumb.php?src=http%3A%2F%2Fwww.eloriente.net%2Fhome%2Fwp-content%2Fuploads%2F2017%2F01%2FRAU%CC%81L-MALDONADO-10-DE-ENERO-2017.jpg&amp;q=90&amp;w=70&amp;h=45&amp;zc=1\" alt=\"VIDEOCOLUMNA: Recordando a Andr\u00e9s Henestrosa. Por Ra\u00fal Maldonado\" \/><\/a><\/p>\n<h2 class=\"posttitle \"><a title=\"Enlace Permanente a VIDEOCOLUMNA: Recordando a Andr\u00e9s Henestrosa. Por Ra\u00fal Maldonado\" href=\"http:\/\/www.eloriente.net\/home\/2017\/01\/10\/videocolumna-recordando-andres-henestrosa-raul-maldonado\/\" rel=\"bookmark\">VIDEOCOLUMNA: Recordando a Andr\u00e9s Henestrosa. Por Ra\u00fal Maldonado<\/a><\/h2>\n<\/div>\n<p>eloriente.net 10 de enero de 2016 Un d\u00eda como hoy pero de hace 9 a\u00f1os dej\u00f3 este mundo el ilustre Andr\u00e9s Henestrosa. En este d\u00eda Ra\u00fal Maldonado\u2026<\/p>\n<\/div>\n\n\t\t\t  <div \n\t\t\t  \tclass = \"fb-comments\" \n\t\t\t  \tdata-href = \"http:\/\/www.eloriente.net\/home\/2017\/01\/12\/las-videocolumnas-ursula-woolrich-2016\/\"\n\t\t\t  \tdata-numposts = \"10\"\n\t\t\t\tdata-colorscheme = \"dark\"\n\t\t\t\tdata-order-by = \"social\"\n\t\t\t\tdata-mobile=true>\n\t\t\t  <\/div>\n\t\t  <style>\n\t\t\t.fb_iframe_widget_fluid_desktop iframe {\n\t\t\t    width: 100% !important;\n\t\t\t}\n\t\t  <\/style>\n\t\t  ","protected":false},"excerpt":{"rendered":"<p>&nbsp; eloriente.net 12 de enero de 2016 Este a\u00f1o en EL ORIENTE inauguramos un espacio para la reflexi\u00f3n con nuestra secci\u00f3n de videocolumnas. A lo largo de estos casi 10 meses han pasaron por nuestras filas importantes personalidades que nos enriquecieron con sus conocimientos y con su interesante opini\u00f3n. A manera de agradecimiento, y con [&hellip;]<\/p>\n","protected":false},"author":44,"featured_media":45716,"comment_status":"open","ping_status":"open","sticky":false,"template":"","format":"standard","meta":{"_jetpack_memberships_contains_paid_content":false,"footnotes":""},"categories":[32,16,10,30,7100,98],"tags":[600,1569,7004,6189],"class_list":["post-46713","post","type-post","status-publish","format-standard","has-post-thumbnail","hentry","category-entradas","category-salud-y-estilo-de-vida","category-lo-mas-reciente","category-salud","category-ursula-woolrich","category-videoblogs","tag-bienestar","tag-psicologia","tag-ursula-woolrich","tag-videocolumnas"],"jetpack_featured_media_url":"http:\/\/www.eloriente.net\/home\/wp-content\/uploads\/2016\/11\/U\u0301RSULA-WOOLRICH-3-DE-NOVIEMBRE.jpg","jetpack_sharing_enabled":true,"_links":{"self":[{"href":"http:\/\/www.eloriente.net\/home\/wp-json\/wp\/v2\/posts\/46713"}],"collection":[{"href":"http:\/\/www.eloriente.net\/home\/wp-json\/wp\/v2\/posts"}],"about":[{"href":"http:\/\/www.eloriente.net\/home\/wp-json\/wp\/v2\/types\/post"}],"author":[{"embeddable":true,"href":"http:\/\/www.eloriente.net\/home\/wp-json\/wp\/v2\/users\/44"}],"replies":[{"embeddable":true,"href":"http:\/\/www.eloriente.net\/home\/wp-json\/wp\/v2\/comments?post=46713"}],"version-history":[{"count":2,"href":"http:\/\/www.eloriente.net\/home\/wp-json\/wp\/v2\/posts\/46713\/revisions"}],"predecessor-version":[{"id":46763,"href":"http:\/\/www.eloriente.net\/home\/wp-json\/wp\/v2\/posts\/46713\/revisions\/46763"}],"wp:featuredmedia":[{"embeddable":true,"href":"http:\/\/www.eloriente.net\/home\/wp-json\/wp\/v2\/media\/45716"}],"wp:attachment":[{"href":"http:\/\/www.eloriente.net\/home\/wp-json\/wp\/v2\/media?parent=46713"}],"wp:term":[{"taxonomy":"category","embeddable":true,"href":"http:\/\/www.eloriente.net\/home\/wp-json\/wp\/v2\/categories?post=46713"},{"taxonomy":"post_tag","embeddable":true,"href":"http:\/\/www.eloriente.net\/home\/wp-json\/wp\/v2\/tags?post=46713"}],"curies":[{"name":"wp","href":"https:\/\/api.w.org\/{rel}","templated":true}]}}