{"id":46741,"date":"2017-01-16T14:41:34","date_gmt":"2017-01-16T20:41:34","guid":{"rendered":"http:\/\/www.eloriente.net\/home\/?p=46741"},"modified":"2017-01-16T15:38:44","modified_gmt":"2017-01-16T21:38:44","slug":"la-cultura-la-pecera-juan-pablo-vasconcelos","status":"publish","type":"post","link":"http:\/\/www.eloriente.net\/home\/2017\/01\/16\/la-cultura-la-pecera-juan-pablo-vasconcelos\/","title":{"rendered":"ES LA CULTURA: La Pecera. Por Juan Pablo Vasconcelos"},"content":{"rendered":"<p><script src=\"\/\/pagead2.googlesyndication.com\/pagead\/js\/adsbygoogle.js\" async=\"\"><\/script><!-- BANNER ELORIENTE INCRUSTADO NOTAS --> <ins class=\"adsbygoogle\" style=\"display: inline-block; width: 300px; height: 250px;\" data-ad-client=\"ca-pub-1136171134853753\" data-ad-slot=\"7974633627\"><\/ins><script>\/\/ <![CDATA[\n(adsbygoogle = window.adsbygoogle || []).push({});\n\/\/ ]]><\/script><\/p>\n<p>&nbsp;<\/p>\n<p>eloriente.net<\/p>\n<p>16 de enero\u00a0de 2017<\/p>\n<p>Por Juan Pablo Vasconcelos<\/p>\n<p><a href=\"https:\/\/twitter.com\/JPVmx\" target=\"_blank\">@JPVmx<\/a><\/p>\n<p style=\"text-align: right;\"><i><span style=\"font-weight: 400;\">\u201cSolo estamos dispuestos a conversar con quienes piensan igual o parecido a nosotros.<\/span><\/i><\/p>\n<p style=\"text-align: right;\"><i><span style=\"font-weight: 400;\">El resto son la selva, los errados, a quienes no vale pena siquiera darles la palabra.<\/span><\/i><\/p>\n<p style=\"text-align: right;\"><i><span style=\"font-weight: 400;\">Esto es La Pecera.<\/span><\/i><\/p>\n<p style=\"text-align: right;\"><i><span style=\"font-weight: 400;\">El lugar donde vivimos sin contacto verdadero con la opini\u00f3n de otros, sorbiendo solo lo que nos resulta familiar. Nadando en c\u00edrculos\u201d.<\/span><\/i><\/p>\n<p>&nbsp;<\/p>\n<p><span style=\"font-weight: 400;\">Lo que vemos en nuestras cuentas de facebook o twitter en realidad no es lo que sucede en todo facebook o twitter, sino lo que estas herramientas programan para mostrarnos a nosotros, \u2018personalizadamente\u2019, luego de analizarnos gustos, b\u00fasquedas, intereses, relaciones, entre otros muchos aspectos p\u00fablicos y secretos.<\/span><\/p>\n<p><span style=\"font-weight: 400;\">As\u00ed, cuando te interesa la poes\u00eda, te van apareciendo sugerencias y recomendaciones de escritores, dibujantes, suplementos, editoriales.<\/span><\/p>\n<p><span style=\"font-weight: 400;\">Pero no es que en verdad ese contenido resulte de forma espont\u00e1nea ni porque a muchos m\u00e1s les est\u00e9 urgiendo leer lo mismo que a ti, sino que es un sistema el constructor y presentador de esta apariencia ante tus ojos, para que t\u00fa sientas confianza al navegar por ese mundo y sigas enganchado a esa red donde sorpresivamente piensan lo mismo que t\u00fa, buscan cosas afines y hasta opinan sobre temas que te resultan fascinantes por familiares.<\/span><\/p>\n<p><span style=\"font-weight: 400;\">De alguna manera, solo se presenta ante tus ojos lo que deseas mirar. Lo que ese sistema \u2018sabe\u2019 que deseas mirar.<\/span><\/p>\n<p><span style=\"font-weight: 400;\">Tampoco es distinto en otras \u00e1reas de nuestras vidas. Andamos huyendo de la confrontaci\u00f3n, el debate y la cr\u00edtica. No hay vida m\u00e1s c\u00f3moda que dedicar tiempo, dinero y esfuerzo en solo tratar de convencerse a uno mismo. Aunque a veces ello resulte m\u00e1s tardado, caro y trabajoso, dependiendo del nivel de terquedad y negociaci\u00f3n individual al que hayamos arribado.<\/span><\/p>\n<p><span style=\"font-weight: 400;\">Pero nos sentimos a gusto con personas a quienes les apasiona la misma m\u00fasica y tocan el son a nuestro ritmo. De alguna manera, nos erigimos fronteras con otras formas de pensar, opinar, hablar, vivir. Consolidamos h\u00e1bitos dif\u00edcilmente cambiables e intercambiables, lo cual puede resumirse con facilidad con las frases: \u201cyo soy as\u00ed\u201d, \u201ca mis a\u00f1os\u201d, \u201csi quieren\u201d.<\/span><\/p>\n<p><span style=\"font-weight: 400;\">Bien vista, la situaci\u00f3n no solo es grave sino definitiva: encerrados en nuestras cuatro paredes, andamos viviendo en una fracci\u00f3n de mundo, con una libertad reducida en opciones y con paisajes repetitivos y c\u00edclicos.<\/span><\/p>\n<p><span style=\"font-weight: 400;\">As\u00ed, la rutina de nuestras vidas es nadar en c\u00edrculos. Por eso, nos parece que hoy estamos viviendo lo mismo que hace diez o quince a\u00f1os e inclusive uno tiene la sensaci\u00f3n de que el tiempo corri\u00f3 demasiado r\u00e1pido sin novedades, sin profundidades.<\/span><\/p>\n<p><script src=\"\/\/pagead2.googlesyndication.com\/pagead\/js\/adsbygoogle.js\" async=\"\"><\/script><!-- BANNER PEQUE\u00d1O PARA ENTRENOTAS EL ORIENTE --> <ins class=\"adsbygoogle\" style=\"display: inline-block; width: 468px; height: 60px;\" data-ad-client=\"ca-pub-1136171134853753\" data-ad-slot=\"4953536424\"><\/ins><script>\/\/ <![CDATA[\n(adsbygoogle = window.adsbygoogle || []).push({});\n\/\/ ]]><\/script><\/p>\n<p><span style=\"font-weight: 400;\">No es el que el tiempo pase, sino es que giramos en nuestro propio eje.<\/span><\/p>\n<p><span style=\"font-weight: 400;\">\u00bfQui\u00e9n fue la \u00faltima persona fascinante que has conocido?<\/span><\/p>\n<p><span style=\"font-weight: 400;\">Normalmente, es absolutamente distinta a ti, al menos en apariencia. Alguien que haya mostrado que s\u00ed hay otros mundos m\u00e1s all\u00e1 de este mundo. Y no por atracci\u00f3n f\u00edsica sino porque sus actitudes, opiniones y vivencias resultan venidas desde lejos, desde un territorio posible pero insondable para la normalidad en que vivimos.<\/span><\/p>\n<p><span style=\"font-weight: 400;\">En mi caso, hace algunos d\u00edas, un cineasta lleg\u00f3 a la ciudad con ideas refrescantes. De inicio, opinamos diferente, abordamos los asuntos desde perspectivas opuestas, tiene lances \u2014inclusive f\u00edsicos\u2014 que lo hacen parecer un cantante de \u00f3pera en decadencia. Yo sentado en un banco, tom\u00e1ndome con ambos brazos las rodillas, lo miraba pensando: \u201cque distinto a m\u00ed, pero qu\u00e9 parecido\u201d.<\/span><\/p>\n<p><span style=\"font-weight: 400;\">Casi todo lo que \u00e9l dec\u00eda era medio cierto pero se escuchaba completamente cierto. Entre otras cosas, porque tiene la sensibilidad de los guionistas para reducir a unas cuantas palabras o frases una complej\u00edsima realidad moment\u00e1nea. Y por lo tanto lleg\u00f3 el momento de decidir entre escucharlo por sus expresiones o m\u00e1s bien aprender de su t\u00e9cnica.<\/span><\/p>\n<p><span style=\"font-weight: 400;\">Ya luego, mientras escribo estas l\u00edneas para ti, me doy cuenta que en otros tiempos habr\u00eda tomado la determinaci\u00f3n de levantarme y salir de esa charla sin aviso previo, pues entonces no me era ni agradable ni soportable el hecho de escuchar a nadie con quien no tuviese puentes, relaci\u00f3n, referentes comunes.<\/span><\/p>\n<p><span style=\"font-weight: 400;\">Pero ahora pienso distinto. Creo que es precisamente el encuentro con lo diverso la forma de hallar una libertad m\u00e1s plena, de saborear visiones antes impensables por desconocidas, y hasta de abrir nuevas rutas por donde el alma se forje m\u00e1s grande.<\/span><\/p>\n<p><span style=\"font-weight: 400;\">Lo diverso, lo otro, lo distinto, lo antes desconocido y apenas descubierto, son las peque\u00f1as respuestas a la constante b\u00fasqueda que es la vida.<\/span><\/p>\n<p><span style=\"font-weight: 400;\">Sin embargo buscamos y, cuando hallamos un resquicio de respuesta, nos parece tan extra\u00f1o y revelador que procedemos a tapiar esa grieta, para que nunca m\u00e1s nadie se atreva a interrumpir nuestra indagaci\u00f3n. Aparentemente, nos gusta buscar pero no encontrar.<\/span><\/p>\n<p><span style=\"font-weight: 400;\">Tambi\u00e9n es posible que nos guste la tarea de uno mismo. Andar d\u00e1ndonos vueltas. Pensarnos, atormentarnos, castigarnos, aliviarnos. \u201cCon\u00f3cete a ti mismo\u201d, dec\u00eda el cl\u00e1sico y entonces el lance a nuestro mar excluye otros oc\u00e9anos.<\/span><\/p>\n<p><span style=\"font-weight: 400;\">Es in\u00fatil. Solo se conoce y se explica el ser humano en relaci\u00f3n con los otros. Por eso, resulta reprochable encerrarnos en un sistema r\u00edgido, tratar de imponernos y de imponer al resto una forma de pensar, una pol\u00edtica, un estilo.<\/span><\/p>\n<p><span style=\"font-weight: 400;\">Si nadie m\u00e1s idea las cadenas, no dise\u00f1emos nosotros los eslabones m\u00e1s resistentes.<\/span><\/p>\n<p><span style=\"font-weight: 400;\">Si nadie m\u00e1s pretende detener el agua, no le pongamos cristal al horizonte.<\/span><\/p>\n<p><a href=\"http:\/\/www.eloriente.net\/home\/wp-content\/uploads\/2016\/04\/facebook-por-Chrsitopher.jpg\" rel=\"attachment wp-att-42953\"><img loading=\"lazy\" decoding=\"async\" class=\"alignnone  wp-image-42953\" src=\"http:\/\/www.eloriente.net\/home\/wp-content\/uploads\/2016\/04\/facebook-por-Chrsitopher.jpg\" alt=\"facebook por Chrsitopher\" width=\"600\" height=\"400\" srcset=\"http:\/\/www.eloriente.net\/home\/wp-content\/uploads\/2016\/04\/facebook-por-Chrsitopher.jpg 2048w, http:\/\/www.eloriente.net\/home\/wp-content\/uploads\/2016\/04\/facebook-por-Chrsitopher-300x200.jpg 300w, http:\/\/www.eloriente.net\/home\/wp-content\/uploads\/2016\/04\/facebook-por-Chrsitopher-768x512.jpg 768w, http:\/\/www.eloriente.net\/home\/wp-content\/uploads\/2016\/04\/facebook-por-Chrsitopher-1024x683.jpg 1024w\" sizes=\"(max-width: 600px) 100vw, 600px\" \/><\/a><\/p>\n<p><strong>OTRAS ENTRADAS<\/strong><\/p>\n<div class=\"featuredpost\">\n<div class=\"flow_hide\">\n<h2 class=\"posttitle bigposttitle\"><a title=\"Enlace Permanente a Abierta la ventanilla \u00fanica de recepci\u00f3n de documentaci\u00f3n de adeudos a proveedores y prestadores de servicios\" href=\"http:\/\/www.eloriente.net\/home\/2017\/01\/12\/abierta-la-ventanilla-unica-recepcion-documentacion-adeudos-proveedores-prestadores-servicios\/\" rel=\"bookmark\">Abierta la ventanilla \u00fanica de recepci\u00f3n de documentaci\u00f3n de adeudos a proveedores y prestadores de servicios<\/a><\/h2>\n<\/div>\n<p>www.eloriente.net 10 de enero de 2017 Para las personas o empresas que fueron proveedores o prestadores de servicios en el Gobierno del Estado de Oaxaca durante el ejercicio\u2026<\/p>\n<p class=\"postmeta\"><span class=\"meta_date\">enero 12, 2017<\/span><\/p>\n<div class=\"toolbar-social\"><\/div>\n<\/div>\n<div class=\"featuredpost\">\n<div class=\"flow_hide\"><a href=\"http:\/\/www.eloriente.net\/home\/2017\/01\/12\/actividades-culturales-oaxaca-no-te-puedes-perder-del-12-al-18-enero\/\" rel=\"bookmark\"><img decoding=\"async\" class=\"alignleft\" title=\"Actividades culturales en Oaxaca que no te puedes perder (del 12 al 18 de enero)\" src=\"http:\/\/www.eloriente.net\/home\/wp-content\/themes\/city-desk\/timthumb.php?src=http%3A%2F%2Fwww.eloriente.net%2Fhome%2Fwp-content%2Fuploads%2F2017%2F01%2F3682178651_74764ef582_z-1.jpg&amp;q=90&amp;w=70&amp;h=45&amp;zc=1\" alt=\"Actividades culturales en Oaxaca que no te puedes perder (del 12 al 18 de enero)\" \/><\/a><\/p>\n<h2 class=\"posttitle \"><a title=\"Enlace Permanente a Actividades culturales en Oaxaca que no te puedes perder (del 12 al 18 de enero)\" href=\"http:\/\/www.eloriente.net\/home\/2017\/01\/12\/actividades-culturales-oaxaca-no-te-puedes-perder-del-12-al-18-enero\/\" rel=\"bookmark\">Actividades culturales en Oaxaca que no te puedes perder (del 12 al 18 de enero)<\/a><\/h2>\n<\/div>\n<p>(www.eloriente.net; M\u00e9xico a 12 de enero de 2017).- Por Jessica Lamadrid En la agenda cultural que El Oriente les comparte cada jueves, encontrar\u00e1s en esta ocasi\u00f3n actividades como\u2026<\/p>\n<p class=\"postmeta\"><span class=\"meta_date\">enero 12, 2017<\/span><\/p>\n<div class=\"toolbar-social\"><\/div>\n<\/div>\n<div class=\"featuredpost\">\n<div class=\"flow_hide\"><a href=\"http:\/\/www.eloriente.net\/home\/2017\/01\/10\/videocolumna-recordando-andres-henestrosa-raul-maldonado\/\" rel=\"bookmark\"><img decoding=\"async\" class=\"alignleft\" title=\"VIDEOCOLUMNA: Recordando a Andr\u00e9s Henestrosa. Por Ra\u00fal Maldonado\" src=\"http:\/\/www.eloriente.net\/home\/wp-content\/themes\/city-desk\/timthumb.php?src=http%3A%2F%2Fwww.eloriente.net%2Fhome%2Fwp-content%2Fuploads%2F2017%2F01%2FRAU%CC%81L-MALDONADO-10-DE-ENERO-2017.jpg&amp;q=90&amp;w=70&amp;h=45&amp;zc=1\" alt=\"VIDEOCOLUMNA: Recordando a Andr\u00e9s Henestrosa. Por Ra\u00fal Maldonado\" \/><\/a><\/p>\n<h2 class=\"posttitle \"><a title=\"Enlace Permanente a VIDEOCOLUMNA: Recordando a Andr\u00e9s Henestrosa. Por Ra\u00fal Maldonado\" href=\"http:\/\/www.eloriente.net\/home\/2017\/01\/10\/videocolumna-recordando-andres-henestrosa-raul-maldonado\/\" rel=\"bookmark\">VIDEOCOLUMNA: Recordando a Andr\u00e9s Henestrosa. Por Ra\u00fal Maldonado<\/a><\/h2>\n<\/div>\n<p>eloriente.net 10 de enero de 2016 Un d\u00eda como hoy pero de hace 9 a\u00f1os dej\u00f3 este mundo el ilustre Andr\u00e9s Henestrosa. En este d\u00eda Ra\u00fal Maldonado\u2026<\/p>\n<p class=\"postmeta\"><span class=\"meta_date\">enero 10, 2017<\/span><\/p>\n<\/div>\n\n\t\t\t  <div \n\t\t\t  \tclass = \"fb-comments\" \n\t\t\t  \tdata-href = \"http:\/\/www.eloriente.net\/home\/2017\/01\/16\/la-cultura-la-pecera-juan-pablo-vasconcelos\/\"\n\t\t\t  \tdata-numposts = \"10\"\n\t\t\t\tdata-colorscheme = \"dark\"\n\t\t\t\tdata-order-by = \"social\"\n\t\t\t\tdata-mobile=true>\n\t\t\t  <\/div>\n\t\t  <style>\n\t\t\t.fb_iframe_widget_fluid_desktop iframe {\n\t\t\t    width: 100% !important;\n\t\t\t}\n\t\t  <\/style>\n\t\t  ","protected":false},"excerpt":{"rendered":"<p>&nbsp; eloriente.net 16 de enero\u00a0de 2017 Por Juan Pablo Vasconcelos @JPVmx \u201cSolo estamos dispuestos a conversar con quienes piensan igual o parecido a nosotros. El resto son la selva, los errados, a quienes no vale pena siquiera darles la palabra. Esto es La Pecera. El lugar donde vivimos sin contacto verdadero con la opini\u00f3n de [&hellip;]<\/p>\n","protected":false},"author":13,"featured_media":42953,"comment_status":"open","ping_status":"open","sticky":false,"template":"","format":"standard","meta":{"_jetpack_memberships_contains_paid_content":false,"footnotes":""},"categories":[11,18,32,54,10,31],"tags":[1672,879,241,7229,1099,1285,197,1223],"class_list":["post-46741","post","type-post","status-publish","format-standard","has-post-thumbnail","hentry","category-colaboradores","category-educacion-y-cultura","category-entradas","category-juan-pablo-vasconcelos","category-lo-mas-reciente","category-principal","tag-artes","tag-columna","tag-cultura","tag-es-la-cultura","tag-facebook","tag-juan-pablo-vasconcelos-2","tag-opinion","tag-redes"],"jetpack_featured_media_url":"http:\/\/www.eloriente.net\/home\/wp-content\/uploads\/2016\/04\/facebook-por-Chrsitopher.jpg","jetpack_sharing_enabled":true,"_links":{"self":[{"href":"http:\/\/www.eloriente.net\/home\/wp-json\/wp\/v2\/posts\/46741"}],"collection":[{"href":"http:\/\/www.eloriente.net\/home\/wp-json\/wp\/v2\/posts"}],"about":[{"href":"http:\/\/www.eloriente.net\/home\/wp-json\/wp\/v2\/types\/post"}],"author":[{"embeddable":true,"href":"http:\/\/www.eloriente.net\/home\/wp-json\/wp\/v2\/users\/13"}],"replies":[{"embeddable":true,"href":"http:\/\/www.eloriente.net\/home\/wp-json\/wp\/v2\/comments?post=46741"}],"version-history":[{"count":1,"href":"http:\/\/www.eloriente.net\/home\/wp-json\/wp\/v2\/posts\/46741\/revisions"}],"predecessor-version":[{"id":46742,"href":"http:\/\/www.eloriente.net\/home\/wp-json\/wp\/v2\/posts\/46741\/revisions\/46742"}],"wp:featuredmedia":[{"embeddable":true,"href":"http:\/\/www.eloriente.net\/home\/wp-json\/wp\/v2\/media\/42953"}],"wp:attachment":[{"href":"http:\/\/www.eloriente.net\/home\/wp-json\/wp\/v2\/media?parent=46741"}],"wp:term":[{"taxonomy":"category","embeddable":true,"href":"http:\/\/www.eloriente.net\/home\/wp-json\/wp\/v2\/categories?post=46741"},{"taxonomy":"post_tag","embeddable":true,"href":"http:\/\/www.eloriente.net\/home\/wp-json\/wp\/v2\/tags?post=46741"}],"curies":[{"name":"wp","href":"https:\/\/api.w.org\/{rel}","templated":true}]}}