{"id":46743,"date":"2017-01-17T06:36:05","date_gmt":"2017-01-17T12:36:05","guid":{"rendered":"http:\/\/www.eloriente.net\/home\/?p=46743"},"modified":"2017-01-16T17:27:33","modified_gmt":"2017-01-16T23:27:33","slug":"5-vacantes-educacion-martesdevacantes","status":"publish","type":"post","link":"http:\/\/www.eloriente.net\/home\/2017\/01\/17\/5-vacantes-educacion-martesdevacantes\/","title":{"rendered":"5 vacantes en Educaci\u00f3n #MartesDeVacantes"},"content":{"rendered":"<p><script src=\"\/\/pagead2.googlesyndication.com\/pagead\/js\/adsbygoogle.js\" async=\"\"><\/script><!-- BANNER ELORIENTE INCRUSTADO NOTAS --> <ins class=\"adsbygoogle\" style=\"display: inline-block; width: 300px; height: 250px;\" data-ad-client=\"ca-pub-1136171134853753\" data-ad-slot=\"7974633627\"><\/ins><script>\/\/ <![CDATA[\n(adsbygoogle = window.adsbygoogle || []).push({});\n\/\/ ]]><\/script><\/p>\n<p>&nbsp;<\/p>\n<p>(www.eloriente.net, M\u00e9xico, a 17 de enero de 2017).- Conscientes de la importancia para la ciudadan\u00eda en general de la b\u00fasqueda de nuevas oportunidades de crecimiento profesional, ponemos a tu disposici\u00f3n semanalmente ofertas de empleo disponibles por profesi\u00f3n en cualquier parte de M\u00e9xico y del mundo o, cuando as\u00ed lo amerita, exclusivamente en Oaxaca.<\/p>\n<p>En esta ocasi\u00f3n, ELORIENTE.NET comparte cinco vacantes en Docencia.<\/p>\n<p>Si deseas aplicar para alguna de las vacantes, deber\u00e1s darle clic al t\u00edtulo de esta y te llevar\u00e1 al sitio que te pondr\u00e1 en contacto con los empleadores. No olvides comentar que la oportunidad la has encontrado con nosotros en el Martes de Vacantes de ELORIENTE.NET. \u00a1\u00c9xito!<\/p>\n<p><strong><a href=\"http:\/\/www.empleo.gob.mx\/2797946-oferta-de-empleo-de-pedagogo-organo-administrativo-desconcentrado-prevencion-y-readaptacion\" target=\"_blank\">1.- PEDAGOGO<\/a><\/strong><\/p>\n<p>Escolaridad: Licenciatura en Pedagog\u00eda<\/p>\n<p>G\u00e9nero: Indistinto<\/p>\n<p>Requisitos: Contar con t\u00edtulo universitario. Capacidad para trabajar en equipo. Conocimientos generales de computaci\u00f3n y en el manejo de la paqueter\u00eda de Office. Estatura m\u00ednima de 1.55 para hombres y mujeres. Sin tatuajes ni perforaciones.<\/p>\n<p>Funciones: Elaborar el diagnostico, seguimiento y evaluaci\u00f3n a la poblaci\u00f3n penitenciaria del tratamiento educativo en las \u00e1reas de pedag\u00f3gica, acad\u00e9mica, art\u00edstica, deportiva, y recreativa; evaluar los avances o retrocesos de la poblaci\u00f3n interna.<\/p>\n<p>Salario: $12,800 mensuales<\/p>\n<p>Horario: Lunes a domingo de 8:00 a 20:00 horas.<\/p>\n<p><strong><a href=\"https:\/\/www.computrabajo.com.mx\/ofertas-de-trabajo\/oferta-de-trabajo-de-instructora-de-actividades-infantiles-sport-city-oaxaca-en-oaxaca-de-juarez-E1CD6036AC78F50F\">2.- INSTRUCTORA DE ACTIVIDADES INFANTILES<\/a><\/strong><\/p>\n<p>Escolaridad: Licenciatura en Psicolog\u00eda, Pedagog\u00eda, Ciencias de la Educaci\u00f3n o af\u00edn.<\/p>\n<p>G\u00e9nero: Indistinto<\/p>\n<p>Requisitos: Experiencia m\u00ednima de dos a\u00f1os en Pr\u00e1cticas o Servicio Social con ni\u00f1os de 0-12 a\u00f1os. Excelente presentaci\u00f3n. Din\u00e1mica. Excelente actitud de servicio. Organizada. Proactiva.<\/p>\n<p>Funciones: Impartir actividades a ni\u00f1os peque\u00f1os.<\/p>\n<p>Salario: $6500 mensuales<\/p>\n<p>Horario: Tiempo completo, no especificado.<br \/>\n<script src=\"\/\/pagead2.googlesyndication.com\/pagead\/js\/adsbygoogle.js\" async=\"\"><\/script><!-- BANNER PEQUE\u00d1O PARA ENTRENOTAS EL ORIENTE --> <ins class=\"adsbygoogle\" style=\"display: inline-block; width: 468px; height: 60px;\" data-ad-client=\"ca-pub-1136171134853753\" data-ad-slot=\"4953536424\"><\/ins><script>\/\/ <![CDATA[\n(adsbygoogle = window.adsbygoogle || []).push({});\n\/\/ ]]><\/script><\/p>\n<p><strong><a href=\"https:\/\/www.occ.com.mx\/Empleo\/Oferta\/9114699-profesor-de-geografia-en-idioma-ingles-nivel-secundaria?rank=1&amp;page=1&amp;type=organic\">3.- PROFESOR DE GEOGRAF\u00cdA<\/a><\/strong><\/p>\n<p>Escolaridad: Lic. en Ciencias Sociales, Geograf\u00eda, Historia, o Ciencias de la Tierrra.<\/p>\n<p>G\u00e9nero: Indistinto<\/p>\n<p>Requisitos: Experiencia m\u00ednima de 2 a\u00f1os al frente de grupos. Manejo de modelo por competencias. Montaje de exposiciones comprobable. Nivel de ingles nativo (comprobable). TOEFL: m\u00ednimo de 600 pts, IELTS: m\u00ednimo de 7 pts.<\/p>\n<p>Funciones: Impartir clases de geograf\u00eda en ingl\u00e9s.<\/p>\n<p>Salario: A convenir<\/p>\n<p>Horario: Medio tiempo, no especificado.<\/p>\n<p><strong><a href=\"https:\/\/www.indeed.com.mx\/cmp\/Corporaci%C3%B3n-Talentos-y-Excelencia\/jobs\/Psic%C3%B3logas-pedagogas-79a33ff20c3772f6?q=pedagog%C3%ADa\">4.- PSIC\u00d3LOGAS \/ PEDAGOGAS TITULADAS<\/a><\/strong><\/p>\n<p>Escolaridad: Licenciatura en Psicolog\u00eda, Pedagog\u00eda o af\u00edn.<\/p>\n<p>G\u00e9nero: Indsitinto<\/p>\n<p>Requisitos: Edad de 22 a 33 a\u00f1os. Excelente presentaci\u00f3n. Gusto por el trabajo con grupos.<br \/>\nAdecuado tono de voz y l\u00e9xico. Conocimiento de procesos y estrategias de aprendizaje. Gusto por la lectura. Disponibilidad de tiempo. Indispensable no estar estudiando o trabajando.<\/p>\n<p>Funciones: Instruir a grupos de diferentes edades. Asistir a juntas mensuales de retroalimentaci\u00f3n. Exposici\u00f3n de temas asignados. Actividades administrativas. Aportes en pro de la mejora del trabajo desempe\u00f1ado.<\/p>\n<p>Salario: $4500 mensuales<\/p>\n<p>Horario: Medio tiempo, no especificado.<\/p>\n<p><strong><a href=\"http:\/\/www.empleo.gob.mx\/2780980-oferta-de-empleo-de-educadora-beneficio-y-apoyo-mutuo-bienestar-infantil-ac\">5.- EDUCADORA<\/a><\/strong><\/p>\n<p>Escolaridad: Licenciatura en Ciencias de la Educaci\u00f3n<\/p>\n<p>G\u00e9nero: Indsitinto<\/p>\n<p>Requisitos: Experiencia m\u00ednima de un a\u00f1o. Capacidad para trabajar en equipo. Orientaci\u00f3n a resultados. Conocimientos b\u00e1sicos de computaci\u00f3n y en el manejo de la paqueter\u00eda de Office.<\/p>\n<p>Funciones: Planificar, organizar y dirigir actividades y talleres para la comunicaci\u00f3n de los ni\u00f1os y ni\u00f1as, aplicar proceso de afiliaci\u00f3n.<\/p>\n<p>Salario: $6000 mensuales<\/p>\n<p>Horario: Lunes a s\u00e1bado de 10:00 a 18:00 horas<\/p>\n<p><a href=\"http:\/\/www.eloriente.net\/home\/wp-content\/uploads\/2014\/05\/martes-de-vacantes.jpg\" rel=\"attachment wp-att-25869\"><img loading=\"lazy\" decoding=\"async\" class=\"alignnone  wp-image-25869\" src=\"http:\/\/www.eloriente.net\/home\/wp-content\/uploads\/2014\/05\/martes-de-vacantes.jpg\" alt=\"martes de vacantes\" width=\"601\" height=\"399\" srcset=\"http:\/\/www.eloriente.net\/home\/wp-content\/uploads\/2014\/05\/martes-de-vacantes.jpg 1024w, http:\/\/www.eloriente.net\/home\/wp-content\/uploads\/2014\/05\/martes-de-vacantes-300x199.jpg 300w\" sizes=\"(max-width: 601px) 100vw, 601px\" \/><\/a><\/p>\n<p><strong>OTRAS ENTRADAS<\/strong><\/p>\n<div class=\"featuredpost\">\n<div class=\"flow_hide\">\n<h2 class=\"posttitle bigposttitle\"><a title=\"Enlace Permanente a Abierta la ventanilla \u00fanica de recepci\u00f3n de documentaci\u00f3n de adeudos a proveedores y prestadores de servicios\" href=\"http:\/\/www.eloriente.net\/home\/2017\/01\/12\/abierta-la-ventanilla-unica-recepcion-documentacion-adeudos-proveedores-prestadores-servicios\/\" rel=\"bookmark\">Abierta la ventanilla \u00fanica de recepci\u00f3n de documentaci\u00f3n de adeudos a proveedores y prestadores de servicios<\/a><\/h2>\n<\/div>\n<p>www.eloriente.net 10 de enero de 2017 Para las personas o empresas que fueron proveedores o prestadores de servicios en el Gobierno del Estado de Oaxaca durante el ejercicio\u2026<\/p>\n<p class=\"postmeta\"><span class=\"meta_date\">enero 12, 2017<\/span><\/p>\n<div class=\"toolbar-social\"><\/div>\n<\/div>\n<div class=\"featuredpost\">\n<div class=\"flow_hide\"><a href=\"http:\/\/www.eloriente.net\/home\/2017\/01\/12\/actividades-culturales-oaxaca-no-te-puedes-perder-del-12-al-18-enero\/\" rel=\"bookmark\"><img decoding=\"async\" class=\"alignleft\" title=\"Actividades culturales en Oaxaca que no te puedes perder (del 12 al 18 de enero)\" src=\"http:\/\/www.eloriente.net\/home\/wp-content\/themes\/city-desk\/timthumb.php?src=http%3A%2F%2Fwww.eloriente.net%2Fhome%2Fwp-content%2Fuploads%2F2017%2F01%2F3682178651_74764ef582_z-1.jpg&amp;q=90&amp;w=70&amp;h=45&amp;zc=1\" alt=\"Actividades culturales en Oaxaca que no te puedes perder (del 12 al 18 de enero)\" \/><\/a><\/p>\n<h2 class=\"posttitle \"><a title=\"Enlace Permanente a Actividades culturales en Oaxaca que no te puedes perder (del 12 al 18 de enero)\" href=\"http:\/\/www.eloriente.net\/home\/2017\/01\/12\/actividades-culturales-oaxaca-no-te-puedes-perder-del-12-al-18-enero\/\" rel=\"bookmark\">Actividades culturales en Oaxaca que no te puedes perder (del 12 al 18 de enero)<\/a><\/h2>\n<\/div>\n<p>(www.eloriente.net; M\u00e9xico a 12 de enero de 2017).- Por Jessica Lamadrid En la agenda cultural que El Oriente les comparte cada jueves, encontrar\u00e1s en esta ocasi\u00f3n actividades como\u2026<\/p>\n<p class=\"postmeta\"><span class=\"meta_date\">enero 12, 2017<\/span><\/p>\n<div class=\"toolbar-social\"><\/div>\n<\/div>\n<div class=\"featuredpost\">\n<div class=\"flow_hide\"><a href=\"http:\/\/www.eloriente.net\/home\/2017\/01\/10\/videocolumna-recordando-andres-henestrosa-raul-maldonado\/\" rel=\"bookmark\"><img decoding=\"async\" class=\"alignleft\" title=\"VIDEOCOLUMNA: Recordando a Andr\u00e9s Henestrosa. Por Ra\u00fal Maldonado\" src=\"http:\/\/www.eloriente.net\/home\/wp-content\/themes\/city-desk\/timthumb.php?src=http%3A%2F%2Fwww.eloriente.net%2Fhome%2Fwp-content%2Fuploads%2F2017%2F01%2FRAU%CC%81L-MALDONADO-10-DE-ENERO-2017.jpg&amp;q=90&amp;w=70&amp;h=45&amp;zc=1\" alt=\"VIDEOCOLUMNA: Recordando a Andr\u00e9s Henestrosa. Por Ra\u00fal Maldonado\" \/><\/a><\/p>\n<h2 class=\"posttitle \"><a title=\"Enlace Permanente a VIDEOCOLUMNA: Recordando a Andr\u00e9s Henestrosa. Por Ra\u00fal Maldonado\" href=\"http:\/\/www.eloriente.net\/home\/2017\/01\/10\/videocolumna-recordando-andres-henestrosa-raul-maldonado\/\" rel=\"bookmark\">VIDEOCOLUMNA: Recordando a Andr\u00e9s Henestrosa. Por Ra\u00fal Maldonado<\/a><\/h2>\n<\/div>\n<p>eloriente.net 10 de enero de 2016 Un d\u00eda como hoy pero de hace 9 a\u00f1os dej\u00f3 este mundo el ilustre Andr\u00e9s Henestrosa. En este d\u00eda Ra\u00fal Maldonado\u2026<\/p>\n<p class=\"postmeta\"><span class=\"meta_date\">enero 10, 2017<\/span><\/p>\n<\/div>\n\n\t\t\t  <div \n\t\t\t  \tclass = \"fb-comments\" \n\t\t\t  \tdata-href = \"http:\/\/www.eloriente.net\/home\/2017\/01\/17\/5-vacantes-educacion-martesdevacantes\/\"\n\t\t\t  \tdata-numposts = \"10\"\n\t\t\t\tdata-colorscheme = \"dark\"\n\t\t\t\tdata-order-by = \"social\"\n\t\t\t\tdata-mobile=true>\n\t\t\t  <\/div>\n\t\t  <style>\n\t\t\t.fb_iframe_widget_fluid_desktop iframe {\n\t\t\t    width: 100% !important;\n\t\t\t}\n\t\t  <\/style>\n\t\t  ","protected":false},"excerpt":{"rendered":"<p>&nbsp; (www.eloriente.net, M\u00e9xico, a 17 de enero de 2017).- Conscientes de la importancia para la ciudadan\u00eda en general de la b\u00fasqueda de nuevas oportunidades de crecimiento profesional, ponemos a tu disposici\u00f3n semanalmente ofertas de empleo disponibles por profesi\u00f3n en cualquier parte de M\u00e9xico y del mundo o, cuando as\u00ed lo amerita, exclusivamente en Oaxaca. En [&hellip;]<\/p>\n","protected":false},"author":44,"featured_media":25869,"comment_status":"open","ping_status":"open","sticky":false,"template":"","format":"standard","meta":{"_jetpack_memberships_contains_paid_content":false,"footnotes":""},"categories":[942,32,63,464,31,19],"tags":[4080,184,2420,1848,1569,889],"class_list":["post-46743","post","type-post","status-publish","format-standard","has-post-thumbnail","hentry","category-martesdevacantes","category-entradas","category-estados","category-oaxaca-estados","category-principal","category-turismo-y-negocios","tag-martesdevacantes","tag-educacion","tag-martes-de-vacantes","tag-pedagogia","tag-psicologia","tag-vacantes"],"jetpack_featured_media_url":"http:\/\/www.eloriente.net\/home\/wp-content\/uploads\/2014\/05\/martes-de-vacantes.jpg","jetpack_sharing_enabled":true,"_links":{"self":[{"href":"http:\/\/www.eloriente.net\/home\/wp-json\/wp\/v2\/posts\/46743"}],"collection":[{"href":"http:\/\/www.eloriente.net\/home\/wp-json\/wp\/v2\/posts"}],"about":[{"href":"http:\/\/www.eloriente.net\/home\/wp-json\/wp\/v2\/types\/post"}],"author":[{"embeddable":true,"href":"http:\/\/www.eloriente.net\/home\/wp-json\/wp\/v2\/users\/44"}],"replies":[{"embeddable":true,"href":"http:\/\/www.eloriente.net\/home\/wp-json\/wp\/v2\/comments?post=46743"}],"version-history":[{"count":1,"href":"http:\/\/www.eloriente.net\/home\/wp-json\/wp\/v2\/posts\/46743\/revisions"}],"predecessor-version":[{"id":46744,"href":"http:\/\/www.eloriente.net\/home\/wp-json\/wp\/v2\/posts\/46743\/revisions\/46744"}],"wp:featuredmedia":[{"embeddable":true,"href":"http:\/\/www.eloriente.net\/home\/wp-json\/wp\/v2\/media\/25869"}],"wp:attachment":[{"href":"http:\/\/www.eloriente.net\/home\/wp-json\/wp\/v2\/media?parent=46743"}],"wp:term":[{"taxonomy":"category","embeddable":true,"href":"http:\/\/www.eloriente.net\/home\/wp-json\/wp\/v2\/categories?post=46743"},{"taxonomy":"post_tag","embeddable":true,"href":"http:\/\/www.eloriente.net\/home\/wp-json\/wp\/v2\/tags?post=46743"}],"curies":[{"name":"wp","href":"https:\/\/api.w.org\/{rel}","templated":true}]}}