{"id":46829,"date":"2017-01-24T07:10:04","date_gmt":"2017-01-24T13:10:04","guid":{"rendered":"http:\/\/www.eloriente.net\/home\/?p=46829"},"modified":"2017-02-07T15:09:17","modified_gmt":"2017-02-07T21:09:17","slug":"5-vacantes-contadores-martesdevacantes","status":"publish","type":"post","link":"http:\/\/www.eloriente.net\/home\/2017\/01\/24\/5-vacantes-contadores-martesdevacantes\/","title":{"rendered":"5 vacantes para Contadores #MartesDeVacantes"},"content":{"rendered":"<p><script src=\"\/\/pagead2.googlesyndication.com\/pagead\/js\/adsbygoogle.js\" async=\"\"><\/script><!-- BANNER ELORIENTE INCRUSTADO NOTAS --> <ins class=\"adsbygoogle\" style=\"display: inline-block; width: 300px; height: 250px;\" data-ad-client=\"ca-pub-1136171134853753\" data-ad-slot=\"7974633627\"><\/ins><script>\/\/ <![CDATA[\n(adsbygoogle = window.adsbygoogle || []).push({});\n\/\/ ]]><\/script><\/p>\n<p>&nbsp;<\/p>\n<p>(www.eloriente.net, M\u00e9xico, a 23 de enero de 2017).- Conscientes de la importancia para la ciudadan\u00eda en general de la b\u00fasqueda de nuevas oportunidades de crecimiento profesional, ponemos a tu disposici\u00f3n semanalmente ofertas de empleo disponibles por profesi\u00f3n en cualquier parte de M\u00e9xico y del mundo o, cuando as\u00ed lo amerita, exclusivamente en Oaxaca.<\/p>\n<p>En esta ocasi\u00f3n, ELORIENTE.NET comparte cinco vacantes para Contadores.<\/p>\n<p>Si deseas aplicar para alguna de las vacantes, deber\u00e1s darle clic al t\u00edtulo de esta y te llevar\u00e1 al sitio que te pondr\u00e1 en contacto con los empleadores. No olvides comentar que la oportunidad la has encontrado con nosotros en el Martes de Vacantes de ELORIENTE.NET. \u00a1\u00c9xito!<\/p>\n<p><a href=\"https:\/\/www.indeed.com.mx\/cmp\/SOFIPA-CORPORATION-SAPI-DE-CV-SOFOM-ENR\/jobs\/Analista-nominas-a859b0724d82c19a?q=contadur%C3%ADa\"><strong>1.- ANALISTA DE N\u00d3MINAS<\/strong><\/a><\/p>\n<p><strong>Escolaridad:<\/strong> Licenciatura en Contadur\u00eda<\/p>\n<p><strong>G\u00e9nero:<\/strong> Indistinto<\/p>\n<p><strong>Requisitos:<\/strong> Experiencia de 1 a\u00f1o en manejo de n\u00f3mina, normativa laboral y SUA, NOI. Contar con domicilio cercano al lugar de trabajo.<\/p>\n<p><strong>Funciones:<\/strong> Estar a cargo del an\u00e1lisis de la n\u00f3mina.<\/p>\n<p><strong>Salario:<\/strong> $6500 mensuales<\/p>\n<p><strong>Horario:<\/strong> Tiempo completo (no especificado)<\/p>\n<p><a href=\"https:\/\/www.occ.com.mx\/Empleo\/Oferta\/7986640-gerente-de-planeamiento-y-desarrollo?rank=1&amp;page=1&amp;type=sponsored\"><strong>2.- GERENTE DE PLANEAMIENTO Y DESARROLLO<\/strong><\/a><\/p>\n<p><strong>Escolaridad:<\/strong> Licenciatura en Contadur\u00eda o Econom\u00eda. Ingenier\u00eda Industrial, Gesti\u00f3n Empresarial o af\u00edn.<\/p>\n<p><strong>G\u00e9nero:<\/strong> Indistinto<\/p>\n<p><strong>Requisitos:<\/strong> Edad de 26 a\u00f1os en adelante. Experiencia m\u00ednima de 2 a\u00f1os en puestos similares.<\/p>\n<p><strong>Funciones:<\/strong> Formular y gestionar el Planeamiento Estrat\u00e9gico y Presupuesto de la cooperativa as\u00ed como desarrollar y ejecutar proyectos estrat\u00e9gicos para el fortalecimiento de la Cooperativa.<\/p>\n<p><strong>Salario:<\/strong> No mostrado por la compa\u00f1\u00eda<\/p>\n<p><strong>Horario:<\/strong> Tiempo completo (no especificado)<\/p>\n<p><a href=\"http:\/\/www.empleo.gob.mx\/2809794-oferta-de-empleo-de-contador-general-jigafra\"><strong>3.- CONTADOR GENERAL<\/strong><\/a><\/p>\n<p><strong>Escolaridad:<\/strong> Licenciatura en Contabilidad<\/p>\n<p><strong>G\u00e9nero:<\/strong> Indistinto<\/p>\n<p><strong>Requisitos:<\/strong> Experiencia m\u00ednima de 3 a\u00f1os. Tolerancia a la presi\u00f3n. Capacidad para el an\u00e1lisis y la soluci\u00f3n de problemas. Conocimientos en pago de n\u00f3minas, manejo de IMSS, SUA, IDSE, contabilidad general.<\/p>\n<p><strong>Funciones:<\/strong> Pago de nomina, manejo de IMSS, SUA, IDSE, contabilidad general.<\/p>\n<p><strong>Salario:<\/strong> $10,000 mensuales<\/p>\n<p><strong>Horario:<\/strong> Lunes a s\u00e1bado de 9:00 a 19:00 horas<\/p>\n<p><script src=\"\/\/pagead2.googlesyndication.com\/pagead\/js\/adsbygoogle.js\" async=\"\"><\/script><!-- BANNER PEQUE\u00d1O PARA ENTRENOTAS EL ORIENTE --> <ins class=\"adsbygoogle\" style=\"display: inline-block; width: 468px; height: 60px;\" data-ad-client=\"ca-pub-1136171134853753\" data-ad-slot=\"4953536424\"><\/ins><script>\/\/ <![CDATA[\n(adsbygoogle = window.adsbygoogle || []).push({});\n\/\/ ]]><\/script><\/p>\n<p><a href=\"https:\/\/www.indeed.com.mx\/cmp\/PLAGUICIDAS-Y-FERTILIZANTES-NACIONALES-SA-DE-CV\/jobs\/Responsable-bodega-pinturas-recubrimientos-3acf86f94eb2001d?q=contadur%C3%ADa\"><strong>4.- RESPONSABLE DE BODEGA<\/strong><\/a><\/p>\n<p><strong>Escolaridad:<\/strong> Estudios de Contadur\u00eda o Administraci\u00f3n nivel licenciatura o t\u00e9cnico.<\/p>\n<p><strong>G\u00e9nero:<\/strong> Masculino<\/p>\n<p><strong>Requisitos:<\/strong> Edad de entre 25 y 40 a\u00f1os. Experiencia de 2 a\u00f1os en el manejo y control de inventarios as\u00ed como en actividades administrativas y contables.<\/p>\n<p><strong>Funciones:<\/strong> Control de inventarios, facturaci\u00f3n, actividades administrativas o contables.<\/p>\n<p><strong>Salario:<\/strong> $6000 mensuales m\u00e1s comisiones y prestaciones de ley.<\/p>\n<p><strong>Horario:<\/strong> Tiempo completo (no especificado)<\/p>\n<p><a href=\"https:\/\/www.occ.com.mx\/Empleo\/Oferta\/9582484-auxiliar-de-nomina?rank=2&amp;page=1&amp;type=organic\" target=\"_blank\"><strong>5.- AUXILIAR DE N\u00d3MINA<\/strong><\/a><\/p>\n<p><strong>Escolaridad:<\/strong> Licenciatura en Contadur\u00eda<\/p>\n<p><strong>G\u00e9nero:<\/strong> Indistinto<\/p>\n<p><strong>Requisitos:<\/strong> Edad de 25 a 35 a\u00f1os. Experiencia m\u00ednima de un a\u00f1o en puestos similares. Conocimientos en incidencias, incapacidades, SUA, Portal Empresarial, SIPARE, IDSE, prima de riesgo de trabajo.<\/p>\n<p><strong>Funciones:<\/strong> Apoyar en cuestiones relacionadas con la n\u00f3mina.<\/p>\n<p><strong>Salario:<\/strong> $7000 mensuales<\/p>\n<p><strong>Horario:<\/strong> Tiempo completo (No especificado)<\/p>\n<p><a href=\"http:\/\/www.eloriente.net\/home\/wp-content\/uploads\/2014\/05\/martes-de-vacantes.jpg\" rel=\"attachment wp-att-25869\"><img loading=\"lazy\" decoding=\"async\" class=\"alignnone wp-image-25869\" src=\"http:\/\/www.eloriente.net\/home\/wp-content\/uploads\/2014\/05\/martes-de-vacantes.jpg\" alt=\"martes de vacantes\" width=\"601\" height=\"399\" srcset=\"http:\/\/www.eloriente.net\/home\/wp-content\/uploads\/2014\/05\/martes-de-vacantes.jpg 1024w, http:\/\/www.eloriente.net\/home\/wp-content\/uploads\/2014\/05\/martes-de-vacantes-300x199.jpg 300w\" sizes=\"(max-width: 601px) 100vw, 601px\" \/><\/a><\/p>\n<p><strong>OTRAS ENTRADAS<\/strong><\/p>\n<div class=\"featuredpost\">\n<div class=\"flow_hide\">\n<h2 class=\"posttitle bigposttitle\"><a title=\"Enlace Permanente a VIDEOCOLUMNA: El juicio pol\u00edtico contra el anterior gobernador se encuentra empantanado. Por Alejandro Cruz\" href=\"http:\/\/www.eloriente.net\/home\/2017\/01\/23\/videocolumna-juicio-politico-anterior-gobernador-se-encuentra-empantanado-alejandro-cruz\/\" rel=\"bookmark\">VIDEOCOLUMNA: El juicio pol\u00edtico contra el anterior gobernador se encuentra empantanado. Por Alejandro Cruz<\/a><\/h2>\n<\/div>\n<p>eloriente.net 23 de enero de 2017 Alejandro S Cruz Pimentel en su nueva videocolumna sentencia: \u201cEs inconcebible, que a 2 meses de haber iniciado funciones esta Legislatura,\u2026<\/p>\n<p class=\"postmeta\"><span class=\"meta_date\">enero 23, 2017<\/span><\/p>\n<div class=\"toolbar-social\"><\/div>\n<\/div>\n<div class=\"featuredpost\">\n<div class=\"flow_hide\">\n<p><a href=\"http:\/\/www.eloriente.net\/home\/2017\/01\/23\/videocolumna-las-labores-del-oro-verde-la-region-del-papaloapan-salvador-siguenza\/\" rel=\"bookmark\"><img decoding=\"async\" class=\"alignleft\" title=\"VIDEOCOLUMNA: Las labores del oro verde en la regi\u00f3n del Papaloapan. Por Salvador Sig\u00fcenza\" src=\"http:\/\/www.eloriente.net\/home\/wp-content\/themes\/city-desk\/timthumb.php?src=http%3A%2F%2Fwww.eloriente.net%2Fhome%2Fwp-content%2Fuploads%2F2017%2F01%2FSALVADOR-SIGU%CC%88ENZA-21-DE-ENERO-2017.jpg&amp;q=90&amp;w=70&amp;h=45&amp;zc=1\" alt=\"VIDEOCOLUMNA: Las labores del oro verde en la regi\u00f3n del Papaloapan. Por Salvador Sig\u00fcenza\" \/><\/a><\/p>\n<h2 class=\"posttitle \"><a title=\"Enlace Permanente a VIDEOCOLUMNA: Las labores del oro verde en la regi\u00f3n del Papaloapan. Por Salvador Sig\u00fcenza\" href=\"http:\/\/www.eloriente.net\/home\/2017\/01\/23\/videocolumna-las-labores-del-oro-verde-la-region-del-papaloapan-salvador-siguenza\/\" rel=\"bookmark\">VIDEOCOLUMNA: Las labores del oro verde en la regi\u00f3n del Papaloapan. Por Salvador Sig\u00fcenza<\/a><\/h2>\n<\/div>\n<p>eloriente.net 23 de enero de 2017 La Segunda Guerra Mundial afect\u00f3 a la regi\u00f3n del Papaloapan \u00bfSabes de qu\u00e9 manera sucedi\u00f3? Para enterarte mira la nueva videocolumna\u2026<\/p>\n<p class=\"postmeta\"><span class=\"meta_date\">enero 23, 2017<\/span><\/p>\n<div class=\"toolbar-social\"><\/div>\n<\/div>\n<div class=\"featuredpost\">\n<div class=\"flow_hide\">\n<p><a href=\"http:\/\/www.eloriente.net\/home\/2017\/01\/19\/actividades-culturales-oaxaca-no-te-puedes-perder-del-19-al-25-enero\/\" rel=\"bookmark\"><img decoding=\"async\" class=\"alignleft\" title=\"Actividades culturales en Oaxaca que no te puedes perder (del 19 al 25 de enero)\" src=\"http:\/\/www.eloriente.net\/home\/wp-content\/themes\/city-desk\/timthumb.php?src=http%3A%2F%2Fwww.eloriente.net%2Fhome%2Fwp-content%2Fuploads%2F2017%2F01%2F15380744408_81f110183b_h.jpg&amp;q=90&amp;w=70&amp;h=45&amp;zc=1\" alt=\"Actividades culturales en Oaxaca que no te puedes perder (del 19 al 25 de enero)\" \/><\/a><\/p>\n<h2 class=\"posttitle \"><a title=\"Enlace Permanente a Actividades culturales en Oaxaca que no te puedes perder (del 19 al 25 de enero)\" href=\"http:\/\/www.eloriente.net\/home\/2017\/01\/19\/actividades-culturales-oaxaca-no-te-puedes-perder-del-19-al-25-enero\/\" rel=\"bookmark\">Actividades culturales en Oaxaca que no te puedes perder (del 19 al 25 de enero)<\/a><\/h2>\n<\/div>\n<p>(www.eloriente.com; M\u00e9xico a 19 de enero de 2017).- Por Jessica Lamadrid Como parte de la agenda cultura que comparte El Oriente todos lo jueves en esta ocasi\u00f3n te\u2026<\/p>\n<p class=\"postmeta\"><span class=\"meta_date\">enero 19, 2017<\/span><\/p>\n<\/div>\n\n\t\t\t  <div \n\t\t\t  \tclass = \"fb-comments\" \n\t\t\t  \tdata-href = \"http:\/\/www.eloriente.net\/home\/2017\/01\/24\/5-vacantes-contadores-martesdevacantes\/\"\n\t\t\t  \tdata-numposts = \"10\"\n\t\t\t\tdata-colorscheme = \"dark\"\n\t\t\t\tdata-order-by = \"social\"\n\t\t\t\tdata-mobile=true>\n\t\t\t  <\/div>\n\t\t  <style>\n\t\t\t.fb_iframe_widget_fluid_desktop iframe {\n\t\t\t    width: 100% !important;\n\t\t\t}\n\t\t  <\/style>\n\t\t  ","protected":false},"excerpt":{"rendered":"<p>&nbsp; (www.eloriente.net, M\u00e9xico, a 23 de enero de 2017).- Conscientes de la importancia para la ciudadan\u00eda en general de la b\u00fasqueda de nuevas oportunidades de crecimiento profesional, ponemos a tu disposici\u00f3n semanalmente ofertas de empleo disponibles por profesi\u00f3n en cualquier parte de M\u00e9xico y del mundo o, cuando as\u00ed lo amerita, exclusivamente en Oaxaca. En [&hellip;]<\/p>\n","protected":false},"author":44,"featured_media":25869,"comment_status":"open","ping_status":"open","sticky":false,"template":"","format":"standard","meta":{"_jetpack_memberships_contains_paid_content":false,"footnotes":""},"categories":[942,32,63,464,19],"tags":[4080,411,7409,4283,410,2420],"class_list":["post-46829","post","type-post","status-publish","format-standard","has-post-thumbnail","hentry","category-martesdevacantes","category-entradas","category-estados","category-oaxaca-estados","category-turismo-y-negocios","tag-martesdevacantes","tag-administracion","tag-contadoras","tag-contadores","tag-contaduria","tag-martes-de-vacantes"],"jetpack_featured_media_url":"http:\/\/www.eloriente.net\/home\/wp-content\/uploads\/2014\/05\/martes-de-vacantes.jpg","jetpack_sharing_enabled":true,"_links":{"self":[{"href":"http:\/\/www.eloriente.net\/home\/wp-json\/wp\/v2\/posts\/46829"}],"collection":[{"href":"http:\/\/www.eloriente.net\/home\/wp-json\/wp\/v2\/posts"}],"about":[{"href":"http:\/\/www.eloriente.net\/home\/wp-json\/wp\/v2\/types\/post"}],"author":[{"embeddable":true,"href":"http:\/\/www.eloriente.net\/home\/wp-json\/wp\/v2\/users\/44"}],"replies":[{"embeddable":true,"href":"http:\/\/www.eloriente.net\/home\/wp-json\/wp\/v2\/comments?post=46829"}],"version-history":[{"count":2,"href":"http:\/\/www.eloriente.net\/home\/wp-json\/wp\/v2\/posts\/46829\/revisions"}],"predecessor-version":[{"id":46834,"href":"http:\/\/www.eloriente.net\/home\/wp-json\/wp\/v2\/posts\/46829\/revisions\/46834"}],"wp:featuredmedia":[{"embeddable":true,"href":"http:\/\/www.eloriente.net\/home\/wp-json\/wp\/v2\/media\/25869"}],"wp:attachment":[{"href":"http:\/\/www.eloriente.net\/home\/wp-json\/wp\/v2\/media?parent=46829"}],"wp:term":[{"taxonomy":"category","embeddable":true,"href":"http:\/\/www.eloriente.net\/home\/wp-json\/wp\/v2\/categories?post=46829"},{"taxonomy":"post_tag","embeddable":true,"href":"http:\/\/www.eloriente.net\/home\/wp-json\/wp\/v2\/tags?post=46829"}],"curies":[{"name":"wp","href":"https:\/\/api.w.org\/{rel}","templated":true}]}}