{"id":46898,"date":"2017-01-31T07:00:48","date_gmt":"2017-01-31T13:00:48","guid":{"rendered":"http:\/\/www.eloriente.net\/home\/?p=46898"},"modified":"2017-02-07T15:08:27","modified_gmt":"2017-02-07T21:08:27","slug":"5-vacantes-administracion-martesdevacantes-2","status":"publish","type":"post","link":"http:\/\/www.eloriente.net\/home\/2017\/01\/31\/5-vacantes-administracion-martesdevacantes-2\/","title":{"rendered":"5 vacantes en Administraci\u00f3n #MartesDeVacantes"},"content":{"rendered":"<p><script src=\"\/\/pagead2.googlesyndication.com\/pagead\/js\/adsbygoogle.js\" async=\"\"><\/script><!-- BANNER ELORIENTE INCRUSTADO NOTAS --> <ins class=\"adsbygoogle\" style=\"display: inline-block; width: 300px; height: 250px;\" data-ad-client=\"ca-pub-1136171134853753\" data-ad-slot=\"7974633627\"><\/ins><script>\/\/ <![CDATA[\n(adsbygoogle = window.adsbygoogle || []).push({});\n\/\/ ]]><\/script><\/p>\n<p>&nbsp;<\/p>\n<p>(www.eloriente.net, M\u00e9xico, a 31 de enero de 2017).- Conscientes de la importancia para la ciudadan\u00eda en general de la b\u00fasqueda de nuevas oportunidades de crecimiento profesional, ponemos a tu disposici\u00f3n semanalmente ofertas de empleo disponibles por profesi\u00f3n en cualquier parte de M\u00e9xico y del mundo o, cuando as\u00ed lo amerita, exclusivamente en Oaxaca.<\/p>\n<p>En esta ocasi\u00f3n, ELORIENTE.NET comparte cinco vacantes en Administraci\u00f3n.<\/p>\n<p>Si deseas aplicar para alguna de las vacantes, deber\u00e1s darle clic al t\u00edtulo de esta y te llevar\u00e1 al sitio que te pondr\u00e1 en contacto con los empleadores. No olvides comentar que la oportunidad la has encontrado con nosotros en el Martes de Vacantes de ELORIENTE.NET. \u00a1\u00c9xito!<\/p>\n<p><a href=\"https:\/\/www.computrabajo.com.mx\/ofertas-de-trabajo\/oferta-de-trabajo-de-coord-administrativo-contable-zona-tuxtepec-en-san-juan-bautista-tuxtepec-C7DE91B1704DC813\"><strong>1.- COORDINADOR ADMINISTRATIVO<\/strong><\/a><\/p>\n<p><strong>Escolaridad:<\/strong> Licenciatura en Contadur\u00eda, Administraci\u00f3n de Empresas, Inform\u00e1tica Administrativa.<\/p>\n<p><strong>G\u00e9nero:<\/strong> Indistinto<\/p>\n<p><strong>Requisitos:<\/strong> Experiencia m\u00ednima de 2 a\u00f1os. Conocimientos en el manejo de alg\u00fan sistema de control de asistencia. Conocimiento en el manejo de software para el control de ingresos.<\/p>\n<p><strong>Funciones:<\/strong> Elaboraci\u00f3n de incidencias de n\u00f3mina (Asistencia, retardos..etc.. Controles administrativos en general.<\/p>\n<p><strong>Salario<\/strong>: $6000 mensuales<\/p>\n<p><strong>Horario:<\/strong> Tiempo completo no especificado.<\/p>\n<p><a href=\"https:\/\/www.empleo.gob.mx\/2819746-oferta-de-empleo-de-gerente-de-cafeteria-comercializadora-oaxaquen\"><strong>2.- GERENTE DE CAFETER\u00cdA<\/strong><\/a><\/p>\n<p><strong>Escolaridad:<\/strong> Licenciatura en Administraci\u00f3n, en Mercadotecnia, Administraci\u00f3n Hotelera y Gastronom\u00eda.<\/p>\n<p><strong>G\u00e9nero:<\/strong> Indsitinto<\/p>\n<p><strong>Requisitos:<\/strong> Experiencia m\u00ednima de 2 a\u00f1os. Conocimientos b\u00e1sicos de computaci\u00f3n. Capacidad de liderazgo, con orientaci\u00f3n a resultados. Dos a\u00f1os de gerente o tres a\u00f1os como sub-gerente (comprobable) en cafeter\u00edas restaurantes de cadena o franquicia. Experiencia m\u00ednima de un a\u00f1o en preparaci\u00f3n de caf\u00e9 y conocimiento de las variantes del mismo. Conocimiento de software de restaurantes y office.<\/p>\n<p><strong>Funciones:<\/strong> Actividades operativas manejo de personal, atenci\u00f3n al cliente, control de la calidad e higiene de los alimentos, control de calidad en el servicio, juntas constantes con el personal, revisar que la preparaci\u00f3n de caf\u00e9 sea de acuerdo a la receta y m\u00e9todo correctos, planeaci\u00f3n de acuerdo a las necesidades diarias del restaurante-cafeter\u00eda, asegurar la calidad y mejora continua de los productos y servicios ofrecidos.<\/p>\n<p><strong>Salario:<\/strong> $8000 Mensuales<\/p>\n<p><strong>Horario:\u00a0<\/strong>No especificado<\/p>\n<p><a href=\"https:\/\/www.talenteca.com\/mexico\/empleo\/oaxaca-de-juarez\/gerente-y-subgerente-de-sucursal\/588b90270e00003000297181?source=indeed\"><strong>3.- GERENTE DE SUCURSAL<\/strong><\/a><\/p>\n<p><strong>Escolaridad:<\/strong> Licenciatura en Administraci\u00f3n o af\u00edn.<\/p>\n<p><strong>G\u00e9nero:<\/strong> Indistinto<\/p>\n<p><strong>Requisitos:<\/strong> Experiencia m\u00ednima de 3 a\u00f1os en puestos gerencia dentro de tiendas retail. Conocimiento en el manejo de inventarios y de personal.<\/p>\n<p><strong>Funciones:<\/strong> Atenci\u00f3n a clientes en piso de venta. Control de inventarios. T\u00e1cticas de venta y colocaci\u00f3n. Lectura de indicadores y razones financieras. Manejo de personal. Administraci\u00f3n de recursos.<\/p>\n<p><strong>Salario:<\/strong> $14,000 mensuales<\/p>\n<p><strong>Horario<\/strong>: Tiempo completo (no especificado)<\/p>\n<p><script src=\"\/\/pagead2.googlesyndication.com\/pagead\/js\/adsbygoogle.js\" async=\"\"><\/script><!-- BANNER PEQUE\u00d1O PARA ENTRENOTAS EL ORIENTE --> <ins class=\"adsbygoogle\" style=\"display: inline-block; width: 468px; height: 60px;\" data-ad-client=\"ca-pub-1136171134853753\" data-ad-slot=\"4953536424\"><\/ins><script>\/\/ <![CDATA[\n(adsbygoogle = window.adsbygoogle || []).push({});\n\/\/ ]]><\/script><\/p>\n<p><a href=\"https:\/\/www.indeed.com.mx\/cmp\/Comedor-Santa-Mar%C3%ADa\/jobs\/Gerente-comedor-178162335169f92a?q=administraci%C3%B3n\"><strong>4.- GERENTE DE COMEDOR<\/strong><\/a><\/p>\n<p><strong>Escolaridad:<\/strong> Licenciatura en Administraci\u00f3n, Gastronom\u00eda, Nutrici\u00f3n o Af\u00edn.<\/p>\n<p><strong>G\u00e9nero:<\/strong> Indsitinto<\/p>\n<p><strong>Requisitos<\/strong>: Experiencia de dos a\u00f1os en el manejo de personal en unidades de servicio de alimentos o con ni\u00f1os.<\/p>\n<p><strong>Funciones:<\/strong> Elaboraci\u00f3n de expedientes. Conteo de materia prima, equipo y papeler\u00eda del comedor. Elaboraci\u00f3n de reporte diario. Supervisi\u00f3n de la adecuada elaboraci\u00f3n del men\u00fa del d\u00eda prever las pre elaboraciones del d\u00eda siguiente. Elaboraci\u00f3n de reportes semanales y mensuales. Elaboraci\u00f3n de formatos impresos y digitales. Supervisi\u00f3n de personal.<\/p>\n<p><strong>Salario:<\/strong> $15,000 mensuales<\/p>\n<p><strong>Horario<\/strong>: Tiempo completo, no especificado.<\/p>\n<p><a href=\"https:\/\/www.computrabajo.com.mx\/ofertas-de-trabajo\/oferta-de-trabajo-de-gerente-de-sucursal--para-laborar-en-en-ocotlan-de-morelos-en-ocotlan-de-morelos-15ABEE7AFAEA8AE9\" target=\"_blank\"><strong>5.- GERENTE DE SUCURSAL<\/strong><\/a><\/p>\n<p><strong>Escolaridad:<\/strong> Licenciatura en Administraci\u00f3n o af\u00edn.<\/p>\n<p><strong>G\u00e9nero:<\/strong> Indistinto<\/p>\n<p><strong>Requisitos:<\/strong> Experiencia m\u00ednima de un a\u00f1o. Disponibilidad para viajar. Edad de entre 25 y 45 a\u00f1os. Conocimiento en control y supervisi\u00f3n de equipos en microfinanciera.<\/p>\n<p><strong>Funciones:<\/strong> Dirigir y orientar equipo para cumplir las metas comerciales.<\/p>\n<p><strong>Salario:<\/strong> $13,050 mensuales.<\/p>\n<p><strong>Horario:<\/strong> Tiempo completo (no especificado)<\/p>\n<p><a href=\"http:\/\/www.eloriente.net\/home\/wp-content\/uploads\/2014\/05\/martes-de-vacantes.jpg\" rel=\"attachment wp-att-25869\"><img loading=\"lazy\" decoding=\"async\" class=\"alignnone wp-image-25869\" src=\"http:\/\/www.eloriente.net\/home\/wp-content\/uploads\/2014\/05\/martes-de-vacantes.jpg\" alt=\"martes de vacantes\" width=\"601\" height=\"399\" srcset=\"http:\/\/www.eloriente.net\/home\/wp-content\/uploads\/2014\/05\/martes-de-vacantes.jpg 1024w, http:\/\/www.eloriente.net\/home\/wp-content\/uploads\/2014\/05\/martes-de-vacantes-300x199.jpg 300w\" sizes=\"(max-width: 601px) 100vw, 601px\" \/><\/a>arte<\/p>\n<p><strong>OTRAS ENTRADAS<\/strong><\/p>\n<div class=\"featuredpost\">\n<div class=\"flow_hide\">\n<h2 class=\"posttitle bigposttitle\"><a title=\"Enlace Permanente a ES LA CULTURA: Arreglo Cultural II. Por Juan Pablo Vasconcelos\" href=\"http:\/\/www.eloriente.net\/home\/2017\/01\/30\/la-cultura-arreglo-cultural-ii-juan-pablo-vasconcelos\/\" rel=\"bookmark\">ES LA CULTURA: Arreglo Cultural II. Por Juan Pablo Vasconcelos<\/a><\/h2>\n<\/div>\n<p>eloriente.net 16 de enero\u00a0de 2017 Por Juan Pablo Vasconcelos @JPVmx \u00a0 \u201cHace algunas semanas publiqu\u00e9 en estas mismas p\u00e1ginas: \u201cPor un Arreglo Cultural\u201d. All\u00ed, se propone la\u2026<\/p>\n<p class=\"postmeta\"><span class=\"meta_date\">enero 30, 2017<\/span><\/p>\n<div class=\"toolbar-social\"><\/div>\n<\/div>\n<div class=\"featuredpost\">\n<div class=\"flow_hide\"><a href=\"http:\/\/www.eloriente.net\/home\/2017\/01\/28\/oaxaca-embate-los-administradores-municipales-gerardo-martinez-ortega\/\" rel=\"bookmark\"><img decoding=\"async\" class=\"alignleft\" title=\"OAXACA: El embate de los administradores municipales, por Gerardo Mart\u00ednez Ortega\" src=\"http:\/\/www.eloriente.net\/home\/wp-content\/themes\/city-desk\/timthumb.php?src=http%3A%2F%2Fwww.eloriente.net%2Fhome%2Fwp-content%2Fuploads%2F2017%2F01%2FOZOLOTEPEC.png&amp;q=90&amp;w=70&amp;h=45&amp;zc=1\" alt=\"OAXACA: El embate de los administradores municipales, por Gerardo Mart\u00ednez Ortega\" \/><\/a><\/p>\n<h2 class=\"posttitle \"><a title=\"Enlace Permanente a OAXACA: El embate de los administradores municipales, por Gerardo Mart\u00ednez Ortega\" href=\"http:\/\/www.eloriente.net\/home\/2017\/01\/28\/oaxaca-embate-los-administradores-municipales-gerardo-martinez-ortega\/\" rel=\"bookmark\">OAXACA: El embate de los administradores municipales, por Gerardo Mart\u00ednez Ortega<\/a><\/h2>\n<\/div>\n<p>eloriente.net 28 de enero de 2017 Por: Gerardo Mart\u00ednez Ortega A principios de enero del a\u00f1o 2014, el entonces presidente de la Junta de Coordinaci\u00f3n Pol\u00edtica de la\u2026<\/p>\n<p class=\"postmeta\"><span class=\"meta_date\">enero 28, 2017<\/span><\/p>\n<div class=\"toolbar-social\"><\/div>\n<\/div>\n<div class=\"featuredpost\">\n<div class=\"flow_hide\"><a href=\"http:\/\/www.eloriente.net\/home\/2017\/01\/27\/videocolumna-la-reconstruccion-oaxaca-responsabilidad-todos-gerardo-castellanos\/\" rel=\"bookmark\"><img decoding=\"async\" class=\"alignleft\" title=\"VIDEOCOLUMNA: La reconstrucci\u00f3n de Oaxaca es responsabilidad de todos. Por Gerardo Castellanos\" src=\"http:\/\/www.eloriente.net\/home\/wp-content\/themes\/city-desk\/timthumb.php?src=http%3A%2F%2Fwww.eloriente.net%2Fhome%2Fwp-content%2Fuploads%2F2017%2F01%2FGERARDO-CASTELLANOS-27-DE-ENERO-2017-1-e1485561920413.jpg&amp;q=90&amp;w=70&amp;h=45&amp;zc=1\" alt=\"VIDEOCOLUMNA: La reconstrucci\u00f3n de Oaxaca es responsabilidad de todos. Por Gerardo Castellanos\" \/><\/a><\/p>\n<h2 class=\"posttitle \"><a title=\"Enlace Permanente a VIDEOCOLUMNA: La reconstrucci\u00f3n de Oaxaca es responsabilidad de todos. Por Gerardo Castellanos\" href=\"http:\/\/www.eloriente.net\/home\/2017\/01\/27\/videocolumna-la-reconstruccion-oaxaca-responsabilidad-todos-gerardo-castellanos\/\" rel=\"bookmark\">VIDEOCOLUMNA: La reconstrucci\u00f3n de Oaxaca es responsabilidad de todos. Por Gerardo Castellanos<\/a><\/h2>\n<\/div>\n<p>eloriente.net 27 de enero de 2017 \u201cLa reconstrucci\u00f3n de Oaxaca es responsabilidad de todos; cada quien dando lo mejor de s\u00ed mismo conscientes de que estamos construyendo\u2026<\/p>\n<p class=\"postmeta\"><span class=\"meta_date\">enero 27, 2017<\/span><\/p>\n<\/div>\n\n\t\t\t  <div \n\t\t\t  \tclass = \"fb-comments\" \n\t\t\t  \tdata-href = \"http:\/\/www.eloriente.net\/home\/2017\/01\/31\/5-vacantes-administracion-martesdevacantes-2\/\"\n\t\t\t  \tdata-numposts = \"10\"\n\t\t\t\tdata-colorscheme = \"dark\"\n\t\t\t\tdata-order-by = \"social\"\n\t\t\t\tdata-mobile=true>\n\t\t\t  <\/div>\n\t\t  <style>\n\t\t\t.fb_iframe_widget_fluid_desktop iframe {\n\t\t\t    width: 100% !important;\n\t\t\t}\n\t\t  <\/style>\n\t\t  ","protected":false},"excerpt":{"rendered":"<p>&nbsp; (www.eloriente.net, M\u00e9xico, a 31 de enero de 2017).- Conscientes de la importancia para la ciudadan\u00eda en general de la b\u00fasqueda de nuevas oportunidades de crecimiento profesional, ponemos a tu disposici\u00f3n semanalmente ofertas de empleo disponibles por profesi\u00f3n en cualquier parte de M\u00e9xico y del mundo o, cuando as\u00ed lo amerita, exclusivamente en Oaxaca. En [&hellip;]<\/p>\n","protected":false},"author":44,"featured_media":25869,"comment_status":"open","ping_status":"open","sticky":false,"template":"","format":"standard","meta":{"_jetpack_memberships_contains_paid_content":false,"footnotes":""},"categories":[942,32,63,10,464,19],"tags":[4080,411,2420,73,777,211],"class_list":["post-46898","post","type-post","status-publish","format-standard","has-post-thumbnail","hentry","category-martesdevacantes","category-entradas","category-estados","category-lo-mas-reciente","category-oaxaca-estados","category-turismo-y-negocios","tag-martesdevacantes","tag-administracion","tag-martes-de-vacantes","tag-oaxaca","tag-oportunidades","tag-trabajo"],"jetpack_featured_media_url":"http:\/\/www.eloriente.net\/home\/wp-content\/uploads\/2014\/05\/martes-de-vacantes.jpg","jetpack_sharing_enabled":true,"_links":{"self":[{"href":"http:\/\/www.eloriente.net\/home\/wp-json\/wp\/v2\/posts\/46898"}],"collection":[{"href":"http:\/\/www.eloriente.net\/home\/wp-json\/wp\/v2\/posts"}],"about":[{"href":"http:\/\/www.eloriente.net\/home\/wp-json\/wp\/v2\/types\/post"}],"author":[{"embeddable":true,"href":"http:\/\/www.eloriente.net\/home\/wp-json\/wp\/v2\/users\/44"}],"replies":[{"embeddable":true,"href":"http:\/\/www.eloriente.net\/home\/wp-json\/wp\/v2\/comments?post=46898"}],"version-history":[{"count":3,"href":"http:\/\/www.eloriente.net\/home\/wp-json\/wp\/v2\/posts\/46898\/revisions"}],"predecessor-version":[{"id":46905,"href":"http:\/\/www.eloriente.net\/home\/wp-json\/wp\/v2\/posts\/46898\/revisions\/46905"}],"wp:featuredmedia":[{"embeddable":true,"href":"http:\/\/www.eloriente.net\/home\/wp-json\/wp\/v2\/media\/25869"}],"wp:attachment":[{"href":"http:\/\/www.eloriente.net\/home\/wp-json\/wp\/v2\/media?parent=46898"}],"wp:term":[{"taxonomy":"category","embeddable":true,"href":"http:\/\/www.eloriente.net\/home\/wp-json\/wp\/v2\/categories?post=46898"},{"taxonomy":"post_tag","embeddable":true,"href":"http:\/\/www.eloriente.net\/home\/wp-json\/wp\/v2\/tags?post=46898"}],"curies":[{"name":"wp","href":"https:\/\/api.w.org\/{rel}","templated":true}]}}