{"id":46916,"date":"2017-02-01T12:46:13","date_gmt":"2017-02-01T18:46:13","guid":{"rendered":"http:\/\/www.eloriente.net\/home\/?p=46916"},"modified":"2017-02-01T12:46:13","modified_gmt":"2017-02-01T18:46:13","slug":"cultura-reporte-arete-digital-gestion-cultural-febrero-2017","status":"publish","type":"post","link":"http:\/\/www.eloriente.net\/home\/2017\/02\/01\/cultura-reporte-arete-digital-gestion-cultural-febrero-2017\/","title":{"rendered":"CULTURA: Reporte Aret\u00e9 Digital sobre gesti\u00f3n cultural, febrero 2017"},"content":{"rendered":"<p><script src=\"\/\/pagead2.googlesyndication.com\/pagead\/js\/adsbygoogle.js\" async=\"\"><\/script><!-- BANNER ELORIENTE INCRUSTADO NOTAS --> <ins class=\"adsbygoogle\" style=\"display: inline-block; width: 300px; height: 250px;\" data-ad-client=\"ca-pub-1136171134853753\" data-ad-slot=\"7974633627\"><\/ins><script>\/\/ <![CDATA[\n(adsbygoogle = window.adsbygoogle || []).push({});\n\/\/ ]]><\/script><\/p>\n<p>&nbsp;<\/p>\n<p>(www.eloriente.net, M\u00e9xico, 1 de febrero de 2017).- La Asociaci\u00f3n Espa\u00f1ola de Gestores de Patrimonio Cultural (AEGPC) public\u00f3 su reporte mensual sobre gesti\u00f3n cultural, Aret\u00e9 Digital, noviembre 2015, en el cual muestra una s\u00edntesis sobre las actividades, convocatorias, cursos, jornadas, congresos, seminarios y noticias de la instituci\u00f3n.<\/p>\n<p>En esta edici\u00f3n destaca primeramente la <strong>18\u00aa Jornada de Conservaci\u00f3n de Arte Contempor\u00e1neo<\/strong>, organizada por el Departamento de Conservaci\u00f3n-Restauraci\u00f3n del Museo Reina Sof\u00eda, y que se llevar\u00e1 a cabo el 23 y 24 de febrero en el Edificio Nouvel, Auditorio 400 y 200. Este evento est\u00e1 dirigido a conservadores de museos, restauradores, historiadores del arte, cient\u00edficos, estudiantes y empresas del sector dedicados a la conservaci\u00f3n de obras de arte contempor\u00e1neo.<\/p>\n<p>Por otro lado tenemos el <strong>Curso en Gesti\u00f3n Cultural en el \u00c1mbito Local<\/strong>. dicho curso ofrece formaci\u00f3n en las peculiaridades de la Gesti\u00f3n Cultural en \u00c1mbito Loca. Este curso pretende incidir en la acci\u00f3n en cultura desde un concepto menos improvisado y vinculado a un concepto de ciudadan\u00eda a trav\u00e9s de la participaci\u00f3n en la vida cultural que tenga como objetivo alcanzar altos grados de bienestar y justicia social.<\/p>\n<p><script src=\"\/\/pagead2.googlesyndication.com\/pagead\/js\/adsbygoogle.js\" async=\"\"><\/script><!-- BANNER PEQUE\u00d1O PARA ENTRENOTAS EL ORIENTE --> <ins class=\"adsbygoogle\" style=\"display: inline-block; width: 468px; height: 60px;\" data-ad-client=\"ca-pub-1136171134853753\" data-ad-slot=\"4953536424\"><\/ins><script>\/\/ <![CDATA[\n(adsbygoogle = window.adsbygoogle || []).push({});\n\/\/ ]]><\/script><\/p>\n<p>Por \u00faltimo encontramos la <strong>III Conferencia Estatal de la Cultura<\/strong>, organizada por la Federaci\u00f3n Estatal de Asociaciones de Gestores Culturales (FEAGC), que tendr\u00e1 lugar los d\u00edas 8, 9 y 10 de marzo de 2017.<\/p>\n<p>Cabe recordar que el Bolet\u00edn Aret\u00e9 es producido, dise\u00f1ado y distribuido por la Asociaci\u00f3n Espa\u00f1ola de Gestores del Patrimonio Cultural y contiene noticias, convocatorias, cursos y otro contenido de inter\u00e9s para el sector.<\/p>\n<p>A continuaci\u00f3n el visor oficial y, abajo, otros boletines compartidos:<\/p>\n<p><iframe title=\"Arete digital febrero 2017\" src=\"https:\/\/e.issuu.com\/embed.html?u=aegpc&#038;d=arete_digital_febrero_2017\" style=\"border:none; width: 640px; height: 491px;\" allow=\"clipboard-write,allow-top-navigation,allow-top-navigation-by-user-activation,allow-downloads,allow-scripts,allow-same-origin,allow-popups,allow-modals,allow-popups-to-escape-sandbox,allow-forms\"  allowfullscreen=\"true\"><\/iframe><\/p>\n<p><a href=\"http:\/\/www.eloriente.net\/home\/wp-content\/uploads\/2017\/02\/5522945440_190d33eb26_b.jpg\" rel=\"attachment wp-att-46918\"><img loading=\"lazy\" decoding=\"async\" class=\"alignnone  wp-image-46918\" src=\"http:\/\/www.eloriente.net\/home\/wp-content\/uploads\/2017\/02\/5522945440_190d33eb26_b.jpg\" alt=\"Museo Reina Sof\u00eda\" width=\"600\" height=\"448\" srcset=\"http:\/\/www.eloriente.net\/home\/wp-content\/uploads\/2017\/02\/5522945440_190d33eb26_b.jpg 1024w, http:\/\/www.eloriente.net\/home\/wp-content\/uploads\/2017\/02\/5522945440_190d33eb26_b-300x224.jpg 300w, http:\/\/www.eloriente.net\/home\/wp-content\/uploads\/2017\/02\/5522945440_190d33eb26_b-768x574.jpg 768w\" sizes=\"(max-width: 600px) 100vw, 600px\" \/><\/a><\/p>\n<p><strong>OTRAS ENTRADAS<\/strong><\/p>\n<div class=\"featuredpost\">\n<div class=\"flow_hide\">\n<h2 class=\"posttitle bigposttitle\"><a title=\"Enlace Permanente a VIDEOCOLUMNA: Las aulas son para que en dulce lenguaje se forme al buen ciudadano. Por Ra\u00fal Maldonado\" href=\"http:\/\/www.eloriente.net\/home\/2017\/01\/31\/videocolumna-las-aulas-dulce-lenguaje-se-forme-al-buen-ciudadano-raul-maldonado\/\" rel=\"bookmark\">VIDEOCOLUMNA: Las aulas son para que en dulce lenguaje se forme al buen ciudadano. Por Ra\u00fal Maldonado<\/a><\/h2>\n<\/div>\n<p>eloriente.net 31 de enero de 2017 Esta semana Ra\u00fal Maldonado Mendoza reflexiona sobre los lamentables hechos ocurridos en una escuela de Monterrey hace algunos d\u00edas. Tambi\u00e9n recuerda\u2026<\/p>\n<p class=\"postmeta\"><span class=\"meta_date\">enero 31, 2017<\/span><\/p>\n<div class=\"toolbar-social\"><\/div>\n<\/div>\n<div class=\"featuredpost\">\n<div class=\"flow_hide\"><a href=\"http:\/\/www.eloriente.net\/home\/2017\/01\/31\/5-vacantes-administracion-martesdevacantes-2\/\" rel=\"bookmark\"><img decoding=\"async\" class=\"alignleft\" title=\"5 vacantes en Administraci\u00f3n #MartesDeVacantes\" src=\"http:\/\/www.eloriente.net\/home\/wp-content\/themes\/city-desk\/timthumb.php?src=http%3A%2F%2Fwww.eloriente.net%2Fhome%2Fwp-content%2Fuploads%2F2014%2F05%2Fmartes-de-vacantes.jpg&amp;q=90&amp;w=70&amp;h=45&amp;zc=1\" alt=\"5 vacantes en Administraci\u00f3n #MartesDeVacantes\" \/><\/a><\/p>\n<h2 class=\"posttitle \"><a title=\"Enlace Permanente a 5 vacantes en Administraci\u00f3n #MartesDeVacantes\" href=\"http:\/\/www.eloriente.net\/home\/2017\/01\/31\/5-vacantes-administracion-martesdevacantes-2\/\" rel=\"bookmark\">5 vacantes en Administraci\u00f3n #MartesDeVacantes<\/a><\/h2>\n<\/div>\n<p>(www.eloriente.net, M\u00e9xico, a 31 de enero de 2017).- Conscientes de la importancia para la ciudadan\u00eda en general de la b\u00fasqueda de nuevas oportunidades de crecimiento profesional, ponemos\u2026<\/p>\n<p class=\"postmeta\"><span class=\"meta_date\">enero 31, 2017<\/span><\/p>\n<div class=\"toolbar-social\"><\/div>\n<\/div>\n<div class=\"featuredpost\">\n<div class=\"flow_hide\"><a href=\"http:\/\/www.eloriente.net\/home\/2017\/01\/30\/la-cultura-arreglo-cultural-ii-juan-pablo-vasconcelos\/\" rel=\"bookmark\"><img decoding=\"async\" class=\"alignleft\" title=\"ES LA CULTURA: Arreglo Cultural II. Por Juan Pablo Vasconcelos\" src=\"http:\/\/www.eloriente.net\/home\/wp-content\/themes\/city-desk\/timthumb.php?src=http%3A%2F%2Fwww.eloriente.net%2Fhome%2Fwp-content%2Fuploads%2F2017%2F01%2F4454837260_1cb044cf49_o-e1485808193162.jpg&amp;q=90&amp;w=70&amp;h=45&amp;zc=1\" alt=\"ES LA CULTURA: Arreglo Cultural II. Por Juan Pablo Vasconcelos\" \/><\/a><\/p>\n<h2 class=\"posttitle \"><a title=\"Enlace Permanente a ES LA CULTURA: Arreglo Cultural II. Por Juan Pablo Vasconcelos\" href=\"http:\/\/www.eloriente.net\/home\/2017\/01\/30\/la-cultura-arreglo-cultural-ii-juan-pablo-vasconcelos\/\" rel=\"bookmark\">ES LA CULTURA: Arreglo Cultural II. Por Juan Pablo Vasconcelos<\/a><\/h2>\n<\/div>\n<p>eloriente.net 16 de enero\u00a0de 2017 Por Juan Pablo Vasconcelos @JPVmx \u00a0 \u201cHace algunas semanas publiqu\u00e9 en estas mismas p\u00e1ginas: \u201cPor un Arreglo Cultural\u201d. All\u00ed, se propone la\u2026<\/p>\n<p class=\"postmeta\"><span class=\"meta_date\">enero 30, 2017<\/span><\/p>\n<\/div>\n\n\t\t\t  <div \n\t\t\t  \tclass = \"fb-comments\" \n\t\t\t  \tdata-href = \"http:\/\/www.eloriente.net\/home\/2017\/02\/01\/cultura-reporte-arete-digital-gestion-cultural-febrero-2017\/\"\n\t\t\t  \tdata-numposts = \"10\"\n\t\t\t\tdata-colorscheme = \"dark\"\n\t\t\t\tdata-order-by = \"social\"\n\t\t\t\tdata-mobile=true>\n\t\t\t  <\/div>\n\t\t  <style>\n\t\t\t.fb_iframe_widget_fluid_desktop iframe {\n\t\t\t    width: 100% !important;\n\t\t\t}\n\t\t  <\/style>\n\t\t  ","protected":false},"excerpt":{"rendered":"<p>&nbsp; (www.eloriente.net, M\u00e9xico, 1 de febrero de 2017).- La Asociaci\u00f3n Espa\u00f1ola de Gestores de Patrimonio Cultural (AEGPC) public\u00f3 su reporte mensual sobre gesti\u00f3n cultural, Aret\u00e9 Digital, noviembre 2015, en el cual muestra una s\u00edntesis sobre las actividades, convocatorias, cursos, jornadas, congresos, seminarios y noticias de la instituci\u00f3n. En esta edici\u00f3n destaca primeramente la 18\u00aa Jornada [&hellip;]<\/p>\n","protected":false},"author":44,"featured_media":46918,"comment_status":"open","ping_status":"open","sticky":false,"template":"","format":"standard","meta":{"_jetpack_memberships_contains_paid_content":false,"footnotes":""},"categories":[8,1588,18,32,10],"tags":[6990,426,2559,241,110,6003,1526,7433],"class_list":{"0":"post-46916","1":"post","2":"type-post","3":"status-publish","4":"format-standard","5":"has-post-thumbnail","6":"hentry","7":"category-agenda","8":"category-comunicados-y-boletines","9":"category-educacion-y-cultura","10":"category-entradas","11":"category-lo-mas-reciente","12":"tag-6990","13":"tag-arete","14":"tag-arete-digital","15":"tag-cultura","17":"tag-febrero","18":"tag-gestion-cultural","19":"tag-museo-reina-sofia"},"jetpack_featured_media_url":"http:\/\/www.eloriente.net\/home\/wp-content\/uploads\/2017\/02\/5522945440_190d33eb26_b.jpg","jetpack_sharing_enabled":true,"_links":{"self":[{"href":"http:\/\/www.eloriente.net\/home\/wp-json\/wp\/v2\/posts\/46916"}],"collection":[{"href":"http:\/\/www.eloriente.net\/home\/wp-json\/wp\/v2\/posts"}],"about":[{"href":"http:\/\/www.eloriente.net\/home\/wp-json\/wp\/v2\/types\/post"}],"author":[{"embeddable":true,"href":"http:\/\/www.eloriente.net\/home\/wp-json\/wp\/v2\/users\/44"}],"replies":[{"embeddable":true,"href":"http:\/\/www.eloriente.net\/home\/wp-json\/wp\/v2\/comments?post=46916"}],"version-history":[{"count":1,"href":"http:\/\/www.eloriente.net\/home\/wp-json\/wp\/v2\/posts\/46916\/revisions"}],"predecessor-version":[{"id":46919,"href":"http:\/\/www.eloriente.net\/home\/wp-json\/wp\/v2\/posts\/46916\/revisions\/46919"}],"wp:featuredmedia":[{"embeddable":true,"href":"http:\/\/www.eloriente.net\/home\/wp-json\/wp\/v2\/media\/46918"}],"wp:attachment":[{"href":"http:\/\/www.eloriente.net\/home\/wp-json\/wp\/v2\/media?parent=46916"}],"wp:term":[{"taxonomy":"category","embeddable":true,"href":"http:\/\/www.eloriente.net\/home\/wp-json\/wp\/v2\/categories?post=46916"},{"taxonomy":"post_tag","embeddable":true,"href":"http:\/\/www.eloriente.net\/home\/wp-json\/wp\/v2\/tags?post=46916"}],"curies":[{"name":"wp","href":"https:\/\/api.w.org\/{rel}","templated":true}]}}