{"id":47175,"date":"2017-02-20T18:09:04","date_gmt":"2017-02-21T00:09:04","guid":{"rendered":"http:\/\/www.eloriente.net\/home\/?p=47175"},"modified":"2017-02-20T18:09:04","modified_gmt":"2017-02-21T00:09:04","slug":"oaxaca-ferias-seguridad-la-familia-buscan-reducir-indices-delictivos","status":"publish","type":"post","link":"http:\/\/www.eloriente.net\/home\/2017\/02\/20\/oaxaca-ferias-seguridad-la-familia-buscan-reducir-indices-delictivos\/","title":{"rendered":"OAXACA: Ferias de Seguridad por la Familia buscan reducir \u00edndices delictivos"},"content":{"rendered":"<p><script src=\"\/\/pagead2.googlesyndication.com\/pagead\/js\/adsbygoogle.js\" async=\"\"><\/script><!-- BANNER ELORIENTE INCRUSTADO NOTAS --> <ins class=\"adsbygoogle\" style=\"display: inline-block; width: 300px; height: 250px;\" data-ad-client=\"ca-pub-1136171134853753\" data-ad-slot=\"7974633627\"><\/ins><script>\/\/ <![CDATA[\n(adsbygoogle = window.adsbygoogle || []).push({});\n\/\/ ]]><\/script><\/p>\n<p>&nbsp;<\/p>\n<p>eloriente.net<\/p>\n<p>20 de febrero de 2017<\/p>\n<p>El Municipio de Oaxaca de Ju\u00e1rez a trav\u00e9s de la Comisi\u00f3n de Seguridad P\u00fablica y Vialidad en colaboraci\u00f3n con la Coordinaci\u00f3n Estatal Oaxaca de la Polic\u00eda Federal, llev\u00f3 a cabo la primera edici\u00f3n de la Feria de Seguridad por la Familia: \u201cJuntos por la Prevenci\u00f3n\u201d, en la explanada de la cancha de la agencia municipal de Candiani.<\/p>\n<p>Durante dicha edici\u00f3n se realizaron diversas actividades enfocadas en contribuir a reducir los \u00edndices de prevenci\u00f3n del delito y a fortalecer la convivencia familia, as\u00ed como prevenir que el individuo realice conductas delictivas o il\u00edcitas; evitar que las personas sean sujetas o v\u00edctimas de alg\u00fan delito y recuperar la confianza ante la sociedad para fortalecer el acercamiento con la gente.<\/p>\n<p><script src=\"\/\/pagead2.googlesyndication.com\/pagead\/js\/adsbygoogle.js\" async=\"\"><\/script><!-- BANNER PEQUE\u00d1O PARA ENTRENOTAS EL ORIENTE --> <ins class=\"adsbygoogle\" style=\"display: inline-block; width: 468px; height: 60px;\" data-ad-client=\"ca-pub-1136171134853753\" data-ad-slot=\"4953536424\"><\/ins><script>\/\/ <![CDATA[\n(adsbygoogle = window.adsbygoogle || []).push({});\n\/\/ ]]><\/script><\/p>\n<p>Jorge Alberto Guill\u00e9n Alcal\u00e1, Comisionado de Seguridad P\u00fablica y Vialidad, invit\u00f3 a la ciudadan\u00eda a asistir a las pr\u00f3ximas ferias deseguridad que se realizar\u00e1n cada mes en las agencias de Montoya, San Juan Chapultepec, Pueblo Nuevo, Viguera y San Mart\u00edn Mexicapan.<\/p>\n<p>Por su parte el Procurador de Gesti\u00f3n y Vinculaci\u00f3n Social, Rafael Vichido Luna declar\u00f3 que con estas ferias se genera un acercamiento con las familias pertenecientes a las diferentes agencias y se mantiene un contacto directo con la ni\u00f1ez y juventudes para advertirles de los riesgos que existen en las calles, donde los valores son las armas fundamentales para combatir la violencia urbana.<\/p>\n<p><a href=\"http:\/\/www.eloriente.net\/home\/wp-content\/uploads\/2017\/02\/FERIA-DE-SEGURIDAD-7.jpg\" rel=\"attachment wp-att-47176\"><img loading=\"lazy\" decoding=\"async\" class=\"alignnone wp-image-47176\" src=\"http:\/\/www.eloriente.net\/home\/wp-content\/uploads\/2017\/02\/FERIA-DE-SEGURIDAD-7.jpg\" alt=\"FERIA DE SEGURIDAD (7)\" width=\"600\" height=\"400\" srcset=\"http:\/\/www.eloriente.net\/home\/wp-content\/uploads\/2017\/02\/FERIA-DE-SEGURIDAD-7.jpg 2333w, http:\/\/www.eloriente.net\/home\/wp-content\/uploads\/2017\/02\/FERIA-DE-SEGURIDAD-7-300x200.jpg 300w, http:\/\/www.eloriente.net\/home\/wp-content\/uploads\/2017\/02\/FERIA-DE-SEGURIDAD-7-768x512.jpg 768w, http:\/\/www.eloriente.net\/home\/wp-content\/uploads\/2017\/02\/FERIA-DE-SEGURIDAD-7-1024x683.jpg 1024w\" sizes=\"(max-width: 600px) 100vw, 600px\" \/><\/a><\/p>\n<p><strong>OTRAS ENTRADAS<\/strong><\/p>\n<div class=\"featuredpost\">\n<div class=\"flow_hide\">\n<h2 class=\"posttitle bigposttitle\"><a title=\"Enlace Permanente a ES LA CULTURA: No siento lo mismo que t\u00fa. Por Juan Pablo Vasconcelos\" href=\"http:\/\/www.eloriente.net\/home\/2017\/02\/20\/la-cultura-no-siento-lo-juan-pablo-vasconcelos\/\" rel=\"bookmark\">ES LA CULTURA: No siento lo mismo que t\u00fa. Por Juan Pablo Vasconcelos<\/a><\/h2>\n<\/div>\n<p>eloriente.net 20 de febrero\u00a0de 2017 Por Juan Pablo Vasconcelos @JPVmx \u201cLos 500 a\u00f1os de la ciudad, que celebraremos en el 2032, es un punto de la historia\u2026<\/p>\n<p class=\"postmeta\"><span class=\"meta_date\">febrero 20, 2017<\/span><\/p>\n<div class=\"toolbar-social\"><\/div>\n<\/div>\n<div class=\"featuredpost\">\n<div class=\"flow_hide\">\n<p><a href=\"http:\/\/www.eloriente.net\/home\/2017\/02\/18\/videocolumna-breve-descripcion-la-sierra-sur-salvador-siguenza\/\" rel=\"bookmark\"><img decoding=\"async\" class=\"alignleft\" title=\"VIDEOCOLUMNA: Breve descripci\u00f3n de la Sierra Sur. Por Salvador Sig\u00fcenza\" src=\"http:\/\/www.eloriente.net\/home\/wp-content\/themes\/city-desk\/timthumb.php?src=http%3A%2F%2Fwww.eloriente.net%2Fhome%2Fwp-content%2Fuploads%2F2017%2F02%2FSALVADOR-SIGU%CC%88ENZA-18-DE-FEBRERO-2017.jpg&amp;q=90&amp;w=70&amp;h=45&amp;zc=1\" alt=\"VIDEOCOLUMNA: Breve descripci\u00f3n de la Sierra Sur. Por Salvador Sig\u00fcenza\" \/><\/a><\/p>\n<h2 class=\"posttitle \"><a title=\"Enlace Permanente a VIDEOCOLUMNA: Breve descripci\u00f3n de la Sierra Sur. Por Salvador Sig\u00fcenza\" href=\"http:\/\/www.eloriente.net\/home\/2017\/02\/18\/videocolumna-breve-descripcion-la-sierra-sur-salvador-siguenza\/\" rel=\"bookmark\">VIDEOCOLUMNA: Breve descripci\u00f3n de la Sierra Sur. Por Salvador Sig\u00fcenza<\/a><\/h2>\n<\/div>\n<p>eloriente.net 18 de febrero de 2017 De la mano del doctor Salvador Sig\u00fcenza continuamos conociendo las diferentes regiones del estado de Oaxaca. En esta ocasi\u00f3n nos presenta\u2026<\/p>\n<p class=\"postmeta\"><span class=\"meta_date\">febrero 18, 2017<\/span><\/p>\n<div class=\"toolbar-social\"><\/div>\n<\/div>\n<div class=\"featuredpost\">\n<div class=\"flow_hide\">\n<p><a href=\"http:\/\/www.eloriente.net\/home\/2017\/02\/16\/oaxaca-firman-convenios-universidades-mejorar-la-integracion-participacion-estudiantes\/\" rel=\"bookmark\"><img decoding=\"async\" class=\"alignleft\" title=\"OAXACA: Firman convenios universidades para mejorar la integraci\u00f3n y participaci\u00f3n de estudiantes\" src=\"http:\/\/www.eloriente.net\/home\/wp-content\/themes\/city-desk\/timthumb.php?src=http%3A%2F%2Fwww.eloriente.net%2Fhome%2Fwp-content%2Fuploads%2F2017%2F02%2FJAHF-CONVENIOS-CON-UNIVERSIDADES-1.jpg&amp;q=90&amp;w=70&amp;h=45&amp;zc=1\" alt=\"OAXACA: Firman convenios universidades para mejorar la integraci\u00f3n y participaci\u00f3n de estudiantes\" \/><\/a><\/p>\n<h2 class=\"posttitle \"><a title=\"Enlace Permanente a OAXACA: Firman convenios universidades para mejorar la integraci\u00f3n y participaci\u00f3n de estudiantes\" href=\"http:\/\/www.eloriente.net\/home\/2017\/02\/16\/oaxaca-firman-convenios-universidades-mejorar-la-integracion-participacion-estudiantes\/\" rel=\"bookmark\">OAXACA: Firman convenios universidades para mejorar la integraci\u00f3n y participaci\u00f3n de estudiantes<\/a><\/h2>\n<\/div>\n<p>eloriente.net 16 de febrero de 2017 El Presidente municipal de Oaxaca de Ju\u00e1rez, Jos\u00e9 Antonio Hern\u00e1ndez Fraguas firm\u00f3 convenios de colaboraci\u00f3n con rectores y directores de 17\u2026<\/p>\n<p class=\"postmeta\"><span class=\"meta_date\">febrero 16, 2017<\/span><\/p>\n<\/div>\n\n\t\t\t  <div \n\t\t\t  \tclass = \"fb-comments\" \n\t\t\t  \tdata-href = \"http:\/\/www.eloriente.net\/home\/2017\/02\/20\/oaxaca-ferias-seguridad-la-familia-buscan-reducir-indices-delictivos\/\"\n\t\t\t  \tdata-numposts = \"10\"\n\t\t\t\tdata-colorscheme = \"dark\"\n\t\t\t\tdata-order-by = \"social\"\n\t\t\t\tdata-mobile=true>\n\t\t\t  <\/div>\n\t\t  <style>\n\t\t\t.fb_iframe_widget_fluid_desktop iframe {\n\t\t\t    width: 100% !important;\n\t\t\t}\n\t\t  <\/style>\n\t\t  ","protected":false},"excerpt":{"rendered":"<p>&nbsp; eloriente.net 20 de febrero de 2017 El Municipio de Oaxaca de Ju\u00e1rez a trav\u00e9s de la Comisi\u00f3n de Seguridad P\u00fablica y Vialidad en colaboraci\u00f3n con la Coordinaci\u00f3n Estatal Oaxaca de la Polic\u00eda Federal, llev\u00f3 a cabo la primera edici\u00f3n de la Feria de Seguridad por la Familia: \u201cJuntos por la Prevenci\u00f3n\u201d, en la explanada [&hellip;]<\/p>\n","protected":false},"author":44,"featured_media":47176,"comment_status":"open","ping_status":"open","sticky":false,"template":"","format":"standard","meta":{"_jetpack_memberships_contains_paid_content":false,"footnotes":""},"categories":[4300,1588,32,63,464],"tags":[4428,4195,1683,7489,73,379],"class_list":["post-47175","post","type-post","status-publish","format-standard","has-post-thumbnail","hentry","category-comunicacion","category-comunicados-y-boletines","category-entradas","category-estados","category-oaxaca-estados","tag-boletin","tag-comunicado","tag-delito","tag-h-ayuntamiento-del-estado-de-oaxaca","tag-oaxaca","tag-prevencion"],"jetpack_featured_media_url":"http:\/\/www.eloriente.net\/home\/wp-content\/uploads\/2017\/02\/FERIA-DE-SEGURIDAD-7.jpg","jetpack_sharing_enabled":true,"_links":{"self":[{"href":"http:\/\/www.eloriente.net\/home\/wp-json\/wp\/v2\/posts\/47175"}],"collection":[{"href":"http:\/\/www.eloriente.net\/home\/wp-json\/wp\/v2\/posts"}],"about":[{"href":"http:\/\/www.eloriente.net\/home\/wp-json\/wp\/v2\/types\/post"}],"author":[{"embeddable":true,"href":"http:\/\/www.eloriente.net\/home\/wp-json\/wp\/v2\/users\/44"}],"replies":[{"embeddable":true,"href":"http:\/\/www.eloriente.net\/home\/wp-json\/wp\/v2\/comments?post=47175"}],"version-history":[{"count":1,"href":"http:\/\/www.eloriente.net\/home\/wp-json\/wp\/v2\/posts\/47175\/revisions"}],"predecessor-version":[{"id":47177,"href":"http:\/\/www.eloriente.net\/home\/wp-json\/wp\/v2\/posts\/47175\/revisions\/47177"}],"wp:featuredmedia":[{"embeddable":true,"href":"http:\/\/www.eloriente.net\/home\/wp-json\/wp\/v2\/media\/47176"}],"wp:attachment":[{"href":"http:\/\/www.eloriente.net\/home\/wp-json\/wp\/v2\/media?parent=47175"}],"wp:term":[{"taxonomy":"category","embeddable":true,"href":"http:\/\/www.eloriente.net\/home\/wp-json\/wp\/v2\/categories?post=47175"},{"taxonomy":"post_tag","embeddable":true,"href":"http:\/\/www.eloriente.net\/home\/wp-json\/wp\/v2\/tags?post=47175"}],"curies":[{"name":"wp","href":"https:\/\/api.w.org\/{rel}","templated":true}]}}