{"id":473,"date":"2012-07-09T16:08:45","date_gmt":"2012-07-09T16:08:45","guid":{"rendered":"http:\/\/www.eloriente.net\/home\/?p=473"},"modified":"2015-11-10T12:32:06","modified_gmt":"2015-11-10T18:32:06","slug":"473","status":"publish","type":"post","link":"http:\/\/www.eloriente.net\/home\/2012\/07\/09\/473\/","title":{"rendered":"Brotes de virus de influenza aviar en granjas de Jalisco"},"content":{"rendered":"<p><script src=\"\/\/pagead2.googlesyndication.com\/pagead\/js\/adsbygoogle.js\" async=\"\"><\/script><!-- BANNER ELORIENTE INCRUSTADO NOTAS --> <ins class=\"adsbygoogle\" style=\"display: inline-block; width: 300px; height: 250px;\" data-ad-client=\"ca-pub-1136171134853753\" data-ad-slot=\"7974633627\"><\/ins><script>\/\/ <![CDATA[\n(adsbygoogle = window.adsbygoogle || []).push({});\n\/\/ ]]><\/script><\/p>\n<p><a href=\"http:\/\/www.eloriente.net\/home\/wp-content\/uploads\/2012\/07\/huevos.jpg\"><img loading=\"lazy\" decoding=\"async\" class=\"aligncenter size-full wp-image-514\" title=\"huevos\" src=\"http:\/\/www.eloriente.net\/home\/wp-content\/uploads\/2012\/07\/huevos.jpg\" alt=\"\" width=\"500\" height=\"375\" srcset=\"http:\/\/www.eloriente.net\/home\/wp-content\/uploads\/2012\/07\/huevos.jpg 500w, http:\/\/www.eloriente.net\/home\/wp-content\/uploads\/2012\/07\/huevos-300x225.jpg 300w\" sizes=\"(max-width: 500px) 100vw, 500px\" \/><\/a><\/p>\n<p>Foto: <a href=\"http:\/\/www.flickr.com\/photos\/loqueveelojo\/\" target=\"_blank\">Anf\u00edfama<\/a>, <a href=\"http:\/\/creativecommons.org\/licenses\/by\/2.0\/deed.es\" target=\"_blank\">Algunos derechos reservados<\/a><\/p>\n<p>eloriente.net \/Secretar\u00eda de Econom\u00eda<\/p>\n<p>eloriente.net (Oaxaca, M\u00e9x.) 9 de Julio\/2012.\u00a0El Titular de la Secretar\u00eda de Econom\u00eda (SE), Bruno Ferrari, durante un encuentro con medios de comunicaci\u00f3n sostenido el d\u00eda 5 de julio, comunic\u00f3 los brotes de virus de influenza aviar detectados en los municipios de Tepatitl\u00e1n y Acatic en el estado de Jalisco.<\/p>\n<p>Para atender la contingencia el Servicio Nacional de Sanidad, Inocuidad y Calidad Agroalimentaria (SENASICA)\u00a0estableci\u00f3 un cord\u00f3n sanitario en granjas de las zonas afectadas, con el objetivo de diagnosticar, prevenir, controlar y erradicar el virus. Entre las medidas que se tomaron, se llev\u00f3 a cabo una revisi\u00f3n de las granjas en la regi\u00f3n donde se presentaron los primeros casos. Las 24 granjas que se detectaron con brotes del virus se encuentran ya en cuarentena y aisladas.<\/p>\n<p><script src=\"\/\/pagead2.googlesyndication.com\/pagead\/js\/adsbygoogle.js\" async=\"\"><\/script><!-- BANNER PEQUE\u00d1O PARA ENTRENOTAS EL ORIENTE --> <ins class=\"adsbygoogle\" style=\"display: inline-block; width: 468px; height: 60px;\" data-ad-client=\"ca-pub-1136171134853753\" data-ad-slot=\"4953536424\"><\/ins><script>\/\/ <![CDATA[\n(adsbygoogle = window.adsbygoogle || []).push({});\n\/\/ ]]><\/script><\/p>\n<p>Hasta el momento son 2.5 millones de aves afectadas que representan tan solo\u00a0\u00a01.7% de la parvada de gallinas productoras de huevo a nivel nacional. Por lo tanto, el abasto de huevo a todo el pa\u00eds est\u00e1 garantizado lo que indica que un aumento en el precio de este producto es injustificado.<\/p>\n<p>En d\u00edas recientes se ha observado un aumento irracional en el precio del huevo en tiendas de autoservicio, ante este hecho, la SE y la Procuradur\u00eda Federal del Consumidor (PROFECO) se han pronunciado en contra y aplicar\u00e1n las sanciones correspondientes a los responsables. Dichas dependencias han hecho un llamado a los productores a detener el fen\u00f3meno de especulaci\u00f3n y por ende, el alza desmedida e injustificada en el precio de este producto de necesidad b\u00e1sica.<\/p>\n\n\t\t\t  <div \n\t\t\t  \tclass = \"fb-comments\" \n\t\t\t  \tdata-href = \"http:\/\/www.eloriente.net\/home\/2012\/07\/09\/473\/\"\n\t\t\t  \tdata-numposts = \"10\"\n\t\t\t\tdata-colorscheme = \"dark\"\n\t\t\t\tdata-order-by = \"social\"\n\t\t\t\tdata-mobile=true>\n\t\t\t  <\/div>\n\t\t  <style>\n\t\t\t.fb_iframe_widget_fluid_desktop iframe {\n\t\t\t    width: 100% !important;\n\t\t\t}\n\t\t  <\/style>\n\t\t  ","protected":false},"excerpt":{"rendered":"<p>Foto: Anf\u00edfama, Algunos derechos reservados eloriente.net \/Secretar\u00eda de Econom\u00eda eloriente.net (Oaxaca, M\u00e9x.) 9 de Julio\/2012.\u00a0El Titular de la Secretar\u00eda de Econom\u00eda (SE), Bruno Ferrari, durante un encuentro con medios de comunicaci\u00f3n sostenido el d\u00eda 5 de julio, comunic\u00f3 los brotes de virus de influenza aviar detectados en los municipios de Tepatitl\u00e1n y Acatic en el [&hellip;]<\/p>\n","protected":false},"author":1,"featured_media":514,"comment_status":"open","ping_status":"open","sticky":false,"template":"","format":"standard","meta":{"_jetpack_memberships_contains_paid_content":false,"footnotes":""},"categories":[32,30,19],"tags":[],"class_list":["post-473","post","type-post","status-publish","format-standard","has-post-thumbnail","hentry","category-entradas","category-salud","category-turismo-y-negocios"],"jetpack_featured_media_url":"http:\/\/www.eloriente.net\/home\/wp-content\/uploads\/2012\/07\/huevos.jpg","jetpack_sharing_enabled":true,"_links":{"self":[{"href":"http:\/\/www.eloriente.net\/home\/wp-json\/wp\/v2\/posts\/473"}],"collection":[{"href":"http:\/\/www.eloriente.net\/home\/wp-json\/wp\/v2\/posts"}],"about":[{"href":"http:\/\/www.eloriente.net\/home\/wp-json\/wp\/v2\/types\/post"}],"author":[{"embeddable":true,"href":"http:\/\/www.eloriente.net\/home\/wp-json\/wp\/v2\/users\/1"}],"replies":[{"embeddable":true,"href":"http:\/\/www.eloriente.net\/home\/wp-json\/wp\/v2\/comments?post=473"}],"version-history":[{"count":17,"href":"http:\/\/www.eloriente.net\/home\/wp-json\/wp\/v2\/posts\/473\/revisions"}],"predecessor-version":[{"id":40357,"href":"http:\/\/www.eloriente.net\/home\/wp-json\/wp\/v2\/posts\/473\/revisions\/40357"}],"wp:featuredmedia":[{"embeddable":true,"href":"http:\/\/www.eloriente.net\/home\/wp-json\/wp\/v2\/media\/514"}],"wp:attachment":[{"href":"http:\/\/www.eloriente.net\/home\/wp-json\/wp\/v2\/media?parent=473"}],"wp:term":[{"taxonomy":"category","embeddable":true,"href":"http:\/\/www.eloriente.net\/home\/wp-json\/wp\/v2\/categories?post=473"},{"taxonomy":"post_tag","embeddable":true,"href":"http:\/\/www.eloriente.net\/home\/wp-json\/wp\/v2\/tags?post=473"}],"curies":[{"name":"wp","href":"https:\/\/api.w.org\/{rel}","templated":true}]}}