{"id":47329,"date":"2017-02-28T19:14:03","date_gmt":"2017-03-01T01:14:03","guid":{"rendered":"http:\/\/www.eloriente.net\/home\/?p=47329"},"modified":"2017-02-28T19:14:03","modified_gmt":"2017-03-01T01:14:03","slug":"videocolumna-135-anos-del-natalicio-jose-vasconcelos-raul-maldonado-mendoza","status":"publish","type":"post","link":"http:\/\/www.eloriente.net\/home\/2017\/02\/28\/videocolumna-135-anos-del-natalicio-jose-vasconcelos-raul-maldonado-mendoza\/","title":{"rendered":"VIDEOCOLUMNA: 135 a\u00f1os del natalicio de Jos\u00e9 Vasconcelos. Por Ra\u00fal Maldonado Mendoza"},"content":{"rendered":"<p><script src=\"\/\/pagead2.googlesyndication.com\/pagead\/js\/adsbygoogle.js\" async=\"\"><\/script><!-- BANNER ELORIENTE INCRUSTADO NOTAS --> <ins class=\"adsbygoogle\" style=\"display: inline-block; width: 300px; height: 250px;\" data-ad-client=\"ca-pub-1136171134853753\" data-ad-slot=\"7974633627\"><\/ins><script>\/\/ <![CDATA[\n(adsbygoogle = window.adsbygoogle || []).push({});\n\/\/ ]]><\/script><\/p>\n<p>&nbsp;<\/p>\n<p>eloriente.net<\/p>\n<p>28 de febrero de 2017<\/p>\n<p>A 135 a\u00f1os del nacimiento de Jos\u00e9 Vasconcelos, <a class=\"profileLink\" href=\"https:\/\/www.facebook.com\/raul.maldonadomendoza.9\" data-hovercard=\"\/ajax\/hovercard\/user.php?id=100001942230138\" data-hovercard-prefer-more-content-show=\"1\">Ra\u00fal Maldonado Mendoza<\/a> le rinde homenaje y aprovecha para platicarnos sobre el Ateneo Nacional de la Juventud Oaxaca.<\/p>\n<p><iframe loading=\"lazy\" style=\"border: none; overflow: hidden;\" src=\"https:\/\/www.facebook.com\/plugins\/video.php?href=https%3A%2F%2Fwww.facebook.com%2F443535572345554%2Fvideos%2F1464999446865823%2F&amp;show_text=0&amp;width=560\" width=\"560\" height=\"315\" frameborder=\"0\" scrolling=\"no\" allowfullscreen=\"allowfullscreen\"><\/iframe><\/p>\n<p><script src=\"\/\/pagead2.googlesyndication.com\/pagead\/js\/adsbygoogle.js\" async=\"\"><\/script><!-- BANNER PEQUE\u00d1O PARA ENTRENOTAS EL ORIENTE --> <ins class=\"adsbygoogle\" style=\"display: inline-block; width: 468px; height: 60px;\" data-ad-client=\"ca-pub-1136171134853753\" data-ad-slot=\"4953536424\"><\/ins><script>\/\/ <![CDATA[\n(adsbygoogle = window.adsbygoogle || []).push({});\n\/\/ ]]><\/script><\/p>\n<p>Ra\u00fal Maldonado Mendoza es\u00a0Licenciado en Derecho por la UABJO,\u00a0Campe\u00f3n Nacional de Oratoria\u00a0representando al Estado de Oaxaca en el Concurso\u00a0\u201cUn Siglo de Sindicalismo en M\u00e9xico\u201d, organizado por la CTM. Igualmente\u00a0Director del Programa Radiof\u00f3nico \u201cVoz, Educaci\u00f3n y Comunidad\u201d del CSEIIO. Es autor de la obra literaria \u201cPoemas a la Vida\u201d editada en disco compacto por la UABJO.<\/p>\n<p><a href=\"http:\/\/www.eloriente.net\/home\/wp-content\/uploads\/2017\/02\/RAU\u0301L-MALDONADO-MENDOZA-28-DE-FEBRERO-2017.jpg\" rel=\"attachment wp-att-47330\"><img loading=\"lazy\" decoding=\"async\" class=\"alignnone  wp-image-47330\" src=\"http:\/\/www.eloriente.net\/home\/wp-content\/uploads\/2017\/02\/RAU\u0301L-MALDONADO-MENDOZA-28-DE-FEBRERO-2017.jpg\" alt=\"RAU\u0301L MALDONADO MENDOZA 28 DE FEBRERO 2017\" width=\"601\" height=\"338\" srcset=\"http:\/\/www.eloriente.net\/home\/wp-content\/uploads\/2017\/02\/RAU\u0301L-MALDONADO-MENDOZA-28-DE-FEBRERO-2017.jpg 1920w, http:\/\/www.eloriente.net\/home\/wp-content\/uploads\/2017\/02\/RAU\u0301L-MALDONADO-MENDOZA-28-DE-FEBRERO-2017-300x169.jpg 300w, http:\/\/www.eloriente.net\/home\/wp-content\/uploads\/2017\/02\/RAU\u0301L-MALDONADO-MENDOZA-28-DE-FEBRERO-2017-768x432.jpg 768w, http:\/\/www.eloriente.net\/home\/wp-content\/uploads\/2017\/02\/RAU\u0301L-MALDONADO-MENDOZA-28-DE-FEBRERO-2017-1024x576.jpg 1024w\" sizes=\"(max-width: 601px) 100vw, 601px\" \/><\/a><\/p>\n<p><strong>OTRAS VIDEOCOLUMNAS<\/strong><\/p>\n<div id=\"post-47324\" class=\"entry loop-default border_bottom_30 post-47324 post type-post status-publish format-standard has-post-thumbnail hentry category-congreso-y-justicia category-entradas category-karina-baron category-lo-mas-reciente category-politica-y-gobierno category-videoblogs tag-corrupcion tag-diputada tag-karina-baron tag-opinion tag-trump tag-trump-mexicano tag-videocolumna\">\n<h2 class=\"entry_title\"><a title=\"Enlace Permanente a VIDEOCOLUMNA: Trump mexicano. Por Karina Bar\u00f3n\" href=\"http:\/\/www.eloriente.net\/home\/2017\/02\/28\/videocolumna-trump-mexicano-karina-baron\/\" rel=\"bookmark\">VIDEOCOLUMNA: Trump mexicano. Por Karina Bar\u00f3n<\/a><\/h2>\n<p><a href=\"http:\/\/www.eloriente.net\/home\/2017\/02\/28\/videocolumna-trump-mexicano-karina-baron\/\" rel=\"bookmark\"><img decoding=\"async\" class=\"alignleft\" title=\"VIDEOCOLUMNA: Trump mexicano. Por Karina Bar\u00f3n\" src=\"http:\/\/www.eloriente.net\/home\/wp-content\/themes\/city-desk\/timthumb.php?src=http%3A%2F%2Fwww.eloriente.net%2Fhome%2Fwp-content%2Fuploads%2F2017%2F02%2FKARINA-BARON-27-DE-FEBRERO-2017.jpg&amp;q=90&amp;w=160&amp;h=106&amp;zc=1\" alt=\"VIDEOCOLUMNA: Trump mexicano. Por Karina Bar\u00f3n\" \/><\/a>\u00a0 eloriente.net 28 de febrero de 2017 \u201cYa de Trump nada sorprende: el muro, las persecuciones a paisanos, las agresiones, la violencia y la intolerancia. Recientemente, tambi\u00e9n los ataques a la libertad de expresi\u00f3n y a la prensa.\u201d Karina Bar\u00f3n en esta videocolumna nos expone la idea de que en M\u00e9xico, hemos tenido gobernantes iguales [\u2026]<\/p>\n<div class=\"toolbar-social\">\n<div class=\"social-widget\">\n<div id=\"sharing-widget\"><\/div>\n<\/div>\n<\/div>\n<p class=\"postmeta\"><span class=\"meta_date\">febrero 28, 2017<\/span><\/p>\n<\/div>\n<div id=\"post-47252\" class=\"entry loop-default border_bottom_30 post-47252 post type-post status-publish format-standard has-post-thumbnail hentry category-canal-1-tu-aula category-educacion-y-cultura category-entradas category-estados category-historia category-oaxaca-estados category-salvador-siguenza-orozco category-videoblogs tag-carretera-panamericana tag-historia tag-oaxaca tag-salvador-siguenza-orozco tag-viceocolumna\">\n<h2 class=\"entry_title\"><a title=\"Enlace Permanente a VIDEOCOLUMNA: La Carretera Panamericana. Por Salvador Sig\u00fcenza Orozco\" href=\"http:\/\/www.eloriente.net\/home\/2017\/02\/25\/videocolumna-la-carretera-panamericana-salvador-siguenza-orozco\/\" rel=\"bookmark\">VIDEOCOLUMNA: La Carretera Panamericana. Por Salvador Sig\u00fcenza Orozco<\/a><\/h2>\n<p><a href=\"http:\/\/www.eloriente.net\/home\/2017\/02\/25\/videocolumna-la-carretera-panamericana-salvador-siguenza-orozco\/\" rel=\"bookmark\"><img decoding=\"async\" class=\"alignleft\" title=\"VIDEOCOLUMNA: La Carretera Panamericana. Por Salvador Sig\u00fcenza Orozco\" src=\"http:\/\/www.eloriente.net\/home\/wp-content\/themes\/city-desk\/timthumb.php?src=http%3A%2F%2Fwww.eloriente.net%2Fhome%2Fwp-content%2Fuploads%2F2017%2F02%2FSALVADOR-SIGN%CC%83UENZA-25-DE-FEBRERO-2017.jpg&amp;q=90&amp;w=160&amp;h=106&amp;zc=1\" alt=\"VIDEOCOLUMNA: La Carretera Panamericana. Por Salvador Sig\u00fcenza Orozco\" \/><\/a>\u00a0 eloriente.net 25 de febrero de 2017 \u201cLa Carretera Panamericana o Crist\u00f3bal Col\u00f3n, es un conjunto de carreteras que se extiende por m\u00e1s de 25 mil kil\u00f3metros y une a la mayor\u00eda de los pa\u00edses de la parte occidental del continente americano\u201d. Aprende m\u00e1s sobre esta carretera y su importancia en el desarrollo de Oaxaca [\u2026]<\/p>\n<div class=\"toolbar-social\">\n<div class=\"social-widget\">\n<div id=\"sharing-widget\"><\/div>\n<\/div>\n<\/div>\n<p class=\"postmeta\"><span class=\"meta_date\">febrero 25, 2017<\/span><\/p>\n<\/div>\n<div id=\"post-47227\" class=\"entry loop-default border_bottom_30 post-47227 post type-post status-publish format-standard has-post-thumbnail hentry category-viernesdefelicidad category-educacion-y-cultura category-entradas category-especiales category-salud-y-estilo-de-vida category-lo-mas-reciente category-ursula-woolrich category-videoblogs tag-amarse-en-la-diferencia tag-amor tag-bienestar tag-diferencia tag-ursula-woolrich tag-videocolumna\">\n<h2 class=\"entry_title\"><a title=\"Enlace Permanente a VIDEOCOLUMNA: Amarse en la diferencia (parte2). Por \u00darsula Woolrich\" href=\"http:\/\/www.eloriente.net\/home\/2017\/02\/23\/videocolumna-amarse-la-diferencia-parte2-ursula-woolrich\/\" rel=\"bookmark\">VIDEOCOLUMNA: Amarse en la diferencia (parte2). Por \u00darsula Woolrich<\/a><\/h2>\n<p><a href=\"http:\/\/www.eloriente.net\/home\/2017\/02\/23\/videocolumna-amarse-la-diferencia-parte2-ursula-woolrich\/\" rel=\"bookmark\"><img decoding=\"async\" class=\"alignleft\" title=\"VIDEOCOLUMNA: Amarse en la diferencia (parte2). Por \u00darsula Woolrich\" src=\"http:\/\/www.eloriente.net\/home\/wp-content\/themes\/city-desk\/timthumb.php?src=http%3A%2F%2Fwww.eloriente.net%2Fhome%2Fwp-content%2Fuploads%2F2017%2F02%2FU%CC%81RSULA-WOOLRICH-23-DE-FEBRERO-2017.jpg&amp;q=90&amp;w=160&amp;h=106&amp;zc=1\" alt=\"VIDEOCOLUMNA: Amarse en la diferencia (parte2). Por \u00darsula Woolrich\" \/><\/a>\u00a0 eloriente.net 23 de febrero de 2017 Esta semana Ursula Woolrich nos contin\u00faa hablando sobre el libro \u201cEl amor inteligente en la vida de pareja\u201d de Battista Borsato. En esta segunda videocolumna nos habla del tema 2 del cap\u00edtula titulado: \u201cAmarse en la diferencia\u201d. \u00darsula Woolrich es Psic\u00f3loga con estudios de maestr\u00eda en educaci\u00f3n superior. [\u2026]<\/p>\n<\/div>\n\n\t\t\t  <div \n\t\t\t  \tclass = \"fb-comments\" \n\t\t\t  \tdata-href = \"http:\/\/www.eloriente.net\/home\/2017\/02\/28\/videocolumna-135-anos-del-natalicio-jose-vasconcelos-raul-maldonado-mendoza\/\"\n\t\t\t  \tdata-numposts = \"10\"\n\t\t\t\tdata-colorscheme = \"dark\"\n\t\t\t\tdata-order-by = \"social\"\n\t\t\t\tdata-mobile=true>\n\t\t\t  <\/div>\n\t\t  <style>\n\t\t\t.fb_iframe_widget_fluid_desktop iframe {\n\t\t\t    width: 100% !important;\n\t\t\t}\n\t\t  <\/style>\n\t\t  ","protected":false},"excerpt":{"rendered":"<p>&nbsp; eloriente.net 28 de febrero de 2017 A 135 a\u00f1os del nacimiento de Jos\u00e9 Vasconcelos, Ra\u00fal Maldonado Mendoza le rinde homenaje y aprovecha para platicarnos sobre el Ateneo Nacional de la Juventud Oaxaca. Ra\u00fal Maldonado Mendoza es\u00a0Licenciado en Derecho por la UABJO,\u00a0Campe\u00f3n Nacional de Oratoria\u00a0representando al Estado de Oaxaca en el Concurso\u00a0\u201cUn Siglo de Sindicalismo [&hellip;]<\/p>\n","protected":false},"author":44,"featured_media":47330,"comment_status":"open","ping_status":"open","sticky":false,"template":"","format":"standard","meta":{"_jetpack_memberships_contains_paid_content":false,"footnotes":""},"categories":[18,32,63,464,6884,98],"tags":[7530,3395,6889,6224],"class_list":["post-47329","post","type-post","status-publish","format-standard","has-post-thumbnail","hentry","category-educacion-y-cultura","category-entradas","category-estados","category-oaxaca-estados","category-raul-cruz-maldonado","category-videoblogs","tag-ateneo","tag-jose-vasconcelos","tag-raul-maldonado","tag-videocolumna"],"jetpack_featured_media_url":"http:\/\/www.eloriente.net\/home\/wp-content\/uploads\/2017\/02\/RAU\u0301L-MALDONADO-MENDOZA-28-DE-FEBRERO-2017.jpg","jetpack_sharing_enabled":true,"_links":{"self":[{"href":"http:\/\/www.eloriente.net\/home\/wp-json\/wp\/v2\/posts\/47329"}],"collection":[{"href":"http:\/\/www.eloriente.net\/home\/wp-json\/wp\/v2\/posts"}],"about":[{"href":"http:\/\/www.eloriente.net\/home\/wp-json\/wp\/v2\/types\/post"}],"author":[{"embeddable":true,"href":"http:\/\/www.eloriente.net\/home\/wp-json\/wp\/v2\/users\/44"}],"replies":[{"embeddable":true,"href":"http:\/\/www.eloriente.net\/home\/wp-json\/wp\/v2\/comments?post=47329"}],"version-history":[{"count":1,"href":"http:\/\/www.eloriente.net\/home\/wp-json\/wp\/v2\/posts\/47329\/revisions"}],"predecessor-version":[{"id":47331,"href":"http:\/\/www.eloriente.net\/home\/wp-json\/wp\/v2\/posts\/47329\/revisions\/47331"}],"wp:featuredmedia":[{"embeddable":true,"href":"http:\/\/www.eloriente.net\/home\/wp-json\/wp\/v2\/media\/47330"}],"wp:attachment":[{"href":"http:\/\/www.eloriente.net\/home\/wp-json\/wp\/v2\/media?parent=47329"}],"wp:term":[{"taxonomy":"category","embeddable":true,"href":"http:\/\/www.eloriente.net\/home\/wp-json\/wp\/v2\/categories?post=47329"},{"taxonomy":"post_tag","embeddable":true,"href":"http:\/\/www.eloriente.net\/home\/wp-json\/wp\/v2\/tags?post=47329"}],"curies":[{"name":"wp","href":"https:\/\/api.w.org\/{rel}","templated":true}]}}