{"id":47334,"date":"2017-03-02T09:12:35","date_gmt":"2017-03-02T15:12:35","guid":{"rendered":"http:\/\/www.eloriente.net\/home\/?p=47334"},"modified":"2017-03-02T12:12:26","modified_gmt":"2017-03-02T18:12:26","slug":"actividades-culturales-oaxaca-no-te-puedes-perder-del-2-al-8-marzo","status":"publish","type":"post","link":"http:\/\/www.eloriente.net\/home\/2017\/03\/02\/actividades-culturales-oaxaca-no-te-puedes-perder-del-2-al-8-marzo\/","title":{"rendered":"Actividades culturales en Oaxaca que no te puedes perder ( del 2 al 8 de marzo)"},"content":{"rendered":"<p><!-- BANNER ELORIENTE INCRUSTADO NOTAS --> <ins class=\"adsbygoogle\" style=\"width: 300px; height: 250px;\"><\/ins><\/p>\n<p>(www.eloriente.net; M\u00e9xico a 2 de marzo de 2017).- Por Jessica Lamadrid<\/p>\n<p>Como todos los jueves El Oriente te comparte 5 actividades culturales que puedes realizar dentro de la ciudad de Oaxaca en los distintos centros culturales que hay en la misma. En esta ocasi\u00f3n te compartimos proyecciones, presentaciones de libros, conciertos, exposiciones y obras de teatros.<\/p>\n<p>&nbsp;<\/p>\n<h2>1.- \u00a0SNICHIMAL VAYUCHIL \u00abSue\u00f1o Florido\u00bb<\/h2>\n<p>El <a href=\"https:\/\/www.facebook.com\/IAGOmx\/\" target=\"_blank\">Instituto de Artes Gr\u00e1ficas de Oaxaca<\/a> realizar\u00e1 este dos de marzo la presentaci\u00f3n de la Antolog\u00eda de Poes\u00eda SNICHIMAL VAYUCHIL \u00abSue\u00f1o Florido\u00bb una recopilaci\u00f3n del trabajo en poes\u00eda experimental en bats&#8217;i k&#8217;op (tsotsil).<\/p>\n<p>La actividad es gratuita y dar\u00e1 inicio a las 7 de la tarde de ese d\u00eda, en la sede IAGO Alacal\u00e1, la cual estar\u00e1 a cargo de los mismos autores Xun Betan, Susi Bentsulul, Manu Pukuj, Rolav, Candelaria \u00c1lvares, Tino S\u00e1ntiz y Cecilia D\u00edaz.<\/p>\n<p><a href=\"http:\/\/www.eloriente.net\/home\/wp-content\/uploads\/2017\/03\/16938787_1483873118313725_1252637180781906987_n.jpg\" rel=\"attachment wp-att-47335\"><img loading=\"lazy\" decoding=\"async\" class=\" wp-image-47335 aligncenter\" src=\"http:\/\/www.eloriente.net\/home\/wp-content\/uploads\/2017\/03\/16938787_1483873118313725_1252637180781906987_n.jpg\" alt=\"16938787_1483873118313725_1252637180781906987_n\" width=\"471\" height=\"254\" srcset=\"http:\/\/www.eloriente.net\/home\/wp-content\/uploads\/2017\/03\/16938787_1483873118313725_1252637180781906987_n.jpg 960w, http:\/\/www.eloriente.net\/home\/wp-content\/uploads\/2017\/03\/16938787_1483873118313725_1252637180781906987_n-300x162.jpg 300w, http:\/\/www.eloriente.net\/home\/wp-content\/uploads\/2017\/03\/16938787_1483873118313725_1252637180781906987_n-768x414.jpg 768w\" sizes=\"(max-width: 471px) 100vw, 471px\" \/><\/a><\/p>\n<p>&nbsp;<\/p>\n<h2>2.-\u00a0Kamishibai de El Libro-fantasma de El libro uruguayo de los muertos<\/h2>\n<div class=\"_xlr\"><span id=\"fbPhotoSnowliftCaption\" class=\"fbPhotosPhotoCaption\"><span class=\"hasCaption\">El s\u00e1bado 4 de marzo dar\u00e1 inicio la Muestra Regional de Teatro Zona Centro presentando la obra \u00abKamishibai de El Libro-fantasma de El libro uruguayo de los muertos\u00bb de Mario Ballat\u00edn en el Teatro Benito Ju\u00e1rez ubicado en Avenida Ju\u00e1rez, ruta Independencia n\u00famero #703.<br \/>\n<\/span><\/span><\/div>\n<div class=\"_xlr\"><\/div>\n<div class=\"_xlr\"><span id=\"fbPhotoSnowliftCaption\" class=\"fbPhotosPhotoCaption\"><span class=\"hasCaption\">El horario de las funciones ser\u00e1 de 6:00 de la tarde y \u00a0de 8:00 de la noche, el director de estas obras de teatro es\u00a0<a href=\"https:\/\/www.facebook.com\/saullopezvelarde\">Sa\u00fal L\u00f3pez Velarde<\/a>.<\/span><\/span><\/div>\n<p><a href=\"http:\/\/www.eloriente.net\/home\/wp-content\/uploads\/2017\/03\/17015712_10202717771382615_3276422958937851442_o.jpg\" rel=\"attachment wp-att-47337\"><img loading=\"lazy\" decoding=\"async\" class=\" wp-image-47337 aligncenter\" src=\"http:\/\/www.eloriente.net\/home\/wp-content\/uploads\/2017\/03\/17015712_10202717771382615_3276422958937851442_o.jpg\" alt=\"17015712_10202717771382615_3276422958937851442_o\" width=\"341\" height=\"531\" srcset=\"http:\/\/www.eloriente.net\/home\/wp-content\/uploads\/2017\/03\/17015712_10202717771382615_3276422958937851442_o.jpg 617w, http:\/\/www.eloriente.net\/home\/wp-content\/uploads\/2017\/03\/17015712_10202717771382615_3276422958937851442_o-193x300.jpg 193w\" sizes=\"(max-width: 341px) 100vw, 341px\" \/><\/a><\/p>\n<p>&nbsp;<\/p>\n<h2>3.- D\u00eda Internacional de las lenguas maternas<\/h2>\n<p>El Centro Fotogr\u00e1fico Manuel \u00c1lvarez Bravo ha dado inicio al ciclo de cine \u00abD\u00eda Internacional de las lenguas maternas\u00bb este marzo 2017; presentando el film \u00abSan Juan Copala, Chuman\u00b4a Aut\u00f3nomo\u00bb \u00a0dirigido por Karina Rodr\u00edguez y No\u00e9\u00a0Rojas como parte de este ciclo.<\/p>\n<p>La proyecci\u00f3n ser\u00e1 el d\u00eda mi\u00e9rcoles 8 a las 7 de la noche en el Centro Fotogr\u00e1fico, la entrada es gratuita y abierta a todo p\u00fablico.<\/p>\n<p>&nbsp;<\/p>\n<p><a href=\"http:\/\/www.eloriente.net\/home\/wp-content\/uploads\/2017\/03\/17022506_10155124990737754_3676139425573982268_n.jpg\" rel=\"attachment wp-att-47340\"><img loading=\"lazy\" decoding=\"async\" class=\" wp-image-47340 aligncenter\" src=\"http:\/\/www.eloriente.net\/home\/wp-content\/uploads\/2017\/03\/17022506_10155124990737754_3676139425573982268_n.jpg\" alt=\"17022506_10155124990737754_3676139425573982268_n\" width=\"351\" height=\"543\" srcset=\"http:\/\/www.eloriente.net\/home\/wp-content\/uploads\/2017\/03\/17022506_10155124990737754_3676139425573982268_n.jpg 621w, http:\/\/www.eloriente.net\/home\/wp-content\/uploads\/2017\/03\/17022506_10155124990737754_3676139425573982268_n-194x300.jpg 194w\" sizes=\"(max-width: 351px) 100vw, 351px\" \/><\/a><\/p>\n<p><!-- BANNER PEQUE\u00d1O PARA ENTRENOTAS EL ORIENTE --> <ins class=\"adsbygoogle\" style=\"width: 468px; height: 60px;\"><\/ins><\/p>\n<h2>4.- Mezcal<\/h2>\n<p>El d\u00eda viernes 3 de marzo se llevar\u00e1 a cabo la inauguraci\u00f3n de la exposici\u00f3n fotogr\u00e1fica \u00abMezcal\u00bb trabajo realizado por alumnos de la Universidad Mesoamericana de la licenciatura en Comunicaci\u00f3n.<\/p>\n<p>El evento iniciar\u00e1 a las 19:00 horas en la Galer\u00eda Alfonso Rivas de la Casa de la Cultura Oaxaque\u00f1a, la entrada al evento es gratuita.<\/p>\n<p><a href=\"http:\/\/www.eloriente.net\/home\/wp-content\/uploads\/2017\/03\/16939495_1220125348094368_1693984788782165087_n.jpg\" rel=\"attachment wp-att-47346\"><img loading=\"lazy\" decoding=\"async\" class=\" wp-image-47346 aligncenter\" src=\"http:\/\/www.eloriente.net\/home\/wp-content\/uploads\/2017\/03\/16939495_1220125348094368_1693984788782165087_n.jpg\" alt=\"16939495_1220125348094368_1693984788782165087_n\" width=\"443\" height=\"287\" srcset=\"http:\/\/www.eloriente.net\/home\/wp-content\/uploads\/2017\/03\/16939495_1220125348094368_1693984788782165087_n.jpg 960w, http:\/\/www.eloriente.net\/home\/wp-content\/uploads\/2017\/03\/16939495_1220125348094368_1693984788782165087_n-300x194.jpg 300w, http:\/\/www.eloriente.net\/home\/wp-content\/uploads\/2017\/03\/16939495_1220125348094368_1693984788782165087_n-768x497.jpg 768w\" sizes=\"(max-width: 443px) 100vw, 443px\" \/><\/a><\/p>\n<p>&nbsp;<\/p>\n<h2>5.- Concierto y Narraciones<\/h2>\n<p>El s\u00e1bado 4 de este mes la Biblioteca Infantil BS ofrecer\u00e1 un concierto para ni\u00f1os de la banda \u00abPuro Berrinche\u00bb a las 12 horas del d\u00eda, siendo la entrada libre.<\/p>\n<p>La banda esta conformada por Esteban Mart\u00ednez (voz y viol\u00edn), Irving Cruz (voz y percusiones) y Eduardo Ram\u00edrez (voz y guitarra ac\u00fastica); quienes a trav\u00e9s de distintas din\u00e1micas logran conectarse con el p\u00fablico infantil.<\/p>\n<p><a href=\"http:\/\/www.eloriente.net\/home\/wp-content\/uploads\/2017\/03\/16996304_793109640851359_4074326620684189383_n.jpg\" rel=\"attachment wp-att-47349\"><img loading=\"lazy\" decoding=\"async\" class=\" wp-image-47349 aligncenter\" src=\"http:\/\/www.eloriente.net\/home\/wp-content\/uploads\/2017\/03\/16996304_793109640851359_4074326620684189383_n.jpg\" alt=\"16996304_793109640851359_4074326620684189383_n\" width=\"354\" height=\"547\" srcset=\"http:\/\/www.eloriente.net\/home\/wp-content\/uploads\/2017\/03\/16996304_793109640851359_4074326620684189383_n.jpg 621w, http:\/\/www.eloriente.net\/home\/wp-content\/uploads\/2017\/03\/16996304_793109640851359_4074326620684189383_n-194x300.jpg 194w\" sizes=\"(max-width: 354px) 100vw, 354px\" \/><\/a><\/p>\n<p>&nbsp;<\/p>\n<p>&nbsp;<\/p>\n<h2>ENTRADAS<\/h2>\n<div class=\"featuredpost\">\n<div class=\"flow_hide\">\n<h2 class=\"posttitle bigposttitle\"><a title=\"Enlace Permanente a #UnOrienteVerde \u00bfSabes d\u00f3nde est\u00e1n los centros de acopio de desechos y materiales reciclados en Oaxaca?\" href=\"http:\/\/www.eloriente.net\/home\/2017\/03\/01\/unorienteverde-sabes-donde-estan-los-centros-acopio-desechos-materiales-reciclados-oaxaca\/\" rel=\"bookmark\">#UnOrienteVerde \u00bfSabes d\u00f3nde est\u00e1n los centros de acopio de desechos y materiales reciclados en Oaxaca?<\/a><\/h2>\n<\/div>\n<p>(www.eloriente.net; M\u00e9xico a 1 de marzo de 2017).- Por Jessica Lamadrid En ocasiones cuando decidimos comenzar a reciclar la basura que sacamos como el pl\u00e1stico, el PET, cart\u00f3n\u2026<\/p>\n<p class=\"postmeta\"><span class=\"meta_date\">marzo 1, 2017<\/span><\/p>\n<p class=\"postmeta\">\n<\/div>\n<div class=\"featuredpost\">\n<div class=\"flow_hide\">\n<p><a href=\"http:\/\/www.eloriente.net\/home\/2017\/02\/28\/videocolumna-135-anos-del-natalicio-jose-vasconcelos-raul-maldonado-mendoza\/\" rel=\"bookmark\"><img decoding=\"async\" class=\"alignleft\" title=\"VIDEOCOLUMNA: 135 a\u00f1os del natalicio de Jos\u00e9 Vasconcelos. Por Ra\u00fal Maldonado Mendoza\" src=\"http:\/\/www.eloriente.net\/home\/wp-content\/themes\/city-desk\/timthumb.php?src=http%3A%2F%2Fwww.eloriente.net%2Fhome%2Fwp-content%2Fuploads%2F2017%2F02%2FRAU%CC%81L-MALDONADO-MENDOZA-28-DE-FEBRERO-2017.jpg&amp;q=90&amp;w=70&amp;h=45&amp;zc=1\" alt=\"VIDEOCOLUMNA: 135 a\u00f1os del natalicio de Jos\u00e9 Vasconcelos. Por Ra\u00fal Maldonado Mendoza\" \/><\/a><\/p>\n<h2 class=\"posttitle \"><a title=\"Enlace Permanente a VIDEOCOLUMNA: 135 a\u00f1os del natalicio de Jos\u00e9 Vasconcelos. Por Ra\u00fal Maldonado Mendoza\" href=\"http:\/\/www.eloriente.net\/home\/2017\/02\/28\/videocolumna-135-anos-del-natalicio-jose-vasconcelos-raul-maldonado-mendoza\/\" rel=\"bookmark\">VIDEOCOLUMNA: 135 a\u00f1os del natalicio de Jos\u00e9 Vasconcelos. Por Ra\u00fal Maldonado Mendoza<\/a><\/h2>\n<\/div>\n<p>eloriente.net 28 de febrero de 2017 A 135 a\u00f1os del nacimiento de Jos\u00e9 Vasconcelos, Ra\u00fal Maldonado Mendoza le rinde homenaje y aprovecha para platicarnos sobre el Ateneo\u2026<\/p>\n<p class=\"postmeta\"><span class=\"meta_date\">febrero 28, 2017<\/span><\/p>\n<p class=\"postmeta\">\n<\/div>\n<div class=\"featuredpost\">\n<div class=\"flow_hide\">\n<p><a href=\"http:\/\/www.eloriente.net\/home\/2017\/02\/28\/audio-inso-publica-palabra-natural-aprender\/\" rel=\"bookmark\"><img decoding=\"async\" class=\"alignleft\" title=\"AUDIO: INSO publica \u201cPalabra Natural\u201d, Aprender\" src=\"http:\/\/www.eloriente.net\/home\/wp-content\/themes\/city-desk\/timthumb.php?src=http%3A%2F%2Fwww.eloriente.net%2Fhome%2Fwp-content%2Fuploads%2F2015%2F09%2FEducaci%C3%B3n-1.jpg&amp;q=90&amp;w=70&amp;h=45&amp;zc=1\" alt=\"AUDIO: INSO publica \u201cPalabra Natural\u201d, Aprender\" \/><\/a><\/p>\n<h2 class=\"posttitle \"><a title=\"Enlace Permanente a AUDIO: INSO publica \u201cPalabra Natural\u201d, Aprender\" href=\"http:\/\/www.eloriente.net\/home\/2017\/02\/28\/audio-inso-publica-palabra-natural-aprender\/\" rel=\"bookmark\">AUDIO: INSO publica \u201cPalabra Natural\u201d, Aprender<\/a><\/h2>\n<\/div>\n<p>eloriente.net\/INSO 28 de febrero\u00a0de 2017 El Instituto de la Naturaleza y la Sociedad de Oaxaca A.C. (INSO), nos presenta nuevamente su programa de 15 minutos titulado \u201cPalabra\u2026<\/p>\n<p class=\"postmeta\"><span class=\"meta_date\">febrero 28, 2017<\/span><\/p>\n<\/div>\n\n\t\t\t  <div \n\t\t\t  \tclass = \"fb-comments\" \n\t\t\t  \tdata-href = \"http:\/\/www.eloriente.net\/home\/2017\/03\/02\/actividades-culturales-oaxaca-no-te-puedes-perder-del-2-al-8-marzo\/\"\n\t\t\t  \tdata-numposts = \"10\"\n\t\t\t\tdata-colorscheme = \"dark\"\n\t\t\t\tdata-order-by = \"social\"\n\t\t\t\tdata-mobile=true>\n\t\t\t  <\/div>\n\t\t  <style>\n\t\t\t.fb_iframe_widget_fluid_desktop iframe {\n\t\t\t    width: 100% !important;\n\t\t\t}\n\t\t  <\/style>\n\t\t  ","protected":false},"excerpt":{"rendered":"<p>(www.eloriente.net; M\u00e9xico a 2 de marzo de 2017).- Por Jessica Lamadrid Como todos los jueves El Oriente te comparte 5 actividades culturales que puedes realizar dentro de la ciudad de Oaxaca en los distintos centros culturales que hay en la misma. En esta ocasi\u00f3n te compartimos proyecciones, presentaciones de libros, conciertos, exposiciones y obras de [&hellip;]<\/p>\n","protected":false},"author":45,"featured_media":47342,"comment_status":"open","ping_status":"open","sticky":false,"template":"","format":"standard","meta":{"_jetpack_memberships_contains_paid_content":false,"footnotes":""},"categories":[8,32,10,464,31],"tags":[7531,858,1032,241,73],"class_list":["post-47334","post","type-post","status-publish","format-standard","has-post-thumbnail","hentry","category-agenda","category-entradas","category-lo-mas-reciente","category-oaxaca-estados","category-principal","tag-a-donde-ir","tag-actividades","tag-agenda-2","tag-cultura","tag-oaxaca"],"jetpack_featured_media_url":"http:\/\/www.eloriente.net\/home\/wp-content\/uploads\/2017\/03\/theatre-1093862_1920.jpg","jetpack_sharing_enabled":true,"_links":{"self":[{"href":"http:\/\/www.eloriente.net\/home\/wp-json\/wp\/v2\/posts\/47334"}],"collection":[{"href":"http:\/\/www.eloriente.net\/home\/wp-json\/wp\/v2\/posts"}],"about":[{"href":"http:\/\/www.eloriente.net\/home\/wp-json\/wp\/v2\/types\/post"}],"author":[{"embeddable":true,"href":"http:\/\/www.eloriente.net\/home\/wp-json\/wp\/v2\/users\/45"}],"replies":[{"embeddable":true,"href":"http:\/\/www.eloriente.net\/home\/wp-json\/wp\/v2\/comments?post=47334"}],"version-history":[{"count":5,"href":"http:\/\/www.eloriente.net\/home\/wp-json\/wp\/v2\/posts\/47334\/revisions"}],"predecessor-version":[{"id":47360,"href":"http:\/\/www.eloriente.net\/home\/wp-json\/wp\/v2\/posts\/47334\/revisions\/47360"}],"wp:featuredmedia":[{"embeddable":true,"href":"http:\/\/www.eloriente.net\/home\/wp-json\/wp\/v2\/media\/47342"}],"wp:attachment":[{"href":"http:\/\/www.eloriente.net\/home\/wp-json\/wp\/v2\/media?parent=47334"}],"wp:term":[{"taxonomy":"category","embeddable":true,"href":"http:\/\/www.eloriente.net\/home\/wp-json\/wp\/v2\/categories?post=47334"},{"taxonomy":"post_tag","embeddable":true,"href":"http:\/\/www.eloriente.net\/home\/wp-json\/wp\/v2\/tags?post=47334"}],"curies":[{"name":"wp","href":"https:\/\/api.w.org\/{rel}","templated":true}]}}