{"id":47377,"date":"2017-03-04T13:57:36","date_gmt":"2017-03-04T19:57:36","guid":{"rendered":"http:\/\/www.eloriente.net\/home\/?p=47377"},"modified":"2017-03-04T14:25:28","modified_gmt":"2017-03-04T20:25:28","slug":"tuaula-mujeres-cientificas-marcado-la-historia","status":"publish","type":"post","link":"http:\/\/www.eloriente.net\/home\/2017\/03\/04\/tuaula-mujeres-cientificas-marcado-la-historia\/","title":{"rendered":"#TuAula  Mujeres cient\u00edficas que han marcado la historia"},"content":{"rendered":"<p><!-- BANNER ELORIENTE INCRUSTADO NOTAS --> <ins class=\"adsbygoogle\" style=\"width: 300px;height: 250px\"><\/ins><\/p>\n<p>(www.eloriente.net; M\u00e9xico a 4 de marzo de 2017).- Por Jessica Lamadrid<\/p>\n<p>Las mujeres han tenido una importante participaci\u00f3n dentro del mundo cient\u00edfico realizando descubrimientos o aportes desde hace muchos a\u00f1os, no obstante, a pesar de su importante papel muchas de ellas no son conocidas.<\/p>\n<p>Por eso esta semana en #TuAula te compartiremos informaci\u00f3n de mujeres que han resaltado en diferentes ramas cient\u00edficas.<\/p>\n<h2>1.- Augusta Ada Lovelace<\/h2>\n<p>Augusta Ada Lovelace naci\u00f3 el 10 de diciembre de 1815 en Londres, Reino Unido, fue hija del famoso poeta rom\u00e1ntico Lord Byron<b>\u00a0<\/b>y de la matem\u00e1tica Annabella Milbanke.<\/p>\n<p>Siendo una jovencita de 14 a\u00f1os Augusta quedo paral\u00edtica debido a una grave enfermedad, lo que hizo que destinara mayor tiempo a los estudios. Poco tiempo despu\u00e9s conoci\u00f3 al cient\u00edfico ingl\u00e9s Charles Babbage\u00a0quien le caus\u00f3 tal impresi\u00f3n que a partir de su primer encuentro decidi\u00f3 dedicarse a las\u00a0matem\u00e1ticas.<\/p>\n<p>Para 1843 esta mujer ya era una matem\u00e1tica reconocida por los art\u00edculos que realizaba, sin embargo, solo los firmaba con sus iniciales por temor de que fueran rechazados al ser escritos por una mujer. Entre sus aportes sobresale la\u00a0m\u00e1quina anal\u00edtica mec\u00e1nica, la cual permit\u00eda calcular cualquier funci\u00f3n algebraica y almacenar n\u00fameros, dicho invento la convirti\u00f3 en la primera programadora de la historia.<\/p>\n<p>Para los a\u00f1os setenta, se desarroll\u00f3 el primer lenguaje de software tal y como hoy lo conocemos, que fue nombrado ADA como una forma de recordar el trabajo que realiz\u00f3 y darle cr\u00e9dito a esta mujer.<\/p>\n<p>&nbsp;<\/p>\n<p><a href=\"http:\/\/www.eloriente.net\/home\/wp-content\/uploads\/2017\/03\/ada-lovelace-day-celebrating-women-in-tech.jpg\" rel=\"attachment wp-att-47380\"><img loading=\"lazy\" decoding=\"async\" class=\"size-full wp-image-47380 aligncenter\" src=\"http:\/\/www.eloriente.net\/home\/wp-content\/uploads\/2017\/03\/ada-lovelace-day-celebrating-women-in-tech.jpg\" alt=\"ada-lovelace-day-celebrating-women-in-tech\" width=\"500\" height=\"225\" srcset=\"http:\/\/www.eloriente.net\/home\/wp-content\/uploads\/2017\/03\/ada-lovelace-day-celebrating-women-in-tech.jpg 500w, http:\/\/www.eloriente.net\/home\/wp-content\/uploads\/2017\/03\/ada-lovelace-day-celebrating-women-in-tech-300x135.jpg 300w\" sizes=\"(max-width: 500px) 100vw, 500px\" \/><\/a><\/p>\n<p>&nbsp;<\/p>\n<h2>2.- Marie Curie<\/h2>\n<p>Maria Salomea Sk\u0142odowska-Curien, popularmente conocida como Marie Curie, fue una qu\u00edmica y f\u00edsica polaca (nacionalizada francesa) del\u00a0siglo XIX\u00a0y\u00a0XX\u00a0conocida principalmente por ser la primera persona en recibir dos Premios Nobel\u00a0y la \u00fanica en hacerlo en dos especialidades cient\u00edficas distintas: F\u00edsica (1903) y Qu\u00edmica (1910).<\/p>\n<p>Entre sus hallazgos m\u00e1s sobresalientes fueron en el campo de la radiactividad\u00a0al descubrir dos nuevos elementos qu\u00edmicos radioactivos: el polonio y el radio. Adem\u00e1s, desarroll\u00f3 t\u00e9cnicas para el aislamiento de is\u00f3topos\u00a0radioactivos e investig\u00f3 el uso de la radiactividad con fines\u00a0medicinales.<\/p>\n<p><a href=\"http:\/\/www.eloriente.net\/home\/wp-content\/uploads\/2017\/03\/15094012881_2799017f91_k.jpg\" rel=\"attachment wp-att-47378\"><img loading=\"lazy\" decoding=\"async\" class=\" wp-image-47378 aligncenter\" src=\"http:\/\/www.eloriente.net\/home\/wp-content\/uploads\/2017\/03\/15094012881_2799017f91_k-1024x683.jpg\" alt=\"15094012881_2799017f91_k\" width=\"371\" height=\"247\" srcset=\"http:\/\/www.eloriente.net\/home\/wp-content\/uploads\/2017\/03\/15094012881_2799017f91_k-1024x683.jpg 1024w, http:\/\/www.eloriente.net\/home\/wp-content\/uploads\/2017\/03\/15094012881_2799017f91_k-300x200.jpg 300w, http:\/\/www.eloriente.net\/home\/wp-content\/uploads\/2017\/03\/15094012881_2799017f91_k-768x512.jpg 768w, http:\/\/www.eloriente.net\/home\/wp-content\/uploads\/2017\/03\/15094012881_2799017f91_k.jpg 2048w\" sizes=\"(max-width: 371px) 100vw, 371px\" \/><\/a><\/p>\n<h2><\/h2>\n<h2>3.- Virginia Apgar<\/h2>\n<p>Virginia Apgar fue una anestesi\u00f3loga, pediatra y profesora estadounidense que dedic\u00f3 su vida al estudio de los efectos de la anestesia en mujeres embarazadas y las razones de las muertes prematuras de los beb\u00e9s.<\/p>\n<p>&nbsp;<\/p>\n<p>Sus an\u00e1lisis se convirtieron en 1952 en el Test Apgar que se conocer\u00eda y aplicar\u00eda en todo el mundo, pues con \u00e9l se eval\u00faan cinco aspectos de los reci\u00e9n nacidos: frecuencia cardiaca, esfuerzo en la respiraci\u00f3n, reflejos, tono y color muscular. Dicho test ha salvado millones de vidas y prevenido enfermedades desde su primera aplicaci\u00f3n a mediados del siglo XX.<\/p>\n<p><a href=\"http:\/\/www.eloriente.net\/home\/wp-content\/uploads\/2017\/03\/1200px-Virginia_Apgar.jpg\" rel=\"attachment wp-att-47383\"><img loading=\"lazy\" decoding=\"async\" class=\" wp-image-47383 aligncenter\" src=\"http:\/\/www.eloriente.net\/home\/wp-content\/uploads\/2017\/03\/1200px-Virginia_Apgar-850x1024.jpg\" alt=\"1200px-Virginia_Apgar\" width=\"290\" height=\"349\" srcset=\"http:\/\/www.eloriente.net\/home\/wp-content\/uploads\/2017\/03\/1200px-Virginia_Apgar-850x1024.jpg 850w, http:\/\/www.eloriente.net\/home\/wp-content\/uploads\/2017\/03\/1200px-Virginia_Apgar-249x300.jpg 249w, http:\/\/www.eloriente.net\/home\/wp-content\/uploads\/2017\/03\/1200px-Virginia_Apgar-768x925.jpg 768w, http:\/\/www.eloriente.net\/home\/wp-content\/uploads\/2017\/03\/1200px-Virginia_Apgar-1024x1234.jpg 1024w, http:\/\/www.eloriente.net\/home\/wp-content\/uploads\/2017\/03\/1200px-Virginia_Apgar.jpg 1200w\" sizes=\"(max-width: 290px) 100vw, 290px\" \/><\/a><\/p>\n<p>&nbsp;<\/p>\n<h2>4.- Vera Rubin<\/h2>\n<p dir=\"ltr\">\u00a0Vera Rubin (1928-2016) era una astr\u00f3loga estadounidense que se dedic\u00f3 toda su vida al estudio del cosmos, logrando varios hallazgos en esta disciplina, uno de los descubrimientos que hizo fue el demostrar que las galaxias no se distribuyen al azar sino que forman grandes agrupaciones (c\u00famulos), empero, sus art\u00edculos fueron rechazados por las revistas cient\u00edficas <em>Astronomical Journal<\/em> y <em>Astrophysical Journal.<\/em><\/p>\n<p dir=\"ltr\">A\u00f1os despu\u00e9s Vera junto con el astr\u00f3nomo Kent Ford continu\u00f3 con la observaci\u00f3n de las galaxias, descubriendo que m\u00e1s del 50% de la masa de las galaxias estaba formada por un halo de materia oscura que se puede inferir a trav\u00e9s del efecto gravitacional que produce.<\/p>\n<p><!-- BANNER PEQUE\u00d1O PARA ENTRENOTAS EL ORIENTE --> <ins class=\"adsbygoogle\" style=\"width: 468px;height: 60px\"><\/ins><\/p>\n<p dir=\"ltr\">Sus resultados fueron presentados a la Sociedad Astron\u00f3mica Estadounidense en 1975, lo que llev\u00f3 a los cient\u00edficos a descubrir que en realidad el 90% de la masa de las galaxias es materia oscura, gracias a este descubrimiento hoy en d\u00eda la comunidad cient\u00edfica sabe que el 27% del universo est\u00e1 formado por esta materia invisible en contraste con el 5% de materia visible.<\/p>\n<p dir=\"ltr\"><a href=\"http:\/\/www.eloriente.net\/home\/wp-content\/uploads\/2017\/03\/dy2jsat3alnj4xcctoiz.jpg\" rel=\"attachment wp-att-47385\"><img loading=\"lazy\" decoding=\"async\" class=\" wp-image-47385 aligncenter\" src=\"http:\/\/www.eloriente.net\/home\/wp-content\/uploads\/2017\/03\/dy2jsat3alnj4xcctoiz.jpg\" alt=\"dy2jsat3alnj4xcctoiz\" width=\"283\" height=\"310\" srcset=\"http:\/\/www.eloriente.net\/home\/wp-content\/uploads\/2017\/03\/dy2jsat3alnj4xcctoiz.jpg 800w, http:\/\/www.eloriente.net\/home\/wp-content\/uploads\/2017\/03\/dy2jsat3alnj4xcctoiz-275x300.jpg 275w, http:\/\/www.eloriente.net\/home\/wp-content\/uploads\/2017\/03\/dy2jsat3alnj4xcctoiz-768x839.jpg 768w\" sizes=\"(max-width: 283px) 100vw, 283px\" \/><\/a><\/p>\n<p>&nbsp;<\/p>\n<p>&nbsp;<\/p>\n<p>&nbsp;<\/p>\n<h2>ENTRADAS<\/h2>\n<div class=\"featuredpost\">\n<div class=\"flow_hide\">\n<h2 class=\"posttitle bigposttitle\"><a title=\"Enlace Permanente a #ViernesDeFelicidad Su proyecto era hacer accesible la rob\u00f3tica para todos y lo logr\u00f3\" href=\"http:\/\/www.eloriente.net\/home\/2017\/03\/03\/viernesdefelicidad-proyecto-accesible-la-robotica-todos-lo-logro\/\" rel=\"bookmark\">#ViernesDeFelicidad Su proyecto era hacer accesible la rob\u00f3tica para todos y lo logr\u00f3<\/a><\/h2>\n<\/div>\n<p>(www.eloriente.net; M\u00e9xico a 3 de marzo de 2017).- Por Jessica Lamadrid Roberto L\u00f3pez es un joven de bajos recursos\u00a0originario de Chiapas, que logr\u00f3 terminar la carrera en Ingenier\u00eda\u2026<\/p>\n<p class=\"postmeta\"><span class=\"meta_date\">marzo 3, 2017<\/span><\/p>\n<p class=\"postmeta\">\n<\/div>\n<div class=\"featuredpost\">\n<div class=\"flow_hide\">\n<p><a href=\"http:\/\/www.eloriente.net\/home\/2017\/03\/02\/oaxaca-recomendaciones-calor-se-aproxima\/\" rel=\"bookmark\"><img decoding=\"async\" class=\"alignleft\" title=\"OAXACA: Recomendaciones para el calor que se aproxima\" src=\"http:\/\/www.eloriente.net\/home\/wp-content\/themes\/city-desk\/timthumb.php?src=http%3A%2F%2Fwww.eloriente.net%2Fhome%2Fwp-content%2Fuploads%2F2017%2F03%2FCALOR-2.jpg&amp;q=90&amp;w=70&amp;h=45&amp;zc=1\" alt=\"OAXACA: Recomendaciones para el calor que se aproxima\" \/><\/a><\/p>\n<h2 class=\"posttitle \"><a title=\"Enlace Permanente a OAXACA: Recomendaciones para el calor que se aproxima\" href=\"http:\/\/www.eloriente.net\/home\/2017\/03\/02\/oaxaca-recomendaciones-calor-se-aproxima\/\" rel=\"bookmark\">OAXACA: Recomendaciones para el calor que se aproxima<\/a><\/h2>\n<\/div>\n<p>eloriente.net 2 de marzo de 2017 De acuerdo con los pron\u00f3sticos de la Comisi\u00f3n Nacional del Agua Organismo Cuenca Pac\u00edfico Sur (CONAGUA), se estima que para el\u2026<\/p>\n<p class=\"postmeta\"><span class=\"meta_date\">marzo 2, 2017<\/span><\/p>\n<p class=\"postmeta\">\n<\/div>\n<div class=\"featuredpost\">\n<div class=\"flow_hide\">\n<p><a href=\"http:\/\/www.eloriente.net\/home\/2017\/03\/02\/actividades-culturales-oaxaca-no-te-puedes-perder-del-2-al-8-marzo\/\" rel=\"bookmark\"><img decoding=\"async\" class=\"alignleft\" title=\"Actividades culturales en Oaxaca que no te puedes perder ( del 2 al 8 de marzo)\" src=\"http:\/\/www.eloriente.net\/home\/wp-content\/themes\/city-desk\/timthumb.php?src=http%3A%2F%2Fwww.eloriente.net%2Fhome%2Fwp-content%2Fuploads%2F2017%2F03%2Ftheatre-1093862_1920.jpg&amp;q=90&amp;w=70&amp;h=45&amp;zc=1\" alt=\"Actividades culturales en Oaxaca que no te puedes perder ( del 2 al 8 de marzo)\" \/><\/a><\/p>\n<h2 class=\"posttitle \"><a title=\"Enlace Permanente a Actividades culturales en Oaxaca que no te puedes perder ( del 2 al 8 de marzo)\" href=\"http:\/\/www.eloriente.net\/home\/2017\/03\/02\/actividades-culturales-oaxaca-no-te-puedes-perder-del-2-al-8-marzo\/\" rel=\"bookmark\">Actividades culturales en Oaxaca que no te puedes perder ( del 2 al 8 de marzo)<\/a><\/h2>\n<\/div>\n<p>(www.eloriente.net; M\u00e9xico a 2 de marzo de 2017).- Por Jessica Lamadrid Como todos los jueves El Oriente te comparte 5 actividades culturales que puedes realizar dentro de la\u2026<\/p>\n<p class=\"postmeta\"><span class=\"meta_date\">marzo 2, 2017<\/span><\/p>\n<\/div>\n\n\t\t\t  <div \n\t\t\t  \tclass = \"fb-comments\" \n\t\t\t  \tdata-href = \"http:\/\/www.eloriente.net\/home\/2017\/03\/04\/tuaula-mujeres-cientificas-marcado-la-historia\/\"\n\t\t\t  \tdata-numposts = \"10\"\n\t\t\t\tdata-colorscheme = \"dark\"\n\t\t\t\tdata-order-by = \"social\"\n\t\t\t\tdata-mobile=true>\n\t\t\t  <\/div>\n\t\t  <style>\n\t\t\t.fb_iframe_widget_fluid_desktop iframe {\n\t\t\t    width: 100% !important;\n\t\t\t}\n\t\t  <\/style>\n\t\t  ","protected":false},"excerpt":{"rendered":"<p>(www.eloriente.net; M\u00e9xico a 4 de marzo de 2017).- Por Jessica Lamadrid Las mujeres han tenido una importante participaci\u00f3n dentro del mundo cient\u00edfico realizando descubrimientos o aportes desde hace muchos a\u00f1os, no obstante, a pesar de su importante papel muchas de ellas no son conocidas. Por eso esta semana en #TuAula te compartiremos informaci\u00f3n de mujeres [&hellip;]<\/p>\n","protected":false},"author":45,"featured_media":47378,"comment_status":"open","ping_status":"open","sticky":false,"template":"","format":"standard","meta":{"_jetpack_memberships_contains_paid_content":false,"footnotes":""},"categories":[3,18,32,10],"tags":[355,5899,180,189,111],"class_list":["post-47377","post","type-post","status-publish","format-standard","has-post-thumbnail","hentry","category-canal-1-tu-aula","category-educacion-y-cultura","category-entradas","category-lo-mas-reciente","tag-ciencia","tag-cientificas","tag-historia","tag-mujeres","tag-mundo"],"jetpack_featured_media_url":"http:\/\/www.eloriente.net\/home\/wp-content\/uploads\/2017\/03\/15094012881_2799017f91_k.jpg","jetpack_sharing_enabled":true,"_links":{"self":[{"href":"http:\/\/www.eloriente.net\/home\/wp-json\/wp\/v2\/posts\/47377"}],"collection":[{"href":"http:\/\/www.eloriente.net\/home\/wp-json\/wp\/v2\/posts"}],"about":[{"href":"http:\/\/www.eloriente.net\/home\/wp-json\/wp\/v2\/types\/post"}],"author":[{"embeddable":true,"href":"http:\/\/www.eloriente.net\/home\/wp-json\/wp\/v2\/users\/45"}],"replies":[{"embeddable":true,"href":"http:\/\/www.eloriente.net\/home\/wp-json\/wp\/v2\/comments?post=47377"}],"version-history":[{"count":5,"href":"http:\/\/www.eloriente.net\/home\/wp-json\/wp\/v2\/posts\/47377\/revisions"}],"predecessor-version":[{"id":47390,"href":"http:\/\/www.eloriente.net\/home\/wp-json\/wp\/v2\/posts\/47377\/revisions\/47390"}],"wp:featuredmedia":[{"embeddable":true,"href":"http:\/\/www.eloriente.net\/home\/wp-json\/wp\/v2\/media\/47378"}],"wp:attachment":[{"href":"http:\/\/www.eloriente.net\/home\/wp-json\/wp\/v2\/media?parent=47377"}],"wp:term":[{"taxonomy":"category","embeddable":true,"href":"http:\/\/www.eloriente.net\/home\/wp-json\/wp\/v2\/categories?post=47377"},{"taxonomy":"post_tag","embeddable":true,"href":"http:\/\/www.eloriente.net\/home\/wp-json\/wp\/v2\/tags?post=47377"}],"curies":[{"name":"wp","href":"https:\/\/api.w.org\/{rel}","templated":true}]}}