{"id":47401,"date":"2017-03-06T12:45:07","date_gmt":"2017-03-06T18:45:07","guid":{"rendered":"http:\/\/www.eloriente.net\/home\/?p=47401"},"modified":"2017-03-06T12:45:07","modified_gmt":"2017-03-06T18:45:07","slug":"cultura-reporte-arete-digital-gestion-cultural-marzo-2017","status":"publish","type":"post","link":"http:\/\/www.eloriente.net\/home\/2017\/03\/06\/cultura-reporte-arete-digital-gestion-cultural-marzo-2017\/","title":{"rendered":"CULTURA: Reporte Aret\u00e9 Digital sobre gesti\u00f3n cultural, marzo 2017"},"content":{"rendered":"<p><script src=\"\/\/pagead2.googlesyndication.com\/pagead\/js\/adsbygoogle.js\" async=\"\"><\/script><!-- BANNER ELORIENTE INCRUSTADO NOTAS --> <ins class=\"adsbygoogle\" style=\"display: inline-block; width: 300px; height: 250px;\" data-ad-client=\"ca-pub-1136171134853753\" data-ad-slot=\"7974633627\"><\/ins><script>\/\/ <![CDATA[\n(adsbygoogle = window.adsbygoogle || []).push({});\n\/\/ ]]><\/script><\/p>\n<p>&nbsp;<\/p>\n<p>(www.eloriente.net, M\u00e9xico, 6 de marzo de 2017).- La Asociaci\u00f3n Espa\u00f1ola de Gestores de Patrimonio Cultural (AEGPC) public\u00f3 su reporte mensual sobre gesti\u00f3n cultural, Aret\u00e9 Digital, noviembre 2015, en el cual muestra una s\u00edntesis sobre las actividades, convocatorias, cursos, jornadas, congresos, seminarios y noticias de la instituci\u00f3n.<\/p>\n<p>En esta edici\u00f3n destaca primeramente el <strong>Curso de verano UCM \u00abGesti\u00f3n de Proyectos Culturales\u00bb<\/strong>, organizado por la Universidad Complutense de Verano 2017. El plazo de matr\u00edcula est\u00e1 abierto desde el 24 de enero y finalizar\u00e1 el pr\u00f3ximo 2 de junio. El curso se llevar\u00e1 a cabo del 3 al 21 de julio de 2017 de 9:00 a 14:00 horas de lunes a viernes, aunque hay algunas actividades y pr\u00e1cticas que se llevar\u00e1n a cabo de 16:00 a 21:00 horas.<\/p>\n<p>Por otro lado tenemos el <strong>Curso en Gesti\u00f3n Cultural en el \u00c1mbito Local<\/strong>. dicho curso ofrece formaci\u00f3n en las peculiaridades de la Gesti\u00f3n Cultural en \u00c1mbito Loca. Este curso pretende incidir en la acci\u00f3n en cultura desde un concepto menos improvisado y vinculado a un concepto de ciudadan\u00eda a trav\u00e9s de la participaci\u00f3n en la vida cultural que tenga como objetivo alcanzar altos grados de bienestar y justicia social.<\/p>\n<p><script src=\"\/\/pagead2.googlesyndication.com\/pagead\/js\/adsbygoogle.js\" async=\"\"><\/script><!-- BANNER PEQUE\u00d1O PARA ENTRENOTAS EL ORIENTE --> <ins class=\"adsbygoogle\" style=\"display: inline-block; width: 468px; height: 60px;\" data-ad-client=\"ca-pub-1136171134853753\" data-ad-slot=\"4953536424\"><\/ins><script>\/\/ <![CDATA[\n(adsbygoogle = window.adsbygoogle || []).push({});\n\/\/ ]]><\/script><\/p>\n<p>Por \u00faltimo encontramos el <strong>VII Congreso para la Conservaci\u00f3n del Patrimonio Industrial y de la Obra P\u00fablica en Espa\u00f1a<\/strong>. El cual se llevar\u00e1 a cabo en As Pontes de Garc\u00eda Rodr\u00edguez (A. Coru\u00f1a) del 5 al 8 de julio de 2017.<\/p>\n<p>Cabe recordar que el Bolet\u00edn Aret\u00e9 es producido, dise\u00f1ado y distribuido por la Asociaci\u00f3n Espa\u00f1ola de Gestores del Patrimonio Cultural y contiene noticias, convocatorias, cursos y otro contenido de inter\u00e9s para el sector.<\/p>\n<p>A continuaci\u00f3n el visor oficial y, abajo, otros boletines compartidos:<\/p>\n<p><iframe title=\"Arete digital marzo 2017\" src=\"https:\/\/e.issuu.com\/embed.html?u=aegpc&#038;d=arete_digital_marzo_2017\" style=\"border:none; width: 640px; height: 491px;\" allow=\"clipboard-write,allow-top-navigation,allow-top-navigation-by-user-activation,allow-downloads,allow-scripts,allow-same-origin,allow-popups,allow-modals,allow-popups-to-escape-sandbox,allow-forms\"  allowfullscreen=\"true\"><\/iframe><\/p>\n<p><a href=\"http:\/\/www.eloriente.net\/home\/wp-content\/uploads\/2017\/03\/14135428049_b417128721_k.jpg\" rel=\"attachment wp-att-47403\"><img loading=\"lazy\" decoding=\"async\" class=\"alignnone  wp-image-47403\" src=\"http:\/\/www.eloriente.net\/home\/wp-content\/uploads\/2017\/03\/14135428049_b417128721_k.jpg\" alt=\"Coru\u00f1a\" width=\"600\" height=\"400\" srcset=\"http:\/\/www.eloriente.net\/home\/wp-content\/uploads\/2017\/03\/14135428049_b417128721_k.jpg 2048w, http:\/\/www.eloriente.net\/home\/wp-content\/uploads\/2017\/03\/14135428049_b417128721_k-300x200.jpg 300w, http:\/\/www.eloriente.net\/home\/wp-content\/uploads\/2017\/03\/14135428049_b417128721_k-768x512.jpg 768w, http:\/\/www.eloriente.net\/home\/wp-content\/uploads\/2017\/03\/14135428049_b417128721_k-1024x683.jpg 1024w\" sizes=\"(max-width: 600px) 100vw, 600px\" \/><\/a><\/p>\n<p><strong>OTRAS ENTRADAS<\/strong><\/p>\n<div id=\"post-46916\" class=\"entry loop-default border_bottom_30 post-46916 post type-post status-publish format-standard has-post-thumbnail hentry category-agenda category-comunicados-y-boletines category-educacion-y-cultura category-entradas category-lo-mas-reciente tag-6990 tag-arete tag-arete-digital tag-cultura tag-espana tag-febrero tag-gestion-cultural tag-museo-reina-sofia\">\n<h2 class=\"entry_title\"><a title=\"Enlace Permanente a CULTURA: Reporte Aret\u00e9 Digital sobre gesti\u00f3n cultural, febrero 2017\" href=\"http:\/\/www.eloriente.net\/home\/2017\/02\/01\/cultura-reporte-arete-digital-gestion-cultural-febrero-2017\/\" rel=\"bookmark\">CULTURA: Reporte Aret\u00e9 Digital sobre gesti\u00f3n cultural, febrero 2017<\/a><\/h2>\n<p><a href=\"http:\/\/www.eloriente.net\/home\/2017\/02\/01\/cultura-reporte-arete-digital-gestion-cultural-febrero-2017\/\" rel=\"bookmark\"><img decoding=\"async\" class=\"alignleft\" title=\"CULTURA: Reporte Aret\u00e9 Digital sobre gesti\u00f3n cultural, febrero 2017\" src=\"http:\/\/www.eloriente.net\/home\/wp-content\/themes\/city-desk\/timthumb.php?src=http%3A%2F%2Fwww.eloriente.net%2Fhome%2Fwp-content%2Fuploads%2F2017%2F02%2F5522945440_190d33eb26_b.jpg&amp;q=90&amp;w=160&amp;h=106&amp;zc=1\" alt=\"CULTURA: Reporte Aret\u00e9 Digital sobre gesti\u00f3n cultural, febrero 2017\" \/><\/a>\u00a0 (www.eloriente.net, M\u00e9xico, 1 de febrero de 2017).- La Asociaci\u00f3n Espa\u00f1ola de Gestores de Patrimonio Cultural (AEGPC) public\u00f3 su reporte mensual sobre gesti\u00f3n cultural, Aret\u00e9 Digital, noviembre 2015, en el cual muestra una s\u00edntesis sobre las actividades, convocatorias, cursos, jornadas, congresos, seminarios y noticias de la instituci\u00f3n. En esta edici\u00f3n destaca primeramente la 18\u00aa Jornada [\u2026]<\/p>\n<p class=\"postmeta\"><span class=\"meta_date\">febrero 1, 2017<\/span><\/p>\n<p class=\"postmeta\">\n<\/div>\n<div id=\"post-46579\" class=\"entry loop-default border_bottom_30 post-46579 post type-post status-publish format-standard has-post-thumbnail hentry category-comunicados-y-boletines category-educacion-y-cultura category-entradas category-lo-mas-reciente category-mexico-y-el-mundo tag-arete tag-arete-digital tag-enero-2017 tag-gestion-cultural\">\n<h2 class=\"entry_title\"><a title=\"Enlace Permanente a CULTURA: Reporte Aret\u00e9 Digital sobre gesti\u00f3n cultural, enero 2017\" href=\"http:\/\/www.eloriente.net\/home\/2017\/01\/02\/cultura-reporte-arete-digital-gestion-cultural-enero-2017\/\" rel=\"bookmark\">CULTURA: Reporte Aret\u00e9 Digital sobre gesti\u00f3n cultural, enero 2017<\/a><\/h2>\n<p><a href=\"http:\/\/www.eloriente.net\/home\/2017\/01\/02\/cultura-reporte-arete-digital-gestion-cultural-enero-2017\/\" rel=\"bookmark\"><img decoding=\"async\" class=\"alignleft\" title=\"CULTURA: Reporte Aret\u00e9 Digital sobre gesti\u00f3n cultural, enero 2017\" src=\"http:\/\/www.eloriente.net\/home\/wp-content\/themes\/city-desk\/timthumb.php?src=http%3A%2F%2Fwww.eloriente.net%2Fhome%2Fwp-content%2Fuploads%2F2017%2F01%2FEUROPE.jpg&amp;q=90&amp;w=160&amp;h=106&amp;zc=1\" alt=\"CULTURA: Reporte Aret\u00e9 Digital sobre gesti\u00f3n cultural, enero 2017\" \/><\/a>\u00a0 (www.eloriente.net, M\u00e9xico, 2 de enero de 2017).- La Asociaci\u00f3n Espa\u00f1ola de Gestores de Patrimonio Cultural (AEGPC) public\u00f3 su reporte mensual sobre gesti\u00f3n cultural, Aret\u00e9 Digital, noviembre 2015, en el cual muestra una s\u00edntesis sobre las actividades, convocatorias, cursos, jornadas, congresos, seminarios y noticias de la instituci\u00f3n. En esta edici\u00f3n destaca primeramente \u00a0la 18\u00aa Jornada [\u2026]<\/p>\n<p class=\"postmeta\"><span class=\"meta_date\">enero 2, 2017<\/span><\/p>\n<p class=\"postmeta\">\n<\/div>\n<div id=\"post-45219\" class=\"entry loop-default border_bottom_30 post-45219 post type-post status-publish format-standard has-post-thumbnail hentry category-agenda category-comunicados-y-boletines category-educacion-y-cultura category-entradas category-lo-mas-reciente category-mexico-y-el-mundo tag-4321 tag-agenda-2 tag-arete tag-arete-digital tag-cultura tag-espana tag-octubre\">\n<h2 class=\"entry_title\"><a title=\"Enlace Permanente a CULTURA: Reporte Aret\u00e9 Digital sobre gesti\u00f3n cultural, octubre 2016\" href=\"http:\/\/www.eloriente.net\/home\/2016\/10\/03\/cultura-reporte-arete-digital-sobre-gestion-cultural-octubre-2016\/\" rel=\"bookmark\">CULTURA: Reporte Aret\u00e9 Digital sobre gesti\u00f3n cultural, octubre 2016<\/a><\/h2>\n<p><a href=\"http:\/\/www.eloriente.net\/home\/2016\/10\/03\/cultura-reporte-arete-digital-sobre-gestion-cultural-octubre-2016\/\" rel=\"bookmark\"><img decoding=\"async\" class=\"alignleft\" title=\"CULTURA: Reporte Aret\u00e9 Digital sobre gesti\u00f3n cultural, octubre 2016\" src=\"http:\/\/www.eloriente.net\/home\/wp-content\/themes\/city-desk\/timthumb.php?src=http%3A%2F%2Fwww.eloriente.net%2Fhome%2Fwp-content%2Fuploads%2F2016%2F10%2FBILBAO.jpg&amp;q=90&amp;w=160&amp;h=106&amp;zc=1\" alt=\"CULTURA: Reporte Aret\u00e9 Digital sobre gesti\u00f3n cultural, octubre 2016\" \/><\/a>\u00a0 www.eloriente.net, M\u00e9xico, 03 de octubre de 2016).- La Asociaci\u00f3n Espa\u00f1ola de Gestores de Patrimonio Cultural (AEGPC) public\u00f3 su reporte mensual sobre gesti\u00f3n cultural, Aret\u00e9 Digital, noviembre 2015, en el cual muestra una s\u00edntesis sobre las actividades, convocatorias, cursos, jornadas, congresos, seminarios y noticias de la instituci\u00f3n. En esta edici\u00f3n destaca primeramente la XXXV Reuni\u00f3n [\u2026]<\/p>\n<p class=\"postmeta\"><span class=\"meta_date\">octubre 3, 2016<\/span><\/p>\n<\/div>\n\n\t\t\t  <div \n\t\t\t  \tclass = \"fb-comments\" \n\t\t\t  \tdata-href = \"http:\/\/www.eloriente.net\/home\/2017\/03\/06\/cultura-reporte-arete-digital-gestion-cultural-marzo-2017\/\"\n\t\t\t  \tdata-numposts = \"10\"\n\t\t\t\tdata-colorscheme = \"dark\"\n\t\t\t\tdata-order-by = \"social\"\n\t\t\t\tdata-mobile=true>\n\t\t\t  <\/div>\n\t\t  <style>\n\t\t\t.fb_iframe_widget_fluid_desktop iframe {\n\t\t\t    width: 100% !important;\n\t\t\t}\n\t\t  <\/style>\n\t\t  ","protected":false},"excerpt":{"rendered":"<p>&nbsp; (www.eloriente.net, M\u00e9xico, 6 de marzo de 2017).- La Asociaci\u00f3n Espa\u00f1ola de Gestores de Patrimonio Cultural (AEGPC) public\u00f3 su reporte mensual sobre gesti\u00f3n cultural, Aret\u00e9 Digital, noviembre 2015, en el cual muestra una s\u00edntesis sobre las actividades, convocatorias, cursos, jornadas, congresos, seminarios y noticias de la instituci\u00f3n. En esta edici\u00f3n destaca primeramente el Curso de [&hellip;]<\/p>\n","protected":false},"author":44,"featured_media":47403,"comment_status":"open","ping_status":"open","sticky":false,"template":"","format":"standard","meta":{"_jetpack_memberships_contains_paid_content":false,"footnotes":""},"categories":[8,18,32,10],"tags":[6990,426,7540,241,110,1526,732],"class_list":{"0":"post-47401","1":"post","2":"type-post","3":"status-publish","4":"format-standard","5":"has-post-thumbnail","6":"hentry","7":"category-agenda","8":"category-educacion-y-cultura","9":"category-entradas","10":"category-lo-mas-reciente","11":"tag-6990","12":"tag-arete","13":"tag-coruna","14":"tag-cultura","16":"tag-gestion-cultural","17":"tag-marzo"},"jetpack_featured_media_url":"http:\/\/www.eloriente.net\/home\/wp-content\/uploads\/2017\/03\/14135428049_b417128721_k.jpg","jetpack_sharing_enabled":true,"_links":{"self":[{"href":"http:\/\/www.eloriente.net\/home\/wp-json\/wp\/v2\/posts\/47401"}],"collection":[{"href":"http:\/\/www.eloriente.net\/home\/wp-json\/wp\/v2\/posts"}],"about":[{"href":"http:\/\/www.eloriente.net\/home\/wp-json\/wp\/v2\/types\/post"}],"author":[{"embeddable":true,"href":"http:\/\/www.eloriente.net\/home\/wp-json\/wp\/v2\/users\/44"}],"replies":[{"embeddable":true,"href":"http:\/\/www.eloriente.net\/home\/wp-json\/wp\/v2\/comments?post=47401"}],"version-history":[{"count":1,"href":"http:\/\/www.eloriente.net\/home\/wp-json\/wp\/v2\/posts\/47401\/revisions"}],"predecessor-version":[{"id":47404,"href":"http:\/\/www.eloriente.net\/home\/wp-json\/wp\/v2\/posts\/47401\/revisions\/47404"}],"wp:featuredmedia":[{"embeddable":true,"href":"http:\/\/www.eloriente.net\/home\/wp-json\/wp\/v2\/media\/47403"}],"wp:attachment":[{"href":"http:\/\/www.eloriente.net\/home\/wp-json\/wp\/v2\/media?parent=47401"}],"wp:term":[{"taxonomy":"category","embeddable":true,"href":"http:\/\/www.eloriente.net\/home\/wp-json\/wp\/v2\/categories?post=47401"},{"taxonomy":"post_tag","embeddable":true,"href":"http:\/\/www.eloriente.net\/home\/wp-json\/wp\/v2\/tags?post=47401"}],"curies":[{"name":"wp","href":"https:\/\/api.w.org\/{rel}","templated":true}]}}