{"id":47589,"date":"2017-03-21T18:50:17","date_gmt":"2017-03-22T00:50:17","guid":{"rendered":"http:\/\/www.eloriente.net\/home\/?p=47589"},"modified":"2017-03-21T17:57:43","modified_gmt":"2017-03-21T23:57:43","slug":"videocolumna-antropologo-norteamericano-oaxaca-1896-1899-salvador-siguenza","status":"publish","type":"post","link":"http:\/\/www.eloriente.net\/home\/2017\/03\/21\/videocolumna-antropologo-norteamericano-oaxaca-1896-1899-salvador-siguenza\/","title":{"rendered":"VIDEOCOLUMNA: Un antrop\u00f3logo norteamericano en Oaxaca (1896-1899). Por Salvador Sig\u00fcenza"},"content":{"rendered":"<p><script src=\"\/\/pagead2.googlesyndication.com\/pagead\/js\/adsbygoogle.js\" async=\"\"><\/script><!-- BANNER ELORIENTE INCRUSTADO NOTAS --> <ins class=\"adsbygoogle\" style=\"display: inline-block; width: 300px; height: 250px;\" data-ad-client=\"ca-pub-1136171134853753\" data-ad-slot=\"7974633627\"><\/ins><script>\/\/ <![CDATA[\n(adsbygoogle = window.adsbygoogle || []).push({});\n\/\/ ]]><\/script><\/p>\n<p>&nbsp;<\/p>\n<p>eloriente.net<\/p>\n<p>21 de marzo de 2017<\/p>\n<p>\u00abA finales del siglo XIX el antrop\u00f3logo Frederick Starr visit\u00f3 M\u00e9xico para realizar un an\u00e1lisis sobre las comunidades que habitaban el sur del pa\u00eds. En su recorrido incluy\u00f3 Michoac\u00e1n, Tlaxcala, Oaxaca y Chiapas.\u00bb<\/p>\n<p>Acomp\u00e1\u00f1anos en esta nueva videocolumna donde el doctor <a class=\"profileLink\" href=\"https:\/\/www.facebook.com\/salvador.siguenza.3\" data-hovercard=\"\/ajax\/hovercard\/user.php?id=636971868\" data-hovercard-prefer-more-content-show=\"1\">Salvador Sig\u00fcenza<\/a> nos hablar\u00e1 sobre las observaciones que el antrop\u00f3logo Frederick Starr hizo de algunas comunidades de nuestro estado.<\/p>\n<p><iframe loading=\"lazy\" style=\"border: none; overflow: hidden;\" src=\"https:\/\/www.facebook.com\/plugins\/video.php?href=https%3A%2F%2Fwww.facebook.com%2F443535572345554%2Fvideos%2F1487078381324596%2F&amp;show_text=0&amp;width=560\" width=\"560\" height=\"315\" frameborder=\"0\" scrolling=\"no\" allowfullscreen=\"allowfullscreen\"><\/iframe><\/p>\n<p><script src=\"\/\/pagead2.googlesyndication.com\/pagead\/js\/adsbygoogle.js\" async=\"\"><\/script><!-- BANNER PEQUE\u00d1O PARA ENTRENOTAS EL ORIENTE --> <ins class=\"adsbygoogle\" style=\"display: inline-block; width: 468px; height: 60px;\" data-ad-client=\"ca-pub-1136171134853753\" data-ad-slot=\"4953536424\"><\/ins><script>\/\/ <![CDATA[\n(adsbygoogle = window.adsbygoogle || []).push({});\n\/\/ ]]><\/script><\/p>\n<p>Salvador, entre otras cosas, es Profesor-Investigador del <a class=\"profileLink\" href=\"https:\/\/www.facebook.com\/pages\/CIESAS-Pac%C3%ADfico-Sur\/113181515430667\" data-hovercard=\"\/ajax\/hovercard\/page.php?id=113181515430667\">CIESAS Pac\u00edfico Sur<\/a> (Centro de Investigaciones y Estudios Superiores en Antropolog\u00eda Social Unidad Pac\u00edfico Sur); Doctor en Historia por la Universidad Complutense de Madrid; y Miembro del Sistema Nacional de Investigadores (SNI I).<\/p>\n<p><a href=\"http:\/\/www.eloriente.net\/home\/wp-content\/uploads\/2017\/03\/SALVADOR-SIGU\u0308ENZA-18-de-marzo-2017.jpg\" rel=\"attachment wp-att-47590\"><img loading=\"lazy\" decoding=\"async\" class=\"alignnone wp-image-47590\" src=\"http:\/\/www.eloriente.net\/home\/wp-content\/uploads\/2017\/03\/SALVADOR-SIGU\u0308ENZA-18-de-marzo-2017.jpg\" alt=\"SALVADOR SIGU\u0308ENZA 18 de marzo 2017\" width=\"601\" height=\"338\" srcset=\"http:\/\/www.eloriente.net\/home\/wp-content\/uploads\/2017\/03\/SALVADOR-SIGU\u0308ENZA-18-de-marzo-2017.jpg 1920w, http:\/\/www.eloriente.net\/home\/wp-content\/uploads\/2017\/03\/SALVADOR-SIGU\u0308ENZA-18-de-marzo-2017-300x169.jpg 300w, http:\/\/www.eloriente.net\/home\/wp-content\/uploads\/2017\/03\/SALVADOR-SIGU\u0308ENZA-18-de-marzo-2017-768x432.jpg 768w, http:\/\/www.eloriente.net\/home\/wp-content\/uploads\/2017\/03\/SALVADOR-SIGU\u0308ENZA-18-de-marzo-2017-1024x576.jpg 1024w\" sizes=\"(max-width: 601px) 100vw, 601px\" \/><\/a><\/p>\n<p><strong>OTRAS VIDEOCOLUMNAS<\/strong><\/p>\n<div id=\"post-47565\" class=\"entry loop-default border_bottom_30 post-47565 post type-post status-publish format-standard has-post-thumbnail hentry category-viernesdefelicidad category-entradas category-salud-y-estilo-de-vida category-lo-mas-reciente category-ursula-woolrich category-videoblogs tag-battista-borsato tag-psicologia tag-sexualidad tag-ursula-woolrich tag-vida-de-pareja tag-videocolumna\">\n<h2 class=\"entry_title\"><a title=\"Enlace Permanente a VIDEOCOLUMNA: Vivir la sexualidad como un don. Por \u00darsula Woolrich\" href=\"http:\/\/www.eloriente.net\/home\/2017\/03\/16\/videocolumna-vivir-la-sexualidad-don-ursula-woolrich\/\" rel=\"bookmark\">VIDEOCOLUMNA: Vivir la sexualidad como un don. Por \u00darsula Woolrich<\/a><\/h2>\n<p><a href=\"http:\/\/www.eloriente.net\/home\/2017\/03\/16\/videocolumna-vivir-la-sexualidad-don-ursula-woolrich\/\" rel=\"bookmark\"><img decoding=\"async\" class=\"alignleft\" title=\"VIDEOCOLUMNA: Vivir la sexualidad como un don. Por \u00darsula Woolrich\" src=\"http:\/\/www.eloriente.net\/home\/wp-content\/themes\/city-desk\/timthumb.php?src=http%3A%2F%2Fwww.eloriente.net%2Fhome%2Fwp-content%2Fuploads%2F2017%2F03%2FU%CC%81RSULA-WOOLRICH-16-DE-MARZO-2017.jpg&amp;q=90&amp;w=160&amp;h=106&amp;zc=1\" alt=\"VIDEOCOLUMNA: Vivir la sexualidad como un don. Por \u00darsula Woolrich\" \/><\/a>\u00a0 eloriente.net 16 de marzo 2017 Esta semana Ursula Woolrich nos contin\u00faa platicando del libro \u201cEl amor inteligente en la vida de pareja\u201d de Battista Borsato. Pero en esta ocasi\u00f3n nos habla sobre el cap\u00edtulo titulado \u201cVivir la sexualidad como un don\u201d. \u00darsula Woolrich es Psic\u00f3loga con estudios de maestr\u00eda en educaci\u00f3n superior. Diplomada en [\u2026]<\/p>\n<div class=\"toolbar-social\">\n<div class=\"social-widget\">\n<div id=\"sharing-widget\"><\/div>\n<\/div>\n<\/div>\n<p class=\"postmeta\"><span class=\"meta_date\">marzo 16, 2017<\/span><\/p>\n<\/div>\n<div id=\"post-47532\" class=\"entry loop-default border_bottom_30 post-47532 post type-post status-publish format-standard has-post-thumbnail hentry category-derechos-humanos category-entradas category-salud-y-estilo-de-vida category-lo-mas-reciente category-rebeca-garza category-videoblogs tag-derechos tag-derechos-humanos-2 tag-paraguay tag-rebeca-garza tag-salud-2 tag-trans tag-videocolumnas\">\n<h2 class=\"entry_title\"><a title=\"Enlace Permanente a VIDEOCOLUMNA: Paraguay el uso del nombre social de las personas trans en Hospitales y servicios de  salud. Por Rebeca Garza\" href=\"http:\/\/www.eloriente.net\/home\/2017\/03\/15\/videocolumna-paraguay-uso-del-nombre-social-las-personas-trans-hospitales-servicios-salud-rebeca-garza\/\" rel=\"bookmark\">VIDEOCOLUMNA: Paraguay el uso del nombre social de las personas trans en Hospitales y servicios de salud. Por Rebeca Garza<\/a><\/h2>\n<p><a href=\"http:\/\/www.eloriente.net\/home\/2017\/03\/15\/videocolumna-paraguay-uso-del-nombre-social-las-personas-trans-hospitales-servicios-salud-rebeca-garza\/\" rel=\"bookmark\"><img decoding=\"async\" class=\"alignleft\" title=\"VIDEOCOLUMNA: Paraguay el uso del nombre social de las personas trans en Hospitales y servicios de  salud. Por Rebeca Garza\" src=\"http:\/\/www.eloriente.net\/home\/wp-content\/themes\/city-desk\/timthumb.php?src=http%3A%2F%2Fwww.eloriente.net%2Fhome%2Fwp-content%2Fuploads%2F2017%2F03%2FREBECA-GARZA-15-DE-MARZO.jpg&amp;q=90&amp;w=160&amp;h=106&amp;zc=1\" alt=\"VIDEOCOLUMNA: Paraguay el uso del nombre social de las personas trans en Hospitales y servicios de  salud. Por Rebeca Garza\" \/><\/a>\u00a0 eloriente.net 15 de marzo de 2017 Recientemente la Comisi\u00f3n Interamericana de Derechos Humanos aplaudi\u00f3 una resoluci\u00f3n donde el Ministerio de Salud en Paraguay reconoce el uso del nombre social para personas trans, ya sea que se identifiquen como travestis, transexuales o transg\u00e9nero. Rebeca Garza nos habla sobre esta resoluci\u00f3n y nos pregunta \u00bfQu\u00e9 impide [\u2026]<\/p>\n<div class=\"toolbar-social\">\n<div class=\"social-widget\">\n<div id=\"sharing-widget\"><\/div>\n<\/div>\n<\/div>\n<p class=\"postmeta\"><span class=\"meta_date\">marzo 15, 2017<\/span><\/p>\n<\/div>\n<div id=\"post-47524\" class=\"entry loop-default border_bottom_30 post-47524 post type-post status-publish format-standard has-post-thumbnail hentry category-comunicacion category-educacion-y-cultura category-entradas category-estados category-letras-educacion-y-cultura category-oaxaca-estados category-principal category-raul-cruz-maldonado category-videoblogs tag-dia-nacional-de-la-oratoria tag-encuentro-nacional-de-oradores-y-declamadores-en-lenguas-indigenas tag-raul-maldonado-mendoza\">\n<h2 class=\"entry_title\"><a title=\"Enlace Permanente a Oaxaca: Voz, educaci\u00f3n y comunidad. Programa 2: D\u00eda Nacional de la Oratoria\" href=\"http:\/\/www.eloriente.net\/home\/2017\/03\/15\/oaxaca-voz-educacion-comunidad-programa-2-dia-nacional-la-oratoria\/\" rel=\"bookmark\">Oaxaca: Voz, educaci\u00f3n y comunidad. Programa 2: D\u00eda Nacional de la Oratoria<\/a><\/h2>\n<p><a href=\"http:\/\/www.eloriente.net\/home\/2017\/03\/15\/oaxaca-voz-educacion-comunidad-programa-2-dia-nacional-la-oratoria\/\" rel=\"bookmark\"><img decoding=\"async\" class=\"alignleft\" title=\"Oaxaca: Voz, educaci\u00f3n y comunidad. Programa 2: D\u00eda Nacional de la Oratoria\" src=\"http:\/\/www.eloriente.net\/home\/wp-content\/themes\/city-desk\/timthumb.php?src=http%3A%2F%2Fwww.eloriente.net%2Fhome%2Fwp-content%2Fuploads%2F2017%2F03%2FVoz-educacio%CC%81n-y-comunidad-15-de-marzo.jpg&amp;q=90&amp;w=160&amp;h=106&amp;zc=1\" alt=\"Oaxaca: Voz, educaci\u00f3n y comunidad. Programa 2: D\u00eda Nacional de la Oratoria\" \/><\/a>\u00a0 eloriente.net 15 de marzo de 2017 Un esfuerzo conjunto entre El Oriente y nuestro columnista Ra\u00fal Maldonado Mendoza ha dado vida a un nuevo proyecto que lleva por t\u00edtulo \u201cOaxaca: Voz, educaci\u00f3n y comunidad\u201d, el cual tiene la intenci\u00f3n de dar voz a diversos sectores de la sociedad en Oaxaca. En esta ocasi\u00f3n presentamos [\u2026]<\/p>\n<\/div>\n\n\t\t\t  <div \n\t\t\t  \tclass = \"fb-comments\" \n\t\t\t  \tdata-href = \"http:\/\/www.eloriente.net\/home\/2017\/03\/21\/videocolumna-antropologo-norteamericano-oaxaca-1896-1899-salvador-siguenza\/\"\n\t\t\t  \tdata-numposts = \"10\"\n\t\t\t\tdata-colorscheme = \"dark\"\n\t\t\t\tdata-order-by = \"social\"\n\t\t\t\tdata-mobile=true>\n\t\t\t  <\/div>\n\t\t  <style>\n\t\t\t.fb_iframe_widget_fluid_desktop iframe {\n\t\t\t    width: 100% !important;\n\t\t\t}\n\t\t  <\/style>\n\t\t  ","protected":false},"excerpt":{"rendered":"<p>&nbsp; eloriente.net 21 de marzo de 2017 \u00abA finales del siglo XIX el antrop\u00f3logo Frederick Starr visit\u00f3 M\u00e9xico para realizar un an\u00e1lisis sobre las comunidades que habitaban el sur del pa\u00eds. En su recorrido incluy\u00f3 Michoac\u00e1n, Tlaxcala, Oaxaca y Chiapas.\u00bb Acomp\u00e1\u00f1anos en esta nueva videocolumna donde el doctor Salvador Sig\u00fcenza nos hablar\u00e1 sobre las observaciones [&hellip;]<\/p>\n","protected":false},"author":44,"featured_media":47590,"comment_status":"open","ping_status":"open","sticky":false,"template":"","format":"standard","meta":{"_jetpack_memberships_contains_paid_content":false,"footnotes":""},"categories":[18,32,63,5297,464,7172,98],"tags":[4688,7603,7604,180,73,7173],"class_list":["post-47589","post","type-post","status-publish","format-standard","has-post-thumbnail","hentry","category-educacion-y-cultura","category-entradas","category-estados","category-historia","category-oaxaca-estados","category-salvador-siguenza-orozco","category-videoblogs","tag-eticaypoderoaxaca","tag-antropologo","tag-frederick-starr","tag-historia","tag-oaxaca","tag-salvador-siguenza"],"jetpack_featured_media_url":"http:\/\/www.eloriente.net\/home\/wp-content\/uploads\/2017\/03\/SALVADOR-SIGU\u0308ENZA-18-de-marzo-2017.jpg","jetpack_sharing_enabled":true,"_links":{"self":[{"href":"http:\/\/www.eloriente.net\/home\/wp-json\/wp\/v2\/posts\/47589"}],"collection":[{"href":"http:\/\/www.eloriente.net\/home\/wp-json\/wp\/v2\/posts"}],"about":[{"href":"http:\/\/www.eloriente.net\/home\/wp-json\/wp\/v2\/types\/post"}],"author":[{"embeddable":true,"href":"http:\/\/www.eloriente.net\/home\/wp-json\/wp\/v2\/users\/44"}],"replies":[{"embeddable":true,"href":"http:\/\/www.eloriente.net\/home\/wp-json\/wp\/v2\/comments?post=47589"}],"version-history":[{"count":1,"href":"http:\/\/www.eloriente.net\/home\/wp-json\/wp\/v2\/posts\/47589\/revisions"}],"predecessor-version":[{"id":47591,"href":"http:\/\/www.eloriente.net\/home\/wp-json\/wp\/v2\/posts\/47589\/revisions\/47591"}],"wp:featuredmedia":[{"embeddable":true,"href":"http:\/\/www.eloriente.net\/home\/wp-json\/wp\/v2\/media\/47590"}],"wp:attachment":[{"href":"http:\/\/www.eloriente.net\/home\/wp-json\/wp\/v2\/media?parent=47589"}],"wp:term":[{"taxonomy":"category","embeddable":true,"href":"http:\/\/www.eloriente.net\/home\/wp-json\/wp\/v2\/categories?post=47589"},{"taxonomy":"post_tag","embeddable":true,"href":"http:\/\/www.eloriente.net\/home\/wp-json\/wp\/v2\/tags?post=47589"}],"curies":[{"name":"wp","href":"https:\/\/api.w.org\/{rel}","templated":true}]}}