{"id":47598,"date":"2017-03-23T12:04:32","date_gmt":"2017-03-23T18:04:32","guid":{"rendered":"http:\/\/www.eloriente.net\/home\/?p=47598"},"modified":"2017-03-23T12:04:32","modified_gmt":"2017-03-23T18:04:32","slug":"actividades-culturales-oaxaca-no-te-puedes-perder-del-23-al-29-marzo","status":"publish","type":"post","link":"http:\/\/www.eloriente.net\/home\/2017\/03\/23\/actividades-culturales-oaxaca-no-te-puedes-perder-del-23-al-29-marzo\/","title":{"rendered":"Actividades culturales en Oaxaca que no te puedes perder ( del 23 al 29 de marzo)"},"content":{"rendered":"<p><!-- BANNER ELORIENTE INCRUSTADO NOTAS --> <ins class=\"adsbygoogle\" style=\"width: 300px;height: 250px\"><\/ins><\/p>\n<p>(www.eloriente.net; M\u00e9xico a 23 de marzo de 2017).-Por Jessica Lamadrid<\/p>\n<p>El Oriente en su agenda cultural de esta semana te comparte actividades como talleres, clases, conciertos, obras de teatro y cursos. Que puedes realizar en distintos d\u00edas y puntos de la ciudad capital.<\/p>\n<p>&nbsp;<\/p>\n<h2>1.- Master Class Zumba Fitnes<\/h2>\n<p>El municipio de la ciudad de Oaxaca ofrecer\u00e1 este viernes 24 de marzo una clase gratuita de zumba dirigida a todo p\u00fablico, dicha clase empezar\u00e1 a las 6 de la tarde en la Calle de los Derechos Humanos de la Colonia Am\u00e9rica Sur.<\/p>\n<p>Quien la impartir\u00e1 ser\u00e1 Robert Edward Arellanos, core\u00f3grafo profesional con m\u00e1s de 13 a\u00f1os de experiencia trabajando como instructor de zumba fitnes, con experiencia en televisa y creador del concepto Power Beat. La actividad es gratuita.<\/p>\n<p><a href=\"http:\/\/www.eloriente.net\/home\/wp-content\/uploads\/2017\/03\/17500262_957599191042897_794444005_o.jpg\" rel=\"attachment wp-att-47602\"><img loading=\"lazy\" decoding=\"async\" class=\" wp-image-47602 aligncenter\" src=\"http:\/\/www.eloriente.net\/home\/wp-content\/uploads\/2017\/03\/17500262_957599191042897_794444005_o-682x1024.jpg\" alt=\"17500262_957599191042897_794444005_o\" width=\"356\" height=\"534\" srcset=\"http:\/\/www.eloriente.net\/home\/wp-content\/uploads\/2017\/03\/17500262_957599191042897_794444005_o-682x1024.jpg 682w, http:\/\/www.eloriente.net\/home\/wp-content\/uploads\/2017\/03\/17500262_957599191042897_794444005_o-200x300.jpg 200w, http:\/\/www.eloriente.net\/home\/wp-content\/uploads\/2017\/03\/17500262_957599191042897_794444005_o-768x1152.jpg 768w, http:\/\/www.eloriente.net\/home\/wp-content\/uploads\/2017\/03\/17500262_957599191042897_794444005_o.jpg 853w\" sizes=\"(max-width: 356px) 100vw, 356px\" \/><\/a><\/p>\n<p>&nbsp;<\/p>\n<h2>2.- Taller: Claves para la autonom\u00eda de las mujeres desde la literatura<\/h2>\n<p>El <a href=\"https:\/\/www.facebook.com\/circulodelecturamujeres\/\" target=\"_blank\">C\u00edrculo de Lectura \u00abLas mujeres por nosotras mismas\u00bb<\/a> hace una invitaci\u00f3n a las mujeres oaxaque\u00f1as a participar en su nuevo taller: \u00abClaves para la autonom\u00eda de las mujeres desde la lectura\u00bb impartido por las mismas coordinadoras del c\u00edrculo de lectura.<\/p>\n<p><span id=\"fbPhotoSnowliftCaption\" class=\"fbPhotosPhotoCaption\"><span class=\"hasCaption\">Los temas que se abordar\u00e1n son: domesticaci\u00f3n, culpa, amor rom\u00e1ntico, el espacio propio, solidaridad, reconexi\u00f3n con la naturaleza y sanaci\u00f3n. El taller tiene un costo de $250 pero si te inscribes con otra mujer las dos pagan $400.<\/span><\/span><\/p>\n<p>El taller ser\u00e1 los d\u00edas 24 \u00a0en un horario de 4:30 de la tarde a las 8 de la noche y 25 de \u00a010 de la ma\u00f1ana a 2 de la tarde, el lugar en el que se impartir\u00e1 ser\u00e1 en \u00abEl Huacal\u00bb ubicado en la calle Manuel Bravo n\u00famero 518-A de la Colonia Centro.<\/p>\n<p><a href=\"http:\/\/www.eloriente.net\/home\/wp-content\/uploads\/2017\/03\/17426388_10154653650722991_1902515313536792375_n-1.jpg\" rel=\"attachment wp-att-47604\"><img loading=\"lazy\" decoding=\"async\" class=\" wp-image-47604 aligncenter\" src=\"http:\/\/www.eloriente.net\/home\/wp-content\/uploads\/2017\/03\/17426388_10154653650722991_1902515313536792375_n-1.jpg\" alt=\"17426388_10154653650722991_1902515313536792375_n\" width=\"632\" height=\"238\" srcset=\"http:\/\/www.eloriente.net\/home\/wp-content\/uploads\/2017\/03\/17426388_10154653650722991_1902515313536792375_n-1.jpg 784w, http:\/\/www.eloriente.net\/home\/wp-content\/uploads\/2017\/03\/17426388_10154653650722991_1902515313536792375_n-1-300x113.jpg 300w, http:\/\/www.eloriente.net\/home\/wp-content\/uploads\/2017\/03\/17426388_10154653650722991_1902515313536792375_n-1-768x289.jpg 768w\" sizes=\"(max-width: 632px) 100vw, 632px\" \/><\/a><\/p>\n<p>&nbsp;<\/p>\n<h2>3<a href=\"https:\/\/www.facebook.com\/events\/1618736738143966\/\" target=\"_blank\">.- \u00a0Taller de \u00d3pera Permanente de Oaxaca (TOPO)<\/a><\/h2>\n<p>Este s\u00e1bado 25 de marzo comienza el Primer Taller de Opera del proyecto TOPO, organizado tambi\u00e9n por el Instituto de Formaci\u00f3n Musical \u00abMaurice Ravel\u00bb. En la calle Alamos n\u00famero 228 de la Colonia Reforma en un horario de 3 a 7 de la tarde.<\/p>\n<p>Esta actividad tendr\u00e1 una duraci\u00f3n de\u00a0seis sesiones en los s\u00e1bados 25 de marzo, 8 y 29 de abril, 13 y 27 de mayo, as\u00ed como el 17 de junio; en un horario vespertino.\u00a0Si te interesa esta taller puedes ponerte en contacto al n\u00famero telef\u00f3nico (951)5481650 para conocer los costos y requisitos para inscribirte.<\/p>\n<p>&nbsp;<\/p>\n<p><a href=\"http:\/\/www.eloriente.net\/home\/wp-content\/uploads\/2017\/03\/17361515_1426518140741034_8378162072546694549_n.jpg\" rel=\"attachment wp-att-47601\"><img loading=\"lazy\" decoding=\"async\" class=\" wp-image-47601 aligncenter\" src=\"http:\/\/www.eloriente.net\/home\/wp-content\/uploads\/2017\/03\/17361515_1426518140741034_8378162072546694549_n.jpg\" alt=\"17361515_1426518140741034_8378162072546694549_n\" width=\"408\" height=\"180\" srcset=\"http:\/\/www.eloriente.net\/home\/wp-content\/uploads\/2017\/03\/17361515_1426518140741034_8378162072546694549_n.jpg 960w, http:\/\/www.eloriente.net\/home\/wp-content\/uploads\/2017\/03\/17361515_1426518140741034_8378162072546694549_n-300x133.jpg 300w, http:\/\/www.eloriente.net\/home\/wp-content\/uploads\/2017\/03\/17361515_1426518140741034_8378162072546694549_n-768x339.jpg 768w\" sizes=\"(max-width: 408px) 100vw, 408px\" \/><\/a><\/p>\n<p><!-- BANNER PEQUE\u00d1O PARA ENTRENOTAS EL ORIENTE --> <ins class=\"adsbygoogle\" style=\"width: 468px;height: 60px\"><\/ins><\/p>\n<h2>4.- Los Perros<\/h2>\n<p>El Foro Esc\u00e9nico \u00abLa Locomotora\u00bb presentar\u00e1 este domingo 26 de marzo la obra \u00abLos Perros\u00bb de Elena Garro por parte de La Muestra Regional de la Zona Centro y del Grupo cultural \u00abDe la Mancha A.C.\u00bb<\/p>\n<p>La obra dar\u00e1 inicio a las 19 horas en el Foro de La Locomotora ubicado en la calle Norte 1 de la Colonia Victor Bravo. Dicha representaci\u00f3n es dirigida por Irving Marcelo Hinojosa y Cuauht\u00e9moc Astudillo.<\/p>\n<p><a href=\"http:\/\/www.eloriente.net\/home\/wp-content\/uploads\/2017\/03\/17308885_1824197187840220_6377992906911247530_n-1.png\" rel=\"attachment wp-att-47607\"><img loading=\"lazy\" decoding=\"async\" class=\" wp-image-47607 aligncenter\" src=\"http:\/\/www.eloriente.net\/home\/wp-content\/uploads\/2017\/03\/17308885_1824197187840220_6377992906911247530_n-1.png\" alt=\"17308885_1824197187840220_6377992906911247530_n\" width=\"499\" height=\"326\" srcset=\"http:\/\/www.eloriente.net\/home\/wp-content\/uploads\/2017\/03\/17308885_1824197187840220_6377992906911247530_n-1.png 960w, http:\/\/www.eloriente.net\/home\/wp-content\/uploads\/2017\/03\/17308885_1824197187840220_6377992906911247530_n-1-300x196.png 300w, http:\/\/www.eloriente.net\/home\/wp-content\/uploads\/2017\/03\/17308885_1824197187840220_6377992906911247530_n-1-768x502.png 768w\" sizes=\"(max-width: 499px) 100vw, 499px\" \/><\/a><\/p>\n<p>&nbsp;<\/p>\n<h2>5.- Martes de Brujas<\/h2>\n<p>Contin\u00faan los martes de brujas, una tradici\u00f3n en Santa Cruz Xoxocotl\u00e1n que tiene su origen desde la \u00e9poca colonial en donde las protagonistas son las famosas \u00abbrujas\u00bb (l\u00e1mparas hechas con velas cuya flama es protegida con cucuruchos de papel), la cual consiste en\u00a0iluminar la plaza principal de xoxo todas las noches de \u00a0los martes, para que los ciudadanos puedan sentarse a comer bajo los \u00e1rboles escuchando de fondo una banda de m\u00fasica invitada.<\/p>\n<p>Este martes 28 de marzo se presentar\u00e1 la banda \u00abLos Angeles Negros\u00bb, la entrada a su presentaci\u00f3n\u00a0 en el parque central de xoxo ubicado al sur del centro de la ciudad es gratuita.<\/p>\n<p><a href=\"http:\/\/www.eloriente.net\/home\/wp-content\/uploads\/2017\/03\/16864162_1008613679272858_5706696832569738275_n-1.jpg\" rel=\"attachment wp-att-47609\"><img loading=\"lazy\" decoding=\"async\" class=\" wp-image-47609 aligncenter\" src=\"http:\/\/www.eloriente.net\/home\/wp-content\/uploads\/2017\/03\/16864162_1008613679272858_5706696832569738275_n-1.jpg\" alt=\"16864162_1008613679272858_5706696832569738275_n\" width=\"532\" height=\"321\" srcset=\"http:\/\/www.eloriente.net\/home\/wp-content\/uploads\/2017\/03\/16864162_1008613679272858_5706696832569738275_n-1.jpg 708w, http:\/\/www.eloriente.net\/home\/wp-content\/uploads\/2017\/03\/16864162_1008613679272858_5706696832569738275_n-1-300x181.jpg 300w\" sizes=\"(max-width: 532px) 100vw, 532px\" \/><\/a><\/p>\n<p>&nbsp;<\/p>\n<h2>OTRAS ENTRADAS<\/h2>\n<div class=\"featuredpost\">\n<div class=\"flow_hide\">\n<h2 class=\"posttitle bigposttitle\"><a title=\"Enlace Permanente a VIDEOCOLUMNA: Amaranta G\u00f3mez Regalado, primera candidata muxe a una diputaci\u00f3n federal en M\u00e9xico y Oaxaca. Por Rebeca Garza\" href=\"http:\/\/www.eloriente.net\/home\/2017\/03\/22\/videocolumna-amaranta-gomez-regalado-primera-candidata-muxe-una-diputacion-federal-mexico-oaxaca-rebeca-garza\/\" rel=\"bookmark\">VIDEOCOLUMNA: Amaranta G\u00f3mez Regalado, primera candidata muxe a una diputaci\u00f3n federal en M\u00e9xico y Oaxaca. Por Rebeca Garza<\/a><\/h2>\n<\/div>\n<p>eloriente.net 22 de marzo de 2017 \u00bfConoces a Amaranta G\u00f3mez Regalado? Ella fue la primera candidata muxe a una diputaci\u00f3n federal en M\u00e9xico y Oaxaca. Conoce m\u00e1s\u2026<\/p>\n<p class=\"postmeta\"><span class=\"meta_date\">marzo 22, 2017<\/span><\/p>\n<p class=\"postmeta\">\n<\/div>\n<div class=\"featuredpost\">\n<div class=\"flow_hide\">\n<p><a href=\"http:\/\/www.eloriente.net\/home\/2017\/03\/22\/educacionoaxaca-universidades-oaxaca-modalidad-linea\/\" rel=\"bookmark\"><img decoding=\"async\" class=\"alignleft\" title=\"#Educaci\u00f3nOaxaca Universidades en Oaxaca con modalidad en l\u00ednea\" src=\"http:\/\/www.eloriente.net\/home\/wp-content\/themes\/city-desk\/timthumb.php?src=http%3A%2F%2Fwww.eloriente.net%2Fhome%2Fwp-content%2Fuploads%2F2017%2F03%2Fhome-office-336373_1920.jpg&amp;q=90&amp;w=70&amp;h=45&amp;zc=1\" alt=\"#Educaci\u00f3nOaxaca Universidades en Oaxaca con modalidad en l\u00ednea\" \/><\/a><\/p>\n<h2 class=\"posttitle \"><a title=\"Enlace Permanente a #Educaci\u00f3nOaxaca Universidades en Oaxaca con modalidad en l\u00ednea\" href=\"http:\/\/www.eloriente.net\/home\/2017\/03\/22\/educacionoaxaca-universidades-oaxaca-modalidad-linea\/\" rel=\"bookmark\">#Educaci\u00f3nOaxaca Universidades en Oaxaca con modalidad en l\u00ednea<\/a><\/h2>\n<\/div>\n<p>(www.eloriente.net; M\u00e9xico a 21 de marzo de 2017).- Por Jessica Lamadrid Continuar con los estudios a nivel superior llega a ser complicado por distintos factores como los econ\u00f3micos,\u2026<\/p>\n<p class=\"postmeta\"><span class=\"meta_date\">marzo 22, 2017<\/span><\/p>\n<p class=\"postmeta\">\n<\/div>\n<div class=\"featuredpost\">\n<div class=\"flow_hide\">\n<p><a href=\"http:\/\/www.eloriente.net\/home\/2017\/03\/21\/videocolumna-antropologo-norteamericano-oaxaca-1896-1899-salvador-siguenza\/\" rel=\"bookmark\"><img decoding=\"async\" class=\"alignleft\" title=\"VIDEOCOLUMNA: Un antrop\u00f3logo norteamericano en Oaxaca (1896-1899). Por Salvador Sig\u00fcenza\" src=\"http:\/\/www.eloriente.net\/home\/wp-content\/themes\/city-desk\/timthumb.php?src=http%3A%2F%2Fwww.eloriente.net%2Fhome%2Fwp-content%2Fuploads%2F2017%2F03%2FSALVADOR-SIGU%CC%88ENZA-18-de-marzo-2017.jpg&amp;q=90&amp;w=70&amp;h=45&amp;zc=1\" alt=\"VIDEOCOLUMNA: Un antrop\u00f3logo norteamericano en Oaxaca (1896-1899). Por Salvador Sig\u00fcenza\" \/><\/a><\/p>\n<h2 class=\"posttitle \"><a title=\"Enlace Permanente a VIDEOCOLUMNA: Un antrop\u00f3logo norteamericano en Oaxaca (1896-1899). Por Salvador Sig\u00fcenza\" href=\"http:\/\/www.eloriente.net\/home\/2017\/03\/21\/videocolumna-antropologo-norteamericano-oaxaca-1896-1899-salvador-siguenza\/\" rel=\"bookmark\">VIDEOCOLUMNA: Un antrop\u00f3logo norteamericano en Oaxaca (1896-1899). Por Salvador Sig\u00fcenza<\/a><\/h2>\n<\/div>\n<p>eloriente.net 21 de marzo de 2017 \u201cA finales del siglo XIX el antrop\u00f3logo Frederick Starr visit\u00f3 M\u00e9xico para realizar un an\u00e1lisis sobre las comunidades que habitaban el\u2026<\/p>\n<p class=\"postmeta\"><span class=\"meta_date\">marzo 21, 2017<\/span><\/p>\n<\/div>\n<p><span class=\"fbPhotosPhotoCaption\" style=\"width: auto;font-size: 14px;line-height: 18px;font-family: Helvetica, Arial, sans-serif;color: #1d2129\"><span class=\"hasCaption\" style=\"font-family: inherit\">\u00a0<\/span><\/span><\/p>\n\n\t\t\t  <div \n\t\t\t  \tclass = \"fb-comments\" \n\t\t\t  \tdata-href = \"http:\/\/www.eloriente.net\/home\/2017\/03\/23\/actividades-culturales-oaxaca-no-te-puedes-perder-del-23-al-29-marzo\/\"\n\t\t\t  \tdata-numposts = \"10\"\n\t\t\t\tdata-colorscheme = \"dark\"\n\t\t\t\tdata-order-by = \"social\"\n\t\t\t\tdata-mobile=true>\n\t\t\t  <\/div>\n\t\t  <style>\n\t\t\t.fb_iframe_widget_fluid_desktop iframe {\n\t\t\t    width: 100% !important;\n\t\t\t}\n\t\t  <\/style>\n\t\t  ","protected":false},"excerpt":{"rendered":"<p>(www.eloriente.net; M\u00e9xico a 23 de marzo de 2017).-Por Jessica Lamadrid El Oriente en su agenda cultural de esta semana te comparte actividades como talleres, clases, conciertos, obras de teatro y cursos. Que puedes realizar en distintos d\u00edas y puntos de la ciudad capital. &nbsp; 1.- Master Class Zumba Fitnes El municipio de la ciudad de [&hellip;]<\/p>\n","protected":false},"author":45,"featured_media":47606,"comment_status":"open","ping_status":"open","sticky":false,"template":"","format":"standard","meta":{"_jetpack_memberships_contains_paid_content":false,"footnotes":""},"categories":[8,32,10,464,31],"tags":[858,1032,241,1620,73],"class_list":["post-47598","post","type-post","status-publish","format-standard","has-post-thumbnail","hentry","category-agenda","category-entradas","category-lo-mas-reciente","category-oaxaca-estados","category-principal","tag-actividades","tag-agenda-2","tag-cultura","tag-jueves","tag-oaxaca"],"jetpack_featured_media_url":"http:\/\/www.eloriente.net\/home\/wp-content\/uploads\/2017\/03\/audience-868074_1920.jpg","jetpack_sharing_enabled":true,"_links":{"self":[{"href":"http:\/\/www.eloriente.net\/home\/wp-json\/wp\/v2\/posts\/47598"}],"collection":[{"href":"http:\/\/www.eloriente.net\/home\/wp-json\/wp\/v2\/posts"}],"about":[{"href":"http:\/\/www.eloriente.net\/home\/wp-json\/wp\/v2\/types\/post"}],"author":[{"embeddable":true,"href":"http:\/\/www.eloriente.net\/home\/wp-json\/wp\/v2\/users\/45"}],"replies":[{"embeddable":true,"href":"http:\/\/www.eloriente.net\/home\/wp-json\/wp\/v2\/comments?post=47598"}],"version-history":[{"count":2,"href":"http:\/\/www.eloriente.net\/home\/wp-json\/wp\/v2\/posts\/47598\/revisions"}],"predecessor-version":[{"id":47610,"href":"http:\/\/www.eloriente.net\/home\/wp-json\/wp\/v2\/posts\/47598\/revisions\/47610"}],"wp:featuredmedia":[{"embeddable":true,"href":"http:\/\/www.eloriente.net\/home\/wp-json\/wp\/v2\/media\/47606"}],"wp:attachment":[{"href":"http:\/\/www.eloriente.net\/home\/wp-json\/wp\/v2\/media?parent=47598"}],"wp:term":[{"taxonomy":"category","embeddable":true,"href":"http:\/\/www.eloriente.net\/home\/wp-json\/wp\/v2\/categories?post=47598"},{"taxonomy":"post_tag","embeddable":true,"href":"http:\/\/www.eloriente.net\/home\/wp-json\/wp\/v2\/tags?post=47598"}],"curies":[{"name":"wp","href":"https:\/\/api.w.org\/{rel}","templated":true}]}}