{"id":47643,"date":"2017-03-27T13:45:40","date_gmt":"2017-03-27T19:45:40","guid":{"rendered":"http:\/\/www.eloriente.net\/home\/?p=47643"},"modified":"2022-09-13T18:51:36","modified_gmt":"2022-09-14T00:51:36","slug":"la-cultura-la-simplicidad-juan-pablo-vasconcelos","status":"publish","type":"post","link":"http:\/\/www.eloriente.net\/home\/2017\/03\/27\/la-cultura-la-simplicidad-juan-pablo-vasconcelos\/","title":{"rendered":"ES LA CULTURA: La Simplicidad. Por Juan Pablo Vasconcelos"},"content":{"rendered":"<p><script src=\"\/\/pagead2.googlesyndication.com\/pagead\/js\/adsbygoogle.js\" async=\"\"><\/script><!-- BANNER ELORIENTE INCRUSTADO NOTAS --> <ins class=\"adsbygoogle\" style=\"display: inline-block; width: 300px; height: 250px;\" data-ad-client=\"ca-pub-1136171134853753\" data-ad-slot=\"7974633627\"><\/ins><script>\/\/ <![CDATA[ (adsbygoogle = window.adsbygoogle || []).push({}); \/\/ ]]><\/script><\/p>\n<p>&nbsp;<\/p>\n<p>eloriente.net<\/p>\n<p>27 de marzo\u00a0de 2017<\/p>\n<p>Por Juan Pablo Vasconcelos<\/p>\n<p><a href=\"https:\/\/twitter.com\/JPVmx\" target=\"_blank\" rel=\"noopener\">@JPVmx<\/a><\/p>\n<p><i><span style=\"font-weight: 400;\">\u201cLa simplicidad es olvido de s\u00ed, del orgullo y del miedo: es sosiego contra inquietud, alegr\u00eda contra angustia, ligereza contra gravedad, espontaneidad contra reflexi\u00f3n, amor contra amor propio, verdad contra pretensi\u00f3n\u2026: Andr\u00e9 Comte-Sponville.<\/span><\/i><\/p>\n<p>&nbsp;<\/p>\n<p><span style=\"font-weight: 400;\">La muerte es simple. Llega y lo termina todo. Sin debate de por medio. No le preocupan ni los testamentos, ni los perdones, ni la intensidad de los sollozos de familiares y conocidos. Le deja todas las complicaciones al pasado y a los sobrevivientes. <\/span><\/p>\n<p><span style=\"font-weight: 400;\">Si has visto una muerte de cerca, seguro te ha sorprendido esa simplicidad.<\/span><\/p>\n<p><span style=\"font-weight: 400;\">C\u00f3mo puede algo terminar sin explicaciones o sin que haya por lo general una segunda oportunidad, o a\u00fan m\u00e1s, sin un responsable que repare a cabalidad el tremendo da\u00f1o.<\/span><\/p>\n<p><span style=\"font-weight: 400;\">Pero la muerte no es la \u00fanica que se comporta sin estos modales tan humanos y civilizados. En general, la vida est\u00e1 compuesta de situaciones que no controlamos, que suceden, como el amanecer, el tiempo, inclusive el amor. Situaciones por cierto de car\u00e1cter tan democr\u00e1tico que suponerlas una cuesti\u00f3n personal est\u00e1 absolutamente fuera de lugar.<\/span><\/p>\n<p><span style=\"font-weight: 400;\">Sin embargo, a veces as\u00ed lo concluimos. Creemos que el mundo est\u00e1 hecho y destinado en raz\u00f3n de nosotros, quiz\u00e1 porque solo podemos verlo a trav\u00e9s de una \u00fanica conciencia, que es la nuestra.<\/span><\/p>\n<p><span style=\"font-weight: 400;\">Entonces comenzamos a imaginar mundos sobre mundos, a figurar intentos por comprender y explicar, por adelantarnos a los da\u00f1os, adaptarnos y sobrevivir, por salvarnos. A las personas que vamos conociendo les concedemos cualidades y defectos, prejuiciamos, hacemos generalizaciones sobre situaciones similares, nos convertimos en aut\u00f3matas de nuestro propio sistema de creencias. <\/span><\/p>\n<p><span style=\"font-weight: 400;\">Y all\u00ed avanzamos, complejizando, enmara\u00f1ando.<\/span><\/p>\n<p><script src=\"\/\/pagead2.googlesyndication.com\/pagead\/js\/adsbygoogle.js\" async=\"\"><\/script><!-- BANNER PEQUE\u00d1O PARA ENTRENOTAS EL ORIENTE --> <ins class=\"adsbygoogle\" style=\"display: inline-block; width: 468px; height: 60px;\" data-ad-client=\"ca-pub-1136171134853753\" data-ad-slot=\"4953536424\"><\/ins><script>\/\/ <![CDATA[ (adsbygoogle = window.adsbygoogle || []).push({}); \/\/ ]]><\/script><\/p>\n<p><span style=\"font-weight: 400;\">Sucedi\u00f3 hace algunos d\u00edas.<\/span><\/p>\n<p><span style=\"font-weight: 400;\">Ten\u00edamos tres soluciones sobre la mesa. En la reuni\u00f3n, el contexto estaba claro. Tambi\u00e9n el curso de acci\u00f3n. Solo era necesario atender el sentido com\u00fan y elegir alguna de las salidas \u2014todas por cierto con m\u00e1s ventajas que riesgos.<\/span><\/p>\n<p><span style=\"font-weight: 400;\">Pero uno de los asistentes se qued\u00f3 atrapado, visiblemente, en su mara\u00f1a. En el noveno mundo de sus figuraciones.<\/span><\/p>\n<p><span style=\"font-weight: 400;\">Supuso intenciones secretas, escenarios catastr\u00f3ficos, da\u00f1os a su trayectoria, abusos de confianza. Cargado de ideas preconcebidas y antiguos rencores, cruz\u00f3 los brazos y en vez de elegir una salida obstaculiz\u00f3 todos los caminos. Fue como si se empe\u00f1ara en permanecer adentro de una cueva a\u00fan sabiendo que muy pronto se vendr\u00eda abajo.<\/span><\/p>\n<p><span style=\"font-weight: 400;\">Sent\u00ed cierta compasi\u00f3n, porque alguna vez todos hemos estado en sus zapatos. Y se sufre.<\/span><\/p>\n<p><span style=\"font-weight: 400;\">Es un dolor intenso el pensar que la realidad y quienes te rodean est\u00e1n tramando un ataque en tu contra. El cazador te persigue y huyes despavorido, te ocultas, te agazapas y te lanzas en contraataque cuando llega el momento. Lo m\u00e1s probable es que pierdas, pues no traes el arma. Pero lo intentas.<\/span><\/p>\n<p><span style=\"font-weight: 400;\">La tragedia sucede m\u00e1s tarde, cuando caes en cuenta que nadie te persegu\u00eda y el cazador result\u00f3 un amigo y el bosque era el sitio m\u00e1s tranquilo sobre la tierra. Pero ya no puedes volver atr\u00e1s y te lo perdiste.<\/span><\/p>\n<p><span style=\"font-weight: 400;\">Durante la reuni\u00f3n con tres soluciones sobre la mesa, lo m\u00e1s simple result\u00f3 levantarla y convocar para un mejor momento. Yo sab\u00eda que un coraz\u00f3n obcecado termina de cualquier forma por creer lo que quiere.<\/span><\/p>\n<p><span style=\"font-weight: 400;\">Cu\u00e1ntas oportunidades se nos han escapado por anteponer el orgullo, el amor propio, una falsa apreciaci\u00f3n a la realidad.<\/span><\/p>\n<p><span style=\"font-weight: 400;\">La simplicidad, dice Conte-Sponville, tal vez no sea otra cosa \u201cque sentido com\u00fan, rectitud de juicio cuando \u00e9ste no se encuentra atiborrado por lo que se sabe o por lo que se cree, cuando est\u00e1 abierto a todo lo real, a la simplicidad de lo real, cuando se est\u00e1 siempre como nuevo en cada una de sus operaciones\u201d.<\/span><\/p>\n<p><script async src=\"https:\/\/pagead2.googlesyndication.com\/pagead\/js\/adsbygoogle.js\"><\/script><br \/>\n<ins class=\"adsbygoogle\" style=\"display: block; text-align: center;\" data-ad-layout=\"in-article\" data-ad-format=\"fluid\" data-ad-client=\"ca-pub-1136171134853753\" data-ad-slot=\"1904291222\"><\/ins><br \/>\n<script>\n     (adsbygoogle = window.adsbygoogle || []).push({});\n<\/script><\/p>\n<p><span style=\"font-weight: 400;\">Ser nuevos cada instante.<\/span><\/p>\n<p><span style=\"font-weight: 400;\">Vaya complejidad si lo pensamos, vaya simplicidad si lo ejecutamos.<\/span><\/p>\n<p><span style=\"font-weight: 400;\">Porque hacer m\u00e1s simple o sencilla nuestra vida no puede ser propon\u00e9rselo y acumular razones para hacerlo. De alguna manera, el solo hecho de racionalizarlo ya lo complejiza. Se trata llanamente de vivir esta virtud y quitar el freno.<\/span><\/p>\n<p><span style=\"font-weight: 400;\">Sucede tambi\u00e9n en lo colectivo, donde la complejidad es reguero de p\u00f3lvora. Y todo, entre otras cosas, porque estamos habituados a ver moros con tranchetes \u2014como dec\u00eda el cl\u00e1sico\u2014, la paja en el ojo ajeno, el m\u00e1s sabe el diablo por viejo, la experiencia como maldici\u00f3n.<\/span><\/p>\n<p><span style=\"font-weight: 400;\">Llenos de prejuicios individuales, nos convertimos en c\u00e9lulas de un c\u00e1ncer colectivo: la par\u00e1lisis por confusi\u00f3n.<\/span><\/p>\n<p><span style=\"font-weight: 400;\">Porque la consecuencia de enmara\u00f1ar la claridad es el desorden, la ausencia de claridad, la angustia. Es natural: nadie puede andar en esa oscuridad, y mientras persistamos todas las soluciones nos parecer\u00e1n imposibles. Imposible el arreglo en el sistema educativo, el servicio civil en la burocracia, la disminuci\u00f3n de la pobreza, el combate a la corrupci\u00f3n.<\/span><\/p>\n<p><span style=\"font-weight: 400;\">Con la mirada vieja nada es viable.<\/span><\/p>\n<p><span style=\"font-weight: 400;\">Con la mirada nueva, el sentido com\u00fan te posee, ordena y abre la esperanza, como si la luz hubiese siempre permanecido encendida.<\/span><\/p>\n<h3>M\u00e1s videos en el canal de Youtube de El Oriente:<\/h3>\n<p><iframe loading=\"lazy\" title=\"YouTube video player\" src=\"https:\/\/www.youtube.com\/embed\/gEVMGNzm8WE\" width=\"560\" height=\"315\" frameborder=\"0\" allowfullscreen=\"allowfullscreen\"><\/iframe><\/p>\n<p><a href=\"http:\/\/www.eloriente.net\/home\/wp-content\/uploads\/2017\/03\/3016867426_191f82faf9_b.jpg\" rel=\"attachment wp-att-47645\"><img loading=\"lazy\" decoding=\"async\" class=\"alignnone wp-image-47645\" src=\"http:\/\/www.eloriente.net\/home\/wp-content\/uploads\/2017\/03\/3016867426_191f82faf9_b.jpg\" alt=\"Simplicidad\" width=\"600\" height=\"372\" srcset=\"http:\/\/www.eloriente.net\/home\/wp-content\/uploads\/2017\/03\/3016867426_191f82faf9_b.jpg 1024w, http:\/\/www.eloriente.net\/home\/wp-content\/uploads\/2017\/03\/3016867426_191f82faf9_b-300x186.jpg 300w, http:\/\/www.eloriente.net\/home\/wp-content\/uploads\/2017\/03\/3016867426_191f82faf9_b-768x476.jpg 768w\" sizes=\"(max-width: 600px) 100vw, 600px\" \/><\/a><\/p>\n<p><script async src=\"https:\/\/pagead2.googlesyndication.com\/pagead\/js\/adsbygoogle.js\"><\/script><br \/>\n<ins class=\"adsbygoogle\" style=\"display: block;\" data-ad-format=\"autorelaxed\" data-ad-client=\"ca-pub-1136171134853753\" data-ad-slot=\"4595267748\"><\/ins><br \/>\n<script>\n     (adsbygoogle = window.adsbygoogle || []).push({});\n<\/script><\/p>\n<p><strong>OTRAS ENTRADAS<\/strong><\/p>\n<div class=\"featuredpost\">\n<div class=\"flow_hide\">\n<h2 class=\"posttitle bigposttitle\"><a title=\"Enlace Permanente a VIDEOCOLUMNA: Nuestra vocaci\u00f3n natural es el turismo. Por Gerardo Castellanos\" href=\"http:\/\/www.eloriente.net\/home\/2017\/03\/24\/videocolumna-nuestra-vocacion-natural-turismo-gerardo-castellanos\/\" rel=\"bookmark\">VIDEOCOLUMNA: Nuestra vocaci\u00f3n natural es el turismo. Por Gerardo Castellanos<\/a><\/h2>\n<\/div>\n<p>eloriente.net 24 de marzo de 2017 En esta nueva videocolumna el maestro Gerardo Felipe Castellanos nos platica sobre turismo; espec\u00edficamente acerca del ecoturismo. Lo analiza a fondo\u2026<\/p>\n<p class=\"postmeta\"><span class=\"meta_date\">marzo 24, 2017<\/span><\/p>\n<\/div>\n<div class=\"featuredpost\">\n<div class=\"flow_hide\">\n<p><a href=\"http:\/\/www.eloriente.net\/home\/2017\/03\/23\/actividades-culturales-oaxaca-no-te-puedes-perder-del-23-al-29-marzo\/\" rel=\"bookmark\"><img decoding=\"async\" class=\"alignleft\" title=\"Actividades culturales en Oaxaca que no te puedes perder ( del 23 al 29 de marzo)\" src=\"http:\/\/www.eloriente.net\/home\/wp-content\/themes\/city-desk\/timthumb.php?src=http%3A%2F%2Fwww.eloriente.net%2Fhome%2Fwp-content%2Fuploads%2F2017%2F03%2Faudience-868074_1920.jpg&amp;q=90&amp;w=70&amp;h=45&amp;zc=1\" alt=\"Actividades culturales en Oaxaca que no te puedes perder ( del 23 al 29 de marzo)\" \/><\/a><\/p>\n<h2 class=\"posttitle \"><a title=\"Enlace Permanente a Actividades culturales en Oaxaca que no te puedes perder ( del 23 al 29 de marzo)\" href=\"http:\/\/www.eloriente.net\/home\/2017\/03\/23\/actividades-culturales-oaxaca-no-te-puedes-perder-del-23-al-29-marzo\/\" rel=\"bookmark\">Actividades culturales en Oaxaca que no te puedes perder ( del 23 al 29 de marzo)<\/a><\/h2>\n<\/div>\n<p>(www.eloriente.net; M\u00e9xico a 23 de marzo de 2017).-Por Jessica Lamadrid El Oriente en su agenda cultural de esta semana te comparte actividades como talleres, clases, conciertos, obras de\u2026<\/p>\n<p class=\"postmeta\"><span class=\"meta_date\">marzo 23, 2017<\/span><\/p>\n<\/div>\n<div class=\"featuredpost\">\n<div class=\"flow_hide\">\n<p><a href=\"http:\/\/www.eloriente.net\/home\/2017\/03\/22\/videocolumna-amaranta-gomez-regalado-primera-candidata-muxe-una-diputacion-federal-mexico-oaxaca-rebeca-garza\/\" rel=\"bookmark\"><img decoding=\"async\" class=\"alignleft\" title=\"VIDEOCOLUMNA: Amaranta G\u00f3mez Regalado, primera candidata muxe a una diputaci\u00f3n federal en M\u00e9xico y Oaxaca. Por Rebeca Garza\" src=\"http:\/\/www.eloriente.net\/home\/wp-content\/themes\/city-desk\/timthumb.php?src=http%3A%2F%2Fwww.eloriente.net%2Fhome%2Fwp-content%2Fuploads%2F2017%2F03%2FREBECA-GARZA-22-DE-MARZO-2017.jpg&amp;q=90&amp;w=70&amp;h=45&amp;zc=1\" alt=\"VIDEOCOLUMNA: Amaranta G\u00f3mez Regalado, primera candidata muxe a una diputaci\u00f3n federal en M\u00e9xico y Oaxaca. Por Rebeca Garza\" \/><\/a><\/p>\n<h2 class=\"posttitle \"><a title=\"Enlace Permanente a VIDEOCOLUMNA: Amaranta G\u00f3mez Regalado, primera candidata muxe a una diputaci\u00f3n federal en M\u00e9xico y Oaxaca. Por Rebeca Garza\" href=\"http:\/\/www.eloriente.net\/home\/2017\/03\/22\/videocolumna-amaranta-gomez-regalado-primera-candidata-muxe-una-diputacion-federal-mexico-oaxaca-rebeca-garza\/\" rel=\"bookmark\">VIDEOCOLUMNA: Amaranta G\u00f3mez Regalado, primera candidata muxe a una diputaci\u00f3n federal en M\u00e9xico y Oaxaca. Por Rebeca Garza<\/a><\/h2>\n<\/div>\n<p>eloriente.net 22 de marzo de 2017 \u00bfConoces a Amaranta G\u00f3mez Regalado? Ella fue la primera candidata muxe a una diputaci\u00f3n federal en M\u00e9xico y Oaxaca. Conoce m\u00e1s\u2026<\/p>\n<p class=\"postmeta\"><span class=\"meta_date\">marzo 22, 2017<\/span><\/p>\n<\/div>\n\n\t\t\t  <div \n\t\t\t  \tclass = \"fb-comments\" \n\t\t\t  \tdata-href = \"http:\/\/www.eloriente.net\/home\/2017\/03\/27\/la-cultura-la-simplicidad-juan-pablo-vasconcelos\/\"\n\t\t\t  \tdata-numposts = \"10\"\n\t\t\t\tdata-colorscheme = \"dark\"\n\t\t\t\tdata-order-by = \"social\"\n\t\t\t\tdata-mobile=true>\n\t\t\t  <\/div>\n\t\t  <style>\n\t\t\t.fb_iframe_widget_fluid_desktop iframe {\n\t\t\t    width: 100% !important;\n\t\t\t}\n\t\t  <\/style>\n\t\t  ","protected":false},"excerpt":{"rendered":"<p>&nbsp; eloriente.net 27 de marzo\u00a0de 2017 Por Juan Pablo Vasconcelos @JPVmx \u201cLa simplicidad es olvido de s\u00ed, del orgullo y del miedo: es sosiego contra inquietud, alegr\u00eda contra angustia, ligereza contra gravedad, espontaneidad contra reflexi\u00f3n, amor contra amor propio, verdad contra pretensi\u00f3n\u2026: Andr\u00e9 Comte-Sponville. &nbsp; La muerte es simple. Llega y lo termina todo. Sin [&hellip;]<\/p>\n","protected":false},"author":13,"featured_media":47645,"comment_status":"open","ping_status":"open","sticky":false,"template":"","format":"standard","meta":{"_jetpack_memberships_contains_paid_content":false,"footnotes":""},"categories":[11,18,32,63,54,464,31],"tags":[879,1847,241,7229,1285,101,197,7615],"class_list":["post-47643","post","type-post","status-publish","format-standard","has-post-thumbnail","hentry","category-colaboradores","category-educacion-y-cultura","category-entradas","category-estados","category-juan-pablo-vasconcelos","category-oaxaca-estados","category-principal","tag-columna","tag-complejidad","tag-cultura","tag-es-la-cultura","tag-juan-pablo-vasconcelos-2","tag-muerte","tag-opinion","tag-simplicidad"],"jetpack_featured_media_url":"http:\/\/www.eloriente.net\/home\/wp-content\/uploads\/2017\/03\/3016867426_191f82faf9_b.jpg","jetpack_sharing_enabled":true,"_links":{"self":[{"href":"http:\/\/www.eloriente.net\/home\/wp-json\/wp\/v2\/posts\/47643"}],"collection":[{"href":"http:\/\/www.eloriente.net\/home\/wp-json\/wp\/v2\/posts"}],"about":[{"href":"http:\/\/www.eloriente.net\/home\/wp-json\/wp\/v2\/types\/post"}],"author":[{"embeddable":true,"href":"http:\/\/www.eloriente.net\/home\/wp-json\/wp\/v2\/users\/13"}],"replies":[{"embeddable":true,"href":"http:\/\/www.eloriente.net\/home\/wp-json\/wp\/v2\/comments?post=47643"}],"version-history":[{"count":3,"href":"http:\/\/www.eloriente.net\/home\/wp-json\/wp\/v2\/posts\/47643\/revisions"}],"predecessor-version":[{"id":65902,"href":"http:\/\/www.eloriente.net\/home\/wp-json\/wp\/v2\/posts\/47643\/revisions\/65902"}],"wp:featuredmedia":[{"embeddable":true,"href":"http:\/\/www.eloriente.net\/home\/wp-json\/wp\/v2\/media\/47645"}],"wp:attachment":[{"href":"http:\/\/www.eloriente.net\/home\/wp-json\/wp\/v2\/media?parent=47643"}],"wp:term":[{"taxonomy":"category","embeddable":true,"href":"http:\/\/www.eloriente.net\/home\/wp-json\/wp\/v2\/categories?post=47643"},{"taxonomy":"post_tag","embeddable":true,"href":"http:\/\/www.eloriente.net\/home\/wp-json\/wp\/v2\/tags?post=47643"}],"curies":[{"name":"wp","href":"https:\/\/api.w.org\/{rel}","templated":true}]}}