{"id":47769,"date":"2017-04-05T13:22:33","date_gmt":"2017-04-05T19:22:33","guid":{"rendered":"http:\/\/www.eloriente.net\/home\/?p=47769"},"modified":"2017-04-05T13:22:33","modified_gmt":"2017-04-05T19:22:33","slug":"cultura-reporte-arete-digital-gestion-cultural-abril2017","status":"publish","type":"post","link":"http:\/\/www.eloriente.net\/home\/2017\/04\/05\/cultura-reporte-arete-digital-gestion-cultural-abril2017\/","title":{"rendered":"CULTURA: Reporte Aret\u00e9 Digital sobre gesti\u00f3n cultural, abril2017"},"content":{"rendered":"<p><script src=\"\/\/pagead2.googlesyndication.com\/pagead\/js\/adsbygoogle.js\" async=\"\"><\/script><!-- BANNER ELORIENTE INCRUSTADO NOTAS --> <ins class=\"adsbygoogle\" style=\"display: inline-block; width: 300px; height: 250px;\" data-ad-client=\"ca-pub-1136171134853753\" data-ad-slot=\"7974633627\"><\/ins><script>\/\/ <![CDATA[\n(adsbygoogle = window.adsbygoogle || []).push({});\n\/\/ ]]><\/script><\/p>\n<p>&nbsp;<\/p>\n<p>(www.eloriente.net, M\u00e9xico, 5 de abril de 2017).- La Asociaci\u00f3n Espa\u00f1ola de Gestores de Patrimonio Cultural (AEGPC) public\u00f3 su reporte mensual sobre gesti\u00f3n cultural, Aret\u00e9 Digital, noviembre 2015, en el cual muestra una s\u00edntesis sobre las actividades, convocatorias, cursos, jornadas, congresos, seminarios y noticias de la instituci\u00f3n.<\/p>\n<p>En esta edici\u00f3n destaca primeramente el <strong>Ciclo \u00abLos sonidos de la palabra\u00bb en la Alhambra<\/strong>. En este evento habr\u00e1 Lecturas y reflexiones a cargo de autores y expertos en un dialogo con la m\u00fasica. Se llevar\u00e1 a cabo todos los s\u00e1bados desde el 1 de abril al 10 de junio.<\/p>\n<p>Por otro lado tenemos el <strong>VII Congreso para la Conservaci\u00f3n del Patrimonio Industrial y de la Obra P\u00fablica en Espa\u00f1a<\/strong>. El cual se llevar\u00e1 a cabo en As Pontes de Garc\u00eda Rodr\u00edguez (A. Coru\u00f1a) del 5 al 8 de julio de 2017.<\/p>\n<p><script src=\"\/\/pagead2.googlesyndication.com\/pagead\/js\/adsbygoogle.js\" async=\"\"><\/script><!-- BANNER PEQUE\u00d1O PARA ENTRENOTAS EL ORIENTE --> <ins class=\"adsbygoogle\" style=\"display: inline-block; width: 468px; height: 60px;\" data-ad-client=\"ca-pub-1136171134853753\" data-ad-slot=\"4953536424\"><\/ins><script>\/\/ <![CDATA[\n(adsbygoogle = window.adsbygoogle || []).push({});\n\/\/ ]]><\/script><\/p>\n<p>Por \u00faltimo encontramos la 3\u00aa edici\u00f3n del <strong>Premio Europeo de Intervenci\u00f3n en el Patrimonio Arquitect\u00f3nico AADIPA<\/strong>, cuya inscripci\u00f3n estar\u00e1 abierta hasta el 28 de abril a las 24:00 horas..<\/p>\n<p>Cabe recordar que el Bolet\u00edn Aret\u00e9 es producido, dise\u00f1ado y distribuido por la Asociaci\u00f3n Espa\u00f1ola de Gestores del Patrimonio Cultural y contiene noticias, convocatorias, cursos y otro contenido de inter\u00e9s para el sector.<\/p>\n<p>A continuaci\u00f3n el visor oficial y, abajo, otros boletines compartidos:<\/p>\n<p><iframe title=\"Arete digital abril 2017\" src=\"https:\/\/e.issuu.com\/embed.html?u=aegpc&#038;d=arete_digital_abril_2017\" style=\"border:none; width: 640px; height: 491px;\" allow=\"clipboard-write,allow-top-navigation,allow-top-navigation-by-user-activation,allow-downloads,allow-scripts,allow-same-origin,allow-popups,allow-modals,allow-popups-to-escape-sandbox,allow-forms\"  allowfullscreen=\"true\"><\/iframe><\/p>\n<p><a href=\"http:\/\/www.eloriente.net\/home\/wp-content\/uploads\/2017\/04\/3284131302_e93261cb9c_o.jpg\" rel=\"attachment wp-att-47770\"><img loading=\"lazy\" decoding=\"async\" class=\"alignnone  wp-image-47770\" src=\"http:\/\/www.eloriente.net\/home\/wp-content\/uploads\/2017\/04\/3284131302_e93261cb9c_o.jpg\" alt=\"3284131302_e93261cb9c_o\" width=\"602\" height=\"229\" srcset=\"http:\/\/www.eloriente.net\/home\/wp-content\/uploads\/2017\/04\/3284131302_e93261cb9c_o.jpg 2628w, http:\/\/www.eloriente.net\/home\/wp-content\/uploads\/2017\/04\/3284131302_e93261cb9c_o-300x114.jpg 300w, http:\/\/www.eloriente.net\/home\/wp-content\/uploads\/2017\/04\/3284131302_e93261cb9c_o-768x292.jpg 768w, http:\/\/www.eloriente.net\/home\/wp-content\/uploads\/2017\/04\/3284131302_e93261cb9c_o-1024x390.jpg 1024w\" sizes=\"(max-width: 602px) 100vw, 602px\" \/><\/a><\/p>\n<p><strong>OTRAS ENTRADAS<\/strong><\/p>\n<div class=\"featuredpost\">\n<div class=\"flow_hide\">\n<h2 class=\"posttitle bigposttitle\"><a title=\"Enlace Permanente a #Educaci\u00f3nOaxaca Universidades para estudiar inform\u00e1tica\" href=\"http:\/\/www.eloriente.net\/home\/2017\/04\/05\/educacionoaxaca-universidades-estudiar-informatica\/\" rel=\"bookmark\">#Educaci\u00f3nOaxaca Universidades para estudiar inform\u00e1tica<\/a><\/h2>\n<\/div>\n<p>(www.eloriente.net; M\u00e9xico a 5 de abril de 2017).- Por Jessica Lamadrid En Oaxaca hay varias instituciones educativas tanto privadas como p\u00fablicas que otorgan la posibilidad de estudiar inform\u00e1tica,\u2026<\/p>\n<p class=\"postmeta\"><span class=\"meta_date\">abril 5, 2017<\/span><\/p>\n<div class=\"toolbar-social\"><\/div>\n<\/div>\n<div class=\"featuredpost\">\n<div class=\"flow_hide\"><a href=\"http:\/\/www.eloriente.net\/home\/2017\/04\/04\/5-vacantes-educacion-martesdevacantes-3\/\" rel=\"bookmark\"><img decoding=\"async\" class=\"alignleft\" title=\"5 vacantes en Educaci\u00f3n #MartesDeVacantes\" src=\"http:\/\/www.eloriente.net\/home\/wp-content\/themes\/city-desk\/timthumb.php?src=http%3A%2F%2Fwww.eloriente.net%2Fhome%2Fwp-content%2Fuploads%2F2014%2F05%2Fmartes-de-vacantes.jpg&amp;q=90&amp;w=70&amp;h=45&amp;zc=1\" alt=\"5 vacantes en Educaci\u00f3n #MartesDeVacantes\" \/><\/a><\/p>\n<h2 class=\"posttitle \"><a title=\"Enlace Permanente a 5 vacantes en Educaci\u00f3n #MartesDeVacantes\" href=\"http:\/\/www.eloriente.net\/home\/2017\/04\/04\/5-vacantes-educacion-martesdevacantes-3\/\" rel=\"bookmark\">5 vacantes en Educaci\u00f3n #MartesDeVacantes<\/a><\/h2>\n<\/div>\n<p>(www.eloriente.net, M\u00e9xico, a 4 de abril de 2017).- Conscientes de la importancia para la ciudadan\u00eda en general de la b\u00fasqueda de nuevas oportunidades de crecimiento profesional, ponemos\u2026<\/p>\n<p class=\"postmeta\"><span class=\"meta_date\">abril 4, 2017<\/span><\/p>\n<div class=\"toolbar-social\"><\/div>\n<\/div>\n<div class=\"featuredpost\">\n<div class=\"flow_hide\"><a href=\"http:\/\/www.eloriente.net\/home\/2017\/04\/03\/unorienteverde-una-construccion-pone-peligro-al-jaguar\/\" rel=\"bookmark\"><img decoding=\"async\" class=\"alignleft\" title=\"#UnOrienteVerde  Una construcci\u00f3n pone en peligro al jaguar\" src=\"http:\/\/www.eloriente.net\/home\/wp-content\/themes\/city-desk\/timthumb.php?src=http%3A%2F%2Fwww.eloriente.net%2Fhome%2Fwp-content%2Fuploads%2F2017%2F04%2Fjaguar-1807171_1920.jpg&amp;q=90&amp;w=70&amp;h=45&amp;zc=1\" alt=\"#UnOrienteVerde  Una construcci\u00f3n pone en peligro al jaguar\" \/><\/a><\/p>\n<h2 class=\"posttitle \"><a title=\"Enlace Permanente a #UnOrienteVerde  Una construcci\u00f3n pone en peligro al jaguar\" href=\"http:\/\/www.eloriente.net\/home\/2017\/04\/03\/unorienteverde-una-construccion-pone-peligro-al-jaguar\/\" rel=\"bookmark\">#UnOrienteVerde Una construcci\u00f3n pone en peligro al jaguar<\/a><\/h2>\n<\/div>\n<p>(www.eloriente.net; M\u00e9xico a 3 de abril de 2017).- Por Jessica Lamadrid Durante la construcci\u00f3n de la primera etapa de la supercarretara Mitla-Tehuantepec se realizaron diferentes obras entre el\u2026<\/p>\n<p class=\"postmeta\"><span class=\"meta_date\">abril 3, 2017<\/span><\/p>\n<\/div>\n\n\t\t\t  <div \n\t\t\t  \tclass = \"fb-comments\" \n\t\t\t  \tdata-href = \"http:\/\/www.eloriente.net\/home\/2017\/04\/05\/cultura-reporte-arete-digital-gestion-cultural-abril2017\/\"\n\t\t\t  \tdata-numposts = \"10\"\n\t\t\t\tdata-colorscheme = \"dark\"\n\t\t\t\tdata-order-by = \"social\"\n\t\t\t\tdata-mobile=true>\n\t\t\t  <\/div>\n\t\t  <style>\n\t\t\t.fb_iframe_widget_fluid_desktop iframe {\n\t\t\t    width: 100% !important;\n\t\t\t}\n\t\t  <\/style>\n\t\t  ","protected":false},"excerpt":{"rendered":"<p>&nbsp; (www.eloriente.net, M\u00e9xico, 5 de abril de 2017).- La Asociaci\u00f3n Espa\u00f1ola de Gestores de Patrimonio Cultural (AEGPC) public\u00f3 su reporte mensual sobre gesti\u00f3n cultural, Aret\u00e9 Digital, noviembre 2015, en el cual muestra una s\u00edntesis sobre las actividades, convocatorias, cursos, jornadas, congresos, seminarios y noticias de la instituci\u00f3n. En esta edici\u00f3n destaca primeramente el Ciclo \u00abLos [&hellip;]<\/p>\n","protected":false},"author":44,"featured_media":47770,"comment_status":"open","ping_status":"open","sticky":false,"template":"","format":"standard","meta":{"_jetpack_memberships_contains_paid_content":false,"footnotes":""},"categories":[8,18,32,10],"tags":[6990,6263,2559,239,241,110,1526],"class_list":{"0":"post-47769","1":"post","2":"type-post","3":"status-publish","4":"format-standard","5":"has-post-thumbnail","6":"hentry","7":"category-agenda","8":"category-educacion-y-cultura","9":"category-entradas","10":"category-lo-mas-reciente","11":"tag-6990","12":"tag-abril","13":"tag-arete-digital","14":"tag-arte","15":"tag-cultura","17":"tag-gestion-cultural"},"jetpack_featured_media_url":"http:\/\/www.eloriente.net\/home\/wp-content\/uploads\/2017\/04\/3284131302_e93261cb9c_o.jpg","jetpack_sharing_enabled":true,"_links":{"self":[{"href":"http:\/\/www.eloriente.net\/home\/wp-json\/wp\/v2\/posts\/47769"}],"collection":[{"href":"http:\/\/www.eloriente.net\/home\/wp-json\/wp\/v2\/posts"}],"about":[{"href":"http:\/\/www.eloriente.net\/home\/wp-json\/wp\/v2\/types\/post"}],"author":[{"embeddable":true,"href":"http:\/\/www.eloriente.net\/home\/wp-json\/wp\/v2\/users\/44"}],"replies":[{"embeddable":true,"href":"http:\/\/www.eloriente.net\/home\/wp-json\/wp\/v2\/comments?post=47769"}],"version-history":[{"count":1,"href":"http:\/\/www.eloriente.net\/home\/wp-json\/wp\/v2\/posts\/47769\/revisions"}],"predecessor-version":[{"id":47771,"href":"http:\/\/www.eloriente.net\/home\/wp-json\/wp\/v2\/posts\/47769\/revisions\/47771"}],"wp:featuredmedia":[{"embeddable":true,"href":"http:\/\/www.eloriente.net\/home\/wp-json\/wp\/v2\/media\/47770"}],"wp:attachment":[{"href":"http:\/\/www.eloriente.net\/home\/wp-json\/wp\/v2\/media?parent=47769"}],"wp:term":[{"taxonomy":"category","embeddable":true,"href":"http:\/\/www.eloriente.net\/home\/wp-json\/wp\/v2\/categories?post=47769"},{"taxonomy":"post_tag","embeddable":true,"href":"http:\/\/www.eloriente.net\/home\/wp-json\/wp\/v2\/tags?post=47769"}],"curies":[{"name":"wp","href":"https:\/\/api.w.org\/{rel}","templated":true}]}}