{"id":47830,"date":"2017-04-11T14:43:26","date_gmt":"2017-04-11T20:43:26","guid":{"rendered":"http:\/\/www.eloriente.net\/home\/?p=47830"},"modified":"2017-04-25T12:05:26","modified_gmt":"2017-04-25T18:05:26","slug":"5-vacantes-contadores-martesdevacantes-3","status":"publish","type":"post","link":"http:\/\/www.eloriente.net\/home\/2017\/04\/11\/5-vacantes-contadores-martesdevacantes-3\/","title":{"rendered":"5 vacantes para Contadores #MartesDeVacantes"},"content":{"rendered":"<p><script src=\"\/\/pagead2.googlesyndication.com\/pagead\/js\/adsbygoogle.js\" async=\"\"><\/script><!-- BANNER ELORIENTE INCRUSTADO NOTAS --> <ins class=\"adsbygoogle\" style=\"display: inline-block; width: 300px; height: 250px;\" data-ad-client=\"ca-pub-1136171134853753\" data-ad-slot=\"7974633627\"><\/ins><script>\/\/ <![CDATA[\n(adsbygoogle = window.adsbygoogle || []).push({});\n\/\/ ]]><\/script><\/p>\n<p>&nbsp;<\/p>\n<p>(www.eloriente.net, M\u00e9xico, a 11 de abril de 2017).- Conscientes de la importancia para la ciudadan\u00eda en general de la b\u00fasqueda de nuevas oportunidades de crecimiento profesional, ponemos a tu disposici\u00f3n semanalmente ofertas de empleo disponibles por profesi\u00f3n en cualquier parte de M\u00e9xico y del mundo o, cuando as\u00ed lo amerita, exclusivamente en Oaxaca.<\/p>\n<p>En esta ocasi\u00f3n, ELORIENTE.NET comparte cinco vacantes para Contadores.<\/p>\n<p>Si deseas aplicar para alguna de las vacantes, deber\u00e1s darle clic al t\u00edtulo de esta y te llevar\u00e1 al sitio que te pondr\u00e1 en contacto con los empleadores. No olvides comentar que la oportunidad la has encontrado con nosotros en el Martes de Vacantes de ELORIENTE.NET. \u00a1\u00c9xito!<\/p>\n<p><a href=\"https:\/\/www.computrabajo.com.mx\/ofertas-de-trabajo\/oferta-de-trabajo-de-contador-publico-en-materia-fiscal-nomina-finanzas-y-seguridad-social-en-oaxaca-de-juarez-029D10D22F907F96\" target=\"_blank\"><strong>1.- CONTADOR P\u00daBLICO<\/strong><\/a><\/p>\n<p><strong>Escolaridad:<\/strong> Licenciatura en Contabilidad<\/p>\n<p><strong>G\u00e9nero:<\/strong> Indistinto<\/p>\n<p><strong>Requisitos:<\/strong> Experiencia m\u00ednima de un a\u00f1o en puestos similares. Contar con disponibilidad de viajar.<\/p>\n<p><strong>Funciones:<\/strong> Asesorar y resolver problemas que presenten usuarios del sistema mediante correo electr\u00f3nico, Skype, Whatsapp, v\u00eda telef\u00f3nica, remoto vpia Team Viewer y presencial. Elaborar manuales y videograf\u00eda.<\/p>\n<p><strong>Salario:<\/strong> $8000 mensuales<\/p>\n<p><strong>Horario:<\/strong> Tiempo completo, no especificado<\/p>\n<p><a href=\"https:\/\/www.occ.com.mx\/Empleo\/Oferta\/9788683-auxiliar-administrativo-de-ingresos?rank=1&amp;page=1&amp;type=organic\"><strong>2.- AUXILIAR ADMINISTRATIVO DE INGRESOS<\/strong><\/a><\/p>\n<p><strong>Escolaridad:<\/strong> Licenciatura en Contadur\u00eda o Administraci\u00f3n<\/p>\n<p><strong>G\u00e9nero:<\/strong> Indistinto<\/p>\n<p><strong>Requisitos:<\/strong> Experiencia m\u00ednima de 6 meses en contabilidad general. Deseos de aprender. Buen dominio de la paqueter\u00eda de Office.<\/p>\n<p><strong>Funciones:<\/strong> Apoyar en labores de administraci\u00f3n.<\/p>\n<p><strong>Salario:<\/strong> $5000 mensuales<\/p>\n<p><strong>Horario:<\/strong> Tiempo completo, no especificado.<\/p>\n<p><a href=\"http:\/\/mx.jobomas.com\/contador-jr-grupo-marti_iid_96824068?utm_source=indeedorganico&amp;utm_source=Indeed&amp;utm_medium=cpc&amp;utm_campaign=Indeed\"><strong>3.- CONTADOR JR.<\/strong><\/a><\/p>\n<p><a href=\"http:\/\/mx.jobomas.com\/contador-jr-grupo-marti_iid_96824068?utm_source=indeedorganico&amp;utm_source=Indeed&amp;utm_medium=cpc&amp;utm_campaign=Indeed\"><strong>Escolaridad:<\/strong> Licenciatura en Contadur\u00eda, titulado.<\/a><\/p>\n<p><strong>G\u00e9nero:<\/strong> Indistinto<\/p>\n<p><strong>Requisitos:<\/strong> Por lo menos 2 a\u00f1os en puesto similar realizando actividades como: Contabilidad general. Facturaci\u00f3n electr\u00f3nica. Recuperaci\u00f3n de gastos. An\u00e1lisis del control presupuestal. Manejo de Excel.<\/p>\n<p><strong>Funciones:<\/strong> Elaboraci\u00f3n de la rentabilidad mensual. An\u00e1lisis financiero, uso y aplicaci\u00f3n de NIF\u00b4S. Conciliaci\u00f3n de ingresos punto de venta, people soft.<\/p>\n<p><strong>Salario:<\/strong> A convenir ($15,000 mensuales)<\/p>\n<p><strong>Horario:<\/strong> Tiempo completo (no especificado)<\/p>\n<p><script src=\"\/\/pagead2.googlesyndication.com\/pagead\/js\/adsbygoogle.js\" async=\"\"><\/script><!-- BANNER PEQUE\u00d1O PARA ENTRENOTAS EL ORIENTE --> <ins class=\"adsbygoogle\" style=\"display: inline-block; width: 468px; height: 60px;\" data-ad-client=\"ca-pub-1136171134853753\" data-ad-slot=\"4953536424\"><\/ins><script>\/\/ <![CDATA[\n(adsbygoogle = window.adsbygoogle || []).push({});\n\/\/ ]]><\/script><\/p>\n<p><a href=\"https:\/\/www.empleo.gob.mx\/2958349-oferta-de-empleo-de-contador-publico-nuestra-caja-sa-cv\"><strong>4.- CONTADOR P\u00daBLICO<\/strong><\/a><\/p>\n<p><strong>Escolaridad:<\/strong> Licenciatura en Contabilidad<\/p>\n<p><strong>G\u00e9nero:<\/strong> Indistinto<\/p>\n<p><strong>Requisitos:<\/strong> Experiencia m\u00ednima de 1 a\u00f1o en puestos similares. Razonamiento L\u00f3gico-Matem\u00e1tico. Trabajo en equipo. Manejo de excel<\/p>\n<p><strong>Funciones:<\/strong> Contabilizaci\u00f3n de p\u00f3lizas, captura de datos, generar base de datos.<\/p>\n<p><strong>Salario:<\/strong> $6000 mensuales<\/p>\n<p><strong>Horario:<\/strong> Lunes a viernes de 9:00 a 19:00 horas<\/p>\n<p><a href=\"https:\/\/www.computrabajo.com.mx\/ofertas-de-trabajo\/oferta-de-trabajo-de-asistente-contable-corporativo-oaxaca-en-oaxaca-de-juarez-7CF8A41A040B03BB\"><strong>5.- ASISTENTE CONTABLE<\/strong><\/a><\/p>\n<p><strong>Escolaridad:<\/strong> Licenciatura en contadur\u00eda Titulado\/ Pasante \/ Trunca.<\/p>\n<p><strong>G\u00e9nero:<\/strong> Indistinto<\/p>\n<p><strong>Requisitos:<\/strong> Edad de entre 23 a 45 a\u00f1os. Disponibilidad de tiempo. Experiencia en \u00e1rea contable. Disponibilidad para viajar. Responsable. Honesto.<\/p>\n<p><strong>Funciones:<\/strong> Verificar las normas, procedimientos y medidas para vigilar que los procesos de documentaci\u00f3n y liquidaci\u00f3n diaria de operaciones y transacciones se efect\u00faen de manera adecuada y conforme a los objetivos y lineamientos de la sociedad. Llevar controles de la informaci\u00f3n financiera, cuidando en todo momento que sea precisa, \u00edntegra, confiable y oportuna.<\/p>\n<p><strong>Salario:<\/strong> $7000 mensuales<\/p>\n<p><strong>Horario:<\/strong> Tiempo completo, no especificado<\/p>\n<p><a href=\"http:\/\/www.eloriente.net\/home\/wp-content\/uploads\/2014\/05\/martes-de-vacantes.jpg\" rel=\"attachment wp-att-25869\"><img loading=\"lazy\" decoding=\"async\" class=\"alignnone wp-image-25869\" src=\"http:\/\/www.eloriente.net\/home\/wp-content\/uploads\/2014\/05\/martes-de-vacantes.jpg\" alt=\"martes de vacantes\" width=\"601\" height=\"399\" srcset=\"http:\/\/www.eloriente.net\/home\/wp-content\/uploads\/2014\/05\/martes-de-vacantes.jpg 1024w, http:\/\/www.eloriente.net\/home\/wp-content\/uploads\/2014\/05\/martes-de-vacantes-300x199.jpg 300w\" sizes=\"(max-width: 601px) 100vw, 601px\" \/><\/a><\/p>\n<p><strong>OTRAS ENTRADAS<\/strong><\/p>\n<div class=\"featuredpost\">\n<div class=\"flow_hide\">\n<h2 class=\"posttitle bigposttitle\"><a title=\"Enlace Permanente a ARTE: 10 cantantes oaxaque\u00f1os que debes conocer\" href=\"http:\/\/www.eloriente.net\/home\/2017\/04\/08\/arte-10-cantantes-oaxaquenos-debes-conocer\/\" rel=\"bookmark\">ARTE: 10 cantantes oaxaque\u00f1os que debes conocer<\/a><\/h2>\n<\/div>\n<p>(www.eloriente.net, M\u00e9xico, a 8 de abril de 2017).- Oaxaca es una tierra muy propicia para la creaci\u00f3n art\u00edstica, los sabores, colores y sonidos que el estado brinda\u2026<\/p>\n<p class=\"postmeta\"><span class=\"meta_date\">abril 8, 2017<\/span><\/p>\n<div class=\"toolbar-social\"><\/div>\n<\/div>\n<div class=\"featuredpost\">\n<div class=\"flow_hide\"><a href=\"http:\/\/www.eloriente.net\/home\/2017\/04\/07\/oaxaca-9-7-k-carrera-atletica-celebrar-la-capital\/\" rel=\"bookmark\"><img decoding=\"async\" class=\"alignleft\" title=\"\u201cOaxaca 9.7 K\u201d carrera atl\u00e9tica para celebrar a la capital\" src=\"http:\/\/www.eloriente.net\/home\/wp-content\/themes\/city-desk\/timthumb.php?src=http%3A%2F%2Fwww.eloriente.net%2Fhome%2Fwp-content%2Fuploads%2F2017%2F04%2FJAHF-PRESENTACI%C3%B4N-CARRERA-ATL%C3%ABTICA-2.jpg&amp;q=90&amp;w=70&amp;h=45&amp;zc=1\" alt=\"\u201cOaxaca 9.7 K\u201d carrera atl\u00e9tica para celebrar a la capital\" \/><\/a><\/p>\n<h2 class=\"posttitle \"><a title=\"Enlace Permanente a \u201cOaxaca 9.7 K\u201d carrera atl\u00e9tica para celebrar a la capital\" href=\"http:\/\/www.eloriente.net\/home\/2017\/04\/07\/oaxaca-9-7-k-carrera-atletica-celebrar-la-capital\/\" rel=\"bookmark\">\u201cOaxaca 9.7 K\u201d carrera atl\u00e9tica para celebrar a la capital<\/a><\/h2>\n<\/div>\n<p>Oaxaca de Ju\u00e1rez, Oaxaca, 6 de abril de 2017.- \u00a0Se\u00a0present\u00f3 la carrera atl\u00e9tica \u201cOaxaca 9.7 K\u201d a realizarse el 29 de abril en punto de las 8:00 horas,\u2026<\/p>\n<p class=\"postmeta\"><span class=\"meta_date\">abril 7, 2017<\/span><\/p>\n<div class=\"toolbar-social\"><\/div>\n<\/div>\n<div class=\"featuredpost\">\n<div class=\"flow_hide\"><a href=\"http:\/\/www.eloriente.net\/home\/2017\/04\/06\/actividades-culturales-oaxaca-no-te-puedes-perder-del-6-al-12-abril\/\" rel=\"bookmark\"><img decoding=\"async\" class=\"alignleft\" title=\"Actividades Culturales en Oaxaca que no te puedes perder ( del 6 al 12 de abril)\" src=\"http:\/\/www.eloriente.net\/home\/wp-content\/themes\/city-desk\/timthumb.php?src=http%3A%2F%2Fwww.eloriente.net%2Fhome%2Fwp-content%2Fuploads%2F2017%2F04%2F23846816640_c549782b6e_k.jpg&amp;q=90&amp;w=70&amp;h=45&amp;zc=1\" alt=\"Actividades Culturales en Oaxaca que no te puedes perder ( del 6 al 12 de abril)\" \/><\/a><\/p>\n<h2 class=\"posttitle \"><a title=\"Enlace Permanente a Actividades Culturales en Oaxaca que no te puedes perder ( del 6 al 12 de abril)\" href=\"http:\/\/www.eloriente.net\/home\/2017\/04\/06\/actividades-culturales-oaxaca-no-te-puedes-perder-del-6-al-12-abril\/\" rel=\"bookmark\">Actividades Culturales en Oaxaca que no te puedes perder ( del 6 al 12 de abril)<\/a><\/h2>\n<\/div>\n<p>(www.eloriente.net; M\u00e9xico a 6 de abril de 2017).- Por Jessica Lamadrid En nuestra agenda cultural de todos lo jueves te compartimos actividades como: proyecciones, talleres, actividades de lectura,\u2026<\/p>\n<p class=\"postmeta\"><span class=\"meta_date\">abril 6, 2017<\/span><\/p>\n<\/div>\n\n\t\t\t  <div \n\t\t\t  \tclass = \"fb-comments\" \n\t\t\t  \tdata-href = \"http:\/\/www.eloriente.net\/home\/2017\/04\/11\/5-vacantes-contadores-martesdevacantes-3\/\"\n\t\t\t  \tdata-numposts = \"10\"\n\t\t\t\tdata-colorscheme = \"dark\"\n\t\t\t\tdata-order-by = \"social\"\n\t\t\t\tdata-mobile=true>\n\t\t\t  <\/div>\n\t\t  <style>\n\t\t\t.fb_iframe_widget_fluid_desktop iframe {\n\t\t\t    width: 100% !important;\n\t\t\t}\n\t\t  <\/style>\n\t\t  ","protected":false},"excerpt":{"rendered":"<p>&nbsp; (www.eloriente.net, M\u00e9xico, a 11 de abril de 2017).- Conscientes de la importancia para la ciudadan\u00eda en general de la b\u00fasqueda de nuevas oportunidades de crecimiento profesional, ponemos a tu disposici\u00f3n semanalmente ofertas de empleo disponibles por profesi\u00f3n en cualquier parte de M\u00e9xico y del mundo o, cuando as\u00ed lo amerita, exclusivamente en Oaxaca. En [&hellip;]<\/p>\n","protected":false},"author":44,"featured_media":25869,"comment_status":"open","ping_status":"open","sticky":false,"template":"","format":"standard","meta":{"_jetpack_memberships_contains_paid_content":false,"footnotes":""},"categories":[942,32,63,16,464,19],"tags":[4080,411,2186,4283,410],"class_list":["post-47830","post","type-post","status-publish","format-standard","has-post-thumbnail","hentry","category-martesdevacantes","category-entradas","category-estados","category-salud-y-estilo-de-vida","category-oaxaca-estados","category-turismo-y-negocios","tag-martesdevacantes","tag-administracion","tag-contabilidad","tag-contadores","tag-contaduria"],"jetpack_featured_media_url":"http:\/\/www.eloriente.net\/home\/wp-content\/uploads\/2014\/05\/martes-de-vacantes.jpg","jetpack_sharing_enabled":true,"_links":{"self":[{"href":"http:\/\/www.eloriente.net\/home\/wp-json\/wp\/v2\/posts\/47830"}],"collection":[{"href":"http:\/\/www.eloriente.net\/home\/wp-json\/wp\/v2\/posts"}],"about":[{"href":"http:\/\/www.eloriente.net\/home\/wp-json\/wp\/v2\/types\/post"}],"author":[{"embeddable":true,"href":"http:\/\/www.eloriente.net\/home\/wp-json\/wp\/v2\/users\/44"}],"replies":[{"embeddable":true,"href":"http:\/\/www.eloriente.net\/home\/wp-json\/wp\/v2\/comments?post=47830"}],"version-history":[{"count":1,"href":"http:\/\/www.eloriente.net\/home\/wp-json\/wp\/v2\/posts\/47830\/revisions"}],"predecessor-version":[{"id":47831,"href":"http:\/\/www.eloriente.net\/home\/wp-json\/wp\/v2\/posts\/47830\/revisions\/47831"}],"wp:featuredmedia":[{"embeddable":true,"href":"http:\/\/www.eloriente.net\/home\/wp-json\/wp\/v2\/media\/25869"}],"wp:attachment":[{"href":"http:\/\/www.eloriente.net\/home\/wp-json\/wp\/v2\/media?parent=47830"}],"wp:term":[{"taxonomy":"category","embeddable":true,"href":"http:\/\/www.eloriente.net\/home\/wp-json\/wp\/v2\/categories?post=47830"},{"taxonomy":"post_tag","embeddable":true,"href":"http:\/\/www.eloriente.net\/home\/wp-json\/wp\/v2\/tags?post=47830"}],"curies":[{"name":"wp","href":"https:\/\/api.w.org\/{rel}","templated":true}]}}