{"id":47945,"date":"2017-04-20T10:22:34","date_gmt":"2017-04-20T16:22:34","guid":{"rendered":"http:\/\/www.eloriente.net\/home\/?p=47945"},"modified":"2017-04-21T09:57:27","modified_gmt":"2017-04-21T15:57:27","slug":"actividades-culturales-oaxaca-no-te-puedes-perder-del-20-al-26-abril","status":"publish","type":"post","link":"http:\/\/www.eloriente.net\/home\/2017\/04\/20\/actividades-culturales-oaxaca-no-te-puedes-perder-del-20-al-26-abril\/","title":{"rendered":"Actividades culturales en Oaxaca que no te puedes perder (del 20 al 26 de abril)"},"content":{"rendered":"<p><!-- BANNER ELORIENTE INCRUSTADO NOTAS --> <ins class=\"adsbygoogle\" style=\"width: 300px; height: 250px;\"><\/ins><\/p>\n<p>(www.eloriente.net; M\u00e9xico a 20 de abril de 2017).- Por Jessica Lamadrid<\/p>\n<p>&nbsp;<\/p>\n<p>El Oriente como todas las semanas te comparte una agenda cultural con actividades que puedes realizar durante una semana en la ciudad, en esta ocasi\u00f3n te compartimos funciones de teatro, conciertos, lecturas y muestras gastron\u00f3micas.<\/p>\n<p>&nbsp;<\/p>\n<h2><a href=\"https:\/\/www.facebook.com\/events\/1388701107840242\/?acontext=%7B%22ref%22%3A%224%22%2C%22feed_story_type%22%3A%22308%22%2C%22action_history%22%3A%22null%22%7D\" target=\"_blank\">1.- Seattle<\/a><\/h2>\n<p>El Foro Esc\u00e9nico La Locomotora presentar\u00e1 \u00abSeattle\u00bb una obra de Teatro Danza que narra la vida de Luna y Mark, dos bailarines que intentan unir la danza, el deporte y eventos hist\u00f3ricos como una rebeld\u00eda contra el destino. Con encuentros y desencuentros tanto familiares como sociales.<\/p>\n<p>Esta representaci\u00f3n ser\u00e1 en el Foro La Locomotora ubicado en la calle Norte 1 n\u00famero 109 en Avenida Ferrocarril el d\u00eda 21 de abril, el costo de los boletos para la funci\u00f3n es de $100.00<\/p>\n<p>&nbsp;<\/p>\n<p><a href=\"http:\/\/www.eloriente.net\/home\/wp-content\/uploads\/2017\/04\/17626292_1829438020649470_252686894329369492_n.jpg\" rel=\"attachment wp-att-47946\"><img loading=\"lazy\" decoding=\"async\" class=\" wp-image-47946 aligncenter\" src=\"http:\/\/www.eloriente.net\/home\/wp-content\/uploads\/2017\/04\/17626292_1829438020649470_252686894329369492_n.jpg\" alt=\"17626292_1829438020649470_252686894329369492_n\" width=\"434\" height=\"506\" srcset=\"http:\/\/www.eloriente.net\/home\/wp-content\/uploads\/2017\/04\/17626292_1829438020649470_252686894329369492_n.jpg 822w, http:\/\/www.eloriente.net\/home\/wp-content\/uploads\/2017\/04\/17626292_1829438020649470_252686894329369492_n-257x300.jpg 257w, http:\/\/www.eloriente.net\/home\/wp-content\/uploads\/2017\/04\/17626292_1829438020649470_252686894329369492_n-768x897.jpg 768w\" sizes=\"(max-width: 434px) 100vw, 434px\" \/><\/a><\/p>\n<p>&nbsp;<\/p>\n<h2><a href=\"https:\/\/www.facebook.com\/events\/1017840738315408\/?acontext=%7B%22ref%22%3A%22106%22%2C%22action_history%22%3A%22null%22%7D\" target=\"_blank\">2.- Marat\u00f3n de Lectura en Voz Alta<\/a><\/h2>\n<p>Como una celebraci\u00f3n al D\u00eda del Libro, el d\u00eda 22 de abril la<a href=\"https:\/\/www.facebook.com\/Casa-de-Cultura-Oaxaque%C3%B1a-157082727689541\/\" target=\"_blank\"> Casa de la Cultura Oaxaque\u00f1a<\/a> realizar\u00e1 un Marat\u00f3n de Lectura en Voz Alta de 10 de la ma\u00f1ana a las 11 de la noche. La actividad consiste en llevar un texto de cualquier tipo que quieras compartir durante este marat\u00f3n, pueden participar tambi\u00e9n ni\u00f1os que sepan leer.<\/p>\n<p><!-- BANNER PEQUE\u00d1O PARA ENTRENOTAS EL ORIENTE --> <ins class=\"adsbygoogle\" style=\"width: 468px; height: 60px;\"><\/ins><\/p>\n<p>La entrada al evento es libre, te recordamos que la Casa de la Cultura est\u00e1 ubicada en G\u00f3nzales Ortega n\u00famero 403 de la Colonia Centro.<\/p>\n<p>&nbsp;<\/p>\n<p><a href=\"http:\/\/www.eloriente.net\/home\/wp-content\/uploads\/2017\/04\/18010116_1422892074441927_2764301408371463164_n.jpg\" rel=\"attachment wp-att-47952\"><img loading=\"lazy\" decoding=\"async\" class=\" wp-image-47952 aligncenter\" src=\"http:\/\/www.eloriente.net\/home\/wp-content\/uploads\/2017\/04\/18010116_1422892074441927_2764301408371463164_n.jpg\" alt=\"18010116_1422892074441927_2764301408371463164_n\" width=\"462\" height=\"298\" srcset=\"http:\/\/www.eloriente.net\/home\/wp-content\/uploads\/2017\/04\/18010116_1422892074441927_2764301408371463164_n.jpg 960w, http:\/\/www.eloriente.net\/home\/wp-content\/uploads\/2017\/04\/18010116_1422892074441927_2764301408371463164_n-300x194.jpg 300w, http:\/\/www.eloriente.net\/home\/wp-content\/uploads\/2017\/04\/18010116_1422892074441927_2764301408371463164_n-768x497.jpg 768w\" sizes=\"(max-width: 462px) 100vw, 462px\" \/><\/a><\/p>\n<p>&nbsp;<\/p>\n<h2>3.- Concierto Dominical<\/h2>\n<p>Para este 23 de abril se realizar\u00e1 el Concierto Dominical del municipio de la ciudad en el foro al aire libre \u00abBajo el Laurel\u00bb ubicado entre la Alameda de Le\u00f3n y el Z\u00f3calo de la ciudad. Quienes tocar\u00e1n ser\u00e1 la Banda de M\u00fasica del Estado a las 12:30 del d\u00eda, la entrada es libre al p\u00fablico.<\/p>\n<p>&nbsp;<\/p>\n<p><a href=\"http:\/\/www.eloriente.net\/home\/wp-content\/uploads\/2017\/04\/cd.png\" rel=\"attachment wp-att-47962\"><img loading=\"lazy\" decoding=\"async\" class=\" wp-image-47962 aligncenter\" src=\"http:\/\/www.eloriente.net\/home\/wp-content\/uploads\/2017\/04\/cd.png\" alt=\"cd\" width=\"462\" height=\"230\" srcset=\"http:\/\/www.eloriente.net\/home\/wp-content\/uploads\/2017\/04\/cd.png 585w, http:\/\/www.eloriente.net\/home\/wp-content\/uploads\/2017\/04\/cd-300x149.png 300w\" sizes=\"(max-width: 462px) 100vw, 462px\" \/><\/a><\/p>\n<p>&nbsp;<\/p>\n<h2>4.- Primer Encuentro de Cocineras Tradicionales<\/h2>\n<p>Como parte de los eventos en celebraci\u00f3n del aniversario de la ciudad, este lunes 24 de abril en la Plaza de la Danza se realizar\u00e1 el Primer Encuentro de Cocineras Tradicionales adem\u00e1s de una Muestra de la Gastronom\u00eda de la Gastronom\u00eda Oaxaque\u00f1a.<\/p>\n<p>La inauguraci\u00f3n del evento es las 3 de la tarde y la entrada es libre.<\/p>\n<p>&nbsp;<\/p>\n<p><a href=\"http:\/\/www.eloriente.net\/home\/wp-content\/uploads\/2017\/04\/17903893_446217579050336_7220011796255067588_n.jpg\" rel=\"attachment wp-att-47954\"><img loading=\"lazy\" decoding=\"async\" class=\" wp-image-47954 aligncenter\" src=\"http:\/\/www.eloriente.net\/home\/wp-content\/uploads\/2017\/04\/17903893_446217579050336_7220011796255067588_n.jpg\" alt=\"17903893_446217579050336_7220011796255067588_n\" width=\"397\" height=\"397\" srcset=\"http:\/\/www.eloriente.net\/home\/wp-content\/uploads\/2017\/04\/17903893_446217579050336_7220011796255067588_n.jpg 960w, http:\/\/www.eloriente.net\/home\/wp-content\/uploads\/2017\/04\/17903893_446217579050336_7220011796255067588_n-150x150.jpg 150w, http:\/\/www.eloriente.net\/home\/wp-content\/uploads\/2017\/04\/17903893_446217579050336_7220011796255067588_n-300x300.jpg 300w, http:\/\/www.eloriente.net\/home\/wp-content\/uploads\/2017\/04\/17903893_446217579050336_7220011796255067588_n-768x768.jpg 768w, http:\/\/www.eloriente.net\/home\/wp-content\/uploads\/2017\/04\/17903893_446217579050336_7220011796255067588_n-50x50.jpg 50w, http:\/\/www.eloriente.net\/home\/wp-content\/uploads\/2017\/04\/17903893_446217579050336_7220011796255067588_n-144x144.jpg 144w\" sizes=\"(max-width: 397px) 100vw, 397px\" \/><\/a><\/p>\n<p>&nbsp;<\/p>\n<h2>5.- X Festival de Cuentos para Ni\u00f1os<\/h2>\n<p>La <a href=\"https:\/\/www.facebook.com\/bsbibliotecainfantildeoaxaca\/\" target=\"_blank\">Biblioteca Infantil de Oaxaca<\/a> est\u00e1 realizando su X Festival de Cuentos para Ni\u00f1os realizando c\u00edrculos de lectura. El martes 25 de abril a las 17 horas ser\u00e1 el pen\u00faltimo c\u00edrculo de la feria, en donde participar\u00e1 \u00c1ngel del Pilar Col\u00edn de la ciudad de M\u00e9xico y Mois\u00e9s Mendelewicz de Costa Rica.<\/p>\n<p>La entrada al evento es gratuita.<\/p>\n<p>&nbsp;<\/p>\n<p><a href=\"http:\/\/www.eloriente.net\/home\/wp-content\/uploads\/2017\/04\/17903427_821635601332096_2830497947558854103_n.jpg\" rel=\"attachment wp-att-47955\"><img loading=\"lazy\" decoding=\"async\" class=\" wp-image-47955 aligncenter\" src=\"http:\/\/www.eloriente.net\/home\/wp-content\/uploads\/2017\/04\/17903427_821635601332096_2830497947558854103_n.jpg\" alt=\"17903427_821635601332096_2830497947558854103_n\" width=\"393\" height=\"608\" srcset=\"http:\/\/www.eloriente.net\/home\/wp-content\/uploads\/2017\/04\/17903427_821635601332096_2830497947558854103_n.jpg 621w, http:\/\/www.eloriente.net\/home\/wp-content\/uploads\/2017\/04\/17903427_821635601332096_2830497947558854103_n-194x300.jpg 194w\" sizes=\"(max-width: 393px) 100vw, 393px\" \/><\/a><\/p>\n<p>&nbsp;<\/p>\n<p>&nbsp;<\/p>\n<p>&nbsp;<\/p>\n<h2>OTRAS ENTRADAS<\/h2>\n<div class=\"featuredpost\">\n<div class=\"flow_hide\">\n<h2 class=\"posttitle bigposttitle\"><a title=\"Enlace Permanente a #Educaci\u00f3nOaxaca \u00bfQu\u00e9 universidades tienen la Licenciatura en Gesti\u00f3n Cultural?\" href=\"http:\/\/www.eloriente.net\/home\/2017\/04\/19\/educacionoaxaca-universidades-tienen-la-licenciatura-gestion-cultural\/\" rel=\"bookmark\">#Educaci\u00f3nOaxaca \u00bfQu\u00e9 universidades tienen la Licenciatura en Gesti\u00f3n Cultural?<\/a><\/h2>\n<\/div>\n<p>(www.eloriente.net; M\u00e9xico a 19 de abril de 2017).- Por Jessica Lamadrid \u00a0 \u00bfSabes qu\u00e9 hacen los egresados de la Licenciatura en Gesti\u00f3n Cultura? \u00bfNo? Pues quienes han estudiado\u2026<\/p>\n<p class=\"postmeta\"><span class=\"meta_date\">abril 19, 2017<\/span><\/p>\n<p class=\"postmeta\">\n<\/div>\n<div class=\"featuredpost\">\n<div class=\"flow_hide\">\n<p><a href=\"http:\/\/www.eloriente.net\/home\/2017\/04\/18\/5-vacantes-administracion-martesdevacantes-4\/\" rel=\"bookmark\"><img decoding=\"async\" class=\"alignleft\" title=\"5 vacantes en Administraci\u00f3n #MartesDeVacantes\" src=\"http:\/\/www.eloriente.net\/home\/wp-content\/themes\/city-desk\/timthumb.php?src=http%3A%2F%2Fwww.eloriente.net%2Fhome%2Fwp-content%2Fuploads%2F2014%2F05%2Fmartes-de-vacantes.jpg&amp;q=90&amp;w=70&amp;h=45&amp;zc=1\" alt=\"5 vacantes en Administraci\u00f3n #MartesDeVacantes\" \/><\/a><\/p>\n<h2 class=\"posttitle \"><a title=\"Enlace Permanente a 5 vacantes en Administraci\u00f3n #MartesDeVacantes\" href=\"http:\/\/www.eloriente.net\/home\/2017\/04\/18\/5-vacantes-administracion-martesdevacantes-4\/\" rel=\"bookmark\">5 vacantes en Administraci\u00f3n #MartesDeVacantes<\/a><\/h2>\n<\/div>\n<p>www.eloriente.net, M\u00e9xico, a 18 de abril de 2017).- Conscientes de la importancia para la ciudadan\u00eda en general de la b\u00fasqueda de nuevas oportunidades de crecimiento profesional, ponemos\u2026<\/p>\n<p class=\"postmeta\"><span class=\"meta_date\">abril 18, 2017<\/span><\/p>\n<p class=\"postmeta\">\n<\/div>\n<div class=\"featuredpost\">\n<div class=\"flow_hide\">\n<p><a href=\"http:\/\/www.eloriente.net\/home\/2017\/04\/14\/luz-en-elcorazon-el-maravilloso-proyecto-oaxaqueno-que-busca-cambiar-la-vida-de-muchos\/\" rel=\"bookmark\"><img decoding=\"async\" class=\"alignleft\" title=\"Luz en el Coraz\u00f3n, el maravilloso proyecto oaxaque\u00f1o que busca cambiar la vida de muchos\" src=\"http:\/\/www.eloriente.net\/home\/wp-content\/themes\/city-desk\/timthumb.php?src=http%3A%2F%2Fwww.eloriente.net%2Fhome%2Fwp-content%2Fuploads%2F2017%2F04%2F16996398_1168164789973625_2509040769510476191_n.jpg&amp;q=90&amp;w=70&amp;h=45&amp;zc=1\" alt=\"Luz en el Coraz\u00f3n, el maravilloso proyecto oaxaque\u00f1o que busca cambiar la vida de muchos\" \/><\/a><\/p>\n<h2 class=\"posttitle \"><a title=\"Enlace Permanente a Luz en el Coraz\u00f3n, el maravilloso proyecto oaxaque\u00f1o que busca cambiar la vida de muchos\" href=\"http:\/\/www.eloriente.net\/home\/2017\/04\/14\/luz-en-elcorazon-el-maravilloso-proyecto-oaxaqueno-que-busca-cambiar-la-vida-de-muchos\/\" rel=\"bookmark\">Luz en el Coraz\u00f3n, el maravilloso proyecto oaxaque\u00f1o que busca cambiar la vida de muchos<\/a><\/h2>\n<\/div>\n<p>(www.eloriente.net; M\u00e9xico a 14 de abril de 2017).- Por Jessica Lamadrid \u00a0 Luz en el Coraz\u00f3n es un proyecto hecho por padres de familia, que buscan ayudar a\u2026<\/p>\n<p class=\"postmeta\"><span class=\"meta_date\">abril 14, 2017<\/span><\/p>\n<\/div>\n<p>&nbsp;<\/p>\n\n\t\t\t  <div \n\t\t\t  \tclass = \"fb-comments\" \n\t\t\t  \tdata-href = \"http:\/\/www.eloriente.net\/home\/2017\/04\/20\/actividades-culturales-oaxaca-no-te-puedes-perder-del-20-al-26-abril\/\"\n\t\t\t  \tdata-numposts = \"10\"\n\t\t\t\tdata-colorscheme = \"dark\"\n\t\t\t\tdata-order-by = \"social\"\n\t\t\t\tdata-mobile=true>\n\t\t\t  <\/div>\n\t\t  <style>\n\t\t\t.fb_iframe_widget_fluid_desktop iframe {\n\t\t\t    width: 100% !important;\n\t\t\t}\n\t\t  <\/style>\n\t\t  ","protected":false},"excerpt":{"rendered":"<p>(www.eloriente.net; M\u00e9xico a 20 de abril de 2017).- Por Jessica Lamadrid &nbsp; El Oriente como todas las semanas te comparte una agenda cultural con actividades que puedes realizar durante una semana en la ciudad, en esta ocasi\u00f3n te compartimos funciones de teatro, conciertos, lecturas y muestras gastron\u00f3micas. &nbsp; 1.- Seattle El Foro Esc\u00e9nico La Locomotora [&hellip;]<\/p>\n","protected":false},"author":45,"featured_media":47963,"comment_status":"open","ping_status":"open","sticky":false,"template":"","format":"standard","meta":{"_jetpack_memberships_contains_paid_content":false,"footnotes":""},"categories":[8,32,10,464,31],"tags":[6263,858,1032,241,73],"class_list":["post-47945","post","type-post","status-publish","format-standard","has-post-thumbnail","hentry","category-agenda","category-entradas","category-lo-mas-reciente","category-oaxaca-estados","category-principal","tag-abril","tag-actividades","tag-agenda-2","tag-cultura","tag-oaxaca"],"jetpack_featured_media_url":"http:\/\/www.eloriente.net\/home\/wp-content\/uploads\/2017\/04\/5425757890_9a6ffd41b7_b.jpg","jetpack_sharing_enabled":true,"_links":{"self":[{"href":"http:\/\/www.eloriente.net\/home\/wp-json\/wp\/v2\/posts\/47945"}],"collection":[{"href":"http:\/\/www.eloriente.net\/home\/wp-json\/wp\/v2\/posts"}],"about":[{"href":"http:\/\/www.eloriente.net\/home\/wp-json\/wp\/v2\/types\/post"}],"author":[{"embeddable":true,"href":"http:\/\/www.eloriente.net\/home\/wp-json\/wp\/v2\/users\/45"}],"replies":[{"embeddable":true,"href":"http:\/\/www.eloriente.net\/home\/wp-json\/wp\/v2\/comments?post=47945"}],"version-history":[{"count":4,"href":"http:\/\/www.eloriente.net\/home\/wp-json\/wp\/v2\/posts\/47945\/revisions"}],"predecessor-version":[{"id":47978,"href":"http:\/\/www.eloriente.net\/home\/wp-json\/wp\/v2\/posts\/47945\/revisions\/47978"}],"wp:featuredmedia":[{"embeddable":true,"href":"http:\/\/www.eloriente.net\/home\/wp-json\/wp\/v2\/media\/47963"}],"wp:attachment":[{"href":"http:\/\/www.eloriente.net\/home\/wp-json\/wp\/v2\/media?parent=47945"}],"wp:term":[{"taxonomy":"category","embeddable":true,"href":"http:\/\/www.eloriente.net\/home\/wp-json\/wp\/v2\/categories?post=47945"},{"taxonomy":"post_tag","embeddable":true,"href":"http:\/\/www.eloriente.net\/home\/wp-json\/wp\/v2\/tags?post=47945"}],"curies":[{"name":"wp","href":"https:\/\/api.w.org\/{rel}","templated":true}]}}