{"id":48082,"date":"2017-04-28T10:52:51","date_gmt":"2017-04-28T16:52:51","guid":{"rendered":"http:\/\/www.eloriente.net\/home\/?p=48082"},"modified":"2017-04-28T11:16:32","modified_gmt":"2017-04-28T17:16:32","slug":"viernesdefelicidad-andrew-funk-esta-personas-sin-techo-sean-emprendedores","status":"publish","type":"post","link":"http:\/\/www.eloriente.net\/home\/2017\/04\/28\/viernesdefelicidad-andrew-funk-esta-personas-sin-techo-sean-emprendedores\/","title":{"rendered":"#ViernesDeFelicidad  Andrew Funk convierte a personas sin hogar en emprendedores"},"content":{"rendered":"<p><!-- BANNER ELORIENTE INCRUSTADO NOTAS --> <ins class=\"adsbygoogle\" style=\"width: 300px; height: 250px;\"><\/ins><\/p>\n<p>(www.eloriente.net; M\u00e9xico 28 de abril de 2017).- Por Jessica Lamadrid<\/p>\n<div class=\"col-md-12 np compartir-articulo\"><\/div>\n<div class=\"col-md-12 texto-articulo np\">\n<p>&nbsp;<\/p>\n<p>Andrew Funk es un estadounidense que est\u00e1 ayudando a personas sin techo en Espa\u00f1a retomando la idea de que a un hombre con hambre es mejor ense\u00f1arle a pescar que darle un pescado de alimento. Para esto Funk est\u00e1 aprovechando la tecnolog\u00eda y las ganas de ayudar de las personas, para convertirse en el fundador de una incubadora de negocios de Barcelona, financiada a trav\u00e9s de mini donaciones que buscan\u00a0sacar a personas de la calle y reinsertarlas en el mundo laboral.<\/p>\n<p>Antes de iniciar con este proyecto Andrew trabajaba como profesor de ingl\u00e9s (fundando su propia escuela de idiomas), adem\u00e1s de ser consultor digital, no obstante, siempre busc\u00f3 ayudar a otros. En\u00a0una entrevista a BBC Mundo declar\u00f3: \u201cPero llevaba mucho tiempo queriendo dedicarme al desarrollo individual y empresarial de las personas. Y despu\u00e9s de darle muchas vueltas, llegu\u00e9 a la conclusi\u00f3n de que el perfil m\u00e1s complejo eran las personas sin techo, personas que no tienen casi nada\u201d<\/p>\n<p><!-- BANNER PEQUE\u00d1O PARA ENTRENOTAS EL ORIENTE --> <ins class=\"adsbygoogle\" style=\"width: 468px; height: 60px;\"><\/ins><\/p>\n<p>De esta manera naci\u00f3 Homeless Entrepreneur (Emprendedores sin techo) como una asociaci\u00f3n formada por personas con y sin techo que busca proveer a \u00e9stos \u00faltimos con herramientas para que puedan reincorporarse al mundo laboral. Sin embargo, la idea se centra tambi\u00e9n en crear una red de prevenci\u00f3n, que en el futuro podr\u00eda expandirse al sector de la gente desempleada.<\/p>\n<p>&nbsp;<\/p>\n<\/div>\n<blockquote class=\"twitter-tweet\" data-width=\"550\" data-dnt=\"true\">\n<p lang=\"es\" dir=\"ltr\">Juntos poco a poco para acabar con el <a href=\"https:\/\/twitter.com\/hashtag\/sinhogarismo?src=hash&amp;ref_src=twsrc%5Etfw\">#sinhogarismo<\/a> \ud83d\ude09\ud83d\udcaa <a href=\"https:\/\/twitter.com\/hashtag\/homelessentrepreneur?src=hash&amp;ref_src=twsrc%5Etfw\">#homelessentrepreneur<\/a> <a href=\"https:\/\/t.co\/oiZtgyK4l8\">pic.twitter.com\/oiZtgyK4l8<\/a><\/p>\n<p>&mdash; Homeless Entrepreneur (@homelesspreneur) <a href=\"https:\/\/twitter.com\/homelesspreneur\/status\/857153778860138496?ref_src=twsrc%5Etfw\">April 26, 2017<\/a><\/p><\/blockquote>\n<p><script async src=\"https:\/\/platform.twitter.com\/widgets.js\" charset=\"utf-8\"><\/script><\/p>\n<p>&nbsp;<\/p>\n<blockquote class=\"twitter-tweet\" data-width=\"550\" data-dnt=\"true\">\n<p lang=\"es\" dir=\"ltr\">\u00bfConoc\u00e9is &quot;En busca de la felicidad&quot;? Vamos a hacerlo con <a href=\"https:\/\/twitter.com\/hashtag\/HomelessEntrepreneur?src=hash&amp;ref_src=twsrc%5Etfw\">#HomelessEntrepreneur<\/a> en <a href=\"https:\/\/twitter.com\/hashtag\/Barcelona?src=hash&amp;ref_src=twsrc%5Etfw\">#Barcelona<\/a>. <a href=\"https:\/\/twitter.com\/T13?ref_src=twsrc%5Etfw\">@T13<\/a>: <a href=\"https:\/\/t.co\/DxjXpeLrHI\">https:\/\/t.co\/DxjXpeLrHI<\/a><\/p>\n<p>&mdash; Homeless Entrepreneur (@homelesspreneur) <a href=\"https:\/\/twitter.com\/homelesspreneur\/status\/854984736825122820?ref_src=twsrc%5Etfw\">April 20, 2017<\/a><\/p><\/blockquote>\n<p><script async src=\"https:\/\/platform.twitter.com\/widgets.js\" charset=\"utf-8\"><\/script><\/p>\n<p>&nbsp;<\/p>\n<p>&nbsp;<\/p>\n<div class=\"col-md-12 texto-articulo np\">\n<h2>OTRAS ENTRADAS<\/h2>\n<div class=\"featuredpost\">\n<div class=\"flow_hide\">\n<h2 class=\"posttitle bigposttitle\"><a title=\"Enlace Permanente a VIDEOCOLUMNA: C\u00e9dula Real de la fundaci\u00f3n de Antequera. Por Gerardo Castellanos\" href=\"http:\/\/www.eloriente.net\/home\/2017\/04\/27\/videocolumna-cedula-real-la-fundacion-antequera-gerardo-castellanos\/\" rel=\"bookmark\">VIDEOCOLUMNA: C\u00e9dula Real de la fundaci\u00f3n de Antequera. Por Gerardo Castellanos<\/a><\/h2>\n<\/div>\n<p>27 de abril de 2017 \u201cAnalizando la c\u00e9dula de la fundaci\u00f3n de Oaxaca que conocemos, nos damos cuenta que se trata de la fundaci\u00f3n de Antequera y\u2026<\/p>\n<p class=\"postmeta\"><span class=\"meta_date\">abril 27, 2017<\/span><\/p>\n<p class=\"postmeta\">\n<\/div>\n<div class=\"featuredpost\">\n<div class=\"flow_hide\">\n<p><a href=\"http:\/\/www.eloriente.net\/home\/2017\/04\/27\/actividades-culturales-oaxaca-no-te-puedes-perder-del-27-abril-al-3-mayo\/\" rel=\"bookmark\"><img decoding=\"async\" class=\"alignleft\" title=\"Actividades culturales en Oaxaca que no te puedes perder (del 27 de abril al 3 de mayo)\" src=\"http:\/\/www.eloriente.net\/home\/wp-content\/themes\/city-desk\/timthumb.php?src=http%3A%2F%2Fwww.eloriente.net%2Fhome%2Fwp-content%2Fuploads%2F2017%2F04%2Frunners-752493_1920.jpg&amp;q=90&amp;w=70&amp;h=45&amp;zc=1\" alt=\"Actividades culturales en Oaxaca que no te puedes perder (del 27 de abril al 3 de mayo)\" \/><\/a><\/p>\n<h2 class=\"posttitle \"><a title=\"Enlace Permanente a Actividades culturales en Oaxaca que no te puedes perder (del 27 de abril al 3 de mayo)\" href=\"http:\/\/www.eloriente.net\/home\/2017\/04\/27\/actividades-culturales-oaxaca-no-te-puedes-perder-del-27-abril-al-3-mayo\/\" rel=\"bookmark\">Actividades culturales en Oaxaca que no te puedes perder (del 27 de abril al 3 de mayo)<\/a><\/h2>\n<\/div>\n<p>(www.eloriente.net; M\u00e9xico a 27 de abril de 2017).- Por Jessica Lamadrid \u00a0 Esta semana en la agenda cultural podr\u00e1s encontrar actividades diversas como: Apertura de centros culturales, carreras\u2026<\/p>\n<p class=\"postmeta\"><span class=\"meta_date\">abril 27, 2017<\/span><\/p>\n<p class=\"postmeta\">\n<\/div>\n<div class=\"featuredpost\">\n<div class=\"flow_hide\">\n<p><a href=\"http:\/\/www.eloriente.net\/home\/2017\/04\/26\/educacionoaxaca-universidades-la-licenciatura-medicina\/\" rel=\"bookmark\"><img decoding=\"async\" class=\"alignleft\" title=\"#Educaci\u00f3nOaxaca Universidades con la Licenciatura en Medicina\" src=\"http:\/\/www.eloriente.net\/home\/wp-content\/themes\/city-desk\/timthumb.php?src=http%3A%2F%2Fwww.eloriente.net%2Fhome%2Fwp-content%2Fuploads%2F2017%2F04%2Fdoctor-563428_1920.jpg&amp;q=90&amp;w=70&amp;h=45&amp;zc=1\" alt=\"#Educaci\u00f3nOaxaca Universidades con la Licenciatura en Medicina\" \/><\/a><\/p>\n<h2 class=\"posttitle \"><a title=\"Enlace Permanente a #Educaci\u00f3nOaxaca Universidades con la Licenciatura en Medicina\" href=\"http:\/\/www.eloriente.net\/home\/2017\/04\/26\/educacionoaxaca-universidades-la-licenciatura-medicina\/\" rel=\"bookmark\">#Educaci\u00f3nOaxaca Universidades con la Licenciatura en Medicina<\/a><\/h2>\n<\/div>\n<p>(www.eloriente.net; M\u00e9xico a 26 de abril de 2017).- Por Jessica Lamadrid \u00a0 Si has pensando en estudiar medicina en la ciudad de Oaxaca esta nota te puede ayudar,\u2026<\/p>\n<p class=\"postmeta\"><span class=\"meta_date\">abril 26, 2017<\/span><\/p>\n<\/div>\n<p>&nbsp;<\/p>\n<\/div>\n\n\t\t\t  <div \n\t\t\t  \tclass = \"fb-comments\" \n\t\t\t  \tdata-href = \"http:\/\/www.eloriente.net\/home\/2017\/04\/28\/viernesdefelicidad-andrew-funk-esta-personas-sin-techo-sean-emprendedores\/\"\n\t\t\t  \tdata-numposts = \"10\"\n\t\t\t\tdata-colorscheme = \"dark\"\n\t\t\t\tdata-order-by = \"social\"\n\t\t\t\tdata-mobile=true>\n\t\t\t  <\/div>\n\t\t  <style>\n\t\t\t.fb_iframe_widget_fluid_desktop iframe {\n\t\t\t    width: 100% !important;\n\t\t\t}\n\t\t  <\/style>\n\t\t  ","protected":false},"excerpt":{"rendered":"<p>(www.eloriente.net; M\u00e9xico 28 de abril de 2017).- Por Jessica Lamadrid &nbsp; Andrew Funk es un estadounidense que est\u00e1 ayudando a personas sin techo en Espa\u00f1a retomando la idea de que a un hombre con hambre es mejor ense\u00f1arle a pescar que darle un pescado de alimento. Para esto Funk est\u00e1 aprovechando la tecnolog\u00eda y las [&hellip;]<\/p>\n","protected":false},"author":45,"featured_media":48083,"comment_status":"open","ping_status":"open","sticky":false,"template":"","format":"standard","meta":{"_jetpack_memberships_contains_paid_content":false,"footnotes":""},"categories":[2015,32,10],"tags":[2386,7733,348,110,7732],"class_list":{"0":"post-48082","1":"post","2":"type-post","3":"status-publish","4":"format-standard","5":"has-post-thumbnail","6":"hentry","7":"category-viernesdefelicidad","8":"category-entradas","9":"category-lo-mas-reciente","10":"tag-viernesdefelicidad-2","11":"tag-andrew-funk","12":"tag-emprendedores","14":"tag-personas-sin-techo"},"jetpack_featured_media_url":"http:\/\/www.eloriente.net\/home\/wp-content\/uploads\/2017\/04\/95589436_img_7160-1-623x351.jpg","jetpack_sharing_enabled":true,"_links":{"self":[{"href":"http:\/\/www.eloriente.net\/home\/wp-json\/wp\/v2\/posts\/48082"}],"collection":[{"href":"http:\/\/www.eloriente.net\/home\/wp-json\/wp\/v2\/posts"}],"about":[{"href":"http:\/\/www.eloriente.net\/home\/wp-json\/wp\/v2\/types\/post"}],"author":[{"embeddable":true,"href":"http:\/\/www.eloriente.net\/home\/wp-json\/wp\/v2\/users\/45"}],"replies":[{"embeddable":true,"href":"http:\/\/www.eloriente.net\/home\/wp-json\/wp\/v2\/comments?post=48082"}],"version-history":[{"count":3,"href":"http:\/\/www.eloriente.net\/home\/wp-json\/wp\/v2\/posts\/48082\/revisions"}],"predecessor-version":[{"id":48087,"href":"http:\/\/www.eloriente.net\/home\/wp-json\/wp\/v2\/posts\/48082\/revisions\/48087"}],"wp:featuredmedia":[{"embeddable":true,"href":"http:\/\/www.eloriente.net\/home\/wp-json\/wp\/v2\/media\/48083"}],"wp:attachment":[{"href":"http:\/\/www.eloriente.net\/home\/wp-json\/wp\/v2\/media?parent=48082"}],"wp:term":[{"taxonomy":"category","embeddable":true,"href":"http:\/\/www.eloriente.net\/home\/wp-json\/wp\/v2\/categories?post=48082"},{"taxonomy":"post_tag","embeddable":true,"href":"http:\/\/www.eloriente.net\/home\/wp-json\/wp\/v2\/tags?post=48082"}],"curies":[{"name":"wp","href":"https:\/\/api.w.org\/{rel}","templated":true}]}}