{"id":48137,"date":"2017-05-04T11:32:19","date_gmt":"2017-05-04T17:32:19","guid":{"rendered":"http:\/\/www.eloriente.net\/home\/?p=48137"},"modified":"2017-05-04T11:32:19","modified_gmt":"2017-05-04T17:32:19","slug":"videocolumna-anecdotario-presidencial-salvador-siguenza","status":"publish","type":"post","link":"http:\/\/www.eloriente.net\/home\/2017\/05\/04\/videocolumna-anecdotario-presidencial-salvador-siguenza\/","title":{"rendered":"VIDEOCOLUMNA: Anecdotario presidencial. Por Salvador Sig\u00fcenza"},"content":{"rendered":"<p><script src=\"\/\/pagead2.googlesyndication.com\/pagead\/js\/adsbygoogle.js\" async=\"\"><\/script><!-- BANNER ELORIENTE INCRUSTADO NOTAS --> <ins class=\"adsbygoogle\" style=\"display: inline-block; width: 300px; height: 250px;\" data-ad-client=\"ca-pub-1136171134853753\" data-ad-slot=\"7974633627\"><\/ins><script>\/\/ <![CDATA[\n(adsbygoogle = window.adsbygoogle || []).push({});\n\/\/ ]]><\/script><\/p>\n<p>&nbsp;<\/p>\n<p>eloriente.net<\/p>\n<p>2 de mayo de 2017<\/p>\n<p>\u00abEn M\u00e9xico la figura presidencial ha tenido mucho peso, existen muchas an\u00e9cdotas e historias que hablan de la imagen que han transmitido quienes han ejercido dicho cargo. A lo largo del siglo XX el pa\u00eds pas\u00f3 de la etapa de los caudillos a las instituciones, tal como lo afirm\u00f3 Calles a quien se le debe, entre otras cosas, la creaci\u00f3n de un partido pol\u00edtico amorfo, heterog\u00e9neo y voluble, del cual surgieron 14 presidentes que consolidaron y refinaron el presidencialismo como una particular forma de gobernar.\u00bb<\/p>\n<p>Acomp\u00e1\u00f1anos a escuchar estas curiosas an\u00e9cdotas sobre algunos presidentes de M\u00e9xico, en la nueva videocolumna de <a class=\"profileLink\" href=\"https:\/\/www.facebook.com\/salvador.siguenza.3\" data-hovercard=\"\/ajax\/hovercard\/user.php?id=636971868\" data-hovercard-prefer-more-content-show=\"1\">Salvador Sig\u00fcenza<\/a><\/p>\n<p><iframe loading=\"lazy\" style=\"border: none; overflow: hidden;\" src=\"https:\/\/www.facebook.com\/plugins\/video.php?href=https%3A%2F%2Fwww.facebook.com%2F443535572345554%2Fvideos%2F1534733219892445%2F&amp;show_text=0&amp;width=560\" width=\"560\" height=\"315\" frameborder=\"0\" scrolling=\"no\" allowfullscreen=\"allowfullscreen\"><\/iframe><\/p>\n<p><script src=\"\/\/pagead2.googlesyndication.com\/pagead\/js\/adsbygoogle.js\" async=\"\"><\/script><!-- BANNER PEQUE\u00d1O PARA ENTRENOTAS EL ORIENTE --> <ins class=\"adsbygoogle\" style=\"display: inline-block; width: 468px; height: 60px;\" data-ad-client=\"ca-pub-1136171134853753\" data-ad-slot=\"4953536424\"><\/ins><script>\/\/ <![CDATA[\n(adsbygoogle = window.adsbygoogle || []).push({});\n\/\/ ]]><\/script><\/p>\n<p>Salvador, entre otras cosas, es Profesor-Investigador del <a class=\"profileLink\" href=\"https:\/\/www.facebook.com\/pages\/CIESAS-Pac%C3%ADfico-Sur\/113181515430667\" data-hovercard=\"\/ajax\/hovercard\/page.php?id=113181515430667\">CIESAS Pac\u00edfico Sur<\/a> (Centro de Investigaciones y Estudios Superiores en Antropolog\u00eda Social Unidad Pac\u00edfico Sur); Doctor en Historia por la Universidad Complutense de Madrid; y Miembro del Sistema Nacional de Investigadores (SNI I).<\/p>\n<p><a href=\"http:\/\/www.eloriente.net\/home\/wp-content\/uploads\/2017\/05\/SALVADOR-SIGU\u0308ENZA-MAYO.jpg\" rel=\"attachment wp-att-48175\"><img loading=\"lazy\" decoding=\"async\" class=\"alignnone size-full wp-image-48175\" src=\"http:\/\/www.eloriente.net\/home\/wp-content\/uploads\/2017\/05\/SALVADOR-SIGU\u0308ENZA-MAYO.jpg\" alt=\"SALVADOR SIGU\u0308ENZA MAYO\" width=\"600\" height=\"390\" \/><\/a><\/p>\n<p><strong>OTRAS VIDEOCOLUMNAS<\/strong><\/p>\n<div id=\"post-48077\" class=\"entry loop-default border_bottom_30 post-48077 post type-post status-publish format-standard has-post-thumbnail hentry category-educacion-y-cultura category-entradas category-estados category-gerardo-castellanos category-historia category-oaxaca-estados category-videoblogs tag-antequera tag-cedula-real tag-fundacion tag-gerardo-castellanos tag-historia tag-oaxaca tag-videocolumna\">\n<h2 class=\"entry_title\"><a title=\"Enlace Permanente a VIDEOCOLUMNA: C\u00e9dula Real de la fundaci\u00f3n de Antequera. Por Gerardo Castellanos\" href=\"http:\/\/www.eloriente.net\/home\/2017\/04\/27\/videocolumna-cedula-real-la-fundacion-antequera-gerardo-castellanos\/\" rel=\"bookmark\">VIDEOCOLUMNA: C\u00e9dula Real de la fundaci\u00f3n de Antequera. Por Gerardo Castellanos<\/a><\/h2>\n<p><a href=\"http:\/\/www.eloriente.net\/home\/2017\/04\/27\/videocolumna-cedula-real-la-fundacion-antequera-gerardo-castellanos\/\" rel=\"bookmark\"><img decoding=\"async\" class=\"alignleft\" title=\"VIDEOCOLUMNA: C\u00e9dula Real de la fundaci\u00f3n de Antequera. Por Gerardo Castellanos\" src=\"http:\/\/www.eloriente.net\/home\/wp-content\/themes\/city-desk\/timthumb.php?src=http%3A%2F%2Fwww.eloriente.net%2Fhome%2Fwp-content%2Fuploads%2F2017%2F04%2FGERARDO-CASTELLANOS-21-DE-ABRIL-2017.jpg&amp;q=90&amp;w=160&amp;h=106&amp;zc=1\" alt=\"VIDEOCOLUMNA: C\u00e9dula Real de la fundaci\u00f3n de Antequera. Por Gerardo Castellanos\" \/><\/a>\u00a0 27 de abril de 2017 \u201cAnalizando la c\u00e9dula de la fundaci\u00f3n de Oaxaca que conocemos, nos damos cuenta que se trata de la fundaci\u00f3n de Antequera y no de Oaxaca, que eran lugares diferentes. Al inicio de la c\u00e9dula, los que la hicieron, usan el nombre del rey Don Carlos, pero al final de [\u2026]<\/p>\n<div class=\"toolbar-social\">\n<div class=\"social-widget\">\n<div id=\"sharing-widget\"><\/div>\n<\/div>\n<\/div>\n<p class=\"postmeta\"><span class=\"meta_date\">abril 27, 2017<\/span><\/p>\n<\/div>\n<div id=\"post-48072\" class=\"entry loop-default border_bottom_30 post-48072 post type-post status-publish format-standard has-post-thumbnail hentry category-congreso-y-justicia category-entradas category-karina-baron category-lo-mas-reciente category-mexico-y-el-mundo category-politica-y-gobierno category-videoblogs tag-alimentos tag-campo tag-campo-mexicano tag-combustibles tag-diesel tag-karina-baron tag-mexico tag-productores\">\n<h2 class=\"entry_title\"><a title=\"Enlace Permanente a VIDEOCOLUMNA: Los gasolinazos y c\u00f3mo afectan a los productores de alimentos. Por Karina Bar\u00f3n\" href=\"http:\/\/www.eloriente.net\/home\/2017\/04\/27\/videocolumna-los-gasolinazos-afectan-los-productores-alimentos-karina-baron\/\" rel=\"bookmark\">VIDEOCOLUMNA: Los gasolinazos y c\u00f3mo afectan a los productores de alimentos. Por Karina Bar\u00f3n<\/a><\/h2>\n<p><a href=\"http:\/\/www.eloriente.net\/home\/2017\/04\/27\/videocolumna-los-gasolinazos-afectan-los-productores-alimentos-karina-baron\/\" rel=\"bookmark\"><img decoding=\"async\" class=\"alignleft\" title=\"VIDEOCOLUMNA: Los gasolinazos y c\u00f3mo afectan a los productores de alimentos. Por Karina Bar\u00f3n\" src=\"http:\/\/www.eloriente.net\/home\/wp-content\/themes\/city-desk\/timthumb.php?src=http%3A%2F%2Fwww.eloriente.net%2Fhome%2Fwp-content%2Fuploads%2F2017%2F04%2FKARINA-BARO%CC%81N-24-DE-ABRIL-2017.jpg&amp;q=90&amp;w=160&amp;h=106&amp;zc=1\" alt=\"VIDEOCOLUMNA: Los gasolinazos y c\u00f3mo afectan a los productores de alimentos. Por Karina Bar\u00f3n\" \/><\/a>\u00a0 eloriente.net 27 de abril de 2017 \u201cAlgunos de los ciudadanos que m\u00e1s sufren con el aumento a los combustibles son los profesionistas y empleados de las ciudades, para quienes un aumento de precios significa que deber\u00e1n hacer grandes sacrificios\u2026 Pero esto no lo ven quienes se empe\u00f1an en continuar con los gasolinazos y con [\u2026]<\/p>\n<div class=\"toolbar-social\">\n<div class=\"social-widget\">\n<div id=\"sharing-widget\"><\/div>\n<\/div>\n<\/div>\n<p class=\"postmeta\"><span class=\"meta_date\">abril 27, 2017<\/span><\/p>\n<\/div>\n<div id=\"post-47996\" class=\"entry loop-default border_bottom_30 post-47996 post type-post status-publish format-standard has-post-thumbnail hentry category-viernesdefelicidad category-educacion-y-cultura category-entradas category-salud-y-estilo-de-vida category-lo-mas-reciente category-ursula-woolrich category-videoblogs tag-battista-borsato tag-bienestar tag-psicologa tag-psicologia tag-salud-2 tag-ursula-woolrich tag-videocolumna tag-vivir-la-sobriedad\">\n<h2 class=\"entry_title\"><a title=\"Enlace Permanente a VIDEOCOLUMNA: Vivir la sobriedad (parte 2). Por \u00darsula Woolrich\" href=\"http:\/\/www.eloriente.net\/home\/2017\/04\/24\/videocolumna-vivir-la-sobriedad-parte-2-ursula-woolrich\/\" rel=\"bookmark\">VIDEOCOLUMNA: Vivir la sobriedad (parte 2). Por \u00darsula Woolrich<\/a><\/h2>\n<p><a href=\"http:\/\/www.eloriente.net\/home\/2017\/04\/24\/videocolumna-vivir-la-sobriedad-parte-2-ursula-woolrich\/\" rel=\"bookmark\"><img decoding=\"async\" class=\"alignleft\" title=\"VIDEOCOLUMNA: Vivir la sobriedad (parte 2). Por \u00darsula Woolrich\" src=\"http:\/\/www.eloriente.net\/home\/wp-content\/themes\/city-desk\/timthumb.php?src=http%3A%2F%2Fwww.eloriente.net%2Fhome%2Fwp-content%2Fuploads%2F2017%2F04%2FU%CC%81RSULA-WOOLRICH-20-DE-ABRIL-2017.jpg&amp;q=90&amp;w=160&amp;h=106&amp;zc=1\" alt=\"VIDEOCOLUMNA: Vivir la sobriedad (parte 2). Por \u00darsula Woolrich\" \/><\/a>\u00a0 eloriente.net 22 de marzo de 2017 Ursula Woolrich nos contin\u00faa hablando sobre el libro \u201cEl amor inteligente en la vida de pareja\u201d de Battista Borsato. Hoy nos presenta la segunda parte del cap\u00edtulo \u201cVivir la sobriedad\u201d. En esta videocolumna nos habla sobre la b\u00fasqueda de los bienes materiales como sustento y la forma en [\u2026]<\/p>\n<\/div>\n\n\t\t\t  <div \n\t\t\t  \tclass = \"fb-comments\" \n\t\t\t  \tdata-href = \"http:\/\/www.eloriente.net\/home\/2017\/05\/04\/videocolumna-anecdotario-presidencial-salvador-siguenza\/\"\n\t\t\t  \tdata-numposts = \"10\"\n\t\t\t\tdata-colorscheme = \"dark\"\n\t\t\t\tdata-order-by = \"social\"\n\t\t\t\tdata-mobile=true>\n\t\t\t  <\/div>\n\t\t  <style>\n\t\t\t.fb_iframe_widget_fluid_desktop iframe {\n\t\t\t    width: 100% !important;\n\t\t\t}\n\t\t  <\/style>\n\t\t  ","protected":false},"excerpt":{"rendered":"<p>&nbsp; eloriente.net 2 de mayo de 2017 \u00abEn M\u00e9xico la figura presidencial ha tenido mucho peso, existen muchas an\u00e9cdotas e historias que hablan de la imagen que han transmitido quienes han ejercido dicho cargo. A lo largo del siglo XX el pa\u00eds pas\u00f3 de la etapa de los caudillos a las instituciones, tal como lo [&hellip;]<\/p>\n","protected":false},"author":44,"featured_media":48175,"comment_status":"open","ping_status":"open","sticky":false,"template":"","format":"standard","meta":{"_jetpack_memberships_contains_paid_content":false,"footnotes":""},"categories":[18,32,63,5297,464,7172,98],"tags":[7773,7772,180,2981,73,610,7173,6224],"class_list":["post-48137","post","type-post","status-publish","format-standard","has-post-thumbnail","hentry","category-educacion-y-cultura","category-entradas","category-estados","category-historia","category-oaxaca-estados","category-salvador-siguenza-orozco","category-videoblogs","tag-anecdotario","tag-anecdotas","tag-historia","tag-informe-de-gobierno","tag-oaxaca","tag-presidencia","tag-salvador-siguenza","tag-videocolumna"],"jetpack_featured_media_url":"http:\/\/www.eloriente.net\/home\/wp-content\/uploads\/2017\/05\/SALVADOR-SIGU\u0308ENZA-MAYO.jpg","jetpack_sharing_enabled":true,"_links":{"self":[{"href":"http:\/\/www.eloriente.net\/home\/wp-json\/wp\/v2\/posts\/48137"}],"collection":[{"href":"http:\/\/www.eloriente.net\/home\/wp-json\/wp\/v2\/posts"}],"about":[{"href":"http:\/\/www.eloriente.net\/home\/wp-json\/wp\/v2\/types\/post"}],"author":[{"embeddable":true,"href":"http:\/\/www.eloriente.net\/home\/wp-json\/wp\/v2\/users\/44"}],"replies":[{"embeddable":true,"href":"http:\/\/www.eloriente.net\/home\/wp-json\/wp\/v2\/comments?post=48137"}],"version-history":[{"count":2,"href":"http:\/\/www.eloriente.net\/home\/wp-json\/wp\/v2\/posts\/48137\/revisions"}],"predecessor-version":[{"id":48182,"href":"http:\/\/www.eloriente.net\/home\/wp-json\/wp\/v2\/posts\/48137\/revisions\/48182"}],"wp:featuredmedia":[{"embeddable":true,"href":"http:\/\/www.eloriente.net\/home\/wp-json\/wp\/v2\/media\/48175"}],"wp:attachment":[{"href":"http:\/\/www.eloriente.net\/home\/wp-json\/wp\/v2\/media?parent=48137"}],"wp:term":[{"taxonomy":"category","embeddable":true,"href":"http:\/\/www.eloriente.net\/home\/wp-json\/wp\/v2\/categories?post=48137"},{"taxonomy":"post_tag","embeddable":true,"href":"http:\/\/www.eloriente.net\/home\/wp-json\/wp\/v2\/tags?post=48137"}],"curies":[{"name":"wp","href":"https:\/\/api.w.org\/{rel}","templated":true}]}}