{"id":48184,"date":"2017-05-04T16:23:21","date_gmt":"2017-05-04T22:23:21","guid":{"rendered":"http:\/\/www.eloriente.net\/home\/?p=48184"},"modified":"2017-05-08T10:55:25","modified_gmt":"2017-05-08T16:55:25","slug":"la-secretaria-economia-libera-la-importacion-frijol-arancel-cupo-2017","status":"publish","type":"post","link":"http:\/\/www.eloriente.net\/home\/2017\/05\/04\/la-secretaria-economia-libera-la-importacion-frijol-arancel-cupo-2017\/","title":{"rendered":"La Secretar\u00eda de Econom\u00eda libera la importaci\u00f3n de frijol bajo ARANCEL &#8211; CUPO para 2017"},"content":{"rendered":"<p><script src=\"\/\/pagead2.googlesyndication.com\/pagead\/js\/adsbygoogle.js\" async=\"\"><\/script><!-- BANNER ELORIENTE INCRUSTADO NOTAS --> <ins class=\"adsbygoogle\" style=\"display: inline-block; width: 300px; height: 250px;\" data-ad-client=\"ca-pub-1136171134853753\" data-ad-slot=\"7974633627\"><\/ins><script>\/\/ <![CDATA[\n(adsbygoogle = window.adsbygoogle || []).push({});\n\/\/ ]]><\/script><\/p>\n<p>&nbsp;<\/p>\n<p>eloriente.net<\/p>\n<p>4 de mayo de 2017<\/p>\n<p><i><span style=\"font-weight: 400;\">Por Alfredo Puente Castellanos<\/span><\/i><\/p>\n<p><span style=\"font-weight: 400;\">La Secretar\u00eda de Econom\u00eda \u2014SE\u2014 ha publicado en el Diario Oficial de la Federaci\u00f3n \u2014DOF\u2014 del 17 de abril en curso las reglas a observar para la importaci\u00f3n de frijol bajo la modalidad de ARANCEL \u2013 CUPO hasta un m\u00e1ximo de 100,000 toneladas m\u00e9tricas, buscando asegurar el abasto nacional de este alimento que forma parte de la canasta b\u00e1sica del consumo de los mexicanos.<\/span><\/p>\n<p><span style=\"font-weight: 400;\">Veamos que el arancel CUPO parafraseando a la los contenidos de la SE es la importaci\u00f3n de un <\/span><b>monto determinado de un producto o mercanc\u00eda<\/b><span style=\"font-weight: 400;\">, una cantidad fija determinada bajo un arancel (un impuesto) menor al que se aplica a las mercanc\u00edas que se importen sin este beneficio. Se otorga un certificado de cupo y tiene una vigencia determinada, la cual se establece en el propio certificado.<\/span><\/p>\n<p>Los cupos permiten a las empresas o personas f\u00edsicas usuarias, disminuir los costos de sus importaciones, haci\u00e9ndolas m\u00e1s baratas y en consecuencia, m\u00e1s atractivas y competitivas respecto de otras operaciones que no se realizan bajo este esquema.<\/p>\n<p>Este beneficio representa un ahorro real y puede ser cuantificable en t\u00e9rminos econ\u00f3micos.<\/p>\n<p>Sobre el particular la SE consider\u00f3 el esquema de importaci\u00f3n a la Franja Fronteriza Norte y Regi\u00f3n Fronteriza, publicado el 30 de junio de 2007 en el DOF, que establece un arancel-cupo exento para las fracciones arancelarias 0713.33.02, 0713.33.03 y 0713.33.99 correspondientes a frijol, cuando el importador cuente con certificado de cupo expedido por la Secretar\u00eda de Econom\u00eda.<\/p>\n<p>Asimismo, que el 27 de junio de 2008 se public\u00f3 en el DOF el Acuerdo por el que se da a conocer el mecanismo de asignaci\u00f3n para importar frijol bajo arancel-cupo, modificado mediante diversos publicados en el mismo \u00f3rgano informativo el 13 de enero y 4 de febrero de 2012, as\u00ed como el 12 de julio de 2013 y el 29 de marzo de 2016.<\/p>\n<p><span style=\"font-weight: 400;\">Que entre el a\u00f1o 2012 y 2016, la oferta nacional de frijol represent\u00f3 el 88.92% del consumo nacional aparente y s\u00f3lo para este \u00faltimo a\u00f1o, 2016, el 86.74%.<\/span><\/p>\n<p><script src=\"\/\/pagead2.googlesyndication.com\/pagead\/js\/adsbygoogle.js\" async=\"\"><\/script><!-- BANNER PEQUE\u00d1O PARA ENTRENOTAS EL ORIENTE --> <ins class=\"adsbygoogle\" style=\"display: inline-block; width: 468px; height: 60px;\" data-ad-client=\"ca-pub-1136171134853753\" data-ad-slot=\"4953536424\"><\/ins><script>\/\/ <![CDATA[\n(adsbygoogle = window.adsbygoogle || []).push({});\n\/\/ ]]><\/script><\/p>\n<p><span style=\"font-weight: 400;\">Que, de acuerdo con la informaci\u00f3n del Servicio de Informaci\u00f3n Agroalimentaria y Pesquera, en el a\u00f1o 2016 la producci\u00f3n nacional de frijol aument\u00f3 12.65% respecto al a\u00f1o anterior, no obstante, el aumento, la producci\u00f3n nacional de dicho producto es insuficiente para cubrir el consumo nacional aparente en 2017.<\/span><\/p>\n<p><span style=\"font-weight: 400;\">Que, con base en el \u00cdndice Nacional de Precios al Consumidor calculado por el Instituto Nacional de Estad\u00edstica y Geograf\u00eda, se observa que el precio del frijol al consumidor aument\u00f3 54.87% en el periodo de diciembre de 2014 a enero de 2017, lo anterior debido a que la oferta nacional de dicho producto es insuficiente para cubrir el consumo nacional aparente.<\/span><\/p>\n<p><span style=\"font-weight: 400;\">Por lo que, ante la modificaci\u00f3n al monto del CUPO para la importaci\u00f3n del frijol a 100,000 toneladas m\u00e9tricas, se debe observar que ser\u00e1 aplicable a las fracciones arancelarias:<\/span><\/p>\n<ul>\n<li style=\"font-weight: 400;\"><span style=\"font-weight: 400;\">0713.33.02 Frijol blanco, excepto lo comprendido en la fracci\u00f3n 0713.33.01<\/span><\/li>\n<li style=\"font-weight: 400;\"><span style=\"font-weight: 400;\">0713.33.03 Frijol negro, excepto lo comprendido en la fracci\u00f3n 0713.33.01<\/span><\/li>\n<li style=\"font-weight: 400;\"><span style=\"font-weight: 400;\">0713.33.99 Los dem\u00e1s<\/span><\/li>\n<\/ul>\n<p>Con un periodo de asignaci\u00f3n para 2017, comprendido del 16 de abril al 30 de noviembre de 2017 y que el monto m\u00e1ximo a asignar por beneficiario, por periodo, ser\u00e1 de 12,500 toneladas.<\/p>\n<p>As\u00ed tambi\u00e9n se debe presentar la solicitud de asignaci\u00f3n de cupo a trav\u00e9s de la Ventanilla Digital Mexicana de Comercio Exterior en la direcci\u00f3n electr\u00f3nica www.ventanillaunica.gob.mx o en la Delegaci\u00f3n o Subdelegaci\u00f3n Federal de la SE que corresponda al domicilio del interesado, utilizando el formato SE-FO-03-033 \u201cAsignaci\u00f3n directa de cupo de importaci\u00f3n y exportaci\u00f3n\u201d.<\/p>\n<p>Analizada, la SE emitir\u00e1, en su caso, la resoluci\u00f3n de asignaci\u00f3n de cupo que fungir\u00e1 como certificado de cupo los cuales tendr\u00e1n una vigencia de 60 d\u00edas naturales, contados a partir de la fecha de expedici\u00f3n, o al 30 de noviembre, lo que ocurra primero; son nominativos; intransferibles e improrrogables.<\/p>\n<p><span style=\"font-weight: 400;\">Los beneficiarios deber\u00e1n presentar el pedimento de importaci\u00f3n ante la aduana en los t\u00e9rminos del art\u00edculo 36-A de la Ley Aduanera, debiendo anotar en el campo relativo al certificado de cupo los \u00faltimos 14 d\u00edgitos del folio generado en el acuse de recepci\u00f3n de tr\u00e1mite emitido por la Ventanilla Digital Mexicana de Comercio Exterior al momento de la presentaci\u00f3n de la solicitud, mismo que consta de 25 d\u00edgitos.<\/span><\/p>\n<p><span style=\"font-weight: 400;\">Para ofrecerle alternativas de soluci\u00f3n orientadas a resolver sus cuestionamientos o problem\u00e1ticas de tipo fiscal y sin riesgos tributarios, nuestra firma <a href=\"http:\/\/www.PuenteFiscales.com.mx\">PuenteFiscales<\/a>,\u00a0busca conocerlo, entender su negocio, en suma, pensar como Usted.\u00a0<\/span><\/p>\n<p><a href=\"http:\/\/www.eloriente.net\/home\/wp-content\/uploads\/2017\/05\/1526918318_96bc4d85d1_o.jpg\" rel=\"attachment wp-att-48185\"><img loading=\"lazy\" decoding=\"async\" class=\"alignnone size-full wp-image-48185\" src=\"http:\/\/www.eloriente.net\/home\/wp-content\/uploads\/2017\/05\/1526918318_96bc4d85d1_o.jpg\" alt=\"frijol\" width=\"512\" height=\"340\" srcset=\"http:\/\/www.eloriente.net\/home\/wp-content\/uploads\/2017\/05\/1526918318_96bc4d85d1_o-300x200.jpg 300w, http:\/\/www.eloriente.net\/home\/wp-content\/uploads\/2017\/05\/1526918318_96bc4d85d1_o-768x512.jpg 768w\" sizes=\"(max-width: 512px) 100vw, 512px\" \/><\/a><\/p>\n<p><strong>OTRAS ENTRADAS<\/strong><\/p>\n<div class=\"featuredpost\">\n<div class=\"flow_hide\">\n<h2 class=\"posttitle bigposttitle\"><a title=\"Enlace Permanente a VIDEOCOLUMNA: Anecdotario presidencial. Por Salvador Sig\u00fcenza\" href=\"http:\/\/www.eloriente.net\/home\/2017\/05\/04\/videocolumna-anecdotario-presidencial-salvador-siguenza\/\" rel=\"bookmark\">VIDEOCOLUMNA: Anecdotario presidencial. Por Salvador Sig\u00fcenza<\/a><\/h2>\n<\/div>\n<p>eloriente.net 2 de mayo de 2017 \u201cEn M\u00e9xico la figura presidencial ha tenido mucho peso, existen muchas an\u00e9cdotas e historias que hablan de la imagen que han\u2026<\/p>\n<p class=\"postmeta\"><span class=\"meta_date\">mayo 4, 2017<\/span><\/p>\n<div class=\"toolbar-social\"><\/div>\n<\/div>\n<div class=\"featuredpost\">\n<div class=\"flow_hide\">\n<p><a href=\"http:\/\/www.eloriente.net\/home\/2017\/05\/04\/actividades-culturales-oaxaca-no-te-puedes-perder-del-4-al-10-mayo\/\" rel=\"bookmark\"><img decoding=\"async\" class=\"alignleft\" title=\"Actividades culturales en Oaxaca que no te puedes perder (del 4 al 10 de mayo)\" src=\"http:\/\/www.eloriente.net\/home\/wp-content\/themes\/city-desk\/timthumb.php?src=http%3A%2F%2Fwww.eloriente.net%2Fhome%2Fwp-content%2Fuploads%2F2017%2F05%2F3556060347_32723ab49a_o.jpg&amp;q=90&amp;w=70&amp;h=45&amp;zc=1\" alt=\"Actividades culturales en Oaxaca que no te puedes perder (del 4 al 10 de mayo)\" \/><\/a><\/p>\n<h2 class=\"posttitle \"><a title=\"Enlace Permanente a Actividades culturales en Oaxaca que no te puedes perder (del 4 al 10 de mayo)\" href=\"http:\/\/www.eloriente.net\/home\/2017\/05\/04\/actividades-culturales-oaxaca-no-te-puedes-perder-del-4-al-10-mayo\/\" rel=\"bookmark\">Actividades culturales en Oaxaca que no te puedes perder (del 4 al 10 de mayo)<\/a><\/h2>\n<\/div>\n<p>(www.eloriente.net; M\u00e9xico a 4 de mayo de 2017).- Por Jessica Lamadrid \u00a0 En la agenda cultural de \u00e9sta semana El Oriente te comparte actividades culturales que puedes realizar\u2026<\/p>\n<p class=\"postmeta\"><span class=\"meta_date\">mayo 4, 2017<\/span><\/p>\n<div class=\"toolbar-social\"><\/div>\n<\/div>\n<div class=\"featuredpost\">\n<div class=\"flow_hide\">\n<p><a href=\"http:\/\/www.eloriente.net\/home\/2017\/05\/03\/educacionoaxaca-universidades-estudiar-enfermeria\/\" rel=\"bookmark\"><img decoding=\"async\" class=\"alignleft\" title=\"#Educaci\u00f3nOaxaca Universidades para estudiar enfermer\u00eda\" src=\"http:\/\/www.eloriente.net\/home\/wp-content\/themes\/city-desk\/timthumb.php?src=http%3A%2F%2Fwww.eloriente.net%2Fhome%2Fwp-content%2Fuploads%2F2017%2F05%2Fnurse-2141808_960_720.jpg&amp;q=90&amp;w=70&amp;h=45&amp;zc=1\" alt=\"#Educaci\u00f3nOaxaca Universidades para estudiar enfermer\u00eda\" \/><\/a><\/p>\n<h2 class=\"posttitle \"><a title=\"Enlace Permanente a #Educaci\u00f3nOaxaca Universidades para estudiar enfermer\u00eda\" href=\"http:\/\/www.eloriente.net\/home\/2017\/05\/03\/educacionoaxaca-universidades-estudiar-enfermeria\/\" rel=\"bookmark\">#Educaci\u00f3nOaxaca Universidades para estudiar enfermer\u00eda<\/a><\/h2>\n<\/div>\n<p>(www.eloriente.net; M\u00e9xico a 3 de mayo de 2017).- Por Jessica Lamadrid \u00a0 Es importante conocer las instituciones educativas que ofrecen la Licenciatura en Enfermer\u00eda para las personas interesadas\u2026<\/p>\n<p class=\"postmeta\"><span class=\"meta_date\">mayo 3, 2017<\/span><\/p>\n<\/div>\n\n\t\t\t  <div \n\t\t\t  \tclass = \"fb-comments\" \n\t\t\t  \tdata-href = \"http:\/\/www.eloriente.net\/home\/2017\/05\/04\/la-secretaria-economia-libera-la-importacion-frijol-arancel-cupo-2017\/\"\n\t\t\t  \tdata-numposts = \"10\"\n\t\t\t\tdata-colorscheme = \"dark\"\n\t\t\t\tdata-order-by = \"social\"\n\t\t\t\tdata-mobile=true>\n\t\t\t  <\/div>\n\t\t  <style>\n\t\t\t.fb_iframe_widget_fluid_desktop iframe {\n\t\t\t    width: 100% !important;\n\t\t\t}\n\t\t  <\/style>\n\t\t  ","protected":false},"excerpt":{"rendered":"<p>&nbsp; eloriente.net 4 de mayo de 2017 Por Alfredo Puente Castellanos La Secretar\u00eda de Econom\u00eda \u2014SE\u2014 ha publicado en el Diario Oficial de la Federaci\u00f3n \u2014DOF\u2014 del 17 de abril en curso las reglas a observar para la importaci\u00f3n de frijol bajo la modalidad de ARANCEL \u2013 CUPO hasta un m\u00e1ximo de 100,000 toneladas m\u00e9tricas, [&hellip;]<\/p>\n","protected":false},"author":44,"featured_media":48185,"comment_status":"open","ping_status":"open","sticky":false,"template":"","format":"standard","meta":{"_jetpack_memberships_contains_paid_content":false,"footnotes":""},"categories":[2435,7774,624,32,35,10,19],"tags":[7775,4480,4414,252,1121],"class_list":["post-48184","post","type-post","status-publish","format-standard","has-post-thumbnail","hentry","category-miercolesdeeconomia","category-alfredo-puente-castellanos","category-articulistas","category-entradas","category-secciones-oriente","category-lo-mas-reciente","category-turismo-y-negocios","tag-alfredo-puente-castellanos","tag-articulista","tag-articulo","tag-economia","tag-finanzas"],"jetpack_featured_media_url":"http:\/\/www.eloriente.net\/home\/wp-content\/uploads\/2017\/05\/1526918318_96bc4d85d1_o.jpg","jetpack_sharing_enabled":true,"_links":{"self":[{"href":"http:\/\/www.eloriente.net\/home\/wp-json\/wp\/v2\/posts\/48184"}],"collection":[{"href":"http:\/\/www.eloriente.net\/home\/wp-json\/wp\/v2\/posts"}],"about":[{"href":"http:\/\/www.eloriente.net\/home\/wp-json\/wp\/v2\/types\/post"}],"author":[{"embeddable":true,"href":"http:\/\/www.eloriente.net\/home\/wp-json\/wp\/v2\/users\/44"}],"replies":[{"embeddable":true,"href":"http:\/\/www.eloriente.net\/home\/wp-json\/wp\/v2\/comments?post=48184"}],"version-history":[{"count":2,"href":"http:\/\/www.eloriente.net\/home\/wp-json\/wp\/v2\/posts\/48184\/revisions"}],"predecessor-version":[{"id":48214,"href":"http:\/\/www.eloriente.net\/home\/wp-json\/wp\/v2\/posts\/48184\/revisions\/48214"}],"wp:featuredmedia":[{"embeddable":true,"href":"http:\/\/www.eloriente.net\/home\/wp-json\/wp\/v2\/media\/48185"}],"wp:attachment":[{"href":"http:\/\/www.eloriente.net\/home\/wp-json\/wp\/v2\/media?parent=48184"}],"wp:term":[{"taxonomy":"category","embeddable":true,"href":"http:\/\/www.eloriente.net\/home\/wp-json\/wp\/v2\/categories?post=48184"},{"taxonomy":"post_tag","embeddable":true,"href":"http:\/\/www.eloriente.net\/home\/wp-json\/wp\/v2\/tags?post=48184"}],"curies":[{"name":"wp","href":"https:\/\/api.w.org\/{rel}","templated":true}]}}