{"id":48187,"date":"2017-05-04T16:34:51","date_gmt":"2017-05-04T22:34:51","guid":{"rendered":"http:\/\/www.eloriente.net\/home\/?p=48187"},"modified":"2017-05-04T16:34:51","modified_gmt":"2017-05-04T22:34:51","slug":"videocolumna-alondra-velazquez-hernandez-primera-candidata-trans-tlaquepaque-jalisco-rebeca-garza","status":"publish","type":"post","link":"http:\/\/www.eloriente.net\/home\/2017\/05\/04\/videocolumna-alondra-velazquez-hernandez-primera-candidata-trans-tlaquepaque-jalisco-rebeca-garza\/","title":{"rendered":"VIDEOCOLUMNA: Alondra Vel\u00e1zquez Hern\u00e1ndez, primera candidata trans en Tlaquepaque,  Jalisco. Por Rebeca Garza"},"content":{"rendered":"<p><script src=\"\/\/pagead2.googlesyndication.com\/pagead\/js\/adsbygoogle.js\" async=\"\"><\/script><!-- BANNER ELORIENTE INCRUSTADO NOTAS --> <ins class=\"adsbygoogle\" style=\"display: inline-block; width: 300px; height: 250px;\" data-ad-client=\"ca-pub-1136171134853753\" data-ad-slot=\"7974633627\"><\/ins><script>\/\/ <![CDATA[\n(adsbygoogle = window.adsbygoogle || []).push({});\n\/\/ ]]><\/script><\/p>\n<p>&nbsp;<\/p>\n<p>eloriente.net<\/p>\n<p>4 de mayo de 2017<\/p>\n<p>Esta semana en su videocolumna, <a class=\"profileLink\" href=\"https:\/\/www.facebook.com\/rebeca.garza\" data-hovercard=\"\/ajax\/hovercard\/user.php?id=587832367\" data-hovercard-prefer-more-content-show=\"1\">Rebeca Garza<\/a> nos platica sobre otra relevante mujer trans dentro de la pol\u00edtica mexicana. Nos habla de Alondra Vel\u00e1zquez Hern\u00e1ndez, primera candidata trans en Tlaquepaque, Jalisco.<\/p>\n<p>No olvides visitar el blog de Rebeca, en donde encontrar\u00e1s todos los links y referencias sobre los que habla en su videocolumna. <a href=\"https:\/\/l.facebook.com\/l.php?u=https%3A%2F%2Fgoo.gl%2FeJKhsY&amp;h=ATOo1EbSyMX3pWNApLugI0-xOw5p9qIQ6EaQHCOzVBSgrl9_YIpo3XbEOusQ795vbpRawH-HRMeQHG7mtmBuqLT23BDRsQ4nVf2eM0nF5asF6OvBs6EYFAWTwmXCh65KoGEx_ZvMzJErdtDcE3FjBE6Eug&amp;enc=AZPVHWbWJxwyAIREpqZ9A8L5TeSlIv90jWC8aAvwnRkz7X9lpoO8kFmaDskwbTtXZshSk5-wRvmmXqjYU2J5AOkxaVYwlg_caGXRmYzcTun95O-Mu5xmcWnIkUv5Zz0LWfiCq_HOiTVXBe_hqOUn8Jno0lJFkTE6DNqfeXjrwHmsTOdWWbAwK-VunowFfOjb3kYoRsGzLV78Ekdtw9dvb4Y1&amp;s=1\" target=\"_blank\" rel=\"nofollow noopener\">https:\/\/goo.gl\/eJKhsY<\/a><\/p>\n<p><iframe loading=\"lazy\" style=\"border: none; overflow: hidden;\" src=\"https:\/\/www.facebook.com\/plugins\/video.php?href=https%3A%2F%2Fwww.facebook.com%2F443535572345554%2Fvideos%2F1540542565978177%2F&amp;show_text=0&amp;width=560\" width=\"560\" height=\"315\" frameborder=\"0\" scrolling=\"no\" allowfullscreen=\"allowfullscreen\"><\/iframe><\/p>\n<p><script src=\"\/\/pagead2.googlesyndication.com\/pagead\/js\/adsbygoogle.js\" async=\"\"><\/script><!-- BANNER PEQUE\u00d1O PARA ENTRENOTAS EL ORIENTE --> <ins class=\"adsbygoogle\" style=\"display: inline-block; width: 468px; height: 60px;\" data-ad-client=\"ca-pub-1136171134853753\" data-ad-slot=\"4953536424\"><\/ins><script>\/\/ <![CDATA[\n(adsbygoogle = window.adsbygoogle || []).push({});\n\/\/ ]]><\/script><\/p>\n<p>Rebeca Garza, mujer trans y funcionaria electoral con 15 a\u00f1os de trayectoria dentro del Servicio Profesional Electoral. Licenciada en Administraci\u00f3n por la UANL y pasante de la maestr\u00eda en Instituciones y Procedimientos Electorales del INE. Cuenta con cursos \u00a0y diplomados en derechos humanos, \u00a0violencias de g\u00e9nero, derechos pol\u00edticos de las mujeres, entre otros. \u00a0Actualmente cursa el certificado en \u201cG\u00e9nero, sexualidad y cuerpo: debates contempor\u00e1neos\u201d \u00a0en l\u00ednea por 17, Instituto de Estudios Cr\u00edticos.<\/p>\n<p><a href=\"http:\/\/www.eloriente.net\/home\/wp-content\/uploads\/2017\/05\/REBECA-GARZA-3-DE-MAYO-2017.jpg\" rel=\"attachment wp-att-48188\"><img loading=\"lazy\" decoding=\"async\" class=\"alignnone size-full wp-image-48188\" src=\"http:\/\/www.eloriente.net\/home\/wp-content\/uploads\/2017\/05\/REBECA-GARZA-3-DE-MAYO-2017.jpg\" alt=\"REBECA GARZA 3 DE MAYO 2017\" width=\"600\" height=\"390\" \/><\/a><\/p>\n<p><strong>OTRAS VIDEOCOLUMNAS<\/strong><\/p>\n<div id=\"post-48137\" class=\"entry loop-default border_bottom_30 post-48137 post type-post status-publish format-standard has-post-thumbnail hentry category-educacion-y-cultura category-entradas category-estados category-historia category-oaxaca-estados category-salvador-siguenza-orozco category-videoblogs tag-anecdotario tag-anecdotas tag-historia tag-informe-de-gobierno tag-oaxaca tag-presidencia tag-salvador-siguenza tag-videocolumna\">\n<h2 class=\"entry_title\"><a title=\"Enlace Permanente a VIDEOCOLUMNA: Anecdotario presidencial. Por Salvador Sig\u00fcenza\" href=\"http:\/\/www.eloriente.net\/home\/2017\/05\/04\/videocolumna-anecdotario-presidencial-salvador-siguenza\/\" rel=\"bookmark\">VIDEOCOLUMNA: Anecdotario presidencial. Por Salvador Sig\u00fcenza<\/a><\/h2>\n<p><a href=\"http:\/\/www.eloriente.net\/home\/2017\/05\/04\/videocolumna-anecdotario-presidencial-salvador-siguenza\/\" rel=\"bookmark\"><img decoding=\"async\" class=\"alignleft\" title=\"VIDEOCOLUMNA: Anecdotario presidencial. Por Salvador Sig\u00fcenza\" src=\"http:\/\/www.eloriente.net\/home\/wp-content\/themes\/city-desk\/timthumb.php?src=http%3A%2F%2Fwww.eloriente.net%2Fhome%2Fwp-content%2Fuploads%2F2017%2F05%2FSALVADOR-SIGU%CC%88ENZA-MAYO.jpg&amp;q=90&amp;w=160&amp;h=106&amp;zc=1\" alt=\"VIDEOCOLUMNA: Anecdotario presidencial. Por Salvador Sig\u00fcenza\" \/><\/a>\u00a0 eloriente.net 2 de mayo de 2017 \u201cEn M\u00e9xico la figura presidencial ha tenido mucho peso, existen muchas an\u00e9cdotas e historias que hablan de la imagen que han transmitido quienes han ejercido dicho cargo. A lo largo del siglo XX el pa\u00eds pas\u00f3 de la etapa de los caudillos a las instituciones, tal como lo [\u2026]<\/p>\n<div class=\"toolbar-social\">\n<div class=\"social-widget\">\n<div id=\"sharing-widget\"><\/div>\n<\/div>\n<\/div>\n<p class=\"postmeta\"><span class=\"meta_date\">mayo 4, 2017<\/span><\/p>\n<\/div>\n<div id=\"post-48077\" class=\"entry loop-default border_bottom_30 post-48077 post type-post status-publish format-standard has-post-thumbnail hentry category-educacion-y-cultura category-entradas category-estados category-gerardo-castellanos category-historia category-oaxaca-estados category-videoblogs tag-antequera tag-cedula-real tag-fundacion tag-gerardo-castellanos tag-historia tag-oaxaca tag-videocolumna\">\n<h2 class=\"entry_title\"><a title=\"Enlace Permanente a VIDEOCOLUMNA: C\u00e9dula Real de la fundaci\u00f3n de Antequera. Por Gerardo Castellanos\" href=\"http:\/\/www.eloriente.net\/home\/2017\/04\/27\/videocolumna-cedula-real-la-fundacion-antequera-gerardo-castellanos\/\" rel=\"bookmark\">VIDEOCOLUMNA: C\u00e9dula Real de la fundaci\u00f3n de Antequera. Por Gerardo Castellanos<\/a><\/h2>\n<p><a href=\"http:\/\/www.eloriente.net\/home\/2017\/04\/27\/videocolumna-cedula-real-la-fundacion-antequera-gerardo-castellanos\/\" rel=\"bookmark\"><img decoding=\"async\" class=\"alignleft\" title=\"VIDEOCOLUMNA: C\u00e9dula Real de la fundaci\u00f3n de Antequera. Por Gerardo Castellanos\" src=\"http:\/\/www.eloriente.net\/home\/wp-content\/themes\/city-desk\/timthumb.php?src=http%3A%2F%2Fwww.eloriente.net%2Fhome%2Fwp-content%2Fuploads%2F2017%2F04%2FGERARDO-CASTELLANOS-21-DE-ABRIL-2017.jpg&amp;q=90&amp;w=160&amp;h=106&amp;zc=1\" alt=\"VIDEOCOLUMNA: C\u00e9dula Real de la fundaci\u00f3n de Antequera. Por Gerardo Castellanos\" \/><\/a>\u00a0 27 de abril de 2017 \u201cAnalizando la c\u00e9dula de la fundaci\u00f3n de Oaxaca que conocemos, nos damos cuenta que se trata de la fundaci\u00f3n de Antequera y no de Oaxaca, que eran lugares diferentes. Al inicio de la c\u00e9dula, los que la hicieron, usan el nombre del rey Don Carlos, pero al final de [\u2026]<\/p>\n<div class=\"toolbar-social\">\n<div class=\"social-widget\">\n<div id=\"sharing-widget\"><\/div>\n<\/div>\n<\/div>\n<p class=\"postmeta\"><span class=\"meta_date\">abril 27, 2017<\/span><\/p>\n<\/div>\n<div id=\"post-48072\" class=\"entry loop-default border_bottom_30 post-48072 post type-post status-publish format-standard has-post-thumbnail hentry category-congreso-y-justicia category-entradas category-karina-baron category-lo-mas-reciente category-mexico-y-el-mundo category-politica-y-gobierno category-videoblogs tag-alimentos tag-campo tag-campo-mexicano tag-combustibles tag-diesel tag-karina-baron tag-mexico tag-productores\">\n<h2 class=\"entry_title\"><a title=\"Enlace Permanente a VIDEOCOLUMNA: Los gasolinazos y c\u00f3mo afectan a los productores de alimentos. Por Karina Bar\u00f3n\" href=\"http:\/\/www.eloriente.net\/home\/2017\/04\/27\/videocolumna-los-gasolinazos-afectan-los-productores-alimentos-karina-baron\/\" rel=\"bookmark\">VIDEOCOLUMNA: Los gasolinazos y c\u00f3mo afectan a los productores de alimentos. Por Karina Bar\u00f3n<\/a><\/h2>\n<p><a href=\"http:\/\/www.eloriente.net\/home\/2017\/04\/27\/videocolumna-los-gasolinazos-afectan-los-productores-alimentos-karina-baron\/\" rel=\"bookmark\"><img decoding=\"async\" class=\"alignleft\" title=\"VIDEOCOLUMNA: Los gasolinazos y c\u00f3mo afectan a los productores de alimentos. Por Karina Bar\u00f3n\" src=\"http:\/\/www.eloriente.net\/home\/wp-content\/themes\/city-desk\/timthumb.php?src=http%3A%2F%2Fwww.eloriente.net%2Fhome%2Fwp-content%2Fuploads%2F2017%2F04%2FKARINA-BARO%CC%81N-24-DE-ABRIL-2017.jpg&amp;q=90&amp;w=160&amp;h=106&amp;zc=1\" alt=\"VIDEOCOLUMNA: Los gasolinazos y c\u00f3mo afectan a los productores de alimentos. Por Karina Bar\u00f3n\" \/><\/a>\u00a0 eloriente.net 27 de abril de 2017 \u201cAlgunos de los ciudadanos que m\u00e1s sufren con el aumento a los combustibles son los profesionistas y empleados de las ciudades, para quienes un aumento de precios significa que deber\u00e1n hacer grandes sacrificios\u2026 Pero esto no lo ven quienes se empe\u00f1an en continuar con los gasolinazos y con [\u2026]<\/p>\n<\/div>\n\n\t\t\t  <div \n\t\t\t  \tclass = \"fb-comments\" \n\t\t\t  \tdata-href = \"http:\/\/www.eloriente.net\/home\/2017\/05\/04\/videocolumna-alondra-velazquez-hernandez-primera-candidata-trans-tlaquepaque-jalisco-rebeca-garza\/\"\n\t\t\t  \tdata-numposts = \"10\"\n\t\t\t\tdata-colorscheme = \"dark\"\n\t\t\t\tdata-order-by = \"social\"\n\t\t\t\tdata-mobile=true>\n\t\t\t  <\/div>\n\t\t  <style>\n\t\t\t.fb_iframe_widget_fluid_desktop iframe {\n\t\t\t    width: 100% !important;\n\t\t\t}\n\t\t  <\/style>\n\t\t  ","protected":false},"excerpt":{"rendered":"<p>&nbsp; eloriente.net 4 de mayo de 2017 Esta semana en su videocolumna, Rebeca Garza nos platica sobre otra relevante mujer trans dentro de la pol\u00edtica mexicana. Nos habla de Alondra Vel\u00e1zquez Hern\u00e1ndez, primera candidata trans en Tlaquepaque, Jalisco. No olvides visitar el blog de Rebeca, en donde encontrar\u00e1s todos los links y referencias sobre los [&hellip;]<\/p>\n","protected":false},"author":44,"featured_media":48188,"comment_status":"open","ping_status":"open","sticky":false,"template":"","format":"standard","meta":{"_jetpack_memberships_contains_paid_content":false,"footnotes":""},"categories":[22,16,10,21,6683,98],"tags":[7776,6535,376,1605,6662,7777,6783,6224],"class_list":["post-48187","post","type-post","status-publish","format-standard","has-post-thumbnail","hentry","category-derechos-humanos","category-salud-y-estilo-de-vida","category-lo-mas-reciente","category-politica-y-gobierno","category-rebeca-garza","category-videoblogs","tag-alondra-velazquez","tag-candidata","tag-derechos","tag-jalisco","tag-rebeca-garza","tag-tlaquepaque","tag-trans","tag-videocolumna"],"jetpack_featured_media_url":"http:\/\/www.eloriente.net\/home\/wp-content\/uploads\/2017\/05\/REBECA-GARZA-3-DE-MAYO-2017.jpg","jetpack_sharing_enabled":true,"_links":{"self":[{"href":"http:\/\/www.eloriente.net\/home\/wp-json\/wp\/v2\/posts\/48187"}],"collection":[{"href":"http:\/\/www.eloriente.net\/home\/wp-json\/wp\/v2\/posts"}],"about":[{"href":"http:\/\/www.eloriente.net\/home\/wp-json\/wp\/v2\/types\/post"}],"author":[{"embeddable":true,"href":"http:\/\/www.eloriente.net\/home\/wp-json\/wp\/v2\/users\/44"}],"replies":[{"embeddable":true,"href":"http:\/\/www.eloriente.net\/home\/wp-json\/wp\/v2\/comments?post=48187"}],"version-history":[{"count":1,"href":"http:\/\/www.eloriente.net\/home\/wp-json\/wp\/v2\/posts\/48187\/revisions"}],"predecessor-version":[{"id":48189,"href":"http:\/\/www.eloriente.net\/home\/wp-json\/wp\/v2\/posts\/48187\/revisions\/48189"}],"wp:featuredmedia":[{"embeddable":true,"href":"http:\/\/www.eloriente.net\/home\/wp-json\/wp\/v2\/media\/48188"}],"wp:attachment":[{"href":"http:\/\/www.eloriente.net\/home\/wp-json\/wp\/v2\/media?parent=48187"}],"wp:term":[{"taxonomy":"category","embeddable":true,"href":"http:\/\/www.eloriente.net\/home\/wp-json\/wp\/v2\/categories?post=48187"},{"taxonomy":"post_tag","embeddable":true,"href":"http:\/\/www.eloriente.net\/home\/wp-json\/wp\/v2\/tags?post=48187"}],"curies":[{"name":"wp","href":"https:\/\/api.w.org\/{rel}","templated":true}]}}