{"id":48215,"date":"2017-05-08T11:56:26","date_gmt":"2017-05-08T17:56:26","guid":{"rendered":"http:\/\/www.eloriente.net\/home\/?p=48215"},"modified":"2017-05-08T11:56:26","modified_gmt":"2017-05-08T17:56:26","slug":"videocolumna-te-comprometes-nosotras-karina-baron","status":"publish","type":"post","link":"http:\/\/www.eloriente.net\/home\/2017\/05\/08\/videocolumna-te-comprometes-nosotras-karina-baron\/","title":{"rendered":"VIDEOCOLUMNA: \u00bfTe comprometes con nosotras? Por Karina Bar\u00f3n"},"content":{"rendered":"<p><script src=\"\/\/pagead2.googlesyndication.com\/pagead\/js\/adsbygoogle.js\" async=\"\"><\/script><!-- BANNER ELORIENTE INCRUSTADO NOTAS --> <ins class=\"adsbygoogle\" style=\"display: inline-block; width: 300px; height: 250px;\" data-ad-client=\"ca-pub-1136171134853753\" data-ad-slot=\"7974633627\"><\/ins><script>\/\/ <![CDATA[\n(adsbygoogle = window.adsbygoogle || []).push({});\n\/\/ ]]><\/script><\/p>\n<p>&nbsp;<\/p>\n<p>8 de mayo de 2017<\/p>\n<p>\u00abLas mujeres tienen m\u00e1s probabilidad de estar desempleadas que los hombres. Es m\u00e1s, las tasas mundiales de desempleo son de 5,5 por ciento en el caso de los hombres y 6,2 en el caso de las mujeres. As\u00ed de claras las afirmaciones y los n\u00fameros de la Organizaci\u00f3n Internacional del Trabajo.<\/p>\n<p>Creo que necesitamos redoblar esfuerzos, necesitamos legislar a favor de las mujeres, con la convicci\u00f3n de cambiar, para bien, la realidad de nuestro g\u00e9nero.<\/p>\n<p>\u00bfTe comprometes con nosotras?\u00bb<\/p>\n<p>Te invitamos a ver la nueva videocolumna de <a class=\"profileLink\" href=\"https:\/\/www.facebook.com\/KarinaBaronO\/\" data-hovercard=\"\/ajax\/hovercard\/page.php?id=1608616546024857\" data-hovercard-prefer-more-content-show=\"1\" data-hovercard-obj-id=\"1608616546024857\">Karina Bar\u00f3n<\/a> donde habla sobre el desempleo en las mujeres, sobre todo en las mujeres que se dedican al campo.<\/p>\n<p><iframe loading=\"lazy\" style=\"border: none; overflow: hidden;\" src=\"https:\/\/www.facebook.com\/plugins\/video.php?href=https%3A%2F%2Fwww.facebook.com%2F443535572345554%2Fvideos%2F1541709805861453%2F&amp;show_text=0&amp;width=560\" width=\"560\" height=\"315\" frameborder=\"0\" scrolling=\"no\" allowfullscreen=\"allowfullscreen\"><\/iframe><\/p>\n<p><script src=\"\/\/pagead2.googlesyndication.com\/pagead\/js\/adsbygoogle.js\" async=\"\"><\/script><!-- BANNER PEQUE\u00d1O PARA ENTRENOTAS EL ORIENTE --> <ins class=\"adsbygoogle\" style=\"display: inline-block; width: 468px; height: 60px;\" data-ad-client=\"ca-pub-1136171134853753\" data-ad-slot=\"4953536424\"><\/ins><script>\/\/ <![CDATA[\n(adsbygoogle = window.adsbygoogle || []).push({});\n\/\/ ]]><\/script><\/p>\n<p>Karina Bar\u00f3n es Licenciada en Derecho por la Universidad Aut\u00f3noma Benito Ju\u00e1rez de Oaxaca, fue dirigente nacional de la Uni\u00f3n General Obrero, Campesina y Popular A.C. (UGOCP), integrante de la Coordinaci\u00f3n Estatal de Nueva Izquierda en Oaxaca.<\/p>\n<p>Actualmente es integrante de la Comisi\u00f3n de Agricultura y Sistemas de Riego, Secretaria de las comisiones de Desarrollo Social y Asuntos Frontera Sur-Sureste, y Presidenta de la Comisi\u00f3n de seguimiento al Programa Especial Concurrente Anexo 11.1\u00a0en la C\u00e1mara de Diputados.<\/p>\n<p><a href=\"http:\/\/www.eloriente.net\/home\/wp-content\/uploads\/2017\/05\/KARINA-BARO\u0301N-4-DE-MAYO-2017.jpg\" rel=\"attachment wp-att-48216\"><img loading=\"lazy\" decoding=\"async\" class=\"alignnone size-full wp-image-48216\" src=\"http:\/\/www.eloriente.net\/home\/wp-content\/uploads\/2017\/05\/KARINA-BARO\u0301N-4-DE-MAYO-2017.jpg\" alt=\"KARINA BARO\u0301N 4 DE MAYO 2017\" width=\"640\" height=\"360\" srcset=\"http:\/\/www.eloriente.net\/home\/wp-content\/uploads\/2017\/05\/KARINA-BARO\u0301N-4-DE-MAYO-2017.jpg 1920w, http:\/\/www.eloriente.net\/home\/wp-content\/uploads\/2017\/05\/KARINA-BARO\u0301N-4-DE-MAYO-2017-300x169.jpg 300w, http:\/\/www.eloriente.net\/home\/wp-content\/uploads\/2017\/05\/KARINA-BARO\u0301N-4-DE-MAYO-2017-768x432.jpg 768w, http:\/\/www.eloriente.net\/home\/wp-content\/uploads\/2017\/05\/KARINA-BARO\u0301N-4-DE-MAYO-2017-1024x576.jpg 1024w\" sizes=\"(max-width: 640px) 100vw, 640px\" \/><\/a><\/p>\n<p><strong>OTRAS VIDEOCOLUMNAS<\/strong><\/p>\n<div id=\"post-48187\" class=\"entry loop-default border_bottom_30 post-48187 post type-post status-publish format-standard has-post-thumbnail hentry category-derechos-humanos category-salud-y-estilo-de-vida category-lo-mas-reciente category-politica-y-gobierno category-rebeca-garza category-videoblogs tag-alondra-velazquez tag-candidata tag-derechos tag-jalisco tag-rebeca-garza tag-tlaquepaque tag-trans tag-videocolumna\">\n<h2 class=\"entry_title\"><a title=\"Enlace Permanente a VIDEOCOLUMNA: Alondra Vel\u00e1zquez Hern\u00e1ndez, primera candidata trans en Tlaquepaque,  Jalisco. Por Rebeca Garza\" href=\"http:\/\/www.eloriente.net\/home\/2017\/05\/04\/videocolumna-alondra-velazquez-hernandez-primera-candidata-trans-tlaquepaque-jalisco-rebeca-garza\/\" rel=\"bookmark\">VIDEOCOLUMNA: Alondra Vel\u00e1zquez Hern\u00e1ndez, primera candidata trans en Tlaquepaque, Jalisco. Por Rebeca Garza<\/a><\/h2>\n<p><a href=\"http:\/\/www.eloriente.net\/home\/2017\/05\/04\/videocolumna-alondra-velazquez-hernandez-primera-candidata-trans-tlaquepaque-jalisco-rebeca-garza\/\" rel=\"bookmark\"><img decoding=\"async\" class=\"alignleft\" title=\"VIDEOCOLUMNA: Alondra Vel\u00e1zquez Hern\u00e1ndez, primera candidata trans en Tlaquepaque,  Jalisco. Por Rebeca Garza\" src=\"http:\/\/www.eloriente.net\/home\/wp-content\/themes\/city-desk\/timthumb.php?src=http%3A%2F%2Fwww.eloriente.net%2Fhome%2Fwp-content%2Fuploads%2F2017%2F05%2FREBECA-GARZA-3-DE-MAYO-2017.jpg&amp;q=90&amp;w=160&amp;h=106&amp;zc=1\" alt=\"VIDEOCOLUMNA: Alondra Vel\u00e1zquez Hern\u00e1ndez, primera candidata trans en Tlaquepaque,  Jalisco. Por Rebeca Garza\" \/><\/a>\u00a0 eloriente.net 4 de mayo de 2017 Esta semana en su videocolumna, Rebeca Garza nos platica sobre otra relevante mujer trans dentro de la pol\u00edtica mexicana. Nos habla de Alondra Vel\u00e1zquez Hern\u00e1ndez, primera candidata trans en Tlaquepaque, Jalisco. No olvides visitar el blog de Rebeca, en donde encontrar\u00e1s todos los links y referencias sobre los [\u2026]<\/p>\n<div class=\"toolbar-social\">\n<div class=\"social-widget\">\n<div id=\"sharing-widget\"><\/div>\n<\/div>\n<\/div>\n<p class=\"postmeta\"><span class=\"meta_date\">mayo 4, 2017<\/span><\/p>\n<\/div>\n<div id=\"post-48137\" class=\"entry loop-default border_bottom_30 post-48137 post type-post status-publish format-standard has-post-thumbnail hentry category-educacion-y-cultura category-entradas category-estados category-historia category-oaxaca-estados category-salvador-siguenza-orozco category-videoblogs tag-anecdotario tag-anecdotas tag-historia tag-informe-de-gobierno tag-oaxaca tag-presidencia tag-salvador-siguenza tag-videocolumna\">\n<h2 class=\"entry_title\"><a title=\"Enlace Permanente a VIDEOCOLUMNA: Anecdotario presidencial. Por Salvador Sig\u00fcenza\" href=\"http:\/\/www.eloriente.net\/home\/2017\/05\/04\/videocolumna-anecdotario-presidencial-salvador-siguenza\/\" rel=\"bookmark\">VIDEOCOLUMNA: Anecdotario presidencial. Por Salvador Sig\u00fcenza<\/a><\/h2>\n<p><a href=\"http:\/\/www.eloriente.net\/home\/2017\/05\/04\/videocolumna-anecdotario-presidencial-salvador-siguenza\/\" rel=\"bookmark\"><img decoding=\"async\" class=\"alignleft\" title=\"VIDEOCOLUMNA: Anecdotario presidencial. Por Salvador Sig\u00fcenza\" src=\"http:\/\/www.eloriente.net\/home\/wp-content\/themes\/city-desk\/timthumb.php?src=http%3A%2F%2Fwww.eloriente.net%2Fhome%2Fwp-content%2Fuploads%2F2017%2F05%2FSALVADOR-SIGU%CC%88ENZA-MAYO.jpg&amp;q=90&amp;w=160&amp;h=106&amp;zc=1\" alt=\"VIDEOCOLUMNA: Anecdotario presidencial. Por Salvador Sig\u00fcenza\" \/><\/a>\u00a0 eloriente.net 2 de mayo de 2017 \u201cEn M\u00e9xico la figura presidencial ha tenido mucho peso, existen muchas an\u00e9cdotas e historias que hablan de la imagen que han transmitido quienes han ejercido dicho cargo. A lo largo del siglo XX el pa\u00eds pas\u00f3 de la etapa de los caudillos a las instituciones, tal como lo [\u2026]<\/p>\n<div class=\"toolbar-social\">\n<div class=\"social-widget\">\n<div id=\"sharing-widget\"><\/div>\n<\/div>\n<\/div>\n<p class=\"postmeta\"><span class=\"meta_date\">mayo 4, 2017<\/span><\/p>\n<\/div>\n<div id=\"post-48077\" class=\"entry loop-default border_bottom_30 post-48077 post type-post status-publish format-standard has-post-thumbnail hentry category-educacion-y-cultura category-entradas category-estados category-gerardo-castellanos category-historia category-oaxaca-estados category-videoblogs tag-antequera tag-cedula-real tag-fundacion tag-gerardo-castellanos tag-historia tag-oaxaca tag-videocolumna\">\n<h2 class=\"entry_title\"><a title=\"Enlace Permanente a VIDEOCOLUMNA: C\u00e9dula Real de la fundaci\u00f3n de Antequera. Por Gerardo Castellanos\" href=\"http:\/\/www.eloriente.net\/home\/2017\/04\/27\/videocolumna-cedula-real-la-fundacion-antequera-gerardo-castellanos\/\" rel=\"bookmark\">VIDEOCOLUMNA: C\u00e9dula Real de la fundaci\u00f3n de Antequera. Por Gerardo Castellanos<\/a><\/h2>\n<p><a href=\"http:\/\/www.eloriente.net\/home\/2017\/04\/27\/videocolumna-cedula-real-la-fundacion-antequera-gerardo-castellanos\/\" rel=\"bookmark\"><img decoding=\"async\" class=\"alignleft\" title=\"VIDEOCOLUMNA: C\u00e9dula Real de la fundaci\u00f3n de Antequera. Por Gerardo Castellanos\" src=\"http:\/\/www.eloriente.net\/home\/wp-content\/themes\/city-desk\/timthumb.php?src=http%3A%2F%2Fwww.eloriente.net%2Fhome%2Fwp-content%2Fuploads%2F2017%2F04%2FGERARDO-CASTELLANOS-21-DE-ABRIL-2017.jpg&amp;q=90&amp;w=160&amp;h=106&amp;zc=1\" alt=\"VIDEOCOLUMNA: C\u00e9dula Real de la fundaci\u00f3n de Antequera. Por Gerardo Castellanos\" \/><\/a>\u00a0 27 de abril de 2017 \u201cAnalizando la c\u00e9dula de la fundaci\u00f3n de Oaxaca que conocemos, nos damos cuenta que se trata de la fundaci\u00f3n de Antequera y no de Oaxaca, que eran lugares diferentes. Al inicio de la c\u00e9dula, los que la hicieron, usan el nombre del rey Don Carlos, pero al final de [\u2026]<\/p>\n<\/div>\n\n\t\t\t  <div \n\t\t\t  \tclass = \"fb-comments\" \n\t\t\t  \tdata-href = \"http:\/\/www.eloriente.net\/home\/2017\/05\/08\/videocolumna-te-comprometes-nosotras-karina-baron\/\"\n\t\t\t  \tdata-numposts = \"10\"\n\t\t\t\tdata-colorscheme = \"dark\"\n\t\t\t\tdata-order-by = \"social\"\n\t\t\t\tdata-mobile=true>\n\t\t\t  <\/div>\n\t\t  <style>\n\t\t\t.fb_iframe_widget_fluid_desktop iframe {\n\t\t\t    width: 100% !important;\n\t\t\t}\n\t\t  <\/style>\n\t\t  ","protected":false},"excerpt":{"rendered":"<p>&nbsp; 8 de mayo de 2017 \u00abLas mujeres tienen m\u00e1s probabilidad de estar desempleadas que los hombres. Es m\u00e1s, las tasas mundiales de desempleo son de 5,5 por ciento en el caso de los hombres y 6,2 en el caso de las mujeres. As\u00ed de claras las afirmaciones y los n\u00fameros de la Organizaci\u00f3n Internacional [&hellip;]<\/p>\n","protected":false},"author":44,"featured_media":48216,"comment_status":"open","ping_status":"open","sticky":false,"template":"","format":"standard","meta":{"_jetpack_memberships_contains_paid_content":false,"footnotes":""},"categories":[4300,91,22,32,6324,10,21,98],"tags":[7785,7786,496,4418,189,777,211],"class_list":["post-48215","post","type-post","status-publish","format-standard","has-post-thumbnail","hentry","category-comunicacion","category-congreso-y-justicia","category-derechos-humanos","category-entradas","category-karina-baron","category-lo-mas-reciente","category-politica-y-gobierno","category-videoblogs","tag-compromiso","tag-dia-del-trabajo","tag-diputada","tag-karina-baron","tag-mujeres","tag-oportunidades","tag-trabajo"],"jetpack_featured_media_url":"http:\/\/www.eloriente.net\/home\/wp-content\/uploads\/2017\/05\/KARINA-BARO\u0301N-4-DE-MAYO-2017.jpg","jetpack_sharing_enabled":true,"_links":{"self":[{"href":"http:\/\/www.eloriente.net\/home\/wp-json\/wp\/v2\/posts\/48215"}],"collection":[{"href":"http:\/\/www.eloriente.net\/home\/wp-json\/wp\/v2\/posts"}],"about":[{"href":"http:\/\/www.eloriente.net\/home\/wp-json\/wp\/v2\/types\/post"}],"author":[{"embeddable":true,"href":"http:\/\/www.eloriente.net\/home\/wp-json\/wp\/v2\/users\/44"}],"replies":[{"embeddable":true,"href":"http:\/\/www.eloriente.net\/home\/wp-json\/wp\/v2\/comments?post=48215"}],"version-history":[{"count":1,"href":"http:\/\/www.eloriente.net\/home\/wp-json\/wp\/v2\/posts\/48215\/revisions"}],"predecessor-version":[{"id":48217,"href":"http:\/\/www.eloriente.net\/home\/wp-json\/wp\/v2\/posts\/48215\/revisions\/48217"}],"wp:featuredmedia":[{"embeddable":true,"href":"http:\/\/www.eloriente.net\/home\/wp-json\/wp\/v2\/media\/48216"}],"wp:attachment":[{"href":"http:\/\/www.eloriente.net\/home\/wp-json\/wp\/v2\/media?parent=48215"}],"wp:term":[{"taxonomy":"category","embeddable":true,"href":"http:\/\/www.eloriente.net\/home\/wp-json\/wp\/v2\/categories?post=48215"},{"taxonomy":"post_tag","embeddable":true,"href":"http:\/\/www.eloriente.net\/home\/wp-json\/wp\/v2\/tags?post=48215"}],"curies":[{"name":"wp","href":"https:\/\/api.w.org\/{rel}","templated":true}]}}