{"id":48266,"date":"2017-05-11T12:37:42","date_gmt":"2017-05-11T18:37:42","guid":{"rendered":"http:\/\/www.eloriente.net\/home\/?p=48266"},"modified":"2017-05-12T12:19:00","modified_gmt":"2017-05-12T18:19:00","slug":"reforma-electoral-oaxaca","status":"publish","type":"post","link":"http:\/\/www.eloriente.net\/home\/2017\/05\/11\/reforma-electoral-oaxaca\/","title":{"rendered":"Reforma Electoral Oaxaca"},"content":{"rendered":"<p><script src=\"\/\/pagead2.googlesyndication.com\/pagead\/js\/adsbygoogle.js\" async=\"\"><\/script><!-- BANNER ELORIENTE INCRUSTADO NOTAS --> <ins class=\"adsbygoogle\" style=\"display: inline-block; width: 300px; height: 250px;\" data-ad-client=\"ca-pub-1136171134853753\" data-ad-slot=\"7974633627\"><\/ins><script>\/\/ <![CDATA[\n(adsbygoogle = window.adsbygoogle || []).push({});\n\/\/ ]]><\/script><\/p>\n<p>Con el Tribunal Electoral del Poder Judicial de la Federaci\u00f3n contin\u00faa Poder Legislativo escuchando voces para Reforma Pol\u00edtico Electoral<\/p>\n<p>10 de mayo 2017.- Con el objetivo de socializar, construir y abonar elementos rumbo a la edificaci\u00f3n de una Reforma Pol\u00edtico Electoral para el estado de Oaxaca, la Comisi\u00f3n de Administraci\u00f3n de Justicia que preside la diputada Hilda Graciela P\u00e9rez Luis, particip\u00f3 en el foro \u201cDi\u00e1logos para una Cultura C\u00edvica: Agenda Electoral\u201d.<\/p>\n<p>Con la iniciativa que tuvo como sede la Sala Audiovisual del Congreso local, cont\u00f3 con la participaci\u00f3n del Tribunal Electoral del Poder Judicial de la Federaci\u00f3n (TEPJF), \u00f3rgano que dispuso a las y los asistentes una serie de ideas, discusiones en ponencias y debates que enriquecieron la construcci\u00f3n colectiva de la Reforma Pol\u00edtico Electoral para el estado de Oaxaca que se empate con la Reforma Federal de 2014.<\/p>\n<p>Durante las palabras de bienvenida, la legisladora del partido Morena, P\u00e9rez Luis, afirm\u00f3 que el compromiso de la 63 Legislatura del Estado es escuchar con responsabilidad las distintas voces de los sectores sociales, acad\u00e9micos y empresariales, as\u00ed como gestar diversas actividades que propicien la discusi\u00f3n de ideas, debates y la inclusi\u00f3n de propuestas.<\/p>\n<p>\u201cOrganizamos estos di\u00e1logos con el prop\u00f3sito de contar con mayores elementos rumbo a la construcci\u00f3n de una Reforma Pol\u00edtico Electoral que desde el principio y hasta el fin nos mantenga en sinergia para que pueda quedar lo m\u00e1s equilibrada posible\u201d, asegur\u00f3.<\/p>\n<p>En las ponencias que magistrados y consejeros del TEPJF ofrecieron, se pudieron escuchar distintas experiencias que se han dado en estados de la Rep\u00fablica Mexicana en los cuales ya han desarrollado procesos electorales con la armonizaci\u00f3n de las leyes locales con la Reforma Pol\u00edtico Electoral a nivel federal del 2014.<\/p>\n<p>La primera conferencia magistral que cont\u00f3 adem\u00e1s con un nutrido ejercicio de preguntas, respuestas, opiniones y propuestas del p\u00fablico asistente, estuvo encabezada por el magistrado de la Sala Regional Monterrey, Yairsinio David Garc\u00eda Ortiz.<\/p>\n<p>Esta primera participaci\u00f3n trat\u00f3 sobre la reelecci\u00f3n de representantes populares y autoridades municipales, el ponente realiz\u00f3 a los asistentes preguntas como:<br \/>\n\u00bfEl diputado o diputada deber\u00e1 reelegirse por el mismo distrito?.<br \/>\n<script src=\"\/\/pagead2.googlesyndication.com\/pagead\/js\/adsbygoogle.js\" async=\"\"><\/script><!-- BANNER PEQUE\u00d1O PARA ENTRENOTAS EL ORIENTE --> <ins class=\"adsbygoogle\" style=\"display: inline-block; width: 468px; height: 60px;\" data-ad-client=\"ca-pub-1136171134853753\" data-ad-slot=\"4953536424\"><\/ins><script>\/\/ <![CDATA[\n(adsbygoogle = window.adsbygoogle || []).push({});\n\/\/ ]]><\/script><\/p>\n<p>\u00bfSon reelegibles quienes hayan accedido al cargo por la v\u00eda independiente?.<br \/>\n\u00bfC\u00f3mo ser\u00eda la regulaci\u00f3n de la campa\u00f1a de los candidatos o candidatas a reelegirse?.<br \/>\n\u00bfQui\u00e9nes aspiren a ser reelectos les aplica el mismo tiempo para separarse de su cargo de postulaci\u00f3n?.<\/p>\n<p>Otra destacada ponencia fue la que estuvo a cargo de la magistrada de la Sala Regional Ciudad de M\u00e9xico, Mar\u00eda Guadalupe Silva Rojas, con la mesa tem\u00e1tica \u201cParidad de G\u00e9nero\u201d.<\/p>\n<p>Acompa\u00f1aron a la Comisi\u00f3n de Administraci\u00f3n de Justicia del Poder Legislativo de Oaxaca, Gerardo Garc\u00eda Marroqu\u00edn, presidente de la Comisi\u00f3n de Educaci\u00f3n C\u00edvica y Mecanismos de Participaci\u00f3n Ciudadana; as\u00ed como el consejero presidente del Instituto Estatal Electoral y de Participaci\u00f3n Ciudadana (IEEPCO), Gustavo Meixuiero N\u00e1jera.<\/p>\n\n\t\t\t  <div \n\t\t\t  \tclass = \"fb-comments\" \n\t\t\t  \tdata-href = \"http:\/\/www.eloriente.net\/home\/2017\/05\/11\/reforma-electoral-oaxaca\/\"\n\t\t\t  \tdata-numposts = \"10\"\n\t\t\t\tdata-colorscheme = \"dark\"\n\t\t\t\tdata-order-by = \"social\"\n\t\t\t\tdata-mobile=true>\n\t\t\t  <\/div>\n\t\t  <style>\n\t\t\t.fb_iframe_widget_fluid_desktop iframe {\n\t\t\t    width: 100% !important;\n\t\t\t}\n\t\t  <\/style>\n\t\t  ","protected":false},"excerpt":{"rendered":"<p>Con el Tribunal Electoral del Poder Judicial de la Federaci\u00f3n contin\u00faa Poder Legislativo escuchando voces para Reforma Pol\u00edtico Electoral 10 de mayo 2017.- Con el objetivo de socializar, construir y abonar elementos rumbo a la edificaci\u00f3n de una Reforma Pol\u00edtico Electoral para el estado de Oaxaca, la Comisi\u00f3n de Administraci\u00f3n de Justicia que preside la [&hellip;]<\/p>\n","protected":false},"author":1,"featured_media":48267,"comment_status":"open","ping_status":"open","sticky":false,"template":"","format":"standard","meta":{"_jetpack_memberships_contains_paid_content":false,"footnotes":""},"categories":[464,21],"tags":[7677,1281,1353],"class_list":["post-48266","post","type-post","status-publish","format-standard","has-post-thumbnail","hentry","category-oaxaca-estados","category-politica-y-gobierno","tag-congreso-63","tag-reforma-politico-electoral","tag-tribunal-electoral"],"jetpack_featured_media_url":"http:\/\/www.eloriente.net\/home\/wp-content\/uploads\/2017\/05\/Di\u00e1logos-para-una-cultura-c\u00edvica-04.jpg","jetpack_sharing_enabled":true,"_links":{"self":[{"href":"http:\/\/www.eloriente.net\/home\/wp-json\/wp\/v2\/posts\/48266"}],"collection":[{"href":"http:\/\/www.eloriente.net\/home\/wp-json\/wp\/v2\/posts"}],"about":[{"href":"http:\/\/www.eloriente.net\/home\/wp-json\/wp\/v2\/types\/post"}],"author":[{"embeddable":true,"href":"http:\/\/www.eloriente.net\/home\/wp-json\/wp\/v2\/users\/1"}],"replies":[{"embeddable":true,"href":"http:\/\/www.eloriente.net\/home\/wp-json\/wp\/v2\/comments?post=48266"}],"version-history":[{"count":2,"href":"http:\/\/www.eloriente.net\/home\/wp-json\/wp\/v2\/posts\/48266\/revisions"}],"predecessor-version":[{"id":48269,"href":"http:\/\/www.eloriente.net\/home\/wp-json\/wp\/v2\/posts\/48266\/revisions\/48269"}],"wp:featuredmedia":[{"embeddable":true,"href":"http:\/\/www.eloriente.net\/home\/wp-json\/wp\/v2\/media\/48267"}],"wp:attachment":[{"href":"http:\/\/www.eloriente.net\/home\/wp-json\/wp\/v2\/media?parent=48266"}],"wp:term":[{"taxonomy":"category","embeddable":true,"href":"http:\/\/www.eloriente.net\/home\/wp-json\/wp\/v2\/categories?post=48266"},{"taxonomy":"post_tag","embeddable":true,"href":"http:\/\/www.eloriente.net\/home\/wp-json\/wp\/v2\/tags?post=48266"}],"curies":[{"name":"wp","href":"https:\/\/api.w.org\/{rel}","templated":true}]}}