{"id":48316,"date":"2017-05-16T12:49:09","date_gmt":"2017-05-16T18:49:09","guid":{"rendered":"http:\/\/www.eloriente.net\/home\/?p=48316"},"modified":"2017-06-30T09:40:59","modified_gmt":"2017-06-30T15:40:59","slug":"cfdi-referencias-la-ciudad-mexico-alfredo-puente-castellanos","status":"publish","type":"post","link":"http:\/\/www.eloriente.net\/home\/2017\/05\/16\/cfdi-referencias-la-ciudad-mexico-alfredo-puente-castellanos\/","title":{"rendered":"CFDI. Referencias a la Ciudad de M\u00e9xico. Por Alfredo Puente Castellanos"},"content":{"rendered":"<p><script src=\"\/\/pagead2.googlesyndication.com\/pagead\/js\/adsbygoogle.js\" async=\"\"><\/script><!-- BANNER ELORIENTE INCRUSTADO NOTAS --> <ins class=\"adsbygoogle\" style=\"display: inline-block; width: 300px; height: 250px;\" data-ad-client=\"ca-pub-1136171134853753\" data-ad-slot=\"7974633627\"><\/ins><script>\/\/ <![CDATA[\n(adsbygoogle = window.adsbygoogle || []).push({});\n\/\/ ]]><\/script><\/p>\n<p>&nbsp;<\/p>\n<p>eloriente.net<\/p>\n<p>15 de mayo de 2017<\/p>\n<p><i>Por Alfredo Puente Castellanos<\/i><\/p>\n<p><span style=\"font-weight: 400;\">En el DOF del 15 de mayo de 2017 se publica la modificaci\u00f3n a la Regla 1.10 de la RMF para 2017, que establec\u00eda la temporalidad para consignar como lugar de expedici\u00f3n al Distrito Federal hasta el pasado 31 de enero, en lugar de la Ciudad de M\u00e9xico, no constituyendo infracci\u00f3n a las disposiciones fiscales en materia de Comprobantes Fiscales Digitales por Internet \u2014CFDI\u2014 o Factura Electr\u00f3nica, como com\u00fanmente se les denomina. Sin embargo, veamos su an\u00e1lisis.<\/span><\/p>\n<p>&nbsp;<\/p>\n<p><span style=\"font-weight: 400;\">Es importante considerar la referencia al cambio de nombre del otrora \u201cDistrito Federal\u201d a \u201cCiudad de M\u00e9xico\u201d aprobado como entidad pol\u00edtica de nuestro pa\u00eds, pues, la Regla 1.10 de la Resoluci\u00f3n Miscel\u00e1nea para 2017 \u2014RMF para 2017\u2014, establec\u00eda una <\/span><span style=\"font-weight: 400;\">temporalidad en la que la referencia al Distrito Federal, en lugar de la Ciudad de M\u00e9xico, no constitu\u00eda infracci\u00f3n a las disposiciones fiscales<\/span> <span style=\"font-weight: 400;\">en materia de Comprobantes Fiscales Digitales por Internet \u2014CFDI\u2014 o Factura Electr\u00f3nica, como com\u00fanmente se les denomina<\/span><span style=\"font-weight: 400;\"> como se puede apreciar en su transcripci\u00f3n:<\/span><\/p>\n<p>&nbsp;<\/p>\n<p><span style=\"font-weight: 400;\">1.10.<\/span> <span style=\"font-weight: 400;\">Para efectos de los art\u00edculos 18, fracci\u00f3n II, 29-A, fracciones I y III, as\u00ed como 31 del CFF, las referencias que hagan los contribuyentes al Distrito Federal en las promociones, comprobantes fiscales digitales por internet, declaraciones, avisos o informes que presenten ante las autoridades fiscales, hasta el 31 de enero de 2017, se entender\u00e1n hechas a la Ciudad de M\u00e9xico y tal situaci\u00f3n no se considerar\u00e1 infracci\u00f3n a las disposiciones fiscales.<\/span><\/p>\n<p><span style=\"font-weight: 400;\">CFF 18, 29-A, 31, 81, 82, 83, 84<\/span><\/p>\n<p><script src=\"\/\/pagead2.googlesyndication.com\/pagead\/js\/adsbygoogle.js\" async=\"\"><\/script><!-- BANNER PEQUE\u00d1O PARA ENTRENOTAS EL ORIENTE --> <ins class=\"adsbygoogle\" style=\"display: inline-block; width: 468px; height: 60px;\" data-ad-client=\"ca-pub-1136171134853753\" data-ad-slot=\"4953536424\"><\/ins><script>\/\/ <![CDATA[\n(adsbygoogle = window.adsbygoogle || []).push({});\n\/\/ ]]><\/script><\/p>\n<p><span style=\"font-weight: 400;\">Veamos pues que, a la luz de las disposiciones fiscales, concretamente la fracci\u00f3n III del art\u00edculo 29 A del C\u00f3digo Fiscal de la Federaci\u00f3n, es un requisito el lugar y fecha de expedici\u00f3n por lo que la referencia correcta a la Ciudad de M\u00e9xico es importante.<\/span><\/p>\n<p><span style=\"font-weight: 400;\">Conforme a ello, las autoridades fiscales han considerado que los documentos que adolezcan de dicho requisito a partir del 1\u00ba de febrero del a\u00f1o en curso son err\u00f3neos, lo que podr\u00eda afectar en la deducibilidad de los CFDI.<\/span><\/p>\n<p><span style=\"font-weight: 400;\">Pese a lo anterior, si analizamos el proyecto de modificaci\u00f3n de dicha regla en la p\u00e1gina del SAT publicada de manera anticipada el 12 de abril de 2017, se elimina su temporalidad, es decir deja de limitarlo al 31 de enero de 2017 y consignar de manera amplia que no constituye infracci\u00f3n a las disposiciones fiscales como se puede apreciar enseguida:<\/span><\/p>\n<p><span style=\"font-weight: 400;\">1.10.<\/span> <span style=\"font-weight: 400;\">Para efectos de los art\u00edculos 18, fracci\u00f3n II, 29-A, fracciones I y III, as\u00ed como 31 del CFF, las referencias que hagan los contribuyentes al Distrito Federal en las promociones, comprobantes fiscales digitales por internet, declaraciones, avisos o informes que presenten ante las autoridades fiscales, se entender\u00e1n hechas a la Ciudad de M\u00e9xico y tal situaci\u00f3n no se considerar\u00e1 infracci\u00f3n a las disposiciones fiscales.<\/span><\/p>\n<p>CFF 18, 29-A, 31, 81, 82, 83, 84<\/p>\n<p>Considerando lo anterior, en caso de que se hubiere expedido un CFDI a\u00fan con la referencia al DF hasta el 15 de mayo de 2017, los mismos tendr\u00e1n validez dado que el proyecto de regla en comento resulta aplicable conforme a la Regla 1.8 de la RMF 2017 publicada el 23 de diciembre de 2016 que da soporte legal a las publicaciones anticipadas.<\/p>\n<p>Finalmente, pese a lo anterior, se debe se\u00f1alar que en el DOF del 15 de mayo de 2017 se public\u00f3 la Primera Resoluci\u00f3n de Modificaci\u00f3n de la RMF para 2017, en la que se contiene la Regla 1.10 antes aludida misma que de acuerdo a lo dispuesto por la Fracci\u00f3n II del art\u00edculo Segundo de Disposiciones Transitorias se considera vigente a partir del 31 de enero de2017, por tanto podemos concluir que:<\/p>\n<p>&nbsp;<\/p>\n<ul>\n<li style=\"font-weight: 400;\"><span style=\"font-weight: 400;\">Se debe se\u00f1alar como lugar de expedici\u00f3n la denominaci\u00f3n de Ciudad de M\u00e9xico, en su caso.<\/span><\/li>\n<li style=\"font-weight: 400;\"><span style=\"font-weight: 400;\">Modificar los controles y aplicativos para asegurar tal cumplimiento.<\/span><\/li>\n<li style=\"font-weight: 400;\"><span style=\"font-weight: 400;\">Los CFDI emitidos entre el 1 de febrero y el 15 de mayo de 2017 que contengan la referencia al \u201cDistrito Federal\u201d no se consideran infracciones a las disposiciones fiscales conforme a la Regla 1.10 multicitada.<\/span><\/li>\n<\/ul>\n<p>Alfredo Puente Castellanos es \u00a0Licenciado en Derecho por la Universidad Regional del Sureste AC \u2014URSE\u2014 cuenta con:<\/p>\n<p>\uf0d8 Diplomado en Impuestos por el ITAM,<\/p>\n<p>\uf0d8 Diplomado en materia de Comercio Exterior,<\/p>\n<p>\uf0d8 Diplomado de Desarrollo Directivo en el INAP<\/p>\n<p>\uf0d8 Maestr\u00eda en Derecho Administrativo y Fiscal por la Facultad de Derecho de la Barra Nacional de Abogados.<\/p>\n<p><a href=\"http:\/\/www.eloriente.net\/home\/wp-content\/uploads\/2012\/09\/m\u00e9xico.jpg\" rel=\"attachment wp-att-3475\"><img loading=\"lazy\" decoding=\"async\" class=\"alignnone size-full wp-image-3475\" src=\"http:\/\/www.eloriente.net\/home\/wp-content\/uploads\/2012\/09\/m\u00e9xico.jpg\" alt=\"m\u00e9xico\" width=\"512\" height=\"341\" srcset=\"http:\/\/www.eloriente.net\/home\/wp-content\/uploads\/2012\/09\/m\u00e9xico.jpg 1024w, http:\/\/www.eloriente.net\/home\/wp-content\/uploads\/2012\/09\/m\u00e9xico-300x200.jpg 300w\" sizes=\"(max-width: 512px) 100vw, 512px\" \/><\/a><\/p>\n<p><strong>OTRAS ENTRADAS<\/strong><\/p>\n<div class=\"featuredpost\">\n<div class=\"flow_hide\">\n<h2 class=\"posttitle bigposttitle\"><a title=\"Enlace Permanente a #UnOrienteVerde Contaminaci\u00f3n en r\u00edos de Oaxaca\" href=\"http:\/\/www.eloriente.net\/home\/2017\/05\/15\/unorienteverde-contaminacion-rios-oaxaca\/\" rel=\"bookmark\">#UnOrienteVerde Contaminaci\u00f3n en r\u00edos de Oaxaca<\/a><\/h2>\n<\/div>\n<p>(www.eloriente.net; M\u00e9xico a 15 de mayo de 2017).- Por Jessica Lamadrid A pesar de que los r\u00edos son una parte importante para los ecosistemas en Oaxaca la mayor\u00eda\u2026<\/p>\n<p class=\"postmeta\"><span class=\"meta_date\">mayo 15, 2017<\/span><\/p>\n<div class=\"toolbar-social\"><\/div>\n<\/div>\n<div class=\"featuredpost\">\n<div class=\"flow_hide\">\n<p><a href=\"http:\/\/www.eloriente.net\/home\/2017\/05\/15\/la-cultura-bloqueos-liberaciones-juan-pablo-vasconcelos\/\" rel=\"bookmark\"><img decoding=\"async\" class=\"alignleft\" title=\"ES LA CULTURA: Bloqueos y liberaciones. Por Juan Pablo Vasconcelos\" src=\"http:\/\/www.eloriente.net\/home\/wp-content\/themes\/city-desk\/timthumb.php?src=http%3A%2F%2Fwww.eloriente.net%2Fhome%2Fwp-content%2Fuploads%2F2016%2F01%2FTeaching.jpg&amp;q=90&amp;w=70&amp;h=45&amp;zc=1\" alt=\"ES LA CULTURA: Bloqueos y liberaciones. Por Juan Pablo Vasconcelos\" \/><\/a><\/p>\n<h2 class=\"posttitle \"><a title=\"Enlace Permanente a ES LA CULTURA: Bloqueos y liberaciones. Por Juan Pablo Vasconcelos\" href=\"http:\/\/www.eloriente.net\/home\/2017\/05\/15\/la-cultura-bloqueos-liberaciones-juan-pablo-vasconcelos\/\" rel=\"bookmark\">ES LA CULTURA: Bloqueos y liberaciones. Por Juan Pablo Vasconcelos<\/a><\/h2>\n<\/div>\n<p>eloriente.net 15 de mayo de 2017 Por Juan Pablo Vasconcelos @JPVmx \u201cMuchas personas estamos sumando esfuerzos para recuperar el bienestar y la libertad de Oaxaca. No sin\u2026<\/p>\n<p class=\"postmeta\"><span class=\"meta_date\">mayo 15, 2017<\/span><\/p>\n<div class=\"toolbar-social\"><\/div>\n<\/div>\n<div class=\"featuredpost\">\n<div class=\"flow_hide\">\n<p><a href=\"http:\/\/www.eloriente.net\/home\/2017\/05\/11\/fiscal-general-del-estado-oaxaca-sera-nombrado-este-viernes\/\" rel=\"bookmark\"><img decoding=\"async\" class=\"alignleft\" title=\"Fiscal General del Estado de Oaxaca ser\u00e1 nombrado este viernes\" src=\"http:\/\/www.eloriente.net\/home\/wp-content\/themes\/city-desk\/timthumb.php?src=http%3A%2F%2Fwww.eloriente.net%2Fhome%2Fwp-content%2Fuploads%2F2017%2F05%2FDesignaci%C3%B3n-Fiscal-04.jpg&amp;q=90&amp;w=70&amp;h=45&amp;zc=1\" alt=\"Fiscal General del Estado de Oaxaca ser\u00e1 nombrado este viernes\" \/><\/a><\/p>\n<h2 class=\"posttitle \"><a title=\"Enlace Permanente a Fiscal General del Estado de Oaxaca ser\u00e1 nombrado este viernes\" href=\"http:\/\/www.eloriente.net\/home\/2017\/05\/11\/fiscal-general-del-estado-oaxaca-sera-nombrado-este-viernes\/\" rel=\"bookmark\">Fiscal General del Estado de Oaxaca ser\u00e1 nombrado este viernes<\/a><\/h2>\n<\/div>\n<p>Congreso Local, Reanuda Sesi\u00f3n Extraordinaria este viernes para nombrar Fiscal General del Estado de Oaxaca 11 de mayo del 2017.- La 63 Legislatura del Congreso del Estado reanuda\u2026<\/p>\n<p class=\"postmeta\"><span class=\"meta_date\">mayo 11, 2017<\/span><\/p>\n<\/div>\n\n\t\t\t  <div \n\t\t\t  \tclass = \"fb-comments\" \n\t\t\t  \tdata-href = \"http:\/\/www.eloriente.net\/home\/2017\/05\/16\/cfdi-referencias-la-ciudad-mexico-alfredo-puente-castellanos\/\"\n\t\t\t  \tdata-numposts = \"10\"\n\t\t\t\tdata-colorscheme = \"dark\"\n\t\t\t\tdata-order-by = \"social\"\n\t\t\t\tdata-mobile=true>\n\t\t\t  <\/div>\n\t\t  <style>\n\t\t\t.fb_iframe_widget_fluid_desktop iframe {\n\t\t\t    width: 100% !important;\n\t\t\t}\n\t\t  <\/style>\n\t\t  ","protected":false},"excerpt":{"rendered":"<p>&nbsp; eloriente.net 15 de mayo de 2017 Por Alfredo Puente Castellanos En el DOF del 15 de mayo de 2017 se publica la modificaci\u00f3n a la Regla 1.10 de la RMF para 2017, que establec\u00eda la temporalidad para consignar como lugar de expedici\u00f3n al Distrito Federal hasta el pasado 31 de enero, en lugar de [&hellip;]<\/p>\n","protected":false},"author":44,"featured_media":3475,"comment_status":"open","ping_status":"open","sticky":false,"template":"","format":"standard","meta":{"_jetpack_memberships_contains_paid_content":false,"footnotes":""},"categories":[2435,8,7774,32,35,10,19],"tags":[7775,4480,4414,7956,252,1121],"class_list":["post-48316","post","type-post","status-publish","format-standard","has-post-thumbnail","hentry","category-miercolesdeeconomia","category-agenda","category-alfredo-puente-castellanos","category-entradas","category-secciones-oriente","category-lo-mas-reciente","category-turismo-y-negocios","tag-alfredo-puente-castellanos","tag-articulista","tag-articulo","tag-cfdi","tag-economia","tag-finanzas"],"jetpack_featured_media_url":"http:\/\/www.eloriente.net\/home\/wp-content\/uploads\/2012\/09\/m\u00e9xico.jpg","jetpack_sharing_enabled":true,"_links":{"self":[{"href":"http:\/\/www.eloriente.net\/home\/wp-json\/wp\/v2\/posts\/48316"}],"collection":[{"href":"http:\/\/www.eloriente.net\/home\/wp-json\/wp\/v2\/posts"}],"about":[{"href":"http:\/\/www.eloriente.net\/home\/wp-json\/wp\/v2\/types\/post"}],"author":[{"embeddable":true,"href":"http:\/\/www.eloriente.net\/home\/wp-json\/wp\/v2\/users\/44"}],"replies":[{"embeddable":true,"href":"http:\/\/www.eloriente.net\/home\/wp-json\/wp\/v2\/comments?post=48316"}],"version-history":[{"count":2,"href":"http:\/\/www.eloriente.net\/home\/wp-json\/wp\/v2\/posts\/48316\/revisions"}],"predecessor-version":[{"id":48318,"href":"http:\/\/www.eloriente.net\/home\/wp-json\/wp\/v2\/posts\/48316\/revisions\/48318"}],"wp:featuredmedia":[{"embeddable":true,"href":"http:\/\/www.eloriente.net\/home\/wp-json\/wp\/v2\/media\/3475"}],"wp:attachment":[{"href":"http:\/\/www.eloriente.net\/home\/wp-json\/wp\/v2\/media?parent=48316"}],"wp:term":[{"taxonomy":"category","embeddable":true,"href":"http:\/\/www.eloriente.net\/home\/wp-json\/wp\/v2\/categories?post=48316"},{"taxonomy":"post_tag","embeddable":true,"href":"http:\/\/www.eloriente.net\/home\/wp-json\/wp\/v2\/tags?post=48316"}],"curies":[{"name":"wp","href":"https:\/\/api.w.org\/{rel}","templated":true}]}}