{"id":48383,"date":"2017-05-20T00:01:01","date_gmt":"2017-05-20T06:01:01","guid":{"rendered":"http:\/\/www.eloriente.net\/home\/?p=48383"},"modified":"2017-05-19T16:27:03","modified_gmt":"2017-05-19T22:27:03","slug":"editorial-murat-la-uabjo","status":"publish","type":"post","link":"http:\/\/www.eloriente.net\/home\/2017\/05\/20\/editorial-murat-la-uabjo\/","title":{"rendered":"EDITORIAL: Murat en la UABJO"},"content":{"rendered":"<p><script src=\"\/\/pagead2.googlesyndication.com\/pagead\/js\/adsbygoogle.js\" async=\"\"><\/script><!-- BANNER ELORIENTE INCRUSTADO NOTAS --> <ins class=\"adsbygoogle\" style=\"display: inline-block; width: 300px; height: 250px;\" data-ad-client=\"ca-pub-1136171134853753\" data-ad-slot=\"7974633627\"><\/ins><script>\/\/ <![CDATA[\n(adsbygoogle = window.adsbygoogle || []).push({});\n\/\/ ]]><\/script><br \/>\neloriente.net<\/p>\n<p>20 de mayo de 2017<\/p>\n<p><em>Editorial<\/em><\/p>\n<p>Pocos d\u00edas despu\u00e9s de haber triunfado en las elecciones de 2016, Alejandro Murat Hinojosa se encontr\u00f3 con el Rector de la Universidad Aut\u00f3noma Benito Ju\u00e1rez de Oaxaca, Eduardo Bautista.<\/p>\n<p>En aquel momento, ambos se comprometieron a trazar l\u00edneas de coincidencia para implementar proyectos estrat\u00e9gicos. Lo que es m\u00e1s, en informaci\u00f3n oficial, la propia UABJO record\u00f3 que el ya para entonces gobernador electo de Oaxaca hab\u00eda mostrado \u00abpermanente preocupaci\u00f3n por la educaci\u00f3n en nuestra entidad. Como candidato a la gubernatura del estado, suscribi\u00f3 10 compromisos por la educaci\u00f3n en Oaxaca, a fin de garantizar una educaci\u00f3n con calidad y equidad para todas las ni\u00f1as, ni\u00f1os, adolescentes y j\u00f3venes oaxaque\u00f1os\u00bb.<\/p>\n<p>Pues bien, esta semana que concluy\u00f3 el ahora Gobernador Constitucional arrib\u00f3 a la Universidad para presenciar el primer informe de su Rector, lo cual no deja de ser un mensaje muy importante para el estado, donde esa universidad p\u00fablica sigue siendo un referente del car\u00e1cter, el presente y el futuro de Oaxaca.<br \/>\n<script src=\"\/\/pagead2.googlesyndication.com\/pagead\/js\/adsbygoogle.js\" async=\"\"><\/script><!-- BANNER PEQUE\u00d1O PARA ENTRENOTAS EL ORIENTE --> <ins class=\"adsbygoogle\" style=\"display: inline-block; width: 468px; height: 60px;\" data-ad-client=\"ca-pub-1136171134853753\" data-ad-slot=\"4953536424\"><\/ins><script>\/\/ <![CDATA[\n(adsbygoogle = window.adsbygoogle || []).push({});\n\/\/ ]]><\/script><br \/>\n&nbsp;<\/p>\n<p>Sin embargo, no deja de ser tambi\u00e9n el escenario donde, al menos hace apenas algunos lustros, se se\u00f1alaban los aciertos y tambi\u00e9n los pendientes del gobierno en turno.<\/p>\n<p>\u00abEntrar a la UABJO\u00bb, ten\u00eda un significado pol\u00edtico de primer orden, habida cuenta del pensamiento cr\u00edtico all\u00ed predominante, y de las m\u00faltiples expresiones libres que convivieron y se alimentaron permanentemente.<\/p>\n<p>En este 2017, el gobernador Murat asisti\u00f3 sin incidentes y, lo que es m\u00e1s, realiz\u00f3 luego una salutaci\u00f3n a la comunidad universitaria.<\/p>\n<p>Es correcto y se espera, en congruencia con lo antes mencionado, que se haya llevado al menos la inquietud de los universitarios en relaci\u00f3n a su actual situaci\u00f3n financiera que no es precisamente boyante, y por el contrario, es de suma gravedad principalmente en lo que se refiere a su sistema de pensiones.<\/p>\n<p>Es muy importante que el gobernador y el Congreso del Estado hayan escuchado y atiendan ese mensaje central.<\/p>\n<p>Y hay otro, que se adelantaba en aquel comunicado de 2016: el cumplimiento de los compromisos que el gobernador electo firm\u00f3 en su momento a convocatoria de diversos organismos de la sociedad civil.<\/p>\n<p>&nbsp;<\/p>\n<p><a href=\"http:\/\/www.eloriente.net\/home\/wp-content\/uploads\/2017\/05\/10-compromisos-educacion.png\" rel=\"attachment wp-att-48384\"><img loading=\"lazy\" decoding=\"async\" class=\"alignnone  wp-image-48384\" src=\"http:\/\/www.eloriente.net\/home\/wp-content\/uploads\/2017\/05\/10-compromisos-educacion.png\" alt=\"10 compromisos educacion\" width=\"437\" height=\"564\" srcset=\"http:\/\/www.eloriente.net\/home\/wp-content\/uploads\/2017\/05\/10-compromisos-educacion.png 613w, http:\/\/www.eloriente.net\/home\/wp-content\/uploads\/2017\/05\/10-compromisos-educacion-232x300.png 232w\" sizes=\"(max-width: 437px) 100vw, 437px\" \/><\/a><\/p>\n<p>&nbsp;<\/p>\n<p>Estos compromisos son importantes ante la opini\u00f3n p\u00fablica, pues inclusive durante la campa\u00f1a y a\u00fan en las p\u00e1ginas oficiales de diversas organizaciones, se incluye la firma del documento como una diferencia o ventaja del actual gobernador sobre otros rivales que contendieron en pos de la primera magistratura del estado.<\/p>\n<p><a href=\"http:\/\/www.eloriente.net\/home\/2016\/06\/21\/oaxaca-en-desastre-economico-aducen-empresarios\/\" target=\"_blank\">COPARMEX, CANACINTRA, CANACO, CANIRAC<\/a>, entre otras organizaciones, tienen la palabra en relaci\u00f3n con el tema, que adem\u00e1s se encuentra en conversaciones y resoluciones actualmente para con el magisterio.<\/p>\n<p>Ser\u00e1 fundamental, por lo tanto, en los pr\u00f3ximos d\u00edas, esperar un pronunciamiento importante en materia de educaci\u00f3n y educaci\u00f3n superior por parte del Ejecutivo, cuestiones que hasta el momento no han ocupado espacio en la agenda p\u00fablica pero que merecen atenci\u00f3n prioritaria en una entidad como la nuestra.<\/p>\n<p><strong><em>direccioneditorial@eloriente.net<\/em><\/strong><\/p>\n<p>&nbsp;<\/p>\n<p><strong>OTRAS ENTRADAS:<\/strong><\/p>\n<div class=\"featuredpost\">\n<div class=\"flow_hide\">\n<h2 class=\"posttitle bigposttitle\"><a title=\"Enlace Permanente a Proyecto Oaxaque\u00f1o: FillUp Cube, el primer cubo para el estr\u00e9s personalizable\" href=\"http:\/\/www.eloriente.net\/home\/2017\/05\/19\/proyecto-oaxaqueno-fillup-cube-primer-cubo-para-el-estres-personalizable\/\" rel=\"bookmark\">Proyecto Oaxaque\u00f1o: FillUp Cube, el primer cubo para el estr\u00e9s personalizable<\/a><\/h2>\n<\/div>\n<p>19 de mayo de 2017. Bajo la plataforma Kickstater que busca que todo proyecto debe crear algo nuevo que pueda ser compartido con los dem\u00e1s. Con\u00a0un claro objetivo,\u2026<\/p>\n<p class=\"postmeta\"><span class=\"meta_date\">mayo 19, 2017<\/span><\/p>\n<div class=\"toolbar-social\">\n<div class=\"social-widget\">\n<div id=\"sharing-widget\"><a class=\"button icon-share\">Compartir<\/a><\/div>\n<\/div>\n<\/div>\n<\/div>\n<div class=\"featuredpost\">\n<div class=\"flow_hide\"><a href=\"http:\/\/www.eloriente.net\/home\/2017\/05\/18\/actividades-culturales-oaxaca-no-te-puedes-perder-del-18-al-24-mayo\/\" rel=\"bookmark\"><img decoding=\"async\" class=\"alignleft\" title=\"Actividades culturales en Oaxaca que no te puedes perder (del 18 al 24 de mayo)\" src=\"http:\/\/www.eloriente.net\/home\/wp-content\/themes\/city-desk\/timthumb.php?src=http%3A%2F%2Fwww.eloriente.net%2Fhome%2Fwp-content%2Fuploads%2F2017%2F05%2Fguitar-756326_1920.jpg&amp;q=90&amp;w=70&amp;h=45&amp;zc=1\" alt=\"Actividades culturales en Oaxaca que no te puedes perder (del 18 al 24 de mayo)\" \/><\/a><\/p>\n<h2 class=\"posttitle \"><a title=\"Enlace Permanente a Actividades culturales en Oaxaca que no te puedes perder (del 18 al 24 de mayo)\" href=\"http:\/\/www.eloriente.net\/home\/2017\/05\/18\/actividades-culturales-oaxaca-no-te-puedes-perder-del-18-al-24-mayo\/\" rel=\"bookmark\">Actividades culturales en Oaxaca que no te puedes perder (del 18 al 24 de mayo)<\/a><\/h2>\n<\/div>\n<p>(www.eloriente.net; M\u00e9xico a 18 de mayo de 2017).- Por Jessica Lamadrid \u00a0 Como todos los jueves El Oriente te comparte una agenda cultural con actividades que puedes realizar\u2026<\/p>\n<p class=\"postmeta\"><span class=\"meta_date\">mayo 18, 2017<\/span><\/p>\n<\/div>\n\n\t\t\t  <div \n\t\t\t  \tclass = \"fb-comments\" \n\t\t\t  \tdata-href = \"http:\/\/www.eloriente.net\/home\/2017\/05\/20\/editorial-murat-la-uabjo\/\"\n\t\t\t  \tdata-numposts = \"10\"\n\t\t\t\tdata-colorscheme = \"dark\"\n\t\t\t\tdata-order-by = \"social\"\n\t\t\t\tdata-mobile=true>\n\t\t\t  <\/div>\n\t\t  <style>\n\t\t\t.fb_iframe_widget_fluid_desktop iframe {\n\t\t\t    width: 100% !important;\n\t\t\t}\n\t\t  <\/style>\n\t\t  ","protected":false},"excerpt":{"rendered":"<p>eloriente.net 20 de mayo de 2017 Editorial Pocos d\u00edas despu\u00e9s de haber triunfado en las elecciones de 2016, Alejandro Murat Hinojosa se encontr\u00f3 con el Rector de la Universidad Aut\u00f3noma Benito Ju\u00e1rez de Oaxaca, Eduardo Bautista. En aquel momento, ambos se comprometieron a trazar l\u00edneas de coincidencia para implementar proyectos estrat\u00e9gicos. Lo que es m\u00e1s, [&hellip;]<\/p>\n","protected":false},"author":1,"featured_media":48384,"comment_status":"open","ping_status":"open","sticky":false,"template":"","format":"standard","meta":{"_jetpack_memberships_contains_paid_content":false,"footnotes":""},"categories":[29,9,32,63,21],"tags":[7824,7823,7825,3946],"class_list":["post-48383","post","type-post","status-publish","format-standard","has-post-thumbnail","hentry","category-capital","category-editorial","category-entradas","category-estados","category-politica-y-gobierno","tag-alejandro-murat-educacion","tag-compromisos-educacion-oaxaca","tag-uabjo-murat","tag-uabjo-oaxaca"],"jetpack_featured_media_url":"http:\/\/www.eloriente.net\/home\/wp-content\/uploads\/2017\/05\/10-compromisos-educacion.png","jetpack_sharing_enabled":true,"_links":{"self":[{"href":"http:\/\/www.eloriente.net\/home\/wp-json\/wp\/v2\/posts\/48383"}],"collection":[{"href":"http:\/\/www.eloriente.net\/home\/wp-json\/wp\/v2\/posts"}],"about":[{"href":"http:\/\/www.eloriente.net\/home\/wp-json\/wp\/v2\/types\/post"}],"author":[{"embeddable":true,"href":"http:\/\/www.eloriente.net\/home\/wp-json\/wp\/v2\/users\/1"}],"replies":[{"embeddable":true,"href":"http:\/\/www.eloriente.net\/home\/wp-json\/wp\/v2\/comments?post=48383"}],"version-history":[{"count":1,"href":"http:\/\/www.eloriente.net\/home\/wp-json\/wp\/v2\/posts\/48383\/revisions"}],"predecessor-version":[{"id":48385,"href":"http:\/\/www.eloriente.net\/home\/wp-json\/wp\/v2\/posts\/48383\/revisions\/48385"}],"wp:featuredmedia":[{"embeddable":true,"href":"http:\/\/www.eloriente.net\/home\/wp-json\/wp\/v2\/media\/48384"}],"wp:attachment":[{"href":"http:\/\/www.eloriente.net\/home\/wp-json\/wp\/v2\/media?parent=48383"}],"wp:term":[{"taxonomy":"category","embeddable":true,"href":"http:\/\/www.eloriente.net\/home\/wp-json\/wp\/v2\/categories?post=48383"},{"taxonomy":"post_tag","embeddable":true,"href":"http:\/\/www.eloriente.net\/home\/wp-json\/wp\/v2\/tags?post=48383"}],"curies":[{"name":"wp","href":"https:\/\/api.w.org\/{rel}","templated":true}]}}