{"id":48396,"date":"2017-05-22T12:57:09","date_gmt":"2017-05-22T18:57:09","guid":{"rendered":"http:\/\/www.eloriente.net\/home\/?p=48396"},"modified":"2017-05-22T12:57:50","modified_gmt":"2017-05-22T18:57:50","slug":"la-cultura-oaxaca-mapa-internacional-juan-pablo-vasconcelos","status":"publish","type":"post","link":"http:\/\/www.eloriente.net\/home\/2017\/05\/22\/la-cultura-oaxaca-mapa-internacional-juan-pablo-vasconcelos\/","title":{"rendered":"ES LA CULTURA: Oaxaca en el mapa internacional. Por Juan Pablo Vasconcelos"},"content":{"rendered":"<p><script src=\"\/\/pagead2.googlesyndication.com\/pagead\/js\/adsbygoogle.js\" async=\"\"><\/script><!-- BANNER ELORIENTE INCRUSTADO NOTAS --> <ins class=\"adsbygoogle\" style=\"display: inline-block; width: 300px; height: 250px;\" data-ad-client=\"ca-pub-1136171134853753\" data-ad-slot=\"7974633627\"><\/ins><script>\/\/ <![CDATA[\n(adsbygoogle = window.adsbygoogle || []).push({});\n\/\/ ]]><\/script><\/p>\n<p>&nbsp;<\/p>\n<p>eloriente.net<\/p>\n<p>22 de mayo de 2017<\/p>\n<p>Por Juan Pablo Vasconcelos<\/p>\n<p><a href=\"https:\/\/twitter.com\/JPVmx\" target=\"_blank\">@JPVmx<\/a><\/p>\n<p>&nbsp;<\/p>\n<p><i><span style=\"font-weight: 400;\">\u201cRumbo a sus 500 a\u00f1os, la ciudad de Oaxaca de Ju\u00e1rez recibi\u00f3 alcaldes, t\u00e9cnicos y representantes de 15 pa\u00edses y m\u00e1s de 90 ciudades de M\u00e9xico y el mundo.<\/span><\/i><\/p>\n<p><i><span style=\"font-weight: 400;\">La capital ha abierto un debate sobre movilidad y desarrollo urbano, pero lo m\u00e1s importante: ha recuperado su lugar en el mapa internacional\u201d.<\/span><\/i><\/p>\n<p>&nbsp;<\/p>\n<p><span style=\"font-weight: 400;\">Como las \u2018supermanzanas\u2019 en Barcelona, la tarjeta ciudadana de Zaragoza, hasta los proyectos de multas y sanciones colombianos, se presentaron en Oaxaca una veintena de experiencias para mejorar la movilidad y el desarrollo urbano en las ciudades del mundo.<\/span><\/p>\n<p><span style=\"font-weight: 400;\">Fue un privilegio tener aqu\u00ed a incontables autoridades y expertos para trabajar y compartir sobre estas tem\u00e1ticas prioritarias. El marco fue el encuentro anual del Centro Iberoamericano de Desarrollo Estrat\u00e9gico Urbano (CIDEU), referencia desde hace ya algunos lustros para municipios y pa\u00edses, y cuya red mexicana ser\u00e1 coordinada desde el pasado viernes por el presidente de Oaxaca, Jos\u00e9 Antonio Hern\u00e1ndez Fraguas.<\/span><\/p>\n<p><span style=\"font-weight: 400;\"> De la tarjeta ciudadana de Zaragoza puede escribirse mucho. Se trata de una herramienta tecnol\u00f3gica que desemboca en una tarjeta que utilizan m\u00e1s de 200 mil personas en aquella ciudad para m\u00faltiples servicios, especialmente para el transporte p\u00fablico, acudir a las bibliotecas y hacerse de m\u00fasica y libros. Como instrumento es destacado, pero lo es m\u00e1s si consideramos las m\u00faltiples posibilidades tambi\u00e9n para las administraciones de conocer a trav\u00e9s de ella sobre los h\u00e1bitos y necesidades de la gente.<\/span><\/p>\n<p><span style=\"font-weight: 400;\">En un mundo dominado por los gigantes de la tecnolog\u00eda y el internet, los gobiernos necesitan tambi\u00e9n desarrollar sus propios instrumentos de acercamiento y conocimiento social, no para vigilar, sino para satisfacer las necesidades y preocupaciones de los ciudadanos.<\/span><\/p>\n<p><span style=\"font-weight: 400;\">El propio representante de dicha ciudad, se\u00f1alaba tambi\u00e9n que la tarjeta puede entrar pronto a otra etapa, donde se tratar\u00eda de promover la econom\u00eda y el intercambio comercial, a trav\u00e9s de promociones, descuentos o productos especializados para sus portadores.<\/span><\/p>\n<p><span style=\"font-weight: 400;\">Es decir, una misma estrategia puede resolver transversalmente diversos asuntos de primer orden, con lo cual se confirma una de las principales caracter\u00edsticas de las pol\u00edticas p\u00fablicas contempor\u00e1neas que es, ante la escases de recursos, maximizar la eficiencia.<\/span><\/p>\n<p><span style=\"font-weight: 400;\">Sucede tambi\u00e9n con el proyecto presentado por Barcelona, donde para propiciar la convivencia social y la calidad de vida de ciertos barrios de la ciudad, se ha optado por cambiar la escala del trazo original de la urbe. Es decir, en vez de hacer caso del trazo original de las manzanas o calles, se ha optado en por agrupar estas manzanas, cerrando las calles interiores al tr\u00e1fico vehicular habitual y utiliz\u00e1ndolas para otro tipo de servicios y entretenimiento.<\/span><\/p>\n<p><span style=\"font-weight: 400;\">Una soluci\u00f3n distinta e innovadora para impulsar lo que tanto hace falta en nuestras ciudades, que es volver a disfrutar y apropiarse de las calles y avenidas para ser utilizadas como puntos de convivencia y no solo como rutas de tr\u00e1nsito.<\/span><\/p>\n<p><span style=\"font-weight: 400;\">De alguna manera, \u00e9ste fue uno los asuntos que m\u00e1s repercusi\u00f3n tuvo en el encuentro: la necesidad de recuperar para la gente las calles y quitarle al autom\u00f3vil la supremac\u00eda de todo cuanto planean y ejecutan los gobiernos.<\/span><\/p>\n<p><span style=\"font-weight: 400;\">La prioridad debe tenerla el peat\u00f3n, el ciudadano, y no los m\u00faltiples tipo de transporte que a\u00fan dominan en innumerables ciudades incluyendo la nuestra. De hecho, se ha insistido en el encuentro sobre la necesidad de abandonar ciertas tendencias como la construcci\u00f3n de zonas habitacionales a las afueras de los centros urbanos, precisamente porque lo \u00fanico que provocan son renovadas dificultades urbanas y el trazo de v\u00edas para m\u00e1s autom\u00f3viles y m\u00e1s contaminaci\u00f3n.<\/span><\/p>\n<p><span style=\"font-weight: 400;\">Llam\u00f3 la atenci\u00f3n adem\u00e1s el compromiso de estas urbes con los llamamientos sobre medio ambiente y las medidas para mitigar el cambio clim\u00e1tico. En este sentido, debe reconocerse que pocas entidades y gobiernos mexicanos est\u00e1n realizando acciones precisas en la materia y de esto tambi\u00e9n ha servido la presencia de estas autoridades, pues han recordado la relevancia de este asunto para la humanidad entera.<\/span><\/p>\n<p><script src=\"\/\/pagead2.googlesyndication.com\/pagead\/js\/adsbygoogle.js\" async=\"\"><\/script><!-- BANNER PEQUE\u00d1O PARA ENTRENOTAS EL ORIENTE --> <ins class=\"adsbygoogle\" style=\"display: inline-block; width: 468px; height: 60px;\" data-ad-client=\"ca-pub-1136171134853753\" data-ad-slot=\"4953536424\"><\/ins><script>\/\/ <![CDATA[\n(adsbygoogle = window.adsbygoogle || []).push({});\n\/\/ ]]><\/script><\/p>\n<p><span style=\"font-weight: 400;\">En tiempos como los que ahora estamos padeciendo en Oaxaca, con temperaturas alt\u00edsimas, se impone hacer caso y reflexionar cada vez con mayor frecuencia sobre esta problem\u00e1tica en la que ya estamos inmersos.<\/span><\/p>\n<p><span style=\"font-weight: 400;\">Adicionalmente, con la presencia de los encargados de la Universidad del CIDEU, las ciudades tambi\u00e9n han acordado continuar con la formaci\u00f3n de estrategas urbanos, especialistas en \u2018pensar la ciudad\u2019, cuesti\u00f3n que resulta muy necesaria, principalmente para urbes como la nuestra cuya complejidad es creciente debido a fen\u00f3menos como la migraci\u00f3n, la conurbaci\u00f3n con m\u00e1s de 21 municipios y el car\u00e1cter tur\u00edstico y cultural de la misma, cuyo centro hist\u00f3rico como sabemos es reconocido como patrimonio mundial.<\/span><\/p>\n<p><span style=\"font-weight: 400;\">Pero hubo un asunto que domin\u00f3 de alguna manera todas y cada una de las intervenciones, que es la necesidad de un cambio cultural.<\/span><\/p>\n<p><span style=\"font-weight: 400;\">Un cambio cultural hacia pensar nuestras ciudades desde una perspectiva mucho m\u00e1s humana, poniendo en el centro de nuestras preocupaciones a las personas, a las familias, y postergando la tendencia generalizada de preferir el tr\u00e1nsito de veh\u00edculos a la calidad de vida en la comunidad.<\/span><\/p>\n<p><span style=\"font-weight: 400;\">Impulsar un cambio cultural que nos permita forjar mejores ciudadanos, para lo cual se de una condici\u00f3n previa: creer que estos cambios son posibles y que por lo tanto vale la pena germinarlos.<\/span><\/p>\n<p><span style=\"font-weight: 400;\">Aqu\u00ed est\u00e1 quiz\u00e1 el primer cambio cultural del cambio cultural.<\/span><\/p>\n<p><span style=\"font-weight: 400;\">Asumir la posibilidad de los retos y las transformaciones de tal manera que aneguen de voluntad los corazones de la comunidad. Si continuamos creyendo que somos como somos y que las variaciones son poco m\u00e1s que imposibles, entonces este rasgo, esta creencia, har\u00e1 imposible cualquier progreso.<\/span><\/p>\n<p><span style=\"font-weight: 400;\">Por eso, la presencia aqu\u00ed de estos representantes, como tambi\u00e9n hace algunos d\u00edas la de una decena de embajadores durante el Festejo a Oaxaca y la de otros referentes internacionales, tiene una utilidad a\u00fan mayor para nuestra ciudad, que es la de recuperarla en el mapa de las ciudades como un lugar de debate positivo y donde se est\u00e1n gestando proyectos de cambio y renovaci\u00f3n humana.<\/span><\/p>\n<p><span style=\"font-weight: 400;\">Una ciudad donde acude el mundo a conversar, aprender y proponer.<\/span><\/p>\n<p><span style=\"font-weight: 400;\">Es fundamental para creer posible el cambio cultural que tengamos el acompa\u00f1amiento de experiencias mundiales y tambi\u00e9n lo es que dejemos de mirarnos el ombligo y mejor ponernos manos a la obra, ubicarnos de nuevo al ritmo de las naciones.<\/span><\/p>\n<p><a href=\"http:\/\/www.eloriente.net\/home\/wp-content\/uploads\/2017\/02\/RIQUEZA-CULTURAL-DE-OAXACA-DE-JU\u00c1REZ-1.jpg\" rel=\"attachment wp-att-47274\"><img loading=\"lazy\" decoding=\"async\" class=\"alignnone size-full wp-image-47274\" src=\"http:\/\/www.eloriente.net\/home\/wp-content\/uploads\/2017\/02\/RIQUEZA-CULTURAL-DE-OAXACA-DE-JU\u00c1REZ-1.jpg\" alt=\"RIQUEZA CULTURAL DE OAXACA DE JU\u00c1REZ (1)\" width=\"663\" height=\"442\" \/><\/a><\/p>\n<p><strong>OTRAS ENTRADAS<\/strong><\/p>\n<div class=\"featuredpost\">\n<div class=\"flow_hide\">\n<h2 class=\"posttitle bigposttitle\"><a title=\"Enlace Permanente a Servicios m\u00e9dicos y alimenticios a personas adultas mayores en Oaxaca de Ju\u00e1rez\" href=\"http:\/\/www.eloriente.net\/home\/2017\/05\/22\/servicios-medicos-alimenticios-personas-adultas-mayores-oaxaca-juarez\/\" rel=\"bookmark\">Servicios m\u00e9dicos y alimenticios a personas adultas mayores en Oaxaca de Ju\u00e1rez<\/a><\/h2>\n<\/div>\n<p>21 de mayo de 2017.-\u00a0Durante la\u00a0inauguraron la feria de los servicios del Sistema Municipal para el Desarrollo Integral de la Familia (DIF), el Presidente Municipal, Jos\u00e9 Antonio Hern\u00e1ndez\u2026<\/p>\n<p class=\"postmeta\"><span class=\"meta_date\">mayo 22, 2017<\/span><\/p>\n<div class=\"toolbar-social\"><\/div>\n<\/div>\n<div class=\"featuredpost\">\n<div class=\"flow_hide\">\n<p><a href=\"http:\/\/www.eloriente.net\/home\/2017\/05\/19\/proyecto-oaxaqueno-fillup-cube-primer-cubo-para-el-estres-personalizable\/\" rel=\"bookmark\"><img decoding=\"async\" class=\"alignleft\" title=\"Proyecto Oaxaque\u00f1o: FillUp Cube, el primer cubo para el estr\u00e9s personalizable\" src=\"http:\/\/www.eloriente.net\/home\/wp-content\/themes\/city-desk\/timthumb.php?src=http%3A%2F%2Fwww.eloriente.net%2Fhome%2Fwp-content%2Fuploads%2F2017%2F05%2F4f.jpg&amp;q=90&amp;w=70&amp;h=45&amp;zc=1\" alt=\"Proyecto Oaxaque\u00f1o: FillUp Cube, el primer cubo para el estr\u00e9s personalizable\" \/><\/a><\/p>\n<h2 class=\"posttitle \"><a title=\"Enlace Permanente a Proyecto Oaxaque\u00f1o: FillUp Cube, el primer cubo para el estr\u00e9s personalizable\" href=\"http:\/\/www.eloriente.net\/home\/2017\/05\/19\/proyecto-oaxaqueno-fillup-cube-primer-cubo-para-el-estres-personalizable\/\" rel=\"bookmark\">Proyecto Oaxaque\u00f1o: FillUp Cube, el primer cubo para el estr\u00e9s personalizable<\/a><\/h2>\n<\/div>\n<p>19 de mayo de 2017. Bajo la plataforma Kickstater que busca que todo proyecto debe crear algo nuevo que pueda ser compartido con los dem\u00e1s. Con\u00a0un claro objetivo,\u2026<\/p>\n<p class=\"postmeta\"><span class=\"meta_date\">mayo 19, 2017<\/span><\/p>\n<div class=\"toolbar-social\"><\/div>\n<\/div>\n<div class=\"featuredpost\">\n<div class=\"flow_hide\">\n<p><a href=\"http:\/\/www.eloriente.net\/home\/2017\/05\/18\/actividades-culturales-oaxaca-no-te-puedes-perder-del-18-al-24-mayo\/\" rel=\"bookmark\"><img decoding=\"async\" class=\"alignleft\" title=\"Actividades culturales en Oaxaca que no te puedes perder (del 18 al 24 de mayo)\" src=\"http:\/\/www.eloriente.net\/home\/wp-content\/themes\/city-desk\/timthumb.php?src=http%3A%2F%2Fwww.eloriente.net%2Fhome%2Fwp-content%2Fuploads%2F2017%2F05%2Fguitar-756326_1920.jpg&amp;q=90&amp;w=70&amp;h=45&amp;zc=1\" alt=\"Actividades culturales en Oaxaca que no te puedes perder (del 18 al 24 de mayo)\" \/><\/a><\/p>\n<h2 class=\"posttitle \"><a title=\"Enlace Permanente a Actividades culturales en Oaxaca que no te puedes perder (del 18 al 24 de mayo)\" href=\"http:\/\/www.eloriente.net\/home\/2017\/05\/18\/actividades-culturales-oaxaca-no-te-puedes-perder-del-18-al-24-mayo\/\" rel=\"bookmark\">Actividades culturales en Oaxaca que no te puedes perder (del 18 al 24 de mayo)<\/a><\/h2>\n<\/div>\n<p>www.eloriente.net, M\u00e9xico, a 18 de mayo de 2017. Por Jessica Lamadrid.-\u00a0Como todos los jueves ELORIENTE.NET te comparte una agenda cultural con actividades que puedes realizar durante la semana\u2026<\/p>\n<p class=\"postmeta\"><span class=\"meta_date\">mayo 18, 2017<\/span><\/p>\n<\/div>\n\n\t\t\t  <div \n\t\t\t  \tclass = \"fb-comments\" \n\t\t\t  \tdata-href = \"http:\/\/www.eloriente.net\/home\/2017\/05\/22\/la-cultura-oaxaca-mapa-internacional-juan-pablo-vasconcelos\/\"\n\t\t\t  \tdata-numposts = \"10\"\n\t\t\t\tdata-colorscheme = \"dark\"\n\t\t\t\tdata-order-by = \"social\"\n\t\t\t\tdata-mobile=true>\n\t\t\t  <\/div>\n\t\t  <style>\n\t\t\t.fb_iframe_widget_fluid_desktop iframe {\n\t\t\t    width: 100% !important;\n\t\t\t}\n\t\t  <\/style>\n\t\t  ","protected":false},"excerpt":{"rendered":"<p>&nbsp; eloriente.net 22 de mayo de 2017 Por Juan Pablo Vasconcelos @JPVmx &nbsp; \u201cRumbo a sus 500 a\u00f1os, la ciudad de Oaxaca de Ju\u00e1rez recibi\u00f3 alcaldes, t\u00e9cnicos y representantes de 15 pa\u00edses y m\u00e1s de 90 ciudades de M\u00e9xico y el mundo. La capital ha abierto un debate sobre movilidad y desarrollo urbano, pero lo [&hellip;]<\/p>\n","protected":false},"author":13,"featured_media":47274,"comment_status":"open","ping_status":"open","sticky":false,"template":"","format":"standard","meta":{"_jetpack_memberships_contains_paid_content":false,"footnotes":""},"categories":[11,18,32,63,54,464,19],"tags":[879,241,7229,1285,73,197,720,593],"class_list":["post-48396","post","type-post","status-publish","format-standard","has-post-thumbnail","hentry","category-colaboradores","category-educacion-y-cultura","category-entradas","category-estados","category-juan-pablo-vasconcelos","category-oaxaca-estados","category-turismo-y-negocios","tag-columna","tag-cultura","tag-es-la-cultura","tag-juan-pablo-vasconcelos-2","tag-oaxaca","tag-opinion","tag-transito","tag-vialidad"],"jetpack_featured_media_url":"http:\/\/www.eloriente.net\/home\/wp-content\/uploads\/2017\/02\/RIQUEZA-CULTURAL-DE-OAXACA-DE-JU\u00c1REZ-1-e1539612138838.jpg","jetpack_sharing_enabled":true,"_links":{"self":[{"href":"http:\/\/www.eloriente.net\/home\/wp-json\/wp\/v2\/posts\/48396"}],"collection":[{"href":"http:\/\/www.eloriente.net\/home\/wp-json\/wp\/v2\/posts"}],"about":[{"href":"http:\/\/www.eloriente.net\/home\/wp-json\/wp\/v2\/types\/post"}],"author":[{"embeddable":true,"href":"http:\/\/www.eloriente.net\/home\/wp-json\/wp\/v2\/users\/13"}],"replies":[{"embeddable":true,"href":"http:\/\/www.eloriente.net\/home\/wp-json\/wp\/v2\/comments?post=48396"}],"version-history":[{"count":1,"href":"http:\/\/www.eloriente.net\/home\/wp-json\/wp\/v2\/posts\/48396\/revisions"}],"predecessor-version":[{"id":48406,"href":"http:\/\/www.eloriente.net\/home\/wp-json\/wp\/v2\/posts\/48396\/revisions\/48406"}],"wp:featuredmedia":[{"embeddable":true,"href":"http:\/\/www.eloriente.net\/home\/wp-json\/wp\/v2\/media\/47274"}],"wp:attachment":[{"href":"http:\/\/www.eloriente.net\/home\/wp-json\/wp\/v2\/media?parent=48396"}],"wp:term":[{"taxonomy":"category","embeddable":true,"href":"http:\/\/www.eloriente.net\/home\/wp-json\/wp\/v2\/categories?post=48396"},{"taxonomy":"post_tag","embeddable":true,"href":"http:\/\/www.eloriente.net\/home\/wp-json\/wp\/v2\/tags?post=48396"}],"curies":[{"name":"wp","href":"https:\/\/api.w.org\/{rel}","templated":true}]}}