{"id":48417,"date":"2017-05-22T22:46:12","date_gmt":"2017-05-23T04:46:12","guid":{"rendered":"http:\/\/www.eloriente.net\/home\/?p=48417"},"modified":"2017-05-22T22:46:12","modified_gmt":"2017-05-23T04:46:12","slug":"se-hara-la-luz-comunidades-rurales-participa-oaxaca","status":"publish","type":"post","link":"http:\/\/www.eloriente.net\/home\/2017\/05\/22\/se-hara-la-luz-comunidades-rurales-participa-oaxaca\/","title":{"rendered":"Se har\u00e1 la luz para comunidades rurales; participa Oaxaca"},"content":{"rendered":"<p><script src=\"\/\/pagead2.googlesyndication.com\/pagead\/js\/adsbygoogle.js\" async=\"\"><\/script><!-- BANNER ELORIENTE INCRUSTADO NOTAS --> <ins class=\"adsbygoogle\" style=\"display: inline-block; width: 300px; height: 250px;\" data-ad-client=\"ca-pub-1136171134853753\" data-ad-slot=\"7974633627\"><\/ins><script>\/\/ <![CDATA[\n(adsbygoogle = window.adsbygoogle || []).push({});\n\/\/ ]]><\/script><br \/>\neloriente.net\/<a href=\"http:\/\/ES LA CULTURA: Oaxaca en el mapa internacional. Por Juan Pablo Vasconcelos   eloriente.net 22 de mayo de 2017 Por Juan Pablo Vasconcelos @JPVmx   \u201cRumbo a sus 500 a\u00f1os, la ciudad de Oaxaca de Ju\u00e1rez recibi\u00f3 alcaldes, t\u00e9cnicos y\u2026 mayo 22, 2017Sin ComentariosLeer Mas# Compartir Servicios m\u00e9dicos y alimenticios a personas adultas mayores en Oaxaca de Ju\u00e1rez Servicios m\u00e9dicos y alimenticios a personas adultas mayores en Oaxaca de Ju\u00e1rez 21 de mayo de 2017.- Durante la inauguraron la feria de los servicios del Sistema Municipal para el Desarrollo Integral de la Familia (DIF), el Presidente Municipal, Jos\u00e9 Antonio Hern\u00e1ndez\u2026 mayo 22, 2017\" target=\"_blank\">SENER<\/a><\/p>\n<p>22 de mayo de 2017<\/p>\n<ul>\n<li><strong>Se anunci\u00f3 la primera convocatoria del Fondo de Servicio Universal El\u00e9ctrico que se centrar\u00e1 en sistemas aislados, es decir, celdas solares fotovoltaicas por vivienda.<\/strong><\/li>\n<li><strong>El Fondo de Servicio Universal El\u00e9ctrico atender\u00e1 las necesidades de 180 mil mexicanos.<\/strong><\/li>\n<\/ul>\n<p>El <em>Fondo de Servicio Universal El\u00e9ctrico<\/em> es el rostro social de la Reforma Energ\u00e9tica, el cual permitir\u00e1 ampliar la electrificaci\u00f3n de comunidades rurales y zonas urbanas marginadas que a\u00fan no tienen acceso a este servicio b\u00e1sico y est\u00e1n alejadas de las redes existentes. De este modo, en su primera etapa, se atender\u00e1 las necesidades de iluminaci\u00f3n, comunicaci\u00f3n, conservaci\u00f3n de alimentos y actividades productivas con el auxilio de la electricidad de 180 mil mexicanos, asegur\u00f3 el Secretario de Energ\u00eda, Licenciado Pedro Joaqu\u00edn Coldwell.<\/p>\n<p>El Titular de la Secretar\u00eda de Energ\u00eda (SENER) explic\u00f3 que, para las localidades en donde sea t\u00e9cnica y econ\u00f3micamente factible, se extender\u00e1 la red de distribuci\u00f3n de la Comisi\u00f3n Federal de Electricidad (CFE). Por otro lado, dijo que las localidades en las que resulta inviable la extensi\u00f3n de la red, las acciones de electrificaci\u00f3n se realizar\u00e1n mediante el componente de Sistemas Aislados, que consiste en instalar sistemas individuales, fundamentalmente con la tecnolog\u00eda de paneles fotovoltaicos.<\/p>\n<p>En este sentido, Pedro Joaqu\u00edn Coldwell se\u00f1al\u00f3 que la primera convocatoria para Sistemas Aislados impactar\u00e1 898 localidades en 11 estados de la Rep\u00fablica y se destinar\u00e1n 438 millones de pesos para instalar m\u00e1s de 10 mil sistemas en beneficio de 45 mil mexicanos que viven en situaci\u00f3n de pobreza energ\u00e9tica. \u201cLas nuevas tecnolog\u00edas y la apertura en el sector el\u00e9ctrico permite llevar la luz a las comunidades m\u00e1s apartadas\u201d, agreg\u00f3.<\/p>\n<p>&nbsp;<br \/>\n<script src=\"\/\/pagead2.googlesyndication.com\/pagead\/js\/adsbygoogle.js\" async=\"\"><\/script><br \/>\n <!-- BANNER PEQUE\u00d1O PARA ENTRENOTAS EL ORIENTE --><br \/>\n <ins class=\"adsbygoogle\" style=\"display: inline-block; width: 468px; height: 60px;\" data-ad-client=\"ca-pub-1136171134853753\" data-ad-slot=\"4953536424\"><\/ins><br \/>\n<script>\/\/ <![CDATA[\n(adsbygoogle = window.adsbygoogle || []).push({});\n\/\/ ]]><\/script><br \/>\n&nbsp;<\/p>\n<p>Por su parte, el Director General de la CFE, Jaime Hern\u00e1ndez Martinez, detall\u00f3 que la Empresa Productiva del Estado contempla dos esquemas de electrificaci\u00f3n, el primero es convencional, que se concentra en expandir las redes de distribuci\u00f3n a fin de llevar electricidad a comunidades que no cuentan con ella. \u201cActualmente se est\u00e1n ejecutando m\u00e1s de mil obras en 790 localidades con una inversi\u00f3n cercana a los 570 millones de pesos y beneficio directo para m\u00e1s de 134 mil mexicanos\u201d.<\/p>\n<p>Jaime Hern\u00e1ndez a\u00f1adi\u00f3 que el segundo esquema que promueve el Fondo es la electrificaci\u00f3n no convencional a trav\u00e9s de paneles solares, los cuales representan una gran opci\u00f3n en t\u00e9rminos econ\u00f3micos para suministrar energ\u00eda el\u00e9ctrica a peque\u00f1a escala y al mismo tiempo contribuyen al cuidado del medio ambiente, ya que evitan la producci\u00f3n de emisiones contaminantes.<\/p>\n<p>En su oportunidad, el Subsecretario de Electricidad de la SENER, C\u00e9sar Emiliano Hernandez Ochoa, explic\u00f3 que los Sistemas Aislados son un esquema sostenible donde se capacitar\u00e1 a las comunidades sobre c\u00f3mo mantenerlos, darles servicio y se garantice que las bater\u00edas sigan funcionando a lo largo de la vida \u00fatil de los paneles. \u201cLos recursos de este Fondo no depender\u00e1n solamente de las finanzas de la CFE, sino de todos los participantes del Mercado El\u00e9ctrico Mayorista (MEM)\u201d.<\/p>\n<p>El Director General del Centro Nacional de Control de Energ\u00eda (CENACE), Ingeniero Eduardo Meraz Ateca, coment\u00f3 que MEM, en 2016 administr\u00f3 el cobro y pago de poco m\u00e1s de 408 mil millones de pesos, del cual el Fondo del Servicio Universal El\u00e9ctrico represent\u00f3 el 1.2 por ciento. Asimismo, expres\u00f3 que el proceso de liquidaciones al igual que cualquier otro que maneja recursos econ\u00f3micos, requiere de un estricto c\u00e1lculo y control, adem\u00e1s de una precisa administraci\u00f3n, forma en que lleva el CENACE el MEM desde el a\u00f1o pasado.<\/p>\n<p>El Fideicomiso para el Ahorro de Energ\u00eda El\u00e9ctrica (FIDE) actuar\u00e1 como Organismo Intermedio, que de acuerdo con el modelo aprobado, es el responsable de la administraci\u00f3n de los correspondientes procesos licitatorios, as\u00ed como del seguimiento, hasta su conclusi\u00f3n, de las obras de los organismos ejecutores ganadores de dichos procesos y del manejo de los recursos correspondientes para el pago de los trabajos realizados, a\u00f1adi\u00f3 su Titular\u00a0 Ra\u00fal Tal\u00e1n Ram\u00edrez.<\/p>\n<p>Finalmente, el Director General de FIDE precis\u00f3 que respecto a la administraci\u00f3n de los recursos asignados a estos procesos licitatorios, el FIDE, como organismo intermedio, vigilar\u00e1 que se lleven a cabo en estricto cumplimiento a la normatividad en vigor, con absoluta transparencia y con una adecuada supervisi\u00f3n t\u00e9cnica para garantizar la entrega de las instalaciones en las condiciones pactadas.<\/p>\n<p>En la presentaci\u00f3n de la primera convocatoria del Fondo de Servicio Universal El\u00e9ctrico tambi\u00e9n particip\u00f3 la (SUB) Secretaria de Finanzas del Estado de Oaxaca, Licenciada Reina Amada Vel\u00e1zquez Montes.<\/p>\n<p><a href=\"http:\/\/www.eloriente.net\/home\/wp-content\/uploads\/2017\/05\/sener-mayo-2017.jpg\" rel=\"attachment wp-att-48418\"><img loading=\"lazy\" decoding=\"async\" class=\"alignnone  wp-image-48418\" src=\"http:\/\/www.eloriente.net\/home\/wp-content\/uploads\/2017\/05\/sener-mayo-2017-1024x641.jpg\" alt=\"sener mayo 2017\" width=\"500\" height=\"313\" srcset=\"http:\/\/www.eloriente.net\/home\/wp-content\/uploads\/2017\/05\/sener-mayo-2017-1024x641.jpg 1024w, http:\/\/www.eloriente.net\/home\/wp-content\/uploads\/2017\/05\/sener-mayo-2017-300x188.jpg 300w, http:\/\/www.eloriente.net\/home\/wp-content\/uploads\/2017\/05\/sener-mayo-2017-768x481.jpg 768w\" sizes=\"(max-width: 500px) 100vw, 500px\" \/><\/a><\/p>\n<p><strong>OTRAS ENTRADAS:<\/strong><\/p>\n<div class=\"featuredpost\">\n<div class=\"flow_hide\">\n<h2 class=\"posttitle bigposttitle\"><a title=\"Enlace Permanente a ES LA CULTURA: Oaxaca en el mapa internacional. Por Juan Pablo Vasconcelos\" href=\"http:\/\/www.eloriente.net\/home\/2017\/05\/22\/la-cultura-oaxaca-mapa-internacional-juan-pablo-vasconcelos\/\" rel=\"bookmark\">ES LA CULTURA: Oaxaca en el mapa internacional. Por Juan Pablo Vasconcelos<\/a><\/h2>\n<\/div>\n<p>eloriente.net 22 de mayo de 2017 Por Juan Pablo Vasconcelos @JPVmx \u00a0 \u201cRumbo a sus 500 a\u00f1os, la ciudad de Oaxaca de Ju\u00e1rez recibi\u00f3 alcaldes, t\u00e9cnicos y\u2026<\/p>\n<p class=\"postmeta\"><span class=\"meta_date\">mayo 22, 2017<\/span><\/p>\n<div class=\"toolbar-social\">\n<div class=\"social-widget\">\n<div id=\"sharing-widget\"><a class=\"button icon-share\">Compartir<\/a><\/div>\n<\/div>\n<\/div>\n<\/div>\n<div class=\"featuredpost\">\n<div class=\"flow_hide\"><a href=\"http:\/\/www.eloriente.net\/home\/2017\/05\/22\/servicios-medicos-alimenticios-personas-adultas-mayores-oaxaca-juarez\/\" rel=\"bookmark\"><img decoding=\"async\" class=\"alignleft\" title=\"Servicios m\u00e9dicos y alimenticios a personas adultas mayores en Oaxaca de Ju\u00e1rez\" src=\"http:\/\/www.eloriente.net\/home\/wp-content\/themes\/city-desk\/timthumb.php?src=http%3A%2F%2Fwww.eloriente.net%2Fhome%2Fwp-content%2Fuploads%2F2017%2F05%2FServicios-m%C3%A9dicos-y-alimenticios-2.jpg&amp;q=90&amp;w=70&amp;h=45&amp;zc=1\" alt=\"Servicios m\u00e9dicos y alimenticios a personas adultas mayores en Oaxaca de Ju\u00e1rez\" \/><\/a><\/p>\n<h2 class=\"posttitle \"><a title=\"Enlace Permanente a Servicios m\u00e9dicos y alimenticios a personas adultas mayores en Oaxaca de Ju\u00e1rez\" href=\"http:\/\/www.eloriente.net\/home\/2017\/05\/22\/servicios-medicos-alimenticios-personas-adultas-mayores-oaxaca-juarez\/\" rel=\"bookmark\">Servicios m\u00e9dicos y alimenticios a personas adultas mayores en Oaxaca de Ju\u00e1rez<\/a><\/h2>\n<\/div>\n<p>21 de mayo de 2017.-\u00a0Durante la\u00a0inauguraron la feria de los servicios del Sistema Municipal para el Desarrollo Integral de la Familia (DIF), el Presidente Municipal, Jos\u00e9 Antonio Hern\u00e1ndez\u2026<\/p>\n<p class=\"postmeta\"><span class=\"meta_date\">mayo 22, 2017<\/span><\/p>\n<\/div>\n\n\t\t\t  <div \n\t\t\t  \tclass = \"fb-comments\" \n\t\t\t  \tdata-href = \"http:\/\/www.eloriente.net\/home\/2017\/05\/22\/se-hara-la-luz-comunidades-rurales-participa-oaxaca\/\"\n\t\t\t  \tdata-numposts = \"10\"\n\t\t\t\tdata-colorscheme = \"dark\"\n\t\t\t\tdata-order-by = \"social\"\n\t\t\t\tdata-mobile=true>\n\t\t\t  <\/div>\n\t\t  <style>\n\t\t\t.fb_iframe_widget_fluid_desktop iframe {\n\t\t\t    width: 100% !important;\n\t\t\t}\n\t\t  <\/style>\n\t\t  ","protected":false},"excerpt":{"rendered":"<p>eloriente.net\/SENER 22 de mayo de 2017 Se anunci\u00f3 la primera convocatoria del Fondo de Servicio Universal El\u00e9ctrico que se centrar\u00e1 en sistemas aislados, es decir, celdas solares fotovoltaicas por vivienda. El Fondo de Servicio Universal El\u00e9ctrico atender\u00e1 las necesidades de 180 mil mexicanos. El Fondo de Servicio Universal El\u00e9ctrico es el rostro social de la [&hellip;]<\/p>\n","protected":false},"author":1,"featured_media":48418,"comment_status":"open","ping_status":"open","sticky":false,"template":"","format":"standard","meta":{"_jetpack_memberships_contains_paid_content":false,"footnotes":""},"categories":[2435,1588,49,32,63,20,24,464,21,31,19],"tags":[7834,7832,7835,7833],"class_list":["post-48417","post","type-post","status-publish","format-standard","has-post-thumbnail","hentry","category-miercolesdeeconomia","category-comunicados-y-boletines","category-destacadas","category-entradas","category-estados","category-medio-ambiente","category-mexico-y-el-mundo","category-oaxaca-estados","category-politica-y-gobierno","category-principal","category-turismo-y-negocios","tag-energia-en-mexico","tag-fide-sener","tag-fondo-de-servicio-universal-electrico","tag-luz-en-comunidades-rurales"],"jetpack_featured_media_url":"http:\/\/www.eloriente.net\/home\/wp-content\/uploads\/2017\/05\/sener-mayo-2017.jpg","jetpack_sharing_enabled":true,"_links":{"self":[{"href":"http:\/\/www.eloriente.net\/home\/wp-json\/wp\/v2\/posts\/48417"}],"collection":[{"href":"http:\/\/www.eloriente.net\/home\/wp-json\/wp\/v2\/posts"}],"about":[{"href":"http:\/\/www.eloriente.net\/home\/wp-json\/wp\/v2\/types\/post"}],"author":[{"embeddable":true,"href":"http:\/\/www.eloriente.net\/home\/wp-json\/wp\/v2\/users\/1"}],"replies":[{"embeddable":true,"href":"http:\/\/www.eloriente.net\/home\/wp-json\/wp\/v2\/comments?post=48417"}],"version-history":[{"count":1,"href":"http:\/\/www.eloriente.net\/home\/wp-json\/wp\/v2\/posts\/48417\/revisions"}],"predecessor-version":[{"id":48419,"href":"http:\/\/www.eloriente.net\/home\/wp-json\/wp\/v2\/posts\/48417\/revisions\/48419"}],"wp:featuredmedia":[{"embeddable":true,"href":"http:\/\/www.eloriente.net\/home\/wp-json\/wp\/v2\/media\/48418"}],"wp:attachment":[{"href":"http:\/\/www.eloriente.net\/home\/wp-json\/wp\/v2\/media?parent=48417"}],"wp:term":[{"taxonomy":"category","embeddable":true,"href":"http:\/\/www.eloriente.net\/home\/wp-json\/wp\/v2\/categories?post=48417"},{"taxonomy":"post_tag","embeddable":true,"href":"http:\/\/www.eloriente.net\/home\/wp-json\/wp\/v2\/tags?post=48417"}],"curies":[{"name":"wp","href":"https:\/\/api.w.org\/{rel}","templated":true}]}}