{"id":48499,"date":"2017-05-17T10:29:51","date_gmt":"2017-05-17T16:29:51","guid":{"rendered":"http:\/\/www.eloriente.net\/home\/?p=48499"},"modified":"2017-05-31T10:36:30","modified_gmt":"2017-05-31T16:36:30","slug":"camara-diputados-condena-unanime-actos-violencia-oaxaca","status":"publish","type":"post","link":"http:\/\/www.eloriente.net\/home\/2017\/05\/17\/camara-diputados-condena-unanime-actos-violencia-oaxaca\/","title":{"rendered":"C\u00e1mara de Diputados condena un\u00e1nime actos de violencia en Oaxaca"},"content":{"rendered":"<p><script src=\"\/\/pagead2.googlesyndication.com\/pagead\/js\/adsbygoogle.js\" async=\"\"><\/script><!-- BANNER ELORIENTE INCRUSTADO NOTAS --> <ins class=\"adsbygoogle\" style=\"display: inline-block; width: 300px; height: 250px;\" data-ad-client=\"ca-pub-1136171134853753\" data-ad-slot=\"7974633627\"><\/ins><script>\/\/ <![CDATA[\n(adsbygoogle = window.adsbygoogle || []).push({});\n\/\/ ]]><\/script><br \/>\n<strong>C\u00e1mara de Diputados condena un\u00e1nime actos de violencia en Oaxaca<\/strong><\/p>\n<p><strong> 16 de mayo de 2017.-<\/strong> Integrantes de la Diputaci\u00f3n Permanente condenaron los actos de violencia suscitados este lunes en la capital oaxaque\u00f1a, protagonizados por miembros de la Confederaci\u00f3n de Trabajadores de M\u00e9xico (CTM) y el Sindicato Libertad, ante la disputa de una obra, as\u00ed como el enfrentamiento entre dos comunidades de la Sierra Sur.<\/p>\n<p>Este lunes 15 de mayo, trabajadores de la CTM y el sindicato Libertad, sostuvieron un enfrentamiento en el crucero del Monumento a la Madre, ante la disputa de una obra en la zona, misma que arroj\u00f3 una persona muerta, un lesionado por arma de fuego, tres taxis quemados, dos unidades de motor da\u00f1adas y calle bloqueadas.<\/p>\n<p>En Sesi\u00f3n Ordinaria, la legisladora Mar\u00eda de Jes\u00fas Melgar, a nombre de los integrantes de la Diputaci\u00f3n Permanente, hizo un llamado a las instancias de seguridad y procuraci\u00f3n de Justicia para investigar los hechos y garantizar el orden p\u00fablico en la entidad.<\/p>\n<p>Las autoridades en el \u00e1mbito de seguridad y de procuraci\u00f3n de justicia, tienen un enorme reto en sus \u00e1reas de competencia, el reci\u00e9n designado fiscal General del Estado de Oaxaca, Rub\u00e9n Vasconcelos M\u00e9ndez, tiene el reto y responsabilidad de hacer efectivo su discurso y \u201cno pasar a ser uno m\u00e1s en la lista\u201d, manifest\u00f3 la legisladora.<\/p>\n<p>La diputada de Morena refiri\u00f3 adem\u00e1s que en d\u00edas pasados, un conflicto agrario entre las comunidades de Villa Sola de Vega y San Vicente Coatl\u00e1n, pertenecientes al Distrito XXI, cobr\u00f3 v\u00edctimas.<\/p>\n<p>A pesar de que este asunto se ha abordado en diversas mesas de trabajo en la Secretar\u00eda General de Gobierno; la Junta de Conciliaci\u00f3n Agraria y en los Tribunales Agrarios, donde ya hubo una resoluci\u00f3n para la soluci\u00f3n del conflicto, la violencia contin\u00faa, se\u00f1al\u00f3.<\/p>\n<p>\u201cEso no significa que pol\u00edticamente no existe un conflicto agrario, entre ambos pueblos, sin embargo se siguen dando hechos de violencia de manera reiterada, el resultado es dos personas fallecidas\u201d.<\/p>\n<p>En su oportunidad, la diputada del Partido de la Revoluci\u00f3n Democr\u00e1tica (PRD), Silvia Flores Pe\u00f1a, a nombre de su Fracci\u00f3n, conden\u00f3 los disturbios y actos vand\u00e1licos acontecidos, hechos que -dijo- da\u00f1an en gran medida el tejido social.<\/p>\n<p>La legisladora dijo que la tranquilidad de la ciudadan\u00eda se vio nuevamente alterada ante la apat\u00eda e indolencia de quienes deben velar por el orden y la paz en nuestra entidad.<\/p>\n<p>\u201cLos actos violentos suscitados son muestra de la crisis de ingobernabilidad que se vive en Oaxaca y que provoca que la sociedad viva en constante conflicto, por ello las y los diputados del PRD hacemos un llamado al titular del Poder Ejecutivo para que las \u00e1reas a su cargo se pongan a trabajar y entreguen resultados. Solicitamos al gobernador se investigue y sancione a los culpables. Oaxaca necesita orden para salir adelante\u201d, asever\u00f3.<\/p>\n\n\t\t\t  <div \n\t\t\t  \tclass = \"fb-comments\" \n\t\t\t  \tdata-href = \"http:\/\/www.eloriente.net\/home\/2017\/05\/17\/camara-diputados-condena-unanime-actos-violencia-oaxaca\/\"\n\t\t\t  \tdata-numposts = \"10\"\n\t\t\t\tdata-colorscheme = \"dark\"\n\t\t\t\tdata-order-by = \"social\"\n\t\t\t\tdata-mobile=true>\n\t\t\t  <\/div>\n\t\t  <style>\n\t\t\t.fb_iframe_widget_fluid_desktop iframe {\n\t\t\t    width: 100% !important;\n\t\t\t}\n\t\t  <\/style>\n\t\t  ","protected":false},"excerpt":{"rendered":"<p>C\u00e1mara de Diputados condena un\u00e1nime actos de violencia en Oaxaca 16 de mayo de 2017.- Integrantes de la Diputaci\u00f3n Permanente condenaron los actos de violencia suscitados este lunes en la capital oaxaque\u00f1a, protagonizados por miembros de la Confederaci\u00f3n de Trabajadores de M\u00e9xico (CTM) y el Sindicato Libertad, ante la disputa de una obra, as\u00ed como [&hellip;]<\/p>\n","protected":false},"author":1,"featured_media":48503,"comment_status":"open","ping_status":"open","sticky":false,"template":"","format":"standard","meta":{"_jetpack_memberships_contains_paid_content":false,"footnotes":""},"categories":[91],"tags":[7677,7853,7854],"class_list":["post-48499","post","type-post","status-publish","format-standard","has-post-thumbnail","hentry","category-congreso-y-justicia","tag-congreso-63","tag-ctm","tag-sindicato-libertad"],"jetpack_featured_media_url":"http:\/\/www.eloriente.net\/home\/wp-content\/uploads\/2017\/05\/Sesi\u00f3n-de-la-Diputaci\u00f3n-Permanente-16-de-mayo-01.jpg","jetpack_sharing_enabled":true,"_links":{"self":[{"href":"http:\/\/www.eloriente.net\/home\/wp-json\/wp\/v2\/posts\/48499"}],"collection":[{"href":"http:\/\/www.eloriente.net\/home\/wp-json\/wp\/v2\/posts"}],"about":[{"href":"http:\/\/www.eloriente.net\/home\/wp-json\/wp\/v2\/types\/post"}],"author":[{"embeddable":true,"href":"http:\/\/www.eloriente.net\/home\/wp-json\/wp\/v2\/users\/1"}],"replies":[{"embeddable":true,"href":"http:\/\/www.eloriente.net\/home\/wp-json\/wp\/v2\/comments?post=48499"}],"version-history":[{"count":1,"href":"http:\/\/www.eloriente.net\/home\/wp-json\/wp\/v2\/posts\/48499\/revisions"}],"predecessor-version":[{"id":48502,"href":"http:\/\/www.eloriente.net\/home\/wp-json\/wp\/v2\/posts\/48499\/revisions\/48502"}],"wp:featuredmedia":[{"embeddable":true,"href":"http:\/\/www.eloriente.net\/home\/wp-json\/wp\/v2\/media\/48503"}],"wp:attachment":[{"href":"http:\/\/www.eloriente.net\/home\/wp-json\/wp\/v2\/media?parent=48499"}],"wp:term":[{"taxonomy":"category","embeddable":true,"href":"http:\/\/www.eloriente.net\/home\/wp-json\/wp\/v2\/categories?post=48499"},{"taxonomy":"post_tag","embeddable":true,"href":"http:\/\/www.eloriente.net\/home\/wp-json\/wp\/v2\/tags?post=48499"}],"curies":[{"name":"wp","href":"https:\/\/api.w.org\/{rel}","templated":true}]}}