{"id":48589,"date":"2017-06-05T16:49:29","date_gmt":"2017-06-05T22:49:29","guid":{"rendered":"http:\/\/www.eloriente.net\/home\/?p=48589"},"modified":"2024-02-05T14:12:06","modified_gmt":"2024-02-05T20:12:06","slug":"la-cultura-vivir-sobrevivir-juan-pablo-vasconcelos","status":"publish","type":"post","link":"http:\/\/www.eloriente.net\/home\/2017\/06\/05\/la-cultura-vivir-sobrevivir-juan-pablo-vasconcelos\/","title":{"rendered":"ES LA CULTURA: Vivir o sobrevivir. Por Juan Pablo Vasconcelos"},"content":{"rendered":"<p><script src=\"\/\/pagead2.googlesyndication.com\/pagead\/js\/adsbygoogle.js\" async=\"\"><\/script><!-- BANNER ELORIENTE INCRUSTADO NOTAS --> <ins class=\"adsbygoogle\" style=\"display: inline-block; width: 300px; height: 250px;\" data-ad-client=\"ca-pub-1136171134853753\" data-ad-slot=\"7974633627\"><\/ins><script>\/\/ <![CDATA[ (adsbygoogle = window.adsbygoogle || []).push({}); \/\/ ]]><\/script><\/p>\n<p>&nbsp;<\/p>\n<p>eloriente.net<\/p>\n<p>5 de junio de 2017<\/p>\n<p>Por Juan Pablo Vasconcelos<\/p>\n<p><a href=\"https:\/\/twitter.com\/JPVmx\" target=\"_blank\" rel=\"noopener\">@JPVmx<\/a><\/p>\n<p>&nbsp;<\/p>\n<p><i><span style=\"font-weight: 400;\">Abrir espacios culturales es una manera de ratificar la confianza en el ser humano y en la vida.<\/span><\/i><\/p>\n<p>&nbsp;<\/p>\n<p><span style=\"font-weight: 400;\">A veces dan ganas de darse por vencido. Quien no ha sentido ese aire de flaqueza, no puede decir que ha intentado superar alg\u00fan desaf\u00edo. Con el solo hecho de intentar, nace al mismo tiempo la posibilidad de fracasar. Como con la vida, la muerte. Como con el d\u00eda, el oscuro desenlace.<\/span><\/p>\n<p><span style=\"font-weight: 400;\">Hay una diferencia, sin embargo, con los desaf\u00edos vitales: nunca concluyen definitivamente. \u00bfQui\u00e9n puede decir que hoy es feliz y entonces lo ser\u00e1 para siempre? Solamente en las historias fant\u00e1sticas esas sentencias son f\u00f3rmula y se repiten irreflexivas e imposibles.<\/span><\/p>\n<p><span style=\"font-weight: 400;\">En efecto, nada que tenga relaci\u00f3n con nuestra historia personal tiene conclusi\u00f3n. Vivimos en un continuo ir y venir, en una marea. Una marea favorable a veces, por unos d\u00edas o a\u00f1os, y luego atormentada, crispada, ilegible.<\/span><\/p>\n<p><span style=\"font-weight: 400;\">Ilegible. Un amigo me dijo hace d\u00edas que no pod\u00eda entender su reciente racha de malas noticias. Una tras otra, no pasaba la ola m\u00e1s rugiente cuando ya ven\u00eda la siguiente irgui\u00e9ndose en el horizonte. Conversamos. Sentimos que es imposible controlar el mar, sino \u00fanicamente aprender a navegarlo. Uno va intentando capotear las olas, aprendiendo a flotar sin cansarse, a nadar sin enfrentar, a respirar cuando es prudente.<\/span><\/p>\n<p><span style=\"font-weight: 400;\">Pero el mar es demasiado para dominarlo en una vida tan corta.<\/span><\/p>\n<p><span style=\"font-weight: 400;\">Sin embargo, la idea de s\u00f3lo vivir para enfrentar tampoco es gozosa. La vida pasa mientras nosotros, ensimismados y obcecados, tratamos de sobrevivir. \u00bfVivir o sobrevivir? Puede ser \u00e9sta una de las preguntas a responder la ma\u00f1ana del lunes. O cualquier d\u00eda. Es mejor entonces formularla en primera persona: \u00bfvivo o sobrevivo?<\/span><\/p>\n<p>&nbsp;<\/p>\n<p><span style=\"font-weight: 400;\">Ya habr\u00e1s notado que la pregunta esconde una opci\u00f3n falsa. Ambos asuntos no son equivalentes. Pero enfatizar la idea de que solo hay una opci\u00f3n resulta necesario. Solo hay una opci\u00f3n verdadera en esa cuesti\u00f3n: vivir. La otra o todas las dem\u00e1s son una forma de morir. La verdadera pregunta, simple y l\u00f3gica, ya la conoc\u00edas: \u00bfvivir o morir?<\/span><\/p>\n<p><span style=\"font-weight: 400;\">Por eso resulta tan importante hablar y reconocer la debilidad, la fragilidad. Somos seres absolutamente endebles. Seres peque\u00f1\u00edsimos en el universo y en el tiempo. Prescindibles. Sabedores de nuestras limitaciones biol\u00f3gicas. M\u00e1s d\u00e9biles que el tigre y a\u00fan menos letales que el alacr\u00e1n. Solo nos mantiene en pie nuestra ilusi\u00f3n.<\/span><\/p>\n<p><span style=\"font-weight: 400;\">Practicamos una ilusi\u00f3n. Somos personajes de una historia que transcurre en nuestra mente y se entrelaza con muchas otras historias y mentes en la tierra. En ella, el car\u00e1cter y las determinaciones nos fortalecen. La fuerza psicol\u00f3gica \u2014por no aludir a la espiritual\u2014, nos ha mantenido en pie durante milenios. Lo hizo entonces y lo hace ahora.<\/span><\/p>\n<p><span style=\"font-weight: 400;\">Ninguna fortaleza es mayor que esa que habita en dos o tres cent\u00edmetros cuadrados, entre ojos y nuca.<\/span><\/p>\n<p><span style=\"font-weight: 400;\">As\u00ed, responder la pregunta es relevante: vivir o morir. Porque seg\u00fan la opci\u00f3n resuelta uno pasa el resto de sus d\u00edas. Tomando el tim\u00f3n o dej\u00e1ndolo a la deriva; sintiendo la espuma sobre la piel o desprendiendo su brillo como agua mala; acostumbr\u00e1ndose a la sal, incluso tom\u00e1ndole cierto gusto, o detestando su odioso golpe de sabor.<\/span><\/p>\n<p><span style=\"font-weight: 400;\">Entonces lo \u00fanico que nos auxilia para responder si continuamos o nos rendimos, es esa misma fortaleza. Ning\u00fan mar amainar\u00e1. Ninguna circunstancia podr\u00e1 transformarse de pronto en el contexto ideal para ninguna cosa. Ninguna persona tendr\u00e1 la respuesta o el consejo infalible.<\/span><\/p>\n<p><span style=\"font-weight: 400;\">La palabra ninguna se ha repetido. Es enfatizar en que solo hay un alguien en esta historia y eres t\u00fa.<\/span><\/p>\n<p><script src=\"\/\/pagead2.googlesyndication.com\/pagead\/js\/adsbygoogle.js\" async=\"\"><\/script><!-- BANNER PEQUE\u00d1O PARA ENTRENOTAS EL ORIENTE --> <ins class=\"adsbygoogle\" style=\"display: inline-block; width: 468px; height: 60px;\" data-ad-client=\"ca-pub-1136171134853753\" data-ad-slot=\"4953536424\"><\/ins><script>\/\/ <![CDATA[ (adsbygoogle = window.adsbygoogle || []).push({}); \/\/ ]]><\/script><\/p>\n<p><span style=\"font-weight: 400;\">En esto pensaba el pasado 30 de mayo, cuando Yolanda D\u00e1vila y su equipo me invitaron generosamente a cortar el list\u00f3n inaugural del que denominan \u201cel primer Museo Boutique de Oaxaca\u201d, en la calle Porfirio D\u00edaz 108 en el centro de la ciudad. Se denomina Aroch, como la asociaci\u00f3n civil que lo sustenta.<\/span><\/p>\n<p><span style=\"font-weight: 400;\">Ellos han decidido abrir un museo.<\/span><\/p>\n<p><span style=\"font-weight: 400;\">Pudieron hacer otro proyecto. Con la capacidad de Yolanda y de su equipo, entre quienes se cuentan gestores culturales, expertos jur\u00eddicos y j\u00f3venes talentosos, las opciones son vastas. Pero decidieron abrir un museo.<\/span><\/p>\n<p><span style=\"font-weight: 400;\">Confirman que la respuesta \u00f3ptima, personal y colectiva \u2014a\u00fan a pesar de las circunstancias econ\u00f3micas o sociales\u2014, siempre es vivir.<\/span><\/p>\n<p><span style=\"font-weight: 400;\">Contrario a lo afirmado por muchos, un museo es una expresi\u00f3n de la vida. Pretende lanzar una red entre las mentes de ayer, hoy y ma\u00f1ana, entre el significado de las cosas. En el mar de sinsentidos o malos entendidos que padecemos en muchos campos, apostar por el significado siempre ser\u00e1 un motivo para agradecer.<\/span><\/p>\n<p><span style=\"font-weight: 400;\">Lo anterior con un valor adicional: no intentan \u2014al menos eso creo\u2014, erigirse como censores o grupos de presi\u00f3n.<\/span><\/p>\n<p><span style=\"font-weight: 400;\">Es decir, no disfrazan de proyecto cultural otras intenciones. El punto es central. Porque en un pa\u00eds donde se exige transparencia al pr\u00f3jimo, tambi\u00e9n deben terminarse las m\u00e1scaras: el artista que hace pol\u00edtica es un pol\u00edtico. Y no es malo, negativo, oprobioso. No \u00a0reconocerlo es lo enga\u00f1oso.<\/span><\/p>\n<p>&nbsp;<\/p>\n<p><span style=\"font-weight: 400;\">Sin embargo, comenc\u00e9 escribiendo sobre los desaf\u00edos y las adversidades y la flaqueza. Y creo que es imposible no hacerlo siendo testigos de la puesta en marcha de un museo. Porque a\u00fan estos espacios deben sortear innumerables dificultades para hacerse realidad.<\/span><\/p>\n<p><span style=\"font-weight: 400;\">Oaxaca, el pa\u00eds entero, necesita repensar en la pr\u00e1ctica las condiciones y exigencias para la puesta en marcha de museos, centros culturales y, en general, de proyectos culturales.<\/span><\/p>\n<p><span style=\"font-weight: 400;\">Sigamos conversando de esto las siguientes semanas. Es obligaci\u00f3n pero tambi\u00e9n es deber.<\/span><\/p>\n<p><a href=\"http:\/\/www.eloriente.net\/home\/wp-content\/uploads\/2017\/06\/2389614746_c6d5011d2b_b.jpg\" rel=\"attachment wp-att-48590\"><img loading=\"lazy\" decoding=\"async\" class=\"alignnone size-full wp-image-48590\" src=\"http:\/\/www.eloriente.net\/home\/wp-content\/uploads\/2017\/06\/2389614746_c6d5011d2b_b.jpg\" alt=\"vivir o sobrevivir\" width=\"512\" height=\"340\" srcset=\"http:\/\/www.eloriente.net\/home\/wp-content\/uploads\/2017\/06\/2389614746_c6d5011d2b_b-300x200.jpg 300w, http:\/\/www.eloriente.net\/home\/wp-content\/uploads\/2017\/06\/2389614746_c6d5011d2b_b-768x512.jpg 768w\" sizes=\"(max-width: 512px) 100vw, 512px\" \/><\/a><\/p>\n<p><strong>OTRAS ENTRADAS<\/strong><\/p>\n<div class=\"featuredpost\">\n<div class=\"flow_hide\">\n<h2 class=\"posttitle bigposttitle\"><a title=\"Enlace Permanente a OAXACA: Viernes 2 sin clase; protocolos de protecci\u00f3n se activan\" href=\"http:\/\/www.eloriente.net\/home\/2017\/06\/01\/oaxaca-viernes-2-sin-clase-protocolos-proteccion-se-activan\/\" rel=\"bookmark\">OAXACA: Viernes 2 sin clase; protocolos de protecci\u00f3n se activan<\/a><\/h2>\n<\/div>\n<p>eloriente.net, M\u00e9xico, 1 de junio de 2017.- Este viernes 2 de junio se suspender\u00e1n las clases en todas las escuelas del estado de Oaxaca, debido a las intensas\u2026<\/p>\n<p class=\"postmeta\"><span class=\"meta_date\">junio 1, 2017<\/span><\/p>\n<div class=\"toolbar-social\"><\/div>\n<\/div>\n<div class=\"featuredpost\">\n<div class=\"flow_hide\">\n<p><a href=\"http:\/\/www.eloriente.net\/home\/2017\/06\/01\/videocolumna-etnoturismo-la-otra-realidad-juan-antonio-gomez\/\" rel=\"bookmark\"><img decoding=\"async\" class=\"alignleft\" title=\"VIDEOCOLUMNA: Etnoturismo, la otra realidad\u2026 Por Juan Antonio G\u00f3mez\" src=\"http:\/\/www.eloriente.net\/home\/wp-content\/themes\/city-desk\/timthumb.php?src=http%3A%2F%2Fwww.eloriente.net%2Fhome%2Fwp-content%2Fuploads%2F2017%2F06%2FJUAN-ANTONIO-GO%CC%81MEZ-27-DE-MARZO-2017-1-e1496351833120.jpg&amp;q=90&amp;w=70&amp;h=45&amp;zc=1\" alt=\"VIDEOCOLUMNA: Etnoturismo, la otra realidad\u2026 Por Juan Antonio G\u00f3mez\" \/><\/a><\/p>\n<h2 class=\"posttitle \"><a title=\"Enlace Permanente a VIDEOCOLUMNA: Etnoturismo, la otra realidad\u2026 Por Juan Antonio G\u00f3mez\" href=\"http:\/\/www.eloriente.net\/home\/2017\/06\/01\/videocolumna-etnoturismo-la-otra-realidad-juan-antonio-gomez\/\" rel=\"bookmark\">VIDEOCOLUMNA: Etnoturismo, la otra realidad\u2026 Por Juan Antonio G\u00f3mez<\/a><\/h2>\n<\/div>\n<p>eloriente.net 1 de junio de 2017 Esta semana nos complace presentar al maestro Juan Antonio G\u00f3mez C\u00e1rdenas quien estar\u00e1 con nosotros hablando sobre temas de turismo. En\u2026<\/p>\n<p class=\"postmeta\"><span class=\"meta_date\">junio 1, 2017<\/span><\/p>\n<div class=\"toolbar-social\"><\/div>\n<\/div>\n<div class=\"featuredpost\">\n<div class=\"flow_hide\">\n<p><a href=\"http:\/\/www.eloriente.net\/home\/2017\/06\/01\/certificacion-punto-limpio-empresarios-oaxaquenos\/\" rel=\"bookmark\"><img decoding=\"async\" class=\"alignleft\" title=\"OAXACA: Certifican con \u201cPunto Limpio\u201d a empresarios\" src=\"http:\/\/www.eloriente.net\/home\/wp-content\/themes\/city-desk\/timthumb.php?src=http%3A%2F%2Fwww.eloriente.net%2Fhome%2Fwp-content%2Fuploads%2F2017%2F06%2Fpunto-limpio.png&amp;q=90&amp;w=70&amp;h=45&amp;zc=1\" alt=\"OAXACA: Certifican con \u201cPunto Limpio\u201d a empresarios\" \/><\/a><\/p>\n<h2 class=\"posttitle \"><a title=\"Enlace Permanente a OAXACA: Certifican con \u201cPunto Limpio\u201d a empresarios\" href=\"http:\/\/www.eloriente.net\/home\/2017\/06\/01\/certificacion-punto-limpio-empresarios-oaxaquenos\/\" rel=\"bookmark\">OAXACA: Certifican con \u201cPunto Limpio\u201d a empresarios<\/a><\/h2>\n<\/div>\n<p>Certificaci\u00f3n \u201cPunto Limpio\u201d a empresarios oaxaque\u00f1os 1 junio de 2017.- A\u00a0fin de que conozcan los procedimientos del programa, las herramientas y procesos para alcanzar la certificaci\u00f3n\u00a0\u201cPunto Limpio\u201d. La\u2026<\/p>\n<p class=\"postmeta\"><span class=\"meta_date\">junio 1, 2017<\/span><\/p>\n<\/div>\n\n\t\t\t  <div \n\t\t\t  \tclass = \"fb-comments\" \n\t\t\t  \tdata-href = \"http:\/\/www.eloriente.net\/home\/2017\/06\/05\/la-cultura-vivir-sobrevivir-juan-pablo-vasconcelos\/\"\n\t\t\t  \tdata-numposts = \"10\"\n\t\t\t\tdata-colorscheme = \"dark\"\n\t\t\t\tdata-order-by = \"social\"\n\t\t\t\tdata-mobile=true>\n\t\t\t  <\/div>\n\t\t  <style>\n\t\t\t.fb_iframe_widget_fluid_desktop iframe {\n\t\t\t    width: 100% !important;\n\t\t\t}\n\t\t  <\/style>\n\t\t  ","protected":false},"excerpt":{"rendered":"<p>&nbsp; eloriente.net 5 de junio de 2017 Por Juan Pablo Vasconcelos @JPVmx &nbsp; Abrir espacios culturales es una manera de ratificar la confianza en el ser humano y en la vida. &nbsp; A veces dan ganas de darse por vencido. Quien no ha sentido ese aire de flaqueza, no puede decir que ha intentado superar [&hellip;]<\/p>\n","protected":false},"author":13,"featured_media":48590,"comment_status":"open","ping_status":"open","sticky":false,"template":"","format":"standard","meta":{"_jetpack_memberships_contains_paid_content":false,"footnotes":""},"categories":[11,4300,18,32,63,16,54,464],"tags":[879,241,184,7229,425,1285,178,197,7874,7873],"class_list":["post-48589","post","type-post","status-publish","format-standard","has-post-thumbnail","hentry","category-colaboradores","category-comunicacion","category-educacion-y-cultura","category-entradas","category-estados","category-salud-y-estilo-de-vida","category-juan-pablo-vasconcelos","category-oaxaca-estados","tag-columna","tag-cultura","tag-educacion","tag-es-la-cultura","tag-gestion","tag-juan-pablo-vasconcelos-2","tag-museos","tag-opinion","tag-sobrevivir","tag-vivir"],"jetpack_featured_media_url":"http:\/\/www.eloriente.net\/home\/wp-content\/uploads\/2017\/06\/2389614746_c6d5011d2b_b.jpg","jetpack_sharing_enabled":true,"_links":{"self":[{"href":"http:\/\/www.eloriente.net\/home\/wp-json\/wp\/v2\/posts\/48589"}],"collection":[{"href":"http:\/\/www.eloriente.net\/home\/wp-json\/wp\/v2\/posts"}],"about":[{"href":"http:\/\/www.eloriente.net\/home\/wp-json\/wp\/v2\/types\/post"}],"author":[{"embeddable":true,"href":"http:\/\/www.eloriente.net\/home\/wp-json\/wp\/v2\/users\/13"}],"replies":[{"embeddable":true,"href":"http:\/\/www.eloriente.net\/home\/wp-json\/wp\/v2\/comments?post=48589"}],"version-history":[{"count":3,"href":"http:\/\/www.eloriente.net\/home\/wp-json\/wp\/v2\/posts\/48589\/revisions"}],"predecessor-version":[{"id":66549,"href":"http:\/\/www.eloriente.net\/home\/wp-json\/wp\/v2\/posts\/48589\/revisions\/66549"}],"wp:featuredmedia":[{"embeddable":true,"href":"http:\/\/www.eloriente.net\/home\/wp-json\/wp\/v2\/media\/48590"}],"wp:attachment":[{"href":"http:\/\/www.eloriente.net\/home\/wp-json\/wp\/v2\/media?parent=48589"}],"wp:term":[{"taxonomy":"category","embeddable":true,"href":"http:\/\/www.eloriente.net\/home\/wp-json\/wp\/v2\/categories?post=48589"},{"taxonomy":"post_tag","embeddable":true,"href":"http:\/\/www.eloriente.net\/home\/wp-json\/wp\/v2\/tags?post=48589"}],"curies":[{"name":"wp","href":"https:\/\/api.w.org\/{rel}","templated":true}]}}