{"id":48606,"date":"2017-06-06T13:08:51","date_gmt":"2017-06-06T19:08:51","guid":{"rendered":"http:\/\/www.eloriente.net\/home\/?p=48606"},"modified":"2017-06-06T13:08:51","modified_gmt":"2017-06-06T19:08:51","slug":"5-vacantes-medicina-enfermeria-martesdevacantes-3","status":"publish","type":"post","link":"http:\/\/www.eloriente.net\/home\/2017\/06\/06\/5-vacantes-medicina-enfermeria-martesdevacantes-3\/","title":{"rendered":"5 vacantes en Medicina y Enfermer\u00eda #MartesDeVacantes"},"content":{"rendered":"<p><script src=\"\/\/pagead2.googlesyndication.com\/pagead\/js\/adsbygoogle.js\" async=\"\"><\/script><!-- BANNER ELORIENTE INCRUSTADO NOTAS --> <ins class=\"adsbygoogle\" style=\"display: inline-block; width: 300px; height: 250px;\" data-ad-client=\"ca-pub-1136171134853753\" data-ad-slot=\"7974633627\"><\/ins><script>\/\/ <![CDATA[\n(adsbygoogle = window.adsbygoogle || []).push({});\n\/\/ ]]><\/script><\/p>\n<p>&nbsp;<\/p>\n<p>(www.eloriente.net, M\u00e9xico, a 6 de junio de 2017).- Conscientes de la importancia para la ciudadan\u00eda en general de la b\u00fasqueda de nuevas oportunidades de crecimiento profesional, ponemos a tu disposici\u00f3n semanalmente ofertas de empleo disponibles por profesi\u00f3n en cualquier parte de M\u00e9xico y del mundo o, cuando as\u00ed lo amerita, exclusivamente en Oaxaca.<\/p>\n<p>En esta ocasi\u00f3n, ELORIENTE.NET comparte cinco vacantes en Medicina.<\/p>\n<p>Si deseas aplicar para alguna de las vacantes, deber\u00e1s darle clic al t\u00edtulo de esta y te llevar\u00e1 al sitio que te pondr\u00e1 en contacto con los empleadores. No olvides comentar que la oportunidad la has encontrado con nosotros en el Martes de Vacantes de ELORIENTE.NET. \u00a1\u00c9xito!<\/p>\n<p><a href=\"https:\/\/www.computrabajo.com.mx\/ofertas-de-trabajo\/oferta-de-trabajo-de-coordinador-de-quimicos-quimico-farmaceutico-en-oaxaca-de-juarez-9B2E2299078C0A4C\" target=\"_blank\"><strong>1.- COORDINADOR DE QU\u00cdMICOS<\/strong><\/a><\/p>\n<p><strong>Escolaridad:<\/strong> Licenciatura en Medicina, Licenciatura en Qu\u00edmico Farmac\u00e9utico Biotecn\u00f3logo<\/p>\n<p><strong>G\u00e9nero:<\/strong> Indistinto<\/p>\n<p><strong>Requisitos:<\/strong> Experiencia m\u00ednima de 1 a\u00f1o. Conocimientos en Microsoft Excel, Microsoft Outlook, Microsoft PowerPoint, Microsoft Word. Contar con t\u00edtulo y c\u00e9dula.<\/p>\n<p><strong>Funciones:<\/strong> Todo lo relacionado a documentaci\u00f3n legal ante SSA de farmacias (solicitudes de licencias sanitarias, permisos de libros, avisos de responsable sanitario, solicitudes de visita por destrucci\u00f3n, etc) y consultorios (avisos de funcionamiento, avisos de responsable sanitario).<\/p>\n<p><strong>Salario:<\/strong> $3700 mensuales<\/p>\n<p><strong>Horario:<\/strong> Jornada por horas<\/p>\n<p><a href=\"https:\/\/www.occ.com.mx\/empleo\/oferta\/9911040\/-en-Oaxaca\"><strong>2.- M\u00c9DICO ULTRASONOGRAFISTA O RADI\u00d3LOGO<\/strong><\/a><\/p>\n<p><strong>Escolaridad:<\/strong> Licenciatura en Medicina o radi\u00f3logo con t\u00edtulo y c\u00e9dula.<\/p>\n<p><strong>G\u00e9nero:<\/strong> Indistinto<\/p>\n<p><strong>Requisitos:<\/strong> En caso de ser radi\u00f3logo, t\u00edtulo y c\u00e9dula profesional. Constancia de 1000 horas de ultrasonido expedida por una instituci\u00f3n educativa. Curriculum vitae indicando qu\u00e9 tipos de estudios realiza.<\/p>\n<p><strong>Funciones:<\/strong> Realizar estudios de ultrasonido b\u00e1sicos y especiales en una unidad de an\u00e1lisis cl\u00ednicos, apeg\u00e1ndose a las normas y procedimientos establecidos por la organizaci\u00f3n, con una excelente actitud de servicio, calidad y calidez, asegurando con ello la satisfacci\u00f3n del cliente.<\/p>\n<p><strong>Salario:<\/strong> $11,000 &#8211; $15,000 mensuales<\/p>\n<p><strong>Horario:<\/strong> No especificado<\/p>\n<p><strong>3.- M\u00c9DICO GENERAL<\/strong><\/p>\n<p><strong>Escolaridad:<\/strong> Licenciatura en Medicina<\/p>\n<p><strong>G\u00e9nero:<\/strong> Indistinto<\/p>\n<p><strong>Requisitos:<\/strong> Experiencia m\u00ednima de un a\u00f1o. Capacidad para trabajar en equipo. Tolerancia a la presi\u00f3n.<\/p>\n<p><strong>Funciones:<\/strong> Consulta externa, aplicaci\u00f3n de inyecciones, trato con el cliente.<\/p>\n<p><strong>Salario:<\/strong> $10,000 mensuales<\/p>\n<p><strong>Horario:<\/strong> Domingo a s\u00e1bado de 9:00 a 21:00 horas<\/p>\n<p><script src=\"\/\/pagead2.googlesyndication.com\/pagead\/js\/adsbygoogle.js\" async=\"\"><\/script><!-- BANNER PEQUE\u00d1O PARA ENTRENOTAS EL ORIENTE --> <ins class=\"adsbygoogle\" style=\"display: inline-block; width: 468px; height: 60px;\" data-ad-client=\"ca-pub-1136171134853753\" data-ad-slot=\"4953536424\"><\/ins><script>\/\/ <![CDATA[\n(adsbygoogle = window.adsbygoogle || []).push({});\n\/\/ ]]><\/script><\/p>\n<p><a href=\"https:\/\/www.indeed.com.mx\/viewjob?jk=1dd9db362395cb0d&amp;q=ENFERMER%C3%8DA&amp;l=Oaxaca&amp;tk=1bhv95mea18jj0s9&amp;from=web\"><strong>4.- ENFERMERO(A)<\/strong><\/a><\/p>\n<p><strong>Escolaridad:<\/strong> Lic. Enfermer\u00eda o T\u00e9cnicos en Urgencias M\u00e9dicas ( titulados)<\/p>\n<p><strong>G\u00e9nero:<\/strong> Indistinto<\/p>\n<p><strong>Requisitos:<\/strong> Edad de 25 a 30 a\u00f1os. Experiencia de 1 a 2 a\u00f1os. Actitud de servicio, Responsable, Dinamismo, Apegado a las Normas, Facilidad de palabra.<\/p>\n<p><strong>Funciones:<\/strong> Atenci\u00f3n m\u00e9dica brindando los primeros auxilios, dar seguimiento a los traslados a las unidades m\u00e9dicas o cl\u00ednicas, dar seguimiento a las brigadas de protecci\u00f3n civil, realizar recorridos dentro de las instalaciones de la Universidad para supervisar la disciplina de los estudiantes.<\/p>\n<p><strong>Salario:<\/strong> A convenir<\/p>\n<p><strong>Horario:<\/strong> No especificado<\/p>\n<p><a href=\"https:\/\/www.computrabajo.com.mx\/ofertas-de-trabajo\/oferta-de-trabajo-de-enfemera-sexo-masculino-o-femenino-trabajar-en-un-hospital-privado-en-la-ciudad-de-oaxaca-en-oaxaca-de-juarez-1C469B1041018BFA\"><strong>5.- ENFERMERO(A)<\/strong><\/a><\/p>\n<p><strong>Escolaridad:<\/strong> Licenciatura en Enfermer\u00eda. O Licenciatura en Medicina<\/p>\n<p><strong>G\u00e9nero:<\/strong> Indistinto<\/p>\n<p><strong>Requisitos:<\/strong> Experiencia m\u00ednima de un a\u00f1o.<\/p>\n<p><strong>Funciones:<\/strong> Trabajar en un hospital privado el \u00e1rea de hospitalizaci\u00f3n y quir\u00f3fano.<\/p>\n<p><strong>Salario:<\/strong> A convenir<\/p>\n<p><strong>Horario:<\/strong> Tiempo completo (no especificado)<\/p>\n<p><a href=\"http:\/\/www.eloriente.net\/home\/wp-content\/uploads\/2014\/05\/martes-de-vacantes.jpg\" rel=\"attachment wp-att-25869\"><img loading=\"lazy\" decoding=\"async\" class=\"alignnone size-full wp-image-25869\" src=\"http:\/\/www.eloriente.net\/home\/wp-content\/uploads\/2014\/05\/martes-de-vacantes.jpg\" alt=\"martes de vacantes\" width=\"512\" height=\"340\" srcset=\"http:\/\/www.eloriente.net\/home\/wp-content\/uploads\/2014\/05\/martes-de-vacantes.jpg 1024w, http:\/\/www.eloriente.net\/home\/wp-content\/uploads\/2014\/05\/martes-de-vacantes-300x199.jpg 300w\" sizes=\"(max-width: 512px) 100vw, 512px\" \/><\/a><\/p>\n<p><strong>OTRAS ENTRADAS<\/strong><\/p>\n<div class=\"featuredpost\">\n<div class=\"flow_hide\">\n<h2 class=\"posttitle bigposttitle\"><a title=\"Enlace Permanente a Atr\u00e9vete a conocer Santa Mar\u00eda Huatulco\" href=\"http:\/\/www.eloriente.net\/home\/2017\/06\/06\/atrevete-conocer-santa-maria-huatulco\/\" rel=\"bookmark\">Atr\u00e9vete a conocer Santa Mar\u00eda Huatulco<\/a><\/h2>\n<\/div>\n<p>(www.eloriente.net; M\u00e9xico a 6 de junio de 2017).- Por Jessica Lamdrid \u00a0 Santa Mar\u00eda Huatulco pertenece a los 500 municipios que conforman al estado de Oaxaca, M\u00e9xico; y\u2026<\/p>\n<p class=\"postmeta\"><span class=\"meta_date\">junio 6, 2017<\/span><\/p>\n<div class=\"toolbar-social\"><\/div>\n<\/div>\n<div class=\"featuredpost\">\n<div class=\"flow_hide\"><a href=\"http:\/\/www.eloriente.net\/home\/2017\/06\/05\/la-cultura-vivir-sobrevivir-juan-pablo-vasconcelos\/\" rel=\"bookmark\"><img decoding=\"async\" class=\"alignleft\" title=\"ES LA CULTURA: Vivir o sobrevivir. Por Juan Pablo Vasconcelos\" src=\"http:\/\/www.eloriente.net\/home\/wp-content\/themes\/city-desk\/timthumb.php?src=http%3A%2F%2Fwww.eloriente.net%2Fhome%2Fwp-content%2Fuploads%2F2017%2F06%2F2389614746_c6d5011d2b_b.jpg&amp;q=90&amp;w=70&amp;h=45&amp;zc=1\" alt=\"ES LA CULTURA: Vivir o sobrevivir. Por Juan Pablo Vasconcelos\" \/><\/a><\/p>\n<h2 class=\"posttitle \"><a title=\"Enlace Permanente a ES LA CULTURA: Vivir o sobrevivir. Por Juan Pablo Vasconcelos\" href=\"http:\/\/www.eloriente.net\/home\/2017\/06\/05\/la-cultura-vivir-sobrevivir-juan-pablo-vasconcelos\/\" rel=\"bookmark\">ES LA CULTURA: Vivir o sobrevivir. Por Juan Pablo Vasconcelos<\/a><\/h2>\n<\/div>\n<p>eloriente.net 5 de junio de 2017 Por Juan Pablo Vasconcelos @JPVmx \u00a0 Abrir espacios culturales es una manera de ratificar la confianza en el ser humano y\u2026<\/p>\n<p class=\"postmeta\"><span class=\"meta_date\">junio 5, 2017<\/span><\/p>\n<div class=\"toolbar-social\"><\/div>\n<\/div>\n<div class=\"featuredpost\">\n<div class=\"flow_hide\"><a href=\"http:\/\/www.eloriente.net\/home\/2017\/06\/01\/oaxaca-viernes-2-sin-clase-protocolos-proteccion-se-activan\/\" rel=\"bookmark\"><img decoding=\"async\" class=\"alignleft\" title=\"OAXACA: Viernes 2 sin clase; protocolos de protecci\u00f3n se activan\" src=\"http:\/\/www.eloriente.net\/home\/wp-content\/themes\/city-desk\/timthumb.php?src=http%3A%2F%2Fwww.eloriente.net%2Fhome%2Fwp-content%2Fuploads%2F2017%2F06%2FSATELITE-CONAGUA-1JUN17.jpg&amp;q=90&amp;w=70&amp;h=45&amp;zc=1\" alt=\"OAXACA: Viernes 2 sin clase; protocolos de protecci\u00f3n se activan\" \/><\/a><\/p>\n<h2 class=\"posttitle \"><a title=\"Enlace Permanente a OAXACA: Viernes 2 sin clase; protocolos de protecci\u00f3n se activan\" href=\"http:\/\/www.eloriente.net\/home\/2017\/06\/01\/oaxaca-viernes-2-sin-clase-protocolos-proteccion-se-activan\/\" rel=\"bookmark\">OAXACA: Viernes 2 sin clase; protocolos de protecci\u00f3n se activan<\/a><\/h2>\n<\/div>\n<p>eloriente.net, M\u00e9xico, 1 de junio de 2017.- Este viernes 2 de junio se suspender\u00e1n las clases en todas las escuelas del estado de Oaxaca, debido a las intensas\u2026<\/p>\n<p class=\"postmeta\"><span class=\"meta_date\">junio 1, 2017<\/span><\/p>\n<\/div>\n\n\t\t\t  <div \n\t\t\t  \tclass = \"fb-comments\" \n\t\t\t  \tdata-href = \"http:\/\/www.eloriente.net\/home\/2017\/06\/06\/5-vacantes-medicina-enfermeria-martesdevacantes-3\/\"\n\t\t\t  \tdata-numposts = \"10\"\n\t\t\t\tdata-colorscheme = \"dark\"\n\t\t\t\tdata-order-by = \"social\"\n\t\t\t\tdata-mobile=true>\n\t\t\t  <\/div>\n\t\t  <style>\n\t\t\t.fb_iframe_widget_fluid_desktop iframe {\n\t\t\t    width: 100% !important;\n\t\t\t}\n\t\t  <\/style>\n\t\t  ","protected":false},"excerpt":{"rendered":"<p>&nbsp; (www.eloriente.net, M\u00e9xico, a 6 de junio de 2017).- Conscientes de la importancia para la ciudadan\u00eda en general de la b\u00fasqueda de nuevas oportunidades de crecimiento profesional, ponemos a tu disposici\u00f3n semanalmente ofertas de empleo disponibles por profesi\u00f3n en cualquier parte de M\u00e9xico y del mundo o, cuando as\u00ed lo amerita, exclusivamente en Oaxaca. En [&hellip;]<\/p>\n","protected":false},"author":44,"featured_media":25869,"comment_status":"open","ping_status":"open","sticky":false,"template":"","format":"standard","meta":{"_jetpack_memberships_contains_paid_content":false,"footnotes":""},"categories":[942,32,63,464,31,19],"tags":[4080,1573,1820,2420,519,777,211],"class_list":["post-48606","post","type-post","status-publish","format-standard","has-post-thumbnail","hentry","category-martesdevacantes","category-entradas","category-estados","category-oaxaca-estados","category-principal","category-turismo-y-negocios","tag-martesdevacantes","tag-enfermeria","tag-junio","tag-martes-de-vacantes","tag-medicina","tag-oportunidades","tag-trabajo"],"jetpack_featured_media_url":"http:\/\/www.eloriente.net\/home\/wp-content\/uploads\/2014\/05\/martes-de-vacantes.jpg","jetpack_sharing_enabled":true,"_links":{"self":[{"href":"http:\/\/www.eloriente.net\/home\/wp-json\/wp\/v2\/posts\/48606"}],"collection":[{"href":"http:\/\/www.eloriente.net\/home\/wp-json\/wp\/v2\/posts"}],"about":[{"href":"http:\/\/www.eloriente.net\/home\/wp-json\/wp\/v2\/types\/post"}],"author":[{"embeddable":true,"href":"http:\/\/www.eloriente.net\/home\/wp-json\/wp\/v2\/users\/44"}],"replies":[{"embeddable":true,"href":"http:\/\/www.eloriente.net\/home\/wp-json\/wp\/v2\/comments?post=48606"}],"version-history":[{"count":1,"href":"http:\/\/www.eloriente.net\/home\/wp-json\/wp\/v2\/posts\/48606\/revisions"}],"predecessor-version":[{"id":48613,"href":"http:\/\/www.eloriente.net\/home\/wp-json\/wp\/v2\/posts\/48606\/revisions\/48613"}],"wp:featuredmedia":[{"embeddable":true,"href":"http:\/\/www.eloriente.net\/home\/wp-json\/wp\/v2\/media\/25869"}],"wp:attachment":[{"href":"http:\/\/www.eloriente.net\/home\/wp-json\/wp\/v2\/media?parent=48606"}],"wp:term":[{"taxonomy":"category","embeddable":true,"href":"http:\/\/www.eloriente.net\/home\/wp-json\/wp\/v2\/categories?post=48606"},{"taxonomy":"post_tag","embeddable":true,"href":"http:\/\/www.eloriente.net\/home\/wp-json\/wp\/v2\/tags?post=48606"}],"curies":[{"name":"wp","href":"https:\/\/api.w.org\/{rel}","templated":true}]}}