{"id":48620,"date":"2017-06-07T16:09:50","date_gmt":"2017-06-07T22:09:50","guid":{"rendered":"http:\/\/www.eloriente.net\/home\/?p=48620"},"modified":"2017-06-30T09:38:46","modified_gmt":"2017-06-30T15:38:46","slug":"documentacion-comprobatoria-outsourcing-2017-alfredo-puente-castellanos","status":"publish","type":"post","link":"http:\/\/www.eloriente.net\/home\/2017\/06\/07\/documentacion-comprobatoria-outsourcing-2017-alfredo-puente-castellanos\/","title":{"rendered":"Documentaci\u00f3n comprobatoria por Outsourcing 2017. Por Alfredo Puente Castellanos"},"content":{"rendered":"<p><script src=\"\/\/pagead2.googlesyndication.com\/pagead\/js\/adsbygoogle.js\" async=\"\"><\/script><!-- BANNER ELORIENTE INCRUSTADO NOTAS --> <ins class=\"adsbygoogle\" style=\"display: inline-block; width: 300px; height: 250px;\" data-ad-client=\"ca-pub-1136171134853753\" data-ad-slot=\"7974633627\"><\/ins><script>\/\/ <![CDATA[\n(adsbygoogle = window.adsbygoogle || []).push({});\n\/\/ ]]><\/script><\/p>\n<p>&nbsp;<\/p>\n<p>7 de junio de 2017<\/p>\n<p>Por Alfredo Puente Castellanos<\/p>\n<p><span style=\"font-weight: 400;\">Se incorporaron modificaciones a la Ley del ISR y al IVA que prev\u00e9n los requisitos a cumplir en materia de documentaci\u00f3n comprobatoria, cuando se ha implementado la figura del outsourcing en la empresa, es fundamental no poner en riesgo la deducibilidad y el acreditamiento para ISR e IVA, respectivamente y que tomar en cuenta que el pasado 15 de mayo en el DOF se public\u00f3 la pr\u00f3rroga al mes de julio de 2017. Ent\u00e9rate.<\/span><\/p>\n<p>&nbsp;<\/p>\n<p><span style=\"font-weight: 400;\">La Ley del Impuesto Sobre la Renta y la Ley del Impuesto al Valor Agregado conforme a las reformas aprobadas para 2017, prev\u00e9n nuevos requisitos fiscales para las empresas que utilicen un servicio de subcontrataci\u00f3n de personal (outsourcing):<\/span><\/p>\n<p><span style=\"font-weight: 400;\">En materia del ISR<\/span><\/p>\n<ul>\n<li style=\"font-weight: 400;\"><span style=\"font-weight: 400;\">Pago del salario del trabajador que dio el servicio subcontratado.<\/span><\/li>\n<li style=\"font-weight: 400;\"><span style=\"font-weight: 400;\">Acuse de recibido del empleado.<\/span><\/li>\n<li style=\"font-weight: 400;\"><span style=\"font-weight: 400;\">Pago de retenciones de ISR al SAT.<\/span><\/li>\n<li style=\"font-weight: 400;\"><span style=\"font-weight: 400;\">Pago de cuotas obrero patronales al IMSS, Infonavit y Afore.<\/span><\/li>\n<\/ul>\n<p><span style=\"font-weight: 400;\">Para efectos del IVA<\/span><\/p>\n<ul>\n<li style=\"font-weight: 400;\"><span style=\"font-weight: 400;\">Copia simple de la declaraci\u00f3n de pago de IVA.<\/span><\/li>\n<li style=\"font-weight: 400;\"><span style=\"font-weight: 400;\">Acuse de recibo del pago al SAT.<\/span><\/li>\n<li style=\"font-weight: 400;\"><span style=\"font-weight: 400;\">Reporte de la informaci\u00f3n al SAT de la cantidad del IVA trasladado a cada cliente y el del pago hecho en la declaraci\u00f3n mensual.<\/span><\/li>\n<\/ul>\n<p><span style=\"font-weight: 400;\">Por lo anterior, las empresas que recurren a la contrataci\u00f3n de los servicios de subcontrataci\u00f3n de personal (outsourcing) deben cuidar de contar con la documentaci\u00f3n que compruebe el cumplimiento de las obligaciones referidas para ISR e IVA y, proceder a deducir y acreditar los impuestos.<\/span><\/p>\n<p><span style=\"font-weight: 400;\">Finalmente, no se debe dejar de considerar los extremos que enmarca el Art\u00edculo 15 A de la Ley Federal del Trabajo que limita los servicios a las condiciones siguientes:<\/span><\/p>\n<p>&nbsp;<\/p>\n<ol>\n<li><span style=\"font-weight: 400;\">a) No podr\u00e1 abarcar la totalidad de las actividades, iguales o similares en su totalidad, que se desarrollen en el centro de trabajo.<\/span><\/li>\n<li><span style=\"font-weight: 400;\">b) Deber\u00e1 justificarse por su car\u00e1cter especializado.<\/span><\/li>\n<\/ol>\n<p>&nbsp;<\/p>\n<ol>\n<li><span style=\"font-weight: 400;\">c) No podr\u00e1 comprender tareas iguales o similares a las que realizan el resto de los trabajadores al servicio del contratante.<\/span><\/li>\n<\/ol>\n<p>&nbsp;<\/p>\n<p><span style=\"font-weight: 400;\">A efecto de dar cumplimiento a todas estas condiciones, el 15 de mayo de 2017 se public\u00f3 en el Diario Oficial de la Federaci\u00f3n \u2014 DOF \u2014 la Primera Resoluci\u00f3n de Modificaciones a la Resoluci\u00f3n Miscel\u00e1nea Fiscal para 2017 \u2014 RMF \u2014 en la cual destaca lo siguiente en relaci\u00f3n a la subcontrataci\u00f3n laboral (outsourcing):<\/span><\/p>\n<p>&nbsp;<\/p>\n<p><b>Pr\u00f3rroga. <\/b><\/p>\n<p><span style=\"font-weight: 400;\">Se otorga una pr\u00f3rroga para dar cumplimiento a los requisitos establecidos en los art\u00edculos 27, fracci\u00f3n V, \u00faltimo p\u00e1rrafo de la Ley del ISR, as\u00ed como 5, fracci\u00f3n II y 32, fracci\u00f3n VIII de la Ley del IVA, correspondientes a los meses de enero a junio de 2017 y subsecuentes, mismos que podr\u00e1n cumplirse a partir del mes de julio de este a\u00f1o.<\/span><\/p>\n<p><script src=\"\/\/pagead2.googlesyndication.com\/pagead\/js\/adsbygoogle.js\" async=\"\"><\/script><!-- BANNER PEQUE\u00d1O PARA ENTRENOTAS EL ORIENTE --> <ins class=\"adsbygoogle\" style=\"display: inline-block; width: 468px; height: 60px;\" data-ad-client=\"ca-pub-1136171134853753\" data-ad-slot=\"4953536424\"><\/ins><script>\/\/ <![CDATA[\n(adsbygoogle = window.adsbygoogle || []).push({});\n\/\/ ]]><\/script><\/p>\n<p><span style=\"font-weight: 400;\">A fin de dar cumplimiento a estos requisitos, se ha definido que los contribuyentes podr\u00e1n utilizar un aplicativo inform\u00e1tico que se dar\u00e1 a conocer en la p\u00e1gina de internet del SAT.<\/span><\/p>\n<p>&nbsp;<\/p>\n<p><b>Cumplimiento de obligaciones opcional.<\/b><\/p>\n<p><span style=\"font-weight: 400;\">Se incorpora la regla 3.3.1.45 que da la opci\u00f3n de cumplir con las obligaciones en materia de subcontrataci\u00f3n de personal, a aquellos contribuyentes que cuenten con empleados que no sean considerados como subcontratados en t\u00e9rminos del art\u00edculo 15-A de la Ley Federal del Trabajo, y que desempe\u00f1e sus funciones principalmente en las instalaciones del contratante o una parte relacionada de \u00e9ste.<\/span><\/p>\n<p>&nbsp;<\/p>\n<p><span style=\"font-weight: 400;\">En relaci\u00f3n con dicha regla, se prev\u00e9 como opci\u00f3n para aquellos reg\u00edmenes distintos a los de la subcontrataci\u00f3n laboral, y se adiciona con el objeto de dar mayor certeza a los contribuyentes para las deducciones de los gastos efectuados y el acreditamiento del impuesto respectivo. El contratante se considerar\u00e1 patr\u00f3n para todos los efectos de esta Ley, incluyendo las obligaciones en materia de seguridad social.<\/span><\/p>\n<p>&nbsp;<\/p>\n<p><span style=\"font-weight: 400;\">Nuestra firma busca conocerlo, entender su negocio, en suma, pensar como Usted y, ofrecerle alternativas de soluci\u00f3n orientadas a resolver sus cuestionamientos o problem\u00e1ticas de tipo fiscal y sin riesgos tributarios.<\/span><\/p>\n<p><a href=\"http:\/\/www.eloriente.net\/home\/wp-content\/uploads\/2017\/06\/8169560070_be77fe68fd_k.jpg\" rel=\"attachment wp-att-48621\"><img loading=\"lazy\" decoding=\"async\" class=\"alignnone size-full wp-image-48621\" src=\"http:\/\/www.eloriente.net\/home\/wp-content\/uploads\/2017\/06\/8169560070_be77fe68fd_k.jpg\" alt=\"Documentos\" width=\"682\" height=\"455\" srcset=\"http:\/\/www.eloriente.net\/home\/wp-content\/uploads\/2017\/06\/8169560070_be77fe68fd_k.jpg 2048w, http:\/\/www.eloriente.net\/home\/wp-content\/uploads\/2017\/06\/8169560070_be77fe68fd_k-300x200.jpg 300w, http:\/\/www.eloriente.net\/home\/wp-content\/uploads\/2017\/06\/8169560070_be77fe68fd_k-768x512.jpg 768w, http:\/\/www.eloriente.net\/home\/wp-content\/uploads\/2017\/06\/8169560070_be77fe68fd_k-1024x683.jpg 1024w\" sizes=\"(max-width: 682px) 100vw, 682px\" \/><\/a><\/p>\n<p><strong>OTRAS ENTRADAS<\/strong><\/p>\n<div class=\"featuredpost\">\n<div class=\"flow_hide\">\n<h2 class=\"posttitle bigposttitle\"><a title=\"Enlace Permanente a VIDEOCOLUMNA: Con ciencia tur\u00edstica\u2026 Por Juan Antonio G\u00f3mez\" href=\"http:\/\/www.eloriente.net\/home\/2017\/06\/07\/videocolumna-ciencia-turistica-juan-antonio-gomez\/\" rel=\"bookmark\">VIDEOCOLUMNA: Con ciencia tur\u00edstica\u2026 Por Juan Antonio G\u00f3mez<\/a><\/h2>\n<\/div>\n<p>eloriente.net 7 de junio de 2017 \u201cSe ha dicho que Oaxaca tiene vocaci\u00f3n tur\u00edstica entendiendo con ello que nuestro estado posee atractivos de los m\u00e1s diversos \u00f3rdenes\u2026<\/p>\n<p class=\"postmeta\"><span class=\"meta_date\">junio 7, 2017<\/span><\/p>\n<div class=\"toolbar-social\"><\/div>\n<\/div>\n<div class=\"featuredpost\">\n<div class=\"flow_hide\">\n<p><a href=\"http:\/\/www.eloriente.net\/home\/2017\/06\/06\/5-vacantes-medicina-enfermeria-martesdevacantes-3\/\" rel=\"bookmark\"><img decoding=\"async\" class=\"alignleft\" title=\"5 vacantes en Medicina y Enfermer\u00eda #MartesDeVacantes\" src=\"http:\/\/www.eloriente.net\/home\/wp-content\/themes\/city-desk\/timthumb.php?src=http%3A%2F%2Fwww.eloriente.net%2Fhome%2Fwp-content%2Fuploads%2F2014%2F05%2Fmartes-de-vacantes.jpg&amp;q=90&amp;w=70&amp;h=45&amp;zc=1\" alt=\"5 vacantes en Medicina y Enfermer\u00eda #MartesDeVacantes\" \/><\/a><\/p>\n<h2 class=\"posttitle \"><a title=\"Enlace Permanente a 5 vacantes en Medicina y Enfermer\u00eda #MartesDeVacantes\" href=\"http:\/\/www.eloriente.net\/home\/2017\/06\/06\/5-vacantes-medicina-enfermeria-martesdevacantes-3\/\" rel=\"bookmark\">5 vacantes en Medicina y Enfermer\u00eda #MartesDeVacantes<\/a><\/h2>\n<\/div>\n<p>(www.eloriente.net, M\u00e9xico, a 6 de junio de 2017).- Conscientes de la importancia para la ciudadan\u00eda en general de la b\u00fasqueda de nuevas oportunidades de crecimiento profesional, ponemos\u2026<\/p>\n<p class=\"postmeta\"><span class=\"meta_date\">junio 6, 2017<\/span><\/p>\n<div class=\"toolbar-social\"><\/div>\n<\/div>\n<div class=\"featuredpost\">\n<div class=\"flow_hide\">\n<p><a href=\"http:\/\/www.eloriente.net\/home\/2017\/06\/06\/atrevete-conocer-santa-maria-huatulco\/\" rel=\"bookmark\"><img decoding=\"async\" class=\"alignleft\" title=\"Atr\u00e9vete a conocer Santa Mar\u00eda Huatulco\" src=\"http:\/\/www.eloriente.net\/home\/wp-content\/themes\/city-desk\/timthumb.php?src=http%3A%2F%2Fwww.eloriente.net%2Fhome%2Fwp-content%2Fuploads%2F2017%2F06%2Foaxaca_destinos-principales_huatulco_06.jpg&amp;q=90&amp;w=70&amp;h=45&amp;zc=1\" alt=\"Atr\u00e9vete a conocer Santa Mar\u00eda Huatulco\" \/><\/a><\/p>\n<h2 class=\"posttitle \"><a title=\"Enlace Permanente a Atr\u00e9vete a conocer Santa Mar\u00eda Huatulco\" href=\"http:\/\/www.eloriente.net\/home\/2017\/06\/06\/atrevete-conocer-santa-maria-huatulco\/\" rel=\"bookmark\">Atr\u00e9vete a conocer Santa Mar\u00eda Huatulco<\/a><\/h2>\n<\/div>\n<p>(www.eloriente.net; M\u00e9xico a 6 de junio de 2017).- Por Jessica Lamdrid \u00a0 Santa Mar\u00eda Huatulco pertenece a los 500 municipios que conforman al estado de Oaxaca, M\u00e9xico; y\u2026<\/p>\n<p class=\"postmeta\"><span class=\"meta_date\">junio 6, 2017<\/span><\/p>\n<\/div>\n\n\t\t\t  <div \n\t\t\t  \tclass = \"fb-comments\" \n\t\t\t  \tdata-href = \"http:\/\/www.eloriente.net\/home\/2017\/06\/07\/documentacion-comprobatoria-outsourcing-2017-alfredo-puente-castellanos\/\"\n\t\t\t  \tdata-numposts = \"10\"\n\t\t\t\tdata-colorscheme = \"dark\"\n\t\t\t\tdata-order-by = \"social\"\n\t\t\t\tdata-mobile=true>\n\t\t\t  <\/div>\n\t\t  <style>\n\t\t\t.fb_iframe_widget_fluid_desktop iframe {\n\t\t\t    width: 100% !important;\n\t\t\t}\n\t\t  <\/style>\n\t\t  ","protected":false},"excerpt":{"rendered":"<p>&nbsp; 7 de junio de 2017 Por Alfredo Puente Castellanos Se incorporaron modificaciones a la Ley del ISR y al IVA que prev\u00e9n los requisitos a cumplir en materia de documentaci\u00f3n comprobatoria, cuando se ha implementado la figura del outsourcing en la empresa, es fundamental no poner en riesgo la deducibilidad y el acreditamiento para [&hellip;]<\/p>\n","protected":false},"author":44,"featured_media":48621,"comment_status":"open","ping_status":"open","sticky":false,"template":"","format":"standard","meta":{"_jetpack_memberships_contains_paid_content":false,"footnotes":""},"categories":[2435,7774,11,18,32,10,19],"tags":[2450,7775,4480,4414,252,1993,7882,7883,7890],"class_list":["post-48620","post","type-post","status-publish","format-standard","has-post-thumbnail","hentry","category-miercolesdeeconomia","category-alfredo-puente-castellanos","category-colaboradores","category-educacion-y-cultura","category-entradas","category-lo-mas-reciente","category-turismo-y-negocios","tag-miercolesdeeconomia-2","tag-alfredo-puente-castellanos","tag-articulista","tag-articulo","tag-economia","tag-isr","tag-iva","tag-ley-del-isr-y-al-iva","tag-outsourcing"],"jetpack_featured_media_url":"http:\/\/www.eloriente.net\/home\/wp-content\/uploads\/2017\/06\/8169560070_be77fe68fd_k.jpg","jetpack_sharing_enabled":true,"_links":{"self":[{"href":"http:\/\/www.eloriente.net\/home\/wp-json\/wp\/v2\/posts\/48620"}],"collection":[{"href":"http:\/\/www.eloriente.net\/home\/wp-json\/wp\/v2\/posts"}],"about":[{"href":"http:\/\/www.eloriente.net\/home\/wp-json\/wp\/v2\/types\/post"}],"author":[{"embeddable":true,"href":"http:\/\/www.eloriente.net\/home\/wp-json\/wp\/v2\/users\/44"}],"replies":[{"embeddable":true,"href":"http:\/\/www.eloriente.net\/home\/wp-json\/wp\/v2\/comments?post=48620"}],"version-history":[{"count":2,"href":"http:\/\/www.eloriente.net\/home\/wp-json\/wp\/v2\/posts\/48620\/revisions"}],"predecessor-version":[{"id":48623,"href":"http:\/\/www.eloriente.net\/home\/wp-json\/wp\/v2\/posts\/48620\/revisions\/48623"}],"wp:featuredmedia":[{"embeddable":true,"href":"http:\/\/www.eloriente.net\/home\/wp-json\/wp\/v2\/media\/48621"}],"wp:attachment":[{"href":"http:\/\/www.eloriente.net\/home\/wp-json\/wp\/v2\/media?parent=48620"}],"wp:term":[{"taxonomy":"category","embeddable":true,"href":"http:\/\/www.eloriente.net\/home\/wp-json\/wp\/v2\/categories?post=48620"},{"taxonomy":"post_tag","embeddable":true,"href":"http:\/\/www.eloriente.net\/home\/wp-json\/wp\/v2\/tags?post=48620"}],"curies":[{"name":"wp","href":"https:\/\/api.w.org\/{rel}","templated":true}]}}