{"id":48632,"date":"2017-06-08T11:25:18","date_gmt":"2017-06-08T17:25:18","guid":{"rendered":"http:\/\/www.eloriente.net\/home\/?p=48632"},"modified":"2017-06-08T11:32:08","modified_gmt":"2017-06-08T17:32:08","slug":"actividades-culturales-oaxaca-no-te-puedes-perder-del-8-al-14-junio","status":"publish","type":"post","link":"http:\/\/www.eloriente.net\/home\/2017\/06\/08\/actividades-culturales-oaxaca-no-te-puedes-perder-del-8-al-14-junio\/","title":{"rendered":"Actividades Culturales en Oaxaca que no te puedes perder (del 8 al 14 de junio)"},"content":{"rendered":"<p><!-- BANNER ELORIENTE INCRUSTADO NOTAS --> <ins class=\"adsbygoogle\" style=\"width: 300px;height: 250px\"><\/ins><\/p>\n<p>(www.eloriente.net; M\u00e9xico a 8 de junio de 2017).- Por Jessica Lamadrid<\/p>\n<p>&nbsp;<\/p>\n<p>El Oriente te comparte su agenda cultural de cada semana con actividades como: pl\u00e1ticas, proyecciones cinematogr\u00e1ficas, talleres y capacitaciones que se llevar\u00e1n a cabo en diferentes d\u00edas de \u00e9sta semana.<\/p>\n<p>&nbsp;<\/p>\n<h2>1.- \u00a0\u00abCuidando a mam\u00e1 y pap\u00e1 contra las drogas\u00bb<\/h2>\n<p>El d\u00eda de hoy jueves 8 de junio se llevar\u00e1 a cabo la pl\u00e1tica \u00abCuidando a mam\u00e1 y pap\u00e1 contras las drogas\u00bb en la biblioteca Ventura a la 1 de la tarde. La pl\u00e1tica estar\u00e1 a cargo de la psic\u00f3loga Tatiana Rojas Mrt\u00ednez y va dirigida tanto para adolescentes como para adultos.<\/p>\n<p>La biblioteca se ubica en Macedonio Alcal\u00e1 n\u00famero 125 de la Colonia Emiliano Zapata.<\/p>\n<p>&nbsp;<\/p>\n<p><a href=\"http:\/\/www.eloriente.net\/home\/wp-content\/uploads\/2017\/06\/19029744_1469007646478487_3741497771410392346_n.jpg\" rel=\"attachment wp-att-48633\"><img loading=\"lazy\" decoding=\"async\" class=\"alignnone size-full wp-image-48633\" src=\"http:\/\/www.eloriente.net\/home\/wp-content\/uploads\/2017\/06\/19029744_1469007646478487_3741497771410392346_n.jpg\" alt=\"19029744_1469007646478487_3741497771410392346_n\" width=\"653\" height=\"653\" srcset=\"http:\/\/www.eloriente.net\/home\/wp-content\/uploads\/2017\/06\/19029744_1469007646478487_3741497771410392346_n.jpg 853w, http:\/\/www.eloriente.net\/home\/wp-content\/uploads\/2017\/06\/19029744_1469007646478487_3741497771410392346_n-150x150.jpg 150w, http:\/\/www.eloriente.net\/home\/wp-content\/uploads\/2017\/06\/19029744_1469007646478487_3741497771410392346_n-300x300.jpg 300w, http:\/\/www.eloriente.net\/home\/wp-content\/uploads\/2017\/06\/19029744_1469007646478487_3741497771410392346_n-768x768.jpg 768w, http:\/\/www.eloriente.net\/home\/wp-content\/uploads\/2017\/06\/19029744_1469007646478487_3741497771410392346_n-50x50.jpg 50w, http:\/\/www.eloriente.net\/home\/wp-content\/uploads\/2017\/06\/19029744_1469007646478487_3741497771410392346_n-144x144.jpg 144w\" sizes=\"(max-width: 653px) 100vw, 653px\" \/><\/a><\/p>\n<p>&nbsp;<\/p>\n<p>&nbsp;<\/p>\n<p>&nbsp;<\/p>\n<p>&nbsp;<\/p>\n<h2>2.- \u00abSeguir viviendo\u00bb<\/h2>\n<p>En la Galer\u00eda C\u00f3digo Tonal se realizar\u00e1 la proyecci\u00f3n del film \u00abSeguir viviendo\u00bb dirigido por Alejandra S\u00e1nchez; \u00e9ste 10 de junio a las 20 horas. La entrada es libre.<\/p>\n<p>Si te interesa asistir te recordamos que la galer\u00eda se encuentra en Avenida Benito Ju\u00e1rez n\u00famero 107<\/p>\n<p><a href=\"http:\/\/www.eloriente.net\/home\/wp-content\/uploads\/2017\/06\/18920408_1382815435105228_4468804444943804158_n.jpg\" rel=\"attachment wp-att-48635\"><img loading=\"lazy\" decoding=\"async\" class=\"alignnone size-full wp-image-48635\" src=\"http:\/\/www.eloriente.net\/home\/wp-content\/uploads\/2017\/06\/18920408_1382815435105228_4468804444943804158_n.jpg\" alt=\"18920408_1382815435105228_4468804444943804158_n\" width=\"540\" height=\"660\" \/><\/a><\/p>\n<p>&nbsp;<\/p>\n<p>&nbsp;<\/p>\n<p>&nbsp;<\/p>\n<h2>3.-Huertos Urbanos<\/h2>\n<p>La Biblioteca \u00abEl Gran Cocodrilo\u00bb esta iniciando sus talleres del mes de junio. De \u00e9stos talleres que oferta te recomendamos el dirigido a ni\u00f1os y ni\u00f1as de 5 a 8 a\u00f1os titulado \u00abReciclaje Divertido\u00bb que comenzar\u00e1 el martes 13 de \u00e9ste mes a cargo de Alejandra Morales. El horario del taller es de 5 a 6 de la tarde todos los martes y jueves.<\/p>\n<p><!-- BANNER PEQUE\u00d1O PARA ENTRENOTAS EL ORIENTE --> <ins class=\"adsbygoogle\" style=\"width: 468px;height: 60px\"><\/ins><\/p>\n<p>Si \u00e9stas interesado o interesada en el taller te compartimos el <a href=\"https:\/\/www.facebook.com\/BibliotecaElGranCocodrilo\/photos\/a.1758533434468136.1073741830.1730237543964392\/1846652178989594\/?type=3&amp;theater\" target=\"_blank\">link <\/a>de la red social de la biblioteca para que puedas enterarte de los detalles de inscripci\u00f3n. La biblioteca se encuentra en la calle Porfirio D\u00edaz, manzana n\u00famero 7 del fraccionamiento Montoya.<\/p>\n<p><a href=\"http:\/\/www.eloriente.net\/home\/wp-content\/uploads\/2017\/06\/18620064_1846652178989594_7123191860353984452_n.jpg\" rel=\"attachment wp-att-48636\"><img loading=\"lazy\" decoding=\"async\" class=\"alignnone size-full wp-image-48636\" src=\"http:\/\/www.eloriente.net\/home\/wp-content\/uploads\/2017\/06\/18620064_1846652178989594_7123191860353984452_n.jpg\" alt=\"18620064_1846652178989594_7123191860353984452_n\" width=\"521\" height=\"660\" \/><\/a><\/p>\n<p>&nbsp;<\/p>\n<p>&nbsp;<\/p>\n<p>&nbsp;<\/p>\n<h2>4.- Capacitaci\u00f3n Permanente en el Uso de la Bicicleta como Medio de Transporte<\/h2>\n<p>La Casa de la Ciudad ha organizado una serie de m\u00f3dulos para una Capacitaci\u00f3n Permanente en el Uso de la Bicicleta como Medio de Transporte, iniciando \u00e9ste s\u00e1bado 10 de junio con Cultura de la Movilidad como primer tema a las 15:30 horas en la <a href=\"https:\/\/www.facebook.com\/213411298714654\/photos\/a.213460898709694.66540.213411298714654\/1365970340125405\/?type=3&amp;theater\" target=\"_blank\">Casa de la Ciudad<\/a>.<\/p>\n<p>El lugar en donde se ver\u00e1 el primer tema se encuentra en la calle Profirio D\u00edaz n\u00famero 115 de la Colonia Centro. La capacitaci\u00f3n no tiene costo.<\/p>\n<p><a href=\"http:\/\/www.eloriente.net\/home\/wp-content\/uploads\/2017\/06\/18839308_1365970340125405_9059655115253495185_n.jpg\" rel=\"attachment wp-att-48637\"><img loading=\"lazy\" decoding=\"async\" class=\"alignnone size-full wp-image-48637\" src=\"http:\/\/www.eloriente.net\/home\/wp-content\/uploads\/2017\/06\/18839308_1365970340125405_9059655115253495185_n.jpg\" alt=\"18839308_1365970340125405_9059655115253495185_n\" width=\"521\" height=\"660\" \/><\/a><\/p>\n<p>&nbsp;<\/p>\n<p>&nbsp;<\/p>\n<h2>5.- Tertulias Literarias<\/h2>\n<p>El d\u00eda 14 de junio se realizar\u00e1 la actividad Tertulias Literarias en el Instituto de Artes Gr\u00e1ficas de Oaxaca ubicado en Avenida Ju\u00e1rez n\u00famero 203 de la Colonia Centro. En donde participara Karina Sosa leyendo Farabeuf de Salvador Elizondo de 5 a 7 de la tarde.<\/p>\n<p>La entrada es libre.<\/p>\n<p><a href=\"http:\/\/www.eloriente.net\/home\/wp-content\/uploads\/2017\/06\/18921661_1592372987463737_4977399429806599397_n.jpg\" rel=\"attachment wp-att-48634\"><img loading=\"lazy\" decoding=\"async\" class=\"alignnone size-full wp-image-48634\" src=\"http:\/\/www.eloriente.net\/home\/wp-content\/uploads\/2017\/06\/18921661_1592372987463737_4977399429806599397_n.jpg\" alt=\"18921661_1592372987463737_4977399429806599397_n\" width=\"600\" height=\"600\" srcset=\"http:\/\/www.eloriente.net\/home\/wp-content\/uploads\/2017\/06\/18921661_1592372987463737_4977399429806599397_n.jpg 900w, http:\/\/www.eloriente.net\/home\/wp-content\/uploads\/2017\/06\/18921661_1592372987463737_4977399429806599397_n-150x150.jpg 150w, http:\/\/www.eloriente.net\/home\/wp-content\/uploads\/2017\/06\/18921661_1592372987463737_4977399429806599397_n-300x300.jpg 300w, http:\/\/www.eloriente.net\/home\/wp-content\/uploads\/2017\/06\/18921661_1592372987463737_4977399429806599397_n-768x768.jpg 768w, http:\/\/www.eloriente.net\/home\/wp-content\/uploads\/2017\/06\/18921661_1592372987463737_4977399429806599397_n-50x50.jpg 50w, http:\/\/www.eloriente.net\/home\/wp-content\/uploads\/2017\/06\/18921661_1592372987463737_4977399429806599397_n-144x144.jpg 144w\" sizes=\"(max-width: 600px) 100vw, 600px\" \/><\/a><\/p>\n<p>&nbsp;<\/p>\n<p>&nbsp;<\/p>\n<p>&nbsp;<\/p>\n<p>&nbsp;<\/p>\n<h2>OTRAS ENTRADAS<\/h2>\n<div class=\"featuredpost\">\n<div class=\"flow_hide\">\n<h2 class=\"posttitle bigposttitle\"><a title=\"Enlace Permanente a #Educaci\u00f3nEnL\u00ednea Curso gratuito sobre feminismo\" href=\"http:\/\/www.eloriente.net\/home\/2017\/06\/07\/educacionenlinea-curso-gratuito-feminismo\/\" rel=\"bookmark\">#Educaci\u00f3nEnL\u00ednea Curso gratuito sobre feminismo<\/a><\/h2>\n<\/div>\n<p>(www.eloriente.net; M\u00e9xico a 7 de junio de 2017).-Por Jessica Lamadrid La Universidad de Guanajuato ha abierto su nuevo curso gratuito en l\u00ednea \u201cHistoria de los feminismos\u201d. En \u00e9ste\u2026<\/p>\n<p class=\"postmeta\"><span class=\"meta_date\">junio 7, 2017<\/span><\/p>\n<p class=\"postmeta\">\n<\/div>\n<div class=\"featuredpost\">\n<div class=\"flow_hide\">\n<p><a href=\"http:\/\/www.eloriente.net\/home\/2017\/06\/07\/videocolumna-ciencia-turistica-juan-antonio-gomez\/\" rel=\"bookmark\"><img decoding=\"async\" class=\"alignleft\" title=\"VIDEOCOLUMNA: Con ciencia tur\u00edstica\u2026 Por Juan Antonio G\u00f3mez\" src=\"http:\/\/www.eloriente.net\/home\/wp-content\/themes\/city-desk\/timthumb.php?src=http%3A%2F%2Fwww.eloriente.net%2Fhome%2Fwp-content%2Fuploads%2F2017%2F06%2FJUAN-ANTONIO-GO%CC%81MEZ-4-DE-JUNIO-2017.jpg&amp;q=90&amp;w=70&amp;h=45&amp;zc=1\" alt=\"VIDEOCOLUMNA: Con ciencia tur\u00edstica\u2026 Por Juan Antonio G\u00f3mez\" \/><\/a><\/p>\n<h2 class=\"posttitle \"><a title=\"Enlace Permanente a VIDEOCOLUMNA: Con ciencia tur\u00edstica\u2026 Por Juan Antonio G\u00f3mez\" href=\"http:\/\/www.eloriente.net\/home\/2017\/06\/07\/videocolumna-ciencia-turistica-juan-antonio-gomez\/\" rel=\"bookmark\">VIDEOCOLUMNA: Con ciencia tur\u00edstica\u2026 Por Juan Antonio G\u00f3mez<\/a><\/h2>\n<\/div>\n<p>eloriente.net 7 de junio de 2017 \u201cSe ha dicho que Oaxaca tiene vocaci\u00f3n tur\u00edstica entendiendo con ello que nuestro estado posee atractivos de los m\u00e1s diversos \u00f3rdenes\u2026<\/p>\n<p class=\"postmeta\"><span class=\"meta_date\">junio 7, 2017<\/span><\/p>\n<p class=\"postmeta\">\n<\/div>\n<div class=\"featuredpost\">\n<div class=\"flow_hide\">\n<p><a href=\"http:\/\/www.eloriente.net\/home\/2017\/06\/06\/5-vacantes-medicina-enfermeria-martesdevacantes-3\/\" rel=\"bookmark\"><img decoding=\"async\" class=\"alignleft\" title=\"5 vacantes en Medicina y Enfermer\u00eda #MartesDeVacantes\" src=\"http:\/\/www.eloriente.net\/home\/wp-content\/themes\/city-desk\/timthumb.php?src=http%3A%2F%2Fwww.eloriente.net%2Fhome%2Fwp-content%2Fuploads%2F2014%2F05%2Fmartes-de-vacantes.jpg&amp;q=90&amp;w=70&amp;h=45&amp;zc=1\" alt=\"5 vacantes en Medicina y Enfermer\u00eda #MartesDeVacantes\" \/><\/a><\/p>\n<h2 class=\"posttitle \"><a title=\"Enlace Permanente a 5 vacantes en Medicina y Enfermer\u00eda #MartesDeVacantes\" href=\"http:\/\/www.eloriente.net\/home\/2017\/06\/06\/5-vacantes-medicina-enfermeria-martesdevacantes-3\/\" rel=\"bookmark\">5 vacantes en Medicina y Enfermer\u00eda #MartesDeVacantes<\/a><\/h2>\n<\/div>\n<p>(www.eloriente.net, M\u00e9xico, a 6 de junio de 2017).- Conscientes de la importancia para la ciudadan\u00eda en general de la b\u00fasqueda de nuevas oportunidades de crecimiento profesional, ponemos\u2026<\/p>\n<p class=\"postmeta\"><span class=\"meta_date\">junio 6, 2017<\/span><\/p>\n<\/div>\n\n\t\t\t  <div \n\t\t\t  \tclass = \"fb-comments\" \n\t\t\t  \tdata-href = \"http:\/\/www.eloriente.net\/home\/2017\/06\/08\/actividades-culturales-oaxaca-no-te-puedes-perder-del-8-al-14-junio\/\"\n\t\t\t  \tdata-numposts = \"10\"\n\t\t\t\tdata-colorscheme = \"dark\"\n\t\t\t\tdata-order-by = \"social\"\n\t\t\t\tdata-mobile=true>\n\t\t\t  <\/div>\n\t\t  <style>\n\t\t\t.fb_iframe_widget_fluid_desktop iframe {\n\t\t\t    width: 100% !important;\n\t\t\t}\n\t\t  <\/style>\n\t\t  ","protected":false},"excerpt":{"rendered":"<p>(www.eloriente.net; M\u00e9xico a 8 de junio de 2017).- Por Jessica Lamadrid &nbsp; El Oriente te comparte su agenda cultural de cada semana con actividades como: pl\u00e1ticas, proyecciones cinematogr\u00e1ficas, talleres y capacitaciones que se llevar\u00e1n a cabo en diferentes d\u00edas de \u00e9sta semana. &nbsp; 1.- \u00a0\u00abCuidando a mam\u00e1 y pap\u00e1 contra las drogas\u00bb El d\u00eda de [&hellip;]<\/p>\n","protected":false},"author":45,"featured_media":48638,"comment_status":"open","ping_status":"open","sticky":false,"template":"","format":"standard","meta":{"_jetpack_memberships_contains_paid_content":false,"footnotes":""},"categories":[8,32,10,464,31],"tags":[858,1032,241,1620,73],"class_list":["post-48632","post","type-post","status-publish","format-standard","has-post-thumbnail","hentry","category-agenda","category-entradas","category-lo-mas-reciente","category-oaxaca-estados","category-principal","tag-actividades","tag-agenda-2","tag-cultura","tag-jueves","tag-oaxaca"],"jetpack_featured_media_url":"http:\/\/www.eloriente.net\/home\/wp-content\/uploads\/2017\/06\/white-737190_1920.jpg","jetpack_sharing_enabled":true,"_links":{"self":[{"href":"http:\/\/www.eloriente.net\/home\/wp-json\/wp\/v2\/posts\/48632"}],"collection":[{"href":"http:\/\/www.eloriente.net\/home\/wp-json\/wp\/v2\/posts"}],"about":[{"href":"http:\/\/www.eloriente.net\/home\/wp-json\/wp\/v2\/types\/post"}],"author":[{"embeddable":true,"href":"http:\/\/www.eloriente.net\/home\/wp-json\/wp\/v2\/users\/45"}],"replies":[{"embeddable":true,"href":"http:\/\/www.eloriente.net\/home\/wp-json\/wp\/v2\/comments?post=48632"}],"version-history":[{"count":3,"href":"http:\/\/www.eloriente.net\/home\/wp-json\/wp\/v2\/posts\/48632\/revisions"}],"predecessor-version":[{"id":48644,"href":"http:\/\/www.eloriente.net\/home\/wp-json\/wp\/v2\/posts\/48632\/revisions\/48644"}],"wp:featuredmedia":[{"embeddable":true,"href":"http:\/\/www.eloriente.net\/home\/wp-json\/wp\/v2\/media\/48638"}],"wp:attachment":[{"href":"http:\/\/www.eloriente.net\/home\/wp-json\/wp\/v2\/media?parent=48632"}],"wp:term":[{"taxonomy":"category","embeddable":true,"href":"http:\/\/www.eloriente.net\/home\/wp-json\/wp\/v2\/categories?post=48632"},{"taxonomy":"post_tag","embeddable":true,"href":"http:\/\/www.eloriente.net\/home\/wp-json\/wp\/v2\/tags?post=48632"}],"curies":[{"name":"wp","href":"https:\/\/api.w.org\/{rel}","templated":true}]}}