{"id":48745,"date":"2017-06-16T16:33:38","date_gmt":"2017-06-16T22:33:38","guid":{"rendered":"http:\/\/www.eloriente.net\/home\/?p=48745"},"modified":"2021-09-23T09:13:40","modified_gmt":"2021-09-23T15:13:40","slug":"videocolumna-la-medida-todas-las-cosas-salvador-siguenza-orozco","status":"publish","type":"post","link":"http:\/\/www.eloriente.net\/home\/2017\/06\/16\/videocolumna-la-medida-todas-las-cosas-salvador-siguenza-orozco\/","title":{"rendered":"VIDEOCOLUMNA: La medida de todas las cosas, por Salvador Sig\u00fcenza Orozco"},"content":{"rendered":"<p><script src=\"\/\/pagead2.googlesyndication.com\/pagead\/js\/adsbygoogle.js\" async=\"\"><\/script><!-- BANNER ELORIENTE INCRUSTADO NOTAS --> <ins class=\"adsbygoogle\" style=\"display: inline-block; width: 300px; height: 250px;\" data-ad-client=\"ca-pub-1136171134853753\" data-ad-slot=\"7974633627\"><\/ins><script>\/\/ <![CDATA[ (adsbygoogle = window.adsbygoogle || []).push({}); \/\/ ]]><\/script><\/p>\n<p>&nbsp;<\/p>\n<p>eloriente.net<\/p>\n<p>16 de junio de 2017<\/p>\n<p>\u00abAdem\u00e1s del sufragio efectivo, los revolucionarios franceses heredaron al mundo \u201cla medida de todas las cosas\u201d: el metro.\u00bb<\/p>\n<p>El doctor <a class=\"profileLink\" href=\"https:\/\/www.facebook.com\/salvador.siguenza.3\" data-hovercard=\"\/ajax\/hovercard\/user.php?id=636971868\" data-hovercard-prefer-more-content-show=\"1\">Salvador Sig\u00fcenza<\/a> nos platica en esta videocolumna sobre la historia de la creaci\u00f3n del sistema m\u00e9trico decimal<\/p>\n<p><iframe loading=\"lazy\" style=\"border: none; overflow: hidden;\" src=\"https:\/\/www.facebook.com\/plugins\/video.php?href=https%3A%2F%2Fwww.facebook.com%2F443535572345554%2Fvideos%2F1581196878579412%2F&amp;show_text=0&amp;width=560\" width=\"560\" height=\"315\" frameborder=\"0\" scrolling=\"no\" allowfullscreen=\"allowfullscreen\"><\/iframe><\/p>\n<p><script src=\"\/\/pagead2.googlesyndication.com\/pagead\/js\/adsbygoogle.js\" async=\"\"><\/script><!-- BANNER PEQUE\u00d1O PARA ENTRENOTAS EL ORIENTE --> <ins class=\"adsbygoogle\" style=\"display: inline-block; width: 468px; height: 60px;\" data-ad-client=\"ca-pub-1136171134853753\" data-ad-slot=\"4953536424\"><\/ins><script>\/\/ <![CDATA[ (adsbygoogle = window.adsbygoogle || []).push({}); \/\/ ]]><\/script><\/p>\n<p>Salvador, entre otras cosas, es Profesor-Investigador del <a class=\"profileLink\" href=\"https:\/\/www.facebook.com\/pages\/CIESAS-Pac%C3%ADfico-Sur\/113181515430667\" data-hovercard=\"\/ajax\/hovercard\/page.php?id=113181515430667\">CIESAS Pac\u00edfico Sur<\/a> (Centro de Investigaciones y Estudios Superiores en Antropolog\u00eda Social Unidad Pac\u00edfico Sur); Doctor en Historia por la Universidad Complutense de Madrid; y Miembro del Sistema Nacional de Investigadores (SNI I).<\/p>\n<p><a href=\"http:\/\/www.eloriente.net\/home\/wp-content\/uploads\/2017\/06\/SALVADOR-SIGU\u0308ENZA-OROZCO-9-DE-JUNIO-2017.jpg\" rel=\"attachment wp-att-48746\"><img loading=\"lazy\" decoding=\"async\" class=\"alignnone size-full wp-image-48746\" src=\"http:\/\/www.eloriente.net\/home\/wp-content\/uploads\/2017\/06\/SALVADOR-SIGU\u0308ENZA-OROZCO-9-DE-JUNIO-2017.jpg\" alt=\"SALVADOR SIGU\u0308ENZA OROZCO 9 DE JUNIO 2017\" width=\"640\" height=\"360\" srcset=\"http:\/\/www.eloriente.net\/home\/wp-content\/uploads\/2017\/06\/SALVADOR-SIGU\u0308ENZA-OROZCO-9-DE-JUNIO-2017.jpg 1920w, http:\/\/www.eloriente.net\/home\/wp-content\/uploads\/2017\/06\/SALVADOR-SIGU\u0308ENZA-OROZCO-9-DE-JUNIO-2017-300x169.jpg 300w, http:\/\/www.eloriente.net\/home\/wp-content\/uploads\/2017\/06\/SALVADOR-SIGU\u0308ENZA-OROZCO-9-DE-JUNIO-2017-768x432.jpg 768w, http:\/\/www.eloriente.net\/home\/wp-content\/uploads\/2017\/06\/SALVADOR-SIGU\u0308ENZA-OROZCO-9-DE-JUNIO-2017-1024x576.jpg 1024w\" sizes=\"(max-width: 640px) 100vw, 640px\" \/><\/a><\/p>\n<p><strong>OTRAS VIDEOCOLUMNAS<\/strong><\/p>\n<h2 class=\"entry_title\"><a title=\"Enlace Permanente a VIDEOCOLUMNA: \u201cConstruir y salvaguardar la libertad del otro\u201d (Parte 4). Por \u00darsula Woolrich\" href=\"http:\/\/www.eloriente.net\/home\/2017\/06\/14\/videocolumna-construir-salvaguardar-la-libertad-del-parte-4-ursula-woolrich\/\" rel=\"bookmark\">VIDEOCOLUMNA: \u201cConstruir y salvaguardar la libertad del otro\u201d (Parte 4). Por \u00darsula Woolrich<\/a><\/h2>\n<p><a href=\"http:\/\/www.eloriente.net\/home\/2017\/06\/14\/videocolumna-construir-salvaguardar-la-libertad-del-parte-4-ursula-woolrich\/\" rel=\"bookmark\"><img decoding=\"async\" class=\"alignleft\" title=\"VIDEOCOLUMNA: \u201cConstruir y salvaguardar la libertad del otro\u201d (Parte 4). Por \u00darsula Woolrich\" src=\"http:\/\/www.eloriente.net\/home\/wp-content\/themes\/city-desk\/timthumb.php?src=http%3A%2F%2Fwww.eloriente.net%2Fhome%2Fwp-content%2Fuploads%2F2017%2F06%2FU%CC%81RSULA-WOOLRICH-8-DE-JUNIO-2017-1.jpg&amp;q=90&amp;w=160&amp;h=106&amp;zc=1\" alt=\"VIDEOCOLUMNA: \u201cConstruir y salvaguardar la libertad del otro\u201d (Parte 4). Por \u00darsula Woolrich\" \/><\/a><\/p>\n<p>eloriente.net 14 de junio de 2017 \u201cTe has puesto a pensar qu\u00e9 es primero \u00bfla libertad o la responsabilidad?\u2026 L\u00e9vinas dice que la historia de la humanidad ha girado fuertemente en torno al sentido de libertad, pero que nos hemos olvidado de la responsabilidad.\u201d Esta semana Ursula Woolrich nos presenta la videocolumna 4 del [\u2026]<\/p>\n<div id=\"post-48648\" class=\"entry loop-default border_bottom_30 post-48648 post type-post status-publish format-standard has-post-thumbnail hentry category-congreso-y-justicia category-entradas category-estados category-karina-baron category-oaxaca-estados category-politica-y-gobierno category-videoblogs tag-congreso tag-karina-baron tag-mexico tag-opinion tag-periodistas tag-seguridad tag-videocolumna\">\n<h2 class=\"entry_title\"><a title=\"Enlace Permanente a VIDEOCOLUMNA: Los periodistas merecen protecci\u00f3n y condiciones propicias para trabajar libremente. Por Karina Bar\u00f3n\" href=\"http:\/\/www.eloriente.net\/home\/2017\/06\/08\/videocolumna-los-periodistas-merecen-proteccion-condiciones-propicias-trabajar-libremente-karina-baron\/\" rel=\"bookmark\">VIDEOCOLUMNA: Los periodistas merecen protecci\u00f3n y condiciones propicias para trabajar libremente. Por Karina Bar\u00f3n<\/a><\/h2>\n<p><a href=\"http:\/\/www.eloriente.net\/home\/2017\/06\/08\/videocolumna-los-periodistas-merecen-proteccion-condiciones-propicias-trabajar-libremente-karina-baron\/\" rel=\"bookmark\"><img decoding=\"async\" class=\"alignleft\" title=\"VIDEOCOLUMNA: Los periodistas merecen protecci\u00f3n y condiciones propicias para trabajar libremente. Por Karina Bar\u00f3n\" src=\"http:\/\/www.eloriente.net\/home\/wp-content\/themes\/city-desk\/timthumb.php?src=http%3A%2F%2Fwww.eloriente.net%2Fhome%2Fwp-content%2Fuploads%2F2017%2F06%2FKARINA-BARO%CC%81N-7-DE-JUNIO-2017.jpg&amp;q=90&amp;w=160&amp;h=106&amp;zc=1\" alt=\"VIDEOCOLUMNA: Los periodistas merecen protecci\u00f3n y condiciones propicias para trabajar libremente. Por Karina Bar\u00f3n\" \/><\/a>\u00a0 eloriente.net 8 de junio del 2017 \u201c6 de cada 10 delitos efectuados contra periodistas, tienen lugar en Oaxaca, Veracruz, Chihuahua, Guerrero o Tamaulipas. As\u00ed lo confirman datos de la Comisi\u00f3n Nacional de Derechos Humanos. Los periodistas merecen protecci\u00f3n y condiciones propicias para trabajar libremente.\u201d Esta semana Karina Bar\u00f3n habla sobre la dif\u00edcil situaci\u00f3n que [\u2026]<\/p>\n<p class=\"postmeta\"><span class=\"meta_date\">junio 8, 2017<\/span><span class=\"meta_comment\"><a href=\"http:\/\/www.eloriente.net\/home\/2017\/06\/08\/videocolumna-los-periodistas-merecen-proteccion-condiciones-propicias-trabajar-libremente-karina-baron\/#respond\">Sin Comentarios<\/a><\/span><span class=\"meta_permalink\"><a title=\"Enlace Permanente a VIDEOCOLUMNA: Los periodistas merecen protecci\u00f3n y condiciones propicias para trabajar libremente. Por Karina Bar\u00f3n\" href=\"http:\/\/www.eloriente.net\/home\/2017\/06\/08\/videocolumna-los-periodistas-merecen-proteccion-condiciones-propicias-trabajar-libremente-karina-baron\/\" rel=\"bookmark\">Leer Mas<\/a><\/span><span class=\"meta_edit\"><a class=\"post-edit-link\" href=\"http:\/\/www.eloriente.net\/home\/wp-admin\/post.php?post=48648&amp;action=edit\">#<\/a><\/span><\/p>\n<\/div>\n<div id=\"post-48617\" class=\"entry loop-default border_bottom_30 post-48617 post type-post status-publish format-standard has-post-thumbnail hentry category-miercolesdeeconomia category-educacion-y-cultura category-entradas category-estados category-juan-antonio-gomez category-oaxaca-estados category-turismo-y-negocios category-videoblogs tag-actividad tag-consciencia tag-juan-antonio-gomez tag-oaxaca tag-opinion tag-turismo tag-turistica tag-videocolumna\">\n<h2 class=\"entry_title\"><a title=\"Enlace Permanente a VIDEOCOLUMNA: Con ciencia tur\u00edstica\u2026 Por Juan Antonio G\u00f3mez\" href=\"http:\/\/www.eloriente.net\/home\/2017\/06\/07\/videocolumna-ciencia-turistica-juan-antonio-gomez\/\" rel=\"bookmark\">VIDEOCOLUMNA: Con ciencia tur\u00edstica\u2026 Por Juan Antonio G\u00f3mez<\/a><\/h2>\n<p><a href=\"http:\/\/www.eloriente.net\/home\/2017\/06\/07\/videocolumna-ciencia-turistica-juan-antonio-gomez\/\" rel=\"bookmark\"><img decoding=\"async\" class=\"alignleft\" title=\"VIDEOCOLUMNA: Con ciencia tur\u00edstica\u2026 Por Juan Antonio G\u00f3mez\" src=\"http:\/\/www.eloriente.net\/home\/wp-content\/themes\/city-desk\/timthumb.php?src=http%3A%2F%2Fwww.eloriente.net%2Fhome%2Fwp-content%2Fuploads%2F2017%2F06%2FJUAN-ANTONIO-GO%CC%81MEZ-4-DE-JUNIO-2017.jpg&amp;q=90&amp;w=160&amp;h=106&amp;zc=1\" alt=\"VIDEOCOLUMNA: Con ciencia tur\u00edstica\u2026 Por Juan Antonio G\u00f3mez\" \/><\/a>\u00a0 eloriente.net 7 de junio de 2017 \u201cSe ha dicho que Oaxaca tiene vocaci\u00f3n tur\u00edstica entendiendo con ello que nuestro estado posee atractivos de los m\u00e1s diversos \u00f3rdenes que pueden hacer placentero el paseo de quienes visitan cualquiera de los espacios de nuestro variado mosaico social, cultural, gastron\u00f3mico, natural y m\u00e1s.\u201d En esta nueva videocolumna [\u2026]<\/p>\n<p><script async src=\"https:\/\/pagead2.googlesyndication.com\/pagead\/js\/adsbygoogle.js\"><\/script><br \/>\n<ins class=\"adsbygoogle\" style=\"display: block;\" data-ad-format=\"autorelaxed\" data-ad-client=\"ca-pub-1136171134853753\" data-ad-slot=\"4595267748\"><\/ins><br \/>\n<script>\n     (adsbygoogle = window.adsbygoogle || []).push({});\n<\/script><\/p>\n<\/div>\n\n\t\t\t  <div \n\t\t\t  \tclass = \"fb-comments\" \n\t\t\t  \tdata-href = \"http:\/\/www.eloriente.net\/home\/2017\/06\/16\/videocolumna-la-medida-todas-las-cosas-salvador-siguenza-orozco\/\"\n\t\t\t  \tdata-numposts = \"10\"\n\t\t\t\tdata-colorscheme = \"dark\"\n\t\t\t\tdata-order-by = \"social\"\n\t\t\t\tdata-mobile=true>\n\t\t\t  <\/div>\n\t\t  <style>\n\t\t\t.fb_iframe_widget_fluid_desktop iframe {\n\t\t\t    width: 100% !important;\n\t\t\t}\n\t\t  <\/style>\n\t\t  ","protected":false},"excerpt":{"rendered":"<p>&nbsp; eloriente.net 16 de junio de 2017 \u00abAdem\u00e1s del sufragio efectivo, los revolucionarios franceses heredaron al mundo \u201cla medida de todas las cosas\u201d: el metro.\u00bb El doctor Salvador Sig\u00fcenza nos platica en esta videocolumna sobre la historia de la creaci\u00f3n del sistema m\u00e9trico decimal Salvador, entre otras cosas, es Profesor-Investigador del CIESAS Pac\u00edfico Sur (Centro [&hellip;]<\/p>\n","protected":false},"author":44,"featured_media":48746,"comment_status":"open","ping_status":"open","sticky":false,"template":"","format":"standard","meta":{"_jetpack_memberships_contains_paid_content":false,"footnotes":""},"categories":[3,18,32,5297,7172,98],"tags":[7912,7911,1227,180,7910,7173,7199,6224],"class_list":["post-48745","post","type-post","status-publish","format-standard","has-post-thumbnail","hentry","category-canal-1-tu-aula","category-educacion-y-cultura","category-entradas","category-historia","category-salvador-siguenza-orozco","category-videoblogs","tag-centimetros","tag-el-metro","tag-francia","tag-historia","tag-medidas","tag-salvador-siguenza","tag-salvador-siguenza-orozco","tag-videocolumna"],"jetpack_featured_media_url":"http:\/\/www.eloriente.net\/home\/wp-content\/uploads\/2017\/06\/SALVADOR-SIGU\u0308ENZA-OROZCO-9-DE-JUNIO-2017.jpg","jetpack_sharing_enabled":true,"_links":{"self":[{"href":"http:\/\/www.eloriente.net\/home\/wp-json\/wp\/v2\/posts\/48745"}],"collection":[{"href":"http:\/\/www.eloriente.net\/home\/wp-json\/wp\/v2\/posts"}],"about":[{"href":"http:\/\/www.eloriente.net\/home\/wp-json\/wp\/v2\/types\/post"}],"author":[{"embeddable":true,"href":"http:\/\/www.eloriente.net\/home\/wp-json\/wp\/v2\/users\/44"}],"replies":[{"embeddable":true,"href":"http:\/\/www.eloriente.net\/home\/wp-json\/wp\/v2\/comments?post=48745"}],"version-history":[{"count":3,"href":"http:\/\/www.eloriente.net\/home\/wp-json\/wp\/v2\/posts\/48745\/revisions"}],"predecessor-version":[{"id":65058,"href":"http:\/\/www.eloriente.net\/home\/wp-json\/wp\/v2\/posts\/48745\/revisions\/65058"}],"wp:featuredmedia":[{"embeddable":true,"href":"http:\/\/www.eloriente.net\/home\/wp-json\/wp\/v2\/media\/48746"}],"wp:attachment":[{"href":"http:\/\/www.eloriente.net\/home\/wp-json\/wp\/v2\/media?parent=48745"}],"wp:term":[{"taxonomy":"category","embeddable":true,"href":"http:\/\/www.eloriente.net\/home\/wp-json\/wp\/v2\/categories?post=48745"},{"taxonomy":"post_tag","embeddable":true,"href":"http:\/\/www.eloriente.net\/home\/wp-json\/wp\/v2\/tags?post=48745"}],"curies":[{"name":"wp","href":"https:\/\/api.w.org\/{rel}","templated":true}]}}