{"id":48785,"date":"2017-06-20T12:30:13","date_gmt":"2017-06-20T18:30:13","guid":{"rendered":"http:\/\/www.eloriente.net\/home\/?p=48785"},"modified":"2017-06-27T10:44:54","modified_gmt":"2017-06-27T16:44:54","slug":"5-vacantes-contadores-martesdevacantes-5","status":"publish","type":"post","link":"http:\/\/www.eloriente.net\/home\/2017\/06\/20\/5-vacantes-contadores-martesdevacantes-5\/","title":{"rendered":"5 vacantes para Contadores #MartesDeVacantes"},"content":{"rendered":"<p><script src=\"\/\/pagead2.googlesyndication.com\/pagead\/js\/adsbygoogle.js\" async=\"\"><\/script><!-- BANNER ELORIENTE INCRUSTADO NOTAS --> <ins class=\"adsbygoogle\" style=\"display: inline-block; width: 300px; height: 250px;\" data-ad-client=\"ca-pub-1136171134853753\" data-ad-slot=\"7974633627\"><\/ins><script>\/\/ <![CDATA[\n(adsbygoogle = window.adsbygoogle || []).push({});\n\/\/ ]]><\/script><\/p>\n<p>&nbsp;<\/p>\n<p>(www.eloriente.net, M\u00e9xico, a 20 de junio de 2017).- Conscientes de la importancia para la ciudadan\u00eda en general de la b\u00fasqueda de nuevas oportunidades de crecimiento profesional, ponemos a tu disposici\u00f3n semanalmente ofertas de empleo disponibles por profesi\u00f3n en cualquier parte de M\u00e9xico y del mundo o, cuando as\u00ed lo amerita, exclusivamente en Oaxaca.<\/p>\n<p>En esta ocasi\u00f3n, ELORIENTE.NET comparte cinco vacantes para Contadores.<\/p>\n<p>Si deseas aplicar para alguna de las vacantes, deber\u00e1s darle clic al t\u00edtulo de esta y te llevar\u00e1 al sitio que te pondr\u00e1 en contacto con los empleadores. No olvides comentar que la oportunidad la has encontrado con nosotros en el Martes de Vacantes de ELORIENTE.NET. \u00a1\u00c9xito!<\/p>\n<p><a href=\"https:\/\/www.indeed.com.mx\/viewjob?jk=1875a318f0787e96&amp;q=contadur%C3%ADa&amp;l=oaxaca&amp;tk=1bj37vp2taf8mfk8&amp;from=web\" target=\"_blank\"><strong>1.- DOCENTE DE CONTADUR\u00cdA<\/strong><\/a><\/p>\n<p><strong>Escolaridad:<\/strong> Licenciatura en Contadur\u00eda con Maestr\u00eda en Administraci\u00f3n<\/p>\n<p><strong>G\u00e9nero:<\/strong> Indistinto<\/p>\n<p><strong>Requisitos:<\/strong> Experiencia m\u00ednima de dos a\u00f1os en administraci\u00f3n de empresas y en procedimientos financieros. Contar con t\u00edtulo y c\u00e9dula profesional. Contar con conocimientos en contabilidad financiera, an\u00e1lisis de costos, normas de informaci\u00f3n financiera.<\/p>\n<p><strong>Funciones:<\/strong> Impartir clases de contadur\u00eda.<\/p>\n<p><strong>Salario:<\/strong> No mostrado<\/p>\n<p><strong>Horario:<\/strong> Jornada por horas, no especificada.<\/p>\n<p><a href=\"https:\/\/www.empleo.gob.mx\/3079333-oferta-de-empleo-de-auxiliar-contable-centro-servicio-y-neumaticos\"><strong>2.- AUXILIAR CONTABLE<\/strong><\/a><\/p>\n<p><strong>Escolaridad:<\/strong> Licenciatura en Contadur\u00eda P\u00fablica<\/p>\n<p><strong>G\u00e9nero:<\/strong> Indistinto<\/p>\n<p><strong>Requisitos:<\/strong> Experiencia m\u00ednima de 3 a 4 a\u00f1os. Poseer un razonamiento l\u00f3gico-matem\u00e1tico, capacidad para trabajar en equipo y tolerancia a la presi\u00f3n.<\/p>\n<p><strong>Funciones:<\/strong> Conciliaciones bancarias manejo de inventarios registros contables<\/p>\n<p><strong>Salario:<\/strong> $5000 mensuales<\/p>\n<p><strong>Horario:<\/strong> Lunas a s\u00e1bado de 8:00 a 19:00 horas<\/p>\n<p><a href=\"https:\/\/www.computrabajo.com.mx\/ofertas-de-trabajo\/oferta-de-trabajo-de-ejecutivo-de-nominas-lic-administracion-contaduria-afines-en-oaxaca-de-juarez-C13ABA542F6F2A5E\"><strong>3.- EJECUTIVO DE N\u00d3MINAS<\/strong><\/a><\/p>\n<p><strong>Escolaridad:<\/strong> Licenciatura en Administraci\u00f3n o carreras afines.<\/p>\n<p><strong>G\u00e9nero:<\/strong> Masculino<\/p>\n<p><strong>Requisitos:<\/strong> Edad m\u00ednima de 26 a\u00f1os. Experiencia m\u00ednima de un a\u00f1os. Contar con conocimientos y experiencia en c\u00e1lculo de n\u00f3mina y manejo de incidencias, altas y bajas.<\/p>\n<p><strong>Funciones:<\/strong> Estar a cargo de la n\u00f3mina.<\/p>\n<p><strong>Salario:<\/strong> $7000 mensuales<\/p>\n<p><strong>Horario:<\/strong> Tiempo completo (no especificado)<\/p>\n<p><script src=\"\/\/pagead2.googlesyndication.com\/pagead\/js\/adsbygoogle.js\" async=\"\"><\/script><!-- BANNER PEQUE\u00d1O PARA ENTRENOTAS EL ORIENTE --> <ins class=\"adsbygoogle\" style=\"display: inline-block; width: 468px; height: 60px;\" data-ad-client=\"ca-pub-1136171134853753\" data-ad-slot=\"4953536424\"><\/ins><script>\/\/ <![CDATA[\n(adsbygoogle = window.adsbygoogle || []).push({});\n\/\/ ]]><\/script><\/p>\n<p><a href=\"https:\/\/www.indeed.com.mx\/cmp\/CONSULTORIA-EMPRESARIAL-Y-GOBIERNOS-CORPORATIVOS-CEG\/jobs\/Auxilar-cr%C3%A9dito-cobranza-39219ef604a383bb?q=contadur%C3%ADa\"><strong>4.- AUXILIAR DE CR\u00c9DITO Y COBRANZA<\/strong><\/a><\/p>\n<p><strong>Escolaridad:<\/strong> Licenciatura en Contadur\u00eda P\u00fablica o af\u00edn.<\/p>\n<p><strong>G\u00e9nero:<\/strong> Indistinto<\/p>\n<p><strong>Requisitos:<\/strong> Edad de 23 a 35 a\u00f1os. Titulado o pasante. Experiencia m\u00ednima de un a\u00f1os.<\/p>\n<p><strong>Funciones:<\/strong> Tener toda la documentaci\u00f3n al d\u00eda, cumplir con todas las obligaciones fiscales o contables establecidas por la ley, pera el buen funcionamiento del departamento contable de la empresa.<\/p>\n<p><strong>Salario:<\/strong> $3000-$5000 mensuales seg\u00fan experiencia y aptitudes<\/p>\n<p><strong>Horario:<\/strong> Lunes a viernes de 8:00 a 16:30 horas. S\u00e1bados de 9:00 a 14:30 horas<\/p>\n<p><a href=\"https:\/\/www.occ.com.mx\/empleo\/oferta\/10029584\/-en-Oaxaca?returnURL=%2Fempleos-en-oaxaca%2Fcontadur%25C3%25ADa\"><strong>5.- JEFE DE CR\u00c9DITO Y COBRANZA<\/strong><\/a><\/p>\n<p><strong>Escolaridad:<\/strong> Licenciatura en Contadur\u00eda o Administraci\u00f3n de Empresas<\/p>\n<p><strong>G\u00e9nero:<\/strong> Indistinto<\/p>\n<p><strong>Requisitos:<\/strong> Experiencia m\u00ednima de 25 a 35 a\u00f1os. Contar con alto grado de responsabilidad. Buen trato con el cliente. Disponibilidad de horario.<\/p>\n<p><strong>Funciones<\/strong>: An\u00e1lisis y otorgamiento de cr\u00e9dito, supervisi\u00f3n de cartera vencida, seguimiento y cobro de cr\u00e9dito, manejo de personal.<\/p>\n<p><strong>Salario:<\/strong> No mostrado por la compa\u00f1\u00eda<\/p>\n<p><strong>Horario:<\/strong> Tiempo completo, no especificado.<\/p>\n<p><a href=\"http:\/\/www.eloriente.net\/home\/wp-content\/uploads\/2014\/05\/martes-de-vacantes.jpg\" rel=\"attachment wp-att-25869\"><img loading=\"lazy\" decoding=\"async\" class=\"alignnone size-full wp-image-25869\" src=\"http:\/\/www.eloriente.net\/home\/wp-content\/uploads\/2014\/05\/martes-de-vacantes.jpg\" alt=\"martes de vacantes\" width=\"512\" height=\"340\" srcset=\"http:\/\/www.eloriente.net\/home\/wp-content\/uploads\/2014\/05\/martes-de-vacantes.jpg 1024w, http:\/\/www.eloriente.net\/home\/wp-content\/uploads\/2014\/05\/martes-de-vacantes-300x199.jpg 300w\" sizes=\"(max-width: 512px) 100vw, 512px\" \/><\/a><\/p>\n<p><strong>OTRAS ENTRADAS<\/strong><\/p>\n<div class=\"featuredpost\">\n<div class=\"flow_hide\">\n<h2 class=\"posttitle bigposttitle\"><a title=\"Enlace Permanente a VIDEOCOLUMNA: Necesitamos defender la democracia, por Karina Bar\u00f3n\" href=\"http:\/\/www.eloriente.net\/home\/2017\/06\/16\/videocolumna-necesitamos-defender-la-democracia-karina-baron\/\" rel=\"bookmark\">VIDEOCOLUMNA: Necesitamos defender la democracia, por Karina Bar\u00f3n<\/a><\/h2>\n<\/div>\n<p>eloriente.net 16 de junio de 2017 \u201cDespu\u00e9s de las terribles demostraciones antidemocr\u00e1ticas del PRI, en las pasadas elecciones del Estado de M\u00e9xico o en Coahuila, lo menos\u2026<\/p>\n<p class=\"postmeta\"><span class=\"meta_date\">junio 16, 2017<\/span><\/p>\n<div class=\"toolbar-social\"><\/div>\n<\/div>\n<div class=\"featuredpost\">\n<div class=\"flow_hide\"><a href=\"http:\/\/www.eloriente.net\/home\/2017\/06\/16\/videocolumna-turismo-naranja-juan-antonio-gomez\/\" rel=\"bookmark\"><img decoding=\"async\" class=\"alignleft\" title=\"VIDEOCOLUMNA: Turismo naranja. Por Juan Antonio G\u00f3mez\" src=\"http:\/\/www.eloriente.net\/home\/wp-content\/themes\/city-desk\/timthumb.php?src=http%3A%2F%2Fwww.eloriente.net%2Fhome%2Fwp-content%2Fuploads%2F2017%2F06%2FJUAN-ANTONIO-GO%CC%81MEZ-4-DE-JUNIO-2017-1.jpg&amp;q=90&amp;w=70&amp;h=45&amp;zc=1\" alt=\"VIDEOCOLUMNA: Turismo naranja. Por Juan Antonio G\u00f3mez\" \/><\/a><\/p>\n<h2 class=\"posttitle \"><a title=\"Enlace Permanente a VIDEOCOLUMNA: Turismo naranja. Por Juan Antonio G\u00f3mez\" href=\"http:\/\/www.eloriente.net\/home\/2017\/06\/16\/videocolumna-turismo-naranja-juan-antonio-gomez\/\" rel=\"bookmark\">VIDEOCOLUMNA: Turismo naranja. Por Juan Antonio G\u00f3mez<\/a><\/h2>\n<\/div>\n<p>eloriente.net 16 de junio de 2017 \u201cEn \u00faltimos a\u00f1os, el turismo cultural ha crecido de manera exponencial en nuestro pa\u00eds como en el mundo en general. La\u2026<\/p>\n<p class=\"postmeta\"><span class=\"meta_date\">junio 16, 2017<\/span><\/p>\n<div class=\"toolbar-social\"><\/div>\n<\/div>\n<div class=\"featuredpost\">\n<div class=\"flow_hide\"><a href=\"http:\/\/www.eloriente.net\/home\/2017\/06\/16\/convocan-prestadores-servicios-inscribirse-al-registro-nacional-turismo\/\" rel=\"bookmark\"><img decoding=\"async\" class=\"alignleft\" title=\"OAXACA: Convocan a inscribirse al Registro Nacional de Turismo\" src=\"http:\/\/www.eloriente.net\/home\/wp-content\/themes\/city-desk\/timthumb.php?src=http%3A%2F%2Fwww.eloriente.net%2Fhome%2Fwp-content%2Fuploads%2F2017%2F06%2FRNT-SECTUR.jpg&amp;q=90&amp;w=70&amp;h=45&amp;zc=1\" alt=\"OAXACA: Convocan a inscribirse al Registro Nacional de Turismo\" \/><\/a><\/p>\n<h2 class=\"posttitle \"><a title=\"Enlace Permanente a OAXACA: Convocan a inscribirse al Registro Nacional de Turismo\" href=\"http:\/\/www.eloriente.net\/home\/2017\/06\/16\/convocan-prestadores-servicios-inscribirse-al-registro-nacional-turismo\/\" rel=\"bookmark\">OAXACA: Convocan a inscribirse al Registro Nacional de Turismo<\/a><\/h2>\n<\/div>\n<p>Convocan a prestadores de servicios inscribirse al Registro Nacional de Turismo 16 de junio de 2017. La inclusi\u00f3n en el RNT genera nuevas oportunidades de negocio; otorga certeza\u2026<\/p>\n<p class=\"postmeta\"><span class=\"meta_date\">junio 16, 2017<\/span><\/p>\n<\/div>\n\n\t\t\t  <div \n\t\t\t  \tclass = \"fb-comments\" \n\t\t\t  \tdata-href = \"http:\/\/www.eloriente.net\/home\/2017\/06\/20\/5-vacantes-contadores-martesdevacantes-5\/\"\n\t\t\t  \tdata-numposts = \"10\"\n\t\t\t\tdata-colorscheme = \"dark\"\n\t\t\t\tdata-order-by = \"social\"\n\t\t\t\tdata-mobile=true>\n\t\t\t  <\/div>\n\t\t  <style>\n\t\t\t.fb_iframe_widget_fluid_desktop iframe {\n\t\t\t    width: 100% !important;\n\t\t\t}\n\t\t  <\/style>\n\t\t  ","protected":false},"excerpt":{"rendered":"<p>&nbsp; (www.eloriente.net, M\u00e9xico, a 20 de junio de 2017).- Conscientes de la importancia para la ciudadan\u00eda en general de la b\u00fasqueda de nuevas oportunidades de crecimiento profesional, ponemos a tu disposici\u00f3n semanalmente ofertas de empleo disponibles por profesi\u00f3n en cualquier parte de M\u00e9xico y del mundo o, cuando as\u00ed lo amerita, exclusivamente en Oaxaca. En [&hellip;]<\/p>\n","protected":false},"author":44,"featured_media":25869,"comment_status":"open","ping_status":"open","sticky":false,"template":"","format":"standard","meta":{"_jetpack_memberships_contains_paid_content":false,"footnotes":""},"categories":[942,32,63,464,19],"tags":[4080,411,4283,410,2420,777,211,889],"class_list":["post-48785","post","type-post","status-publish","format-standard","has-post-thumbnail","hentry","category-martesdevacantes","category-entradas","category-estados","category-oaxaca-estados","category-turismo-y-negocios","tag-martesdevacantes","tag-administracion","tag-contadores","tag-contaduria","tag-martes-de-vacantes","tag-oportunidades","tag-trabajo","tag-vacantes"],"jetpack_featured_media_url":"http:\/\/www.eloriente.net\/home\/wp-content\/uploads\/2014\/05\/martes-de-vacantes.jpg","jetpack_sharing_enabled":true,"_links":{"self":[{"href":"http:\/\/www.eloriente.net\/home\/wp-json\/wp\/v2\/posts\/48785"}],"collection":[{"href":"http:\/\/www.eloriente.net\/home\/wp-json\/wp\/v2\/posts"}],"about":[{"href":"http:\/\/www.eloriente.net\/home\/wp-json\/wp\/v2\/types\/post"}],"author":[{"embeddable":true,"href":"http:\/\/www.eloriente.net\/home\/wp-json\/wp\/v2\/users\/44"}],"replies":[{"embeddable":true,"href":"http:\/\/www.eloriente.net\/home\/wp-json\/wp\/v2\/comments?post=48785"}],"version-history":[{"count":1,"href":"http:\/\/www.eloriente.net\/home\/wp-json\/wp\/v2\/posts\/48785\/revisions"}],"predecessor-version":[{"id":48786,"href":"http:\/\/www.eloriente.net\/home\/wp-json\/wp\/v2\/posts\/48785\/revisions\/48786"}],"wp:featuredmedia":[{"embeddable":true,"href":"http:\/\/www.eloriente.net\/home\/wp-json\/wp\/v2\/media\/25869"}],"wp:attachment":[{"href":"http:\/\/www.eloriente.net\/home\/wp-json\/wp\/v2\/media?parent=48785"}],"wp:term":[{"taxonomy":"category","embeddable":true,"href":"http:\/\/www.eloriente.net\/home\/wp-json\/wp\/v2\/categories?post=48785"},{"taxonomy":"post_tag","embeddable":true,"href":"http:\/\/www.eloriente.net\/home\/wp-json\/wp\/v2\/tags?post=48785"}],"curies":[{"name":"wp","href":"https:\/\/api.w.org\/{rel}","templated":true}]}}