{"id":48821,"date":"2017-06-21T10:51:50","date_gmt":"2017-06-21T16:51:50","guid":{"rendered":"http:\/\/www.eloriente.net\/home\/?p=48821"},"modified":"2017-06-23T11:02:20","modified_gmt":"2017-06-23T17:02:20","slug":"esclarecer-caso-nochixtlan","status":"publish","type":"post","link":"http:\/\/www.eloriente.net\/home\/2017\/06\/21\/esclarecer-caso-nochixtlan\/","title":{"rendered":"Esclarecer caso Nochixtl\u00e1n"},"content":{"rendered":"<p><strong> 20 de junio de 2017.-<\/strong> A un a\u00f1o de los lamentables hechos de violencia registrados en Asunci\u00f3n Nochixtl\u00e1n, es necesario que la Procuradur\u00eda General de la Republica (PGR) agilice las Investigaciones para el pronto esclarecimiento de la verdad, con estricto apego a la ley, sin interferencias de nadie, sin desviaciones pol\u00edticas interesadas, puntualiz\u00f3 el presidente de la Diputaci\u00f3n Permanente, Manuel Le\u00f3n S\u00e1nchez.<\/p>\n<p>En Sesi\u00f3n Ordinaria de la Diputaci\u00f3n Permanente, dijo que el pueblo de Oaxaca tiene derecho a conocer el m\u00f3vil de estos hechos, sus causas y efectos, los protagonistas directos e indirectos que tuvieron que ver en el caso, para no seguir cultivando la incertidumbre tan da\u00f1ina, ni prolongar m\u00e1s el tiempo para saber qui\u00e9nes fueron finalmente los responsables.<\/p>\n<p>\u00abDemos nuestro voto de confianza a las autoridades de la PGR para que profundicen en sus investigaciones; abramos los espacios necesarios para que hagan bien y con rigor su trabajo; dejemos a un lado el doble lenguaje, de que por un lado exigimos justicia e investigaci\u00f3n, y por el otro lado cerramos las posibilidades\u00bb, apunt\u00f3.<\/p>\n<p>Sobre este mismo tema, la diputada del Partido Morena, Mar\u00eda de Jes\u00fas Melgar V\u00e1squez, pidi\u00f3 a las autoridades en la materia agilizar el proceso de investigaci\u00f3n para la aclaraci\u00f3n de estos hechos registrados el 19 de junio de 2016 en ese municipio de la regi\u00f3n Mixteca.<\/p>\n<p>Luego de reiterar su solidaridad con las familias enlutadas por esta situaci\u00f3n, la legisladora asever\u00f3 que hasta el momento no hay avances significativos, \u00abno han dado resultados, a un a\u00f1o de que polic\u00edas accionaron sus armas contra pobladores, no hay detenidos, los homicidios siguen impunes\u00bb.<\/p>\n<p>\u00abSeguiremos exigiendo el castigo a los funcionarios responsables de estos actos violentos y de los autores materiales, el Partido Morena pugna por una investigaci\u00f3n transparente en estos hechos que pusieron en verg\u00fcenza a M\u00e9xico a nivel internacional\u00bb, puntualiz\u00f3.<\/p>\n\n\t\t\t  <div \n\t\t\t  \tclass = \"fb-comments\" \n\t\t\t  \tdata-href = \"http:\/\/www.eloriente.net\/home\/2017\/06\/21\/esclarecer-caso-nochixtlan\/\"\n\t\t\t  \tdata-numposts = \"10\"\n\t\t\t\tdata-colorscheme = \"dark\"\n\t\t\t\tdata-order-by = \"social\"\n\t\t\t\tdata-mobile=true>\n\t\t\t  <\/div>\n\t\t  <style>\n\t\t\t.fb_iframe_widget_fluid_desktop iframe {\n\t\t\t    width: 100% !important;\n\t\t\t}\n\t\t  <\/style>\n\t\t  ","protected":false},"excerpt":{"rendered":"<p>20 de junio de 2017.- A un a\u00f1o de los lamentables hechos de violencia registrados en Asunci\u00f3n Nochixtl\u00e1n, es necesario que la Procuradur\u00eda General de la Republica (PGR) agilice las Investigaciones para el pronto esclarecimiento de la verdad, con estricto apego a la ley, sin interferencias de nadie, sin desviaciones pol\u00edticas interesadas, puntualiz\u00f3 el presidente [&hellip;]<\/p>\n","protected":false},"author":1,"featured_media":48822,"comment_status":"open","ping_status":"open","sticky":false,"template":"","format":"standard","meta":{"_jetpack_memberships_contains_paid_content":false,"footnotes":""},"categories":[91,1],"tags":[7677,7746,7749,4650],"class_list":["post-48821","post","type-post","status-publish","format-standard","has-post-thumbnail","hentry","category-congreso-y-justicia","category-uncategorized","tag-congreso-63","tag-manuel-leon-sanchez","tag-maria-de-jesus-melgar-vasquez","tag-nochixtlan"],"jetpack_featured_media_url":"http:\/\/www.eloriente.net\/home\/wp-content\/uploads\/2017\/06\/Sesi\u00f3n-Ordinaria.jpg","jetpack_sharing_enabled":true,"_links":{"self":[{"href":"http:\/\/www.eloriente.net\/home\/wp-json\/wp\/v2\/posts\/48821"}],"collection":[{"href":"http:\/\/www.eloriente.net\/home\/wp-json\/wp\/v2\/posts"}],"about":[{"href":"http:\/\/www.eloriente.net\/home\/wp-json\/wp\/v2\/types\/post"}],"author":[{"embeddable":true,"href":"http:\/\/www.eloriente.net\/home\/wp-json\/wp\/v2\/users\/1"}],"replies":[{"embeddable":true,"href":"http:\/\/www.eloriente.net\/home\/wp-json\/wp\/v2\/comments?post=48821"}],"version-history":[{"count":1,"href":"http:\/\/www.eloriente.net\/home\/wp-json\/wp\/v2\/posts\/48821\/revisions"}],"predecessor-version":[{"id":48823,"href":"http:\/\/www.eloriente.net\/home\/wp-json\/wp\/v2\/posts\/48821\/revisions\/48823"}],"wp:featuredmedia":[{"embeddable":true,"href":"http:\/\/www.eloriente.net\/home\/wp-json\/wp\/v2\/media\/48822"}],"wp:attachment":[{"href":"http:\/\/www.eloriente.net\/home\/wp-json\/wp\/v2\/media?parent=48821"}],"wp:term":[{"taxonomy":"category","embeddable":true,"href":"http:\/\/www.eloriente.net\/home\/wp-json\/wp\/v2\/categories?post=48821"},{"taxonomy":"post_tag","embeddable":true,"href":"http:\/\/www.eloriente.net\/home\/wp-json\/wp\/v2\/tags?post=48821"}],"curies":[{"name":"wp","href":"https:\/\/api.w.org\/{rel}","templated":true}]}}