{"id":48896,"date":"2017-06-30T13:06:05","date_gmt":"2017-06-30T19:06:05","guid":{"rendered":"http:\/\/www.eloriente.net\/home\/?p=48896"},"modified":"2017-06-30T19:26:30","modified_gmt":"2017-07-01T01:26:30","slug":"ano-partida-legado-ruben-vasconcelos-beltran-oaxaca","status":"publish","type":"post","link":"http:\/\/www.eloriente.net\/home\/2017\/06\/30\/ano-partida-legado-ruben-vasconcelos-beltran-oaxaca\/","title":{"rendered":"A un a\u00f1o de su partida: El legado de Rub\u00e9n Vasconcelos Beltr\u00e1n en Todo Oaxaca"},"content":{"rendered":"<p><script src=\"\/\/pagead2.googlesyndication.com\/pagead\/js\/adsbygoogle.js\" async=\"\"><\/script><!-- BANNER ELORIENTE INCRUSTADO NOTAS --> <ins class=\"adsbygoogle\" style=\"display: inline-block; width: 300px; height: 250px;\" data-ad-client=\"ca-pub-1136171134853753\" data-ad-slot=\"7974633627\"><\/ins><script>\/\/ <![CDATA[\n(adsbygoogle = window.adsbygoogle || []).push({});\n\/\/ ]]><\/script><\/p>\n<p>&nbsp;<\/p>\n<p>eloriente.net<\/p>\n<p>30 de junio de 2017<\/p>\n<p>Este 30 de junio de 2017, el maestro Rub\u00e9n Vasconcelos Beltr\u00e1n estar\u00eda cumpliendo la edad de 77 a\u00f1os, pero por aquellos extra\u00f1os caprichos del destino, ayer se conmemor\u00f3 un a\u00f1o de su fallecimiento (29 de junio de 2016).<\/p>\n<p>Sin embargo el maestro Rub\u00e9n tuvo un gran cari\u00f1o por Oaxaca, por su gente y su cultura. Gracias a ello es que siempre se le ve\u00eda activo, compartiendo sus tantas memorias y conocimientos sobre la historia del estado y de la ciudad. Ya sea por escrito, en audio o en video, Rub\u00e9n Vasconcelos dej\u00f3 un gran legado para recordarlo, y por qu\u00e9 no, para contagiarnos un poco de su gran amor por Oaxaca.<\/p>\n<p>Por ello, a continuaci\u00f3n te compartimos una colecci\u00f3n de distintos materiales que el maestro nos dej\u00f3 en el proyecto Todo Oaxaca.<\/p>\n<p><strong>Rub\u00e9n Vasconcelos Beltr\u00e1n<\/strong><\/p>\n<p>Rub\u00e9n Vasconcelos Beltr\u00e1n, naci\u00f3 en la ciudad de Oaxaca, y estudi\u00f3 en la Escuela Primaria Urbana Federal \u0093Enr\u00edque Pestalozzi\u0094, y en el Instituto de Ciencias y Artes del Estado la Preparatoria General titul\u00e1ndose de Lic. en Administraci\u00f3n de Empresas en la Escuela de Comercio y Administraci\u00f3n de la Universidad Aut\u00f3noma \u0093Benito Ju\u00e1rez\u0094 de Oaxaca, siendo becado por la Organizaci\u00f3n de Estados Americanos para hacer su posgrado en la Escuela de Administraci\u00f3n de Empresas de la Fundaci\u00f3n \u0093Getulio Vargas\u0094 de Sao Paulo, Brasil.<\/p>\n<p>Se desempe\u00f1\u00f3 como Director de la Escuela de Artesan\u00edas Oaxaque\u00f1as, Director del Instituto de Investigaciones Sociales para la Integraci\u00f3n del Estado, Director de Educaci\u00f3n Cultura y Bienestar Social, Director General del Consejo Estatal para la Cultura y las Artes, Representante Estatal del CONALEP, Diputado Local y actualmente y \u00a0Cronista de la Ciudad de Oaxaca<\/p>\n<p><strong>PROGRAMAS EN VIDEO<\/strong><\/p>\n<p><span class=\"embed-youtube\" style=\"text-align:center; display: block;\"><iframe loading=\"lazy\" class=\"youtube-player\" width=\"640\" height=\"360\" src=\"https:\/\/www.youtube.com\/embed\/2uDjxTvWDl4?version=3&#038;rel=1&#038;showsearch=0&#038;showinfo=1&#038;iv_load_policy=1&#038;fs=1&#038;hl=es-ES&#038;autohide=2&#038;wmode=transparent&#038;listType=playlist&#038;list=PLZ8caS-P_qZyFo0arnhQswuVgW0aoH7cM\" allowfullscreen=\"true\" style=\"border:0;\" sandbox=\"allow-scripts allow-same-origin allow-popups allow-presentation allow-popups-to-escape-sandbox\"><\/iframe><\/span><\/p>\n<p><script src=\"\/\/pagead2.googlesyndication.com\/pagead\/js\/adsbygoogle.js\" async=\"\"><\/script><!-- BANNER PEQUE\u00d1O PARA ENTRENOTAS EL ORIENTE --> <ins class=\"adsbygoogle\" style=\"display: inline-block; width: 468px; height: 60px;\" data-ad-client=\"ca-pub-1136171134853753\" data-ad-slot=\"4953536424\"><\/ins><script>\/\/ <![CDATA[\n(adsbygoogle = window.adsbygoogle || []).push({});\n\/\/ ]]><\/script><\/p>\n<p><strong>PROGRAMAS DE RADIO \u00abTODO OAXACA\u00bb<\/strong><\/p>\n<p><a href=\"http:\/\/todooaxacaradio.com\/category\/programas\/\" rel=\"attachment wp-att-48897\"><img loading=\"lazy\" decoding=\"async\" class=\"alignnone wp-image-48897\" src=\"http:\/\/www.eloriente.net\/home\/wp-content\/uploads\/2017\/06\/Captura-de-pantalla-2017-06-30-a-las-13.44.40-1024x796.png\" alt=\"Todo Oaxaca Radio\" width=\"597\" height=\"464\" srcset=\"http:\/\/www.eloriente.net\/home\/wp-content\/uploads\/2017\/06\/Captura-de-pantalla-2017-06-30-a-las-13.44.40-1024x796.png 1024w, http:\/\/www.eloriente.net\/home\/wp-content\/uploads\/2017\/06\/Captura-de-pantalla-2017-06-30-a-las-13.44.40-300x233.png 300w, http:\/\/www.eloriente.net\/home\/wp-content\/uploads\/2017\/06\/Captura-de-pantalla-2017-06-30-a-las-13.44.40-768x597.png 768w\" sizes=\"(max-width: 597px) 100vw, 597px\" \/><\/a><\/p>\n<p><strong>CR\u00d3NICAS SEMANALES\u00a0<\/strong><\/p>\n<p><a href=\"http:\/\/todooaxacaradio.com\/?s=OAXACA%2C+CIUDAD+PARA+\" rel=\"attachment wp-att-34288\"><img loading=\"lazy\" decoding=\"async\" class=\"alignnone wp-image-34288\" src=\"http:\/\/www.eloriente.net\/home\/wp-content\/uploads\/2014\/11\/Catedral-de-Oaxaca-por-Jos\u00e9-Mar\u00eda-Velasco-commons.wikimedia.org_-1024x727.jpg\" alt=\"Catedral de Oaxaca por Jos\u00e9 Mar\u00eda Velasco - commons.wikimedia.org\" width=\"600\" height=\"426\" srcset=\"http:\/\/www.eloriente.net\/home\/wp-content\/uploads\/2014\/11\/Catedral-de-Oaxaca-por-Jos\u00e9-Mar\u00eda-Velasco-commons.wikimedia.org_-1024x727.jpg 1024w, http:\/\/www.eloriente.net\/home\/wp-content\/uploads\/2014\/11\/Catedral-de-Oaxaca-por-Jos\u00e9-Mar\u00eda-Velasco-commons.wikimedia.org_-300x213.jpg 300w\" sizes=\"(max-width: 600px) 100vw, 600px\" \/><\/a><\/p>\n<p><strong>OTRAS ENTRADAS<\/strong><\/p>\n<div class=\"featuredpost\">\n<div class=\"flow_hide\">\n<h2 class=\"posttitle bigposttitle\"><a title=\"Enlace Permanente a OAXACA: No habr\u00e1 alza al transporte\" href=\"http:\/\/www.eloriente.net\/home\/2017\/06\/29\/oaxaca-no-habra-alza-al-transporte\/\" rel=\"bookmark\">OAXACA: No habr\u00e1 alza al transporte<\/a><\/h2>\n<\/div>\n<p>eloriente.net La diputada Adriana Atristain Orozco perteneciente a la fracci\u00f3n parlamentaria del Partido Revolucionario Institucional (PRI), este martes en sesi\u00f3n ordinaria de la Diputaci\u00f3n Permanente, afirm\u00f3 en\u2026<\/p>\n<p class=\"postmeta\"><span class=\"meta_date\">junio 29, 2017<\/span><\/p>\n<div class=\"toolbar-social\"><\/div>\n<\/div>\n<div class=\"featuredpost\">\n<div class=\"flow_hide\">\n<p><a href=\"http:\/\/www.eloriente.net\/home\/2017\/06\/29\/actividades-culturales-oaxaca-no-te-puedes-perder-29-junio-5-julio\/\" rel=\"bookmark\"><img decoding=\"async\" class=\"alignleft\" title=\"Actividades culturales en Oaxaca que no te puedes perder (29 de junio \u2013 5 de julio)\" src=\"http:\/\/www.eloriente.net\/home\/wp-content\/themes\/city-desk\/timthumb.php?src=http%3A%2F%2Fwww.eloriente.net%2Fhome%2Fwp-content%2Fuploads%2F2017%2F06%2F427110063_7b815a2291_o-e1498685444604.jpg&amp;q=90&amp;w=70&amp;h=45&amp;zc=1\" alt=\"Actividades culturales en Oaxaca que no te puedes perder (29 de junio \u2013 5 de julio)\" \/><\/a><\/p>\n<h2 class=\"posttitle \"><a title=\"Enlace Permanente a Actividades culturales en Oaxaca que no te puedes perder (29 de junio \u2013 5 de julio)\" href=\"http:\/\/www.eloriente.net\/home\/2017\/06\/29\/actividades-culturales-oaxaca-no-te-puedes-perder-29-junio-5-julio\/\" rel=\"bookmark\">Actividades culturales en Oaxaca que no te puedes perder (29 de junio \u2013 5 de julio)<\/a><\/h2>\n<\/div>\n<p>(www.eloriente.net, M\u00e9xico, a 29 de junio de 2017).- Como cada semana, en EL ORIENTE nos dimos a la tarea de buscar las actividades culturales que no puedes\u2026<\/p>\n<p class=\"postmeta\"><span class=\"meta_date\">junio 29, 2017<\/span><\/p>\n<div class=\"toolbar-social\"><\/div>\n<\/div>\n<div class=\"featuredpost\">\n<div class=\"flow_hide\">\n<p><a href=\"http:\/\/www.eloriente.net\/home\/2017\/06\/27\/videocolumna-se-necesita-apoyo-salina-cruz-karina-baron\/\" rel=\"bookmark\"><img decoding=\"async\" class=\"alignleft\" title=\"VIDEOCOLUMNA: Se necesita apoyo para Salina Cruz. Por Karina Bar\u00f3n\" src=\"http:\/\/www.eloriente.net\/home\/wp-content\/themes\/city-desk\/timthumb.php?src=http%3A%2F%2Fwww.eloriente.net%2Fhome%2Fwp-content%2Fuploads%2F2017%2F06%2FKARINA-BARO%CC%81N-26-DE-JUNIO-2017.jpg&amp;q=90&amp;w=70&amp;h=45&amp;zc=1\" alt=\"VIDEOCOLUMNA: Se necesita apoyo para Salina Cruz. Por Karina Bar\u00f3n\" \/><\/a><\/p>\n<h2 class=\"posttitle \"><a title=\"Enlace Permanente a VIDEOCOLUMNA: Se necesita apoyo para Salina Cruz. Por Karina Bar\u00f3n\" href=\"http:\/\/www.eloriente.net\/home\/2017\/06\/27\/videocolumna-se-necesita-apoyo-salina-cruz-karina-baron\/\" rel=\"bookmark\">VIDEOCOLUMNA: Se necesita apoyo para Salina Cruz. Por Karina Bar\u00f3n<\/a><\/h2>\n<\/div>\n<p>eloriente.net 27 de junio de 2017 \u201cSalina Cruz requiere del apoyo y la atenci\u00f3n del resto de los oaxaque\u00f1os y, porqu\u00e9 no decirlo, de todas y todos\u2026<\/p>\n<p class=\"postmeta\"><span class=\"meta_date\">junio 27, 2017<\/span><\/p>\n<\/div>\n\n\t\t\t  <div \n\t\t\t  \tclass = \"fb-comments\" \n\t\t\t  \tdata-href = \"http:\/\/www.eloriente.net\/home\/2017\/06\/30\/ano-partida-legado-ruben-vasconcelos-beltran-oaxaca\/\"\n\t\t\t  \tdata-numposts = \"10\"\n\t\t\t\tdata-colorscheme = \"dark\"\n\t\t\t\tdata-order-by = \"social\"\n\t\t\t\tdata-mobile=true>\n\t\t\t  <\/div>\n\t\t  <style>\n\t\t\t.fb_iframe_widget_fluid_desktop iframe {\n\t\t\t    width: 100% !important;\n\t\t\t}\n\t\t  <\/style>\n\t\t  ","protected":false},"excerpt":{"rendered":"<p>&nbsp; eloriente.net 30 de junio de 2017 Este 30 de junio de 2017, el maestro Rub\u00e9n Vasconcelos Beltr\u00e1n estar\u00eda cumpliendo la edad de 77 a\u00f1os, pero por aquellos extra\u00f1os caprichos del destino, ayer se conmemor\u00f3 un a\u00f1o de su fallecimiento (29 de junio de 2016). Sin embargo el maestro Rub\u00e9n tuvo un gran cari\u00f1o por [&hellip;]<\/p>\n","protected":false},"author":1,"featured_media":9393,"comment_status":"open","ping_status":"open","sticky":false,"template":"","format":"standard","meta":{"_jetpack_memberships_contains_paid_content":false,"footnotes":""},"categories":[4300,18,32,63,35,5297,464,12],"tags":[1349,1085,6053,4760,7961,6694],"class_list":["post-48896","post","type-post","status-publish","format-standard","has-post-thumbnail","hentry","category-comunicacion","category-educacion-y-cultura","category-entradas","category-estados","category-secciones-oriente","category-historia","category-oaxaca-estados","category-todo-oaxaca-radio","tag-cronica","tag-cronista","tag-legado","tag-programa-de-radio","tag-programa-de-tv","tag-ruben-vasconcelos-beltran"],"jetpack_featured_media_url":"http:\/\/www.eloriente.net\/home\/wp-content\/uploads\/2013\/03\/Rube\u0301n-Vasconcelos-www.todooaxacaradio.com_.jpg","jetpack_sharing_enabled":true,"_links":{"self":[{"href":"http:\/\/www.eloriente.net\/home\/wp-json\/wp\/v2\/posts\/48896"}],"collection":[{"href":"http:\/\/www.eloriente.net\/home\/wp-json\/wp\/v2\/posts"}],"about":[{"href":"http:\/\/www.eloriente.net\/home\/wp-json\/wp\/v2\/types\/post"}],"author":[{"embeddable":true,"href":"http:\/\/www.eloriente.net\/home\/wp-json\/wp\/v2\/users\/1"}],"replies":[{"embeddable":true,"href":"http:\/\/www.eloriente.net\/home\/wp-json\/wp\/v2\/comments?post=48896"}],"version-history":[{"count":5,"href":"http:\/\/www.eloriente.net\/home\/wp-json\/wp\/v2\/posts\/48896\/revisions"}],"predecessor-version":[{"id":48919,"href":"http:\/\/www.eloriente.net\/home\/wp-json\/wp\/v2\/posts\/48896\/revisions\/48919"}],"wp:featuredmedia":[{"embeddable":true,"href":"http:\/\/www.eloriente.net\/home\/wp-json\/wp\/v2\/media\/9393"}],"wp:attachment":[{"href":"http:\/\/www.eloriente.net\/home\/wp-json\/wp\/v2\/media?parent=48896"}],"wp:term":[{"taxonomy":"category","embeddable":true,"href":"http:\/\/www.eloriente.net\/home\/wp-json\/wp\/v2\/categories?post=48896"},{"taxonomy":"post_tag","embeddable":true,"href":"http:\/\/www.eloriente.net\/home\/wp-json\/wp\/v2\/tags?post=48896"}],"curies":[{"name":"wp","href":"https:\/\/api.w.org\/{rel}","templated":true}]}}