{"id":48899,"date":"2017-06-30T15:24:31","date_gmt":"2017-06-30T21:24:31","guid":{"rendered":"http:\/\/www.eloriente.net\/home\/?p=48899"},"modified":"2017-07-12T12:26:39","modified_gmt":"2017-07-12T18:26:39","slug":"oaxaca-llega-primer-motofest-guelaguetza-2017","status":"publish","type":"post","link":"http:\/\/www.eloriente.net\/home\/2017\/06\/30\/oaxaca-llega-primer-motofest-guelaguetza-2017\/","title":{"rendered":"OAXACA: Llega el primer \u201cMotofest Guelaguetza 2017\u201d"},"content":{"rendered":"<p><script src=\"\/\/pagead2.googlesyndication.com\/pagead\/js\/adsbygoogle.js\" async=\"\"><\/script><!-- BANNER ELORIENTE INCRUSTADO NOTAS --> <ins class=\"adsbygoogle\" style=\"display: inline-block; width: 300px; height: 250px;\" data-ad-client=\"ca-pub-1136171134853753\" data-ad-slot=\"7974633627\"><\/ins><script>\/\/ <![CDATA[\n(adsbygoogle = window.adsbygoogle || []).push({});\n\/\/ ]]><\/script><\/p>\n<p>&nbsp;<\/p>\n<p>eloriente.net<\/p>\n<p>30 de junio de 2017<\/p>\n<p><span style=\"font-weight: 400;\">En v\u00edspera de las fiestas de la Guelaguetza 2017, la Direcci\u00f3n de Turismo del Municipio de Oaxaca de Ju\u00e1rez en coordinaci\u00f3n con la Oficina de Convenciones y Visitantes de Oaxaca, dieron a conocer la carrera del \u201cPrimer Motofest Guelaguetza 2017\u201d, a realizarse los d\u00edas 7, 8 y 9 de julio. <\/span><\/p>\n<p>La carrera que busca reunir a un aproximado de mil 200 motociclistas de estados como Veracruz, Canc\u00fan, Chiapas, Campeche, Puebla y Oaxaca, as\u00ed como pa\u00edses como Guatemala y Belice, dar\u00e1 inicio con el registro de participantes el s\u00e1bado 8 de julio, en un horario de 8:00 a 17:00 horas.<\/p>\n<p>La Directora de Turismo Municipal, Adriana Cecilia Aguilar Escobar detall\u00f3 que esta actividad forma parte de los festejos y de otros eventos a realizarse en la m\u00e1xima fiesta de las y los oaxaque\u00f1os, mediante los cuales se busca incrementar la actividad tur\u00edstica y econ\u00f3mica de Oaxaca, dando a conocer los lugares m\u00e1s emblem\u00e1ticos del estado.<\/p>\n<p>\u201cEl Motofest Guelaguetza 2017 incluir\u00e1 concursos de playeras mojadas con el acompa\u00f1amiento de grupos de rock; una exhibici\u00f3n de rodada por parte de Stunt Oswers Bikers, sin faltar la participaci\u00f3n del Equipo Internacional de Acrobacia de la Secretar\u00eda de Seguridad P\u00fablica de la ciudad de M\u00e9xico\u201d, dijo la funcionaria municipal.<\/p>\n<p>Las calles que servir\u00e1n como pista de carrera para esta edici\u00f3n son: Derechos Humanos, privada Eduardo Vasconcelos y Prolongaci\u00f3n de Alianza.<\/p>\n<p><script src=\"\/\/pagead2.googlesyndication.com\/pagead\/js\/adsbygoogle.js\" async=\"\"><\/script><!-- BANNER PEQUE\u00d1O PARA ENTRENOTAS EL ORIENTE --> <ins class=\"adsbygoogle\" style=\"display: inline-block; width: 468px; height: 60px;\" data-ad-client=\"ca-pub-1136171134853753\" data-ad-slot=\"4953536424\"><\/ins><script>\/\/ <![CDATA[\n(adsbygoogle = window.adsbygoogle || []).push({});\n\/\/ ]]><\/script><\/p>\n<p>\u201cLas instrucciones del presidente Municipal, Jos\u00e9 Antonio Hern\u00e1ndez Fraguas, fueron claras, apoyar y brindar todas las facilidades para la realizaci\u00f3n de este evento, con apoyo de permisos para hacer las rodadas en los dos pueblos m\u00e1gicos: Capul\u00e1lpam de M\u00e9ndez y la Villa de Mitla\u201d, declar\u00f3 la Directora municipal.<\/p>\n<p>Reunidos en las instalaciones de la OCV, Aguilar Escobar inform\u00f3 que el domingo 9 de julio a partir de las 9:00 horas, los motociclistas m\u00e1s experimentados recorrer\u00e1n la Ruta del Pueblo M\u00e1gico de Capul\u00e1lpam de M\u00e9ndez; posteriormente, a las 17:00 horas, la rodada se trasladar\u00e1 al Pueblo M\u00e1gico de Mitla.<\/p>\n<p>Las actividades concluir\u00e1n con la foto oficial en la Fuente de las Ocho Regiones y la clausura del evento por parte de los organizadores. El costo de los paquetes es de 350 pesos y consta de playera serigrafiada, un parche para chamarra, un pin conmemorativo, adem\u00e1s de dos pulseras para el piloto y copiloto.<\/p>\n<p>Para mayores informes, las personas interesadas pueden asistir a las oficinas de la Direcci\u00f3n de Turismo Municipal, ubicadas en la calle Matamoros n\u00famero 102, colonia Centro, en un horario de 9:00 a 17:00 horas, o acudir a las oficinas de la OCV, en calle Reforma esquina con Constituci\u00f3n.<\/p>\n<p><strong><a href=\"http:\/\/www.eloriente.net\/home\/wp-content\/uploads\/2017\/06\/20177425090_e3309b712e_k.jpg\" rel=\"attachment wp-att-48900\"><img loading=\"lazy\" decoding=\"async\" class=\"alignnone wp-image-48900\" src=\"http:\/\/www.eloriente.net\/home\/wp-content\/uploads\/2017\/06\/20177425090_e3309b712e_k-1024x711.jpg\" alt=\"Carrera Moto\" width=\"600\" height=\"417\" srcset=\"http:\/\/www.eloriente.net\/home\/wp-content\/uploads\/2017\/06\/20177425090_e3309b712e_k-1024x711.jpg 1024w, http:\/\/www.eloriente.net\/home\/wp-content\/uploads\/2017\/06\/20177425090_e3309b712e_k-300x208.jpg 300w, http:\/\/www.eloriente.net\/home\/wp-content\/uploads\/2017\/06\/20177425090_e3309b712e_k-768x533.jpg 768w, http:\/\/www.eloriente.net\/home\/wp-content\/uploads\/2017\/06\/20177425090_e3309b712e_k.jpg 2048w\" sizes=\"(max-width: 600px) 100vw, 600px\" \/><\/a><\/strong><\/p>\n<p><strong>OTRAS ENTRADAS<\/strong><\/p>\n<div class=\"featuredpost\">\n<div class=\"flow_hide\">\n<h2 class=\"posttitle bigposttitle\"><a title=\"Enlace Permanente a A un a\u00f1o de su partida: El legado de Rub\u00e9n Vasconcelos Beltr\u00e1n en Todo Oaxaca\" href=\"http:\/\/www.eloriente.net\/home\/2017\/06\/30\/ano-partida-legado-ruben-vasconcelos-beltran-oaxaca\/\" rel=\"bookmark\">A un a\u00f1o de su partida: El legado de Rub\u00e9n Vasconcelos Beltr\u00e1n en Todo Oaxaca<\/a><\/h2>\n<\/div>\n<p>eloriente.net 30 de junio de 2017 Este 30 de junio de 2017, el maestro Rub\u00e9n Vasconcelos Beltr\u00e1n estar\u00eda cumpliendo la edad de 77 a\u00f1os, pero por aquellos\u2026<\/p>\n<p class=\"postmeta\"><span class=\"meta_date\">junio 30, 2017<\/span><\/p>\n<div class=\"toolbar-social\"><\/div>\n<\/div>\n<div class=\"featuredpost\">\n<div class=\"flow_hide\">\n<p><a href=\"http:\/\/www.eloriente.net\/home\/2017\/06\/29\/oaxaca-no-habra-alza-al-transporte\/\" rel=\"bookmark\"><img decoding=\"async\" class=\"alignleft\" title=\"OAXACA: No habr\u00e1 alza al transporte\" src=\"http:\/\/www.eloriente.net\/home\/wp-content\/themes\/city-desk\/timthumb.php?src=http%3A%2F%2Fwww.eloriente.net%2Fhome%2Fwp-content%2Fuploads%2F2017%2F06%2FTransporte-Oaxaca.jpg&amp;q=90&amp;w=70&amp;h=45&amp;zc=1\" alt=\"OAXACA: No habr\u00e1 alza al transporte\" \/><\/a><\/p>\n<h2 class=\"posttitle \"><a title=\"Enlace Permanente a OAXACA: No habr\u00e1 alza al transporte\" href=\"http:\/\/www.eloriente.net\/home\/2017\/06\/29\/oaxaca-no-habra-alza-al-transporte\/\" rel=\"bookmark\">OAXACA: No habr\u00e1 alza al transporte<\/a><\/h2>\n<\/div>\n<p>eloriente.net La diputada Adriana Atristain Orozco perteneciente a la fracci\u00f3n parlamentaria del Partido Revolucionario Institucional (PRI), este martes en sesi\u00f3n ordinaria de la Diputaci\u00f3n Permanente, afirm\u00f3 en\u2026<\/p>\n<p class=\"postmeta\"><span class=\"meta_date\">junio 29, 2017<\/span><\/p>\n<div class=\"toolbar-social\"><\/div>\n<\/div>\n<div class=\"featuredpost\">\n<div class=\"flow_hide\">\n<p><a href=\"http:\/\/www.eloriente.net\/home\/2017\/06\/29\/actividades-culturales-oaxaca-no-te-puedes-perder-29-junio-5-julio\/\" rel=\"bookmark\"><img decoding=\"async\" class=\"alignleft\" title=\"Actividades culturales en Oaxaca que no te puedes perder (29 de junio \u2013 5 de julio)\" src=\"http:\/\/www.eloriente.net\/home\/wp-content\/themes\/city-desk\/timthumb.php?src=http%3A%2F%2Fwww.eloriente.net%2Fhome%2Fwp-content%2Fuploads%2F2017%2F06%2F427110063_7b815a2291_o-e1498685444604.jpg&amp;q=90&amp;w=70&amp;h=45&amp;zc=1\" alt=\"Actividades culturales en Oaxaca que no te puedes perder (29 de junio \u2013 5 de julio)\" \/><\/a><\/p>\n<h2 class=\"posttitle \"><a title=\"Enlace Permanente a Actividades culturales en Oaxaca que no te puedes perder (29 de junio \u2013 5 de julio)\" href=\"http:\/\/www.eloriente.net\/home\/2017\/06\/29\/actividades-culturales-oaxaca-no-te-puedes-perder-29-junio-5-julio\/\" rel=\"bookmark\">Actividades culturales en Oaxaca que no te puedes perder (29 de junio \u2013 5 de julio)<\/a><\/h2>\n<\/div>\n<p>(www.eloriente.net, M\u00e9xico, a 29 de junio de 2017).- Como cada semana, en EL ORIENTE nos dimos a la tarea de buscar las actividades culturales que no puedes\u2026<\/p>\n<p class=\"postmeta\"><span class=\"meta_date\">junio 29, 2017<\/span><\/p>\n<\/div>\n\n\t\t\t  <div \n\t\t\t  \tclass = \"fb-comments\" \n\t\t\t  \tdata-href = \"http:\/\/www.eloriente.net\/home\/2017\/06\/30\/oaxaca-llega-primer-motofest-guelaguetza-2017\/\"\n\t\t\t  \tdata-numposts = \"10\"\n\t\t\t\tdata-colorscheme = \"dark\"\n\t\t\t\tdata-order-by = \"social\"\n\t\t\t\tdata-mobile=true>\n\t\t\t  <\/div>\n\t\t  <style>\n\t\t\t.fb_iframe_widget_fluid_desktop iframe {\n\t\t\t    width: 100% !important;\n\t\t\t}\n\t\t  <\/style>\n\t\t  ","protected":false},"excerpt":{"rendered":"<p>&nbsp; eloriente.net 30 de junio de 2017 En v\u00edspera de las fiestas de la Guelaguetza 2017, la Direcci\u00f3n de Turismo del Municipio de Oaxaca de Ju\u00e1rez en coordinaci\u00f3n con la Oficina de Convenciones y Visitantes de Oaxaca, dieron a conocer la carrera del \u201cPrimer Motofest Guelaguetza 2017\u201d, a realizarse los d\u00edas 7, 8 y 9 [&hellip;]<\/p>\n","protected":false},"author":44,"featured_media":48900,"comment_status":"open","ping_status":"open","sticky":false,"template":"","format":"standard","meta":{"_jetpack_memberships_contains_paid_content":false,"footnotes":""},"categories":[8,29,1588,15,32,63,464],"tags":[3119,1548,1250,7962,7964,7965,7963,73],"class_list":["post-48899","post","type-post","status-publish","format-standard","has-post-thumbnail","hentry","category-agenda","category-capital","category-comunicados-y-boletines","category-deportes","category-entradas","category-estados","category-oaxaca-estados","tag-carreras","tag-festivales","tag-guelaguetza","tag-guelaguetza-2017","tag-moto","tag-motocicletas","tag-motofest","tag-oaxaca"],"jetpack_featured_media_url":"http:\/\/www.eloriente.net\/home\/wp-content\/uploads\/2017\/06\/20177425090_e3309b712e_k.jpg","jetpack_sharing_enabled":true,"_links":{"self":[{"href":"http:\/\/www.eloriente.net\/home\/wp-json\/wp\/v2\/posts\/48899"}],"collection":[{"href":"http:\/\/www.eloriente.net\/home\/wp-json\/wp\/v2\/posts"}],"about":[{"href":"http:\/\/www.eloriente.net\/home\/wp-json\/wp\/v2\/types\/post"}],"author":[{"embeddable":true,"href":"http:\/\/www.eloriente.net\/home\/wp-json\/wp\/v2\/users\/44"}],"replies":[{"embeddable":true,"href":"http:\/\/www.eloriente.net\/home\/wp-json\/wp\/v2\/comments?post=48899"}],"version-history":[{"count":1,"href":"http:\/\/www.eloriente.net\/home\/wp-json\/wp\/v2\/posts\/48899\/revisions"}],"predecessor-version":[{"id":48901,"href":"http:\/\/www.eloriente.net\/home\/wp-json\/wp\/v2\/posts\/48899\/revisions\/48901"}],"wp:featuredmedia":[{"embeddable":true,"href":"http:\/\/www.eloriente.net\/home\/wp-json\/wp\/v2\/media\/48900"}],"wp:attachment":[{"href":"http:\/\/www.eloriente.net\/home\/wp-json\/wp\/v2\/media?parent=48899"}],"wp:term":[{"taxonomy":"category","embeddable":true,"href":"http:\/\/www.eloriente.net\/home\/wp-json\/wp\/v2\/categories?post=48899"},{"taxonomy":"post_tag","embeddable":true,"href":"http:\/\/www.eloriente.net\/home\/wp-json\/wp\/v2\/tags?post=48899"}],"curies":[{"name":"wp","href":"https:\/\/api.w.org\/{rel}","templated":true}]}}