{"id":48902,"date":"2017-06-30T17:19:01","date_gmt":"2017-06-30T23:19:01","guid":{"rendered":"http:\/\/www.eloriente.net\/home\/?p=48902"},"modified":"2017-06-30T19:01:43","modified_gmt":"2017-07-01T01:01:43","slug":"oaxaca-la-63-legislatura-cumplio-tiempo-forma-amparo-4262016","status":"publish","type":"post","link":"http:\/\/www.eloriente.net\/home\/2017\/06\/30\/oaxaca-la-63-legislatura-cumplio-tiempo-forma-amparo-4262016\/","title":{"rendered":"OAXACA: 63 Legislatura cumpli\u00f3 en tiempo y forma con amparo 426\/2016: Juzgado"},"content":{"rendered":"<p><script src=\"\/\/pagead2.googlesyndication.com\/pagead\/js\/adsbygoogle.js\" async=\"\"><\/script><!-- BANNER ELORIENTE INCRUSTADO NOTAS --> <ins class=\"adsbygoogle\" style=\"display: inline-block; width: 300px; height: 250px;\" data-ad-client=\"ca-pub-1136171134853753\" data-ad-slot=\"7974633627\"><\/ins><script>\/\/ <![CDATA[\n(adsbygoogle = window.adsbygoogle || []).push({});\n\/\/ ]]><\/script><\/p>\n<p>&nbsp;<\/p>\n<p>eloriente.net<\/p>\n<p>30 de junio de 2017<\/p>\n<p><span style=\"font-weight: 400;\">La 63 Legislatura cumpli\u00f3 en tiempo y forma con el amparo 426\/2016, as\u00ed lo se\u00f1al\u00f3 el Juzgado S\u00e9ptimo de Distrito en el Estado de Oaxaca, con ello se determina que el Congreso del Estado no fue condenado al cumplimiento de la sentencia por no ser parte en el juicio de amparo principal.<\/span><\/p>\n<p>El retraso en la entrega de correspondencia al juzgado s\u00e9ptimo, se debi\u00f3 a las condiciones que generara la tormenta tropical \u201cBeatriz\u201d que interrumpi\u00f3 las comunicaciones en parte de la entidad, por lo que esta Soberan\u00eda no es ni omisa ni incompetente, por lo que es falso, que el juzgado s\u00e9ptimo de Distrito de Salina Cruz Oaxaca, acordara un proceso de inhabilitaci\u00f3n ante la Suprema Corte de Justicia de la Naci\u00f3n.<\/p>\n<p>En ese sentido, en Sesi\u00f3n Ordinaria, el presidente de la Diputaci\u00f3n Permanente, Manuel Le\u00f3n S\u00e1nchez, a nombre del Poder Legislativo, manifest\u00f3 que derivado de dicho juicio de amparo se dio origen a una multa a los legisladores, misma que el d\u00eda de hoy mediante oficio n\u00famero 1298 el juez de Distrito n\u00famero 7, orden\u00f3 dejar sin efecto legal.<\/p>\n<p>\u201cEl Honorable Congreso del Estado cumpli\u00f3 en tiempo y forma al dar contestaci\u00f3n al requerimiento hecho por la instancia competente del Poder Judicial\u201d, se\u00f1al\u00f3 Le\u00f3n S\u00e1nchez.<\/p>\n<p><script src=\"\/\/pagead2.googlesyndication.com\/pagead\/js\/adsbygoogle.js\" async=\"\"><\/script><!-- BANNER PEQUE\u00d1O PARA ENTRENOTAS EL ORIENTE --> <ins class=\"adsbygoogle\" style=\"display: inline-block; width: 468px; height: 60px;\" data-ad-client=\"ca-pub-1136171134853753\" data-ad-slot=\"4953536424\"><\/ins><script>\/\/ <![CDATA[\n(adsbygoogle = window.adsbygoogle || []).push({});\n\/\/ ]]><\/script><\/p>\n<p>Mediante oficio de fecha 12 de junio del presente a\u00f1o, el Presidente de la Junta de Coordinaci\u00f3n Pol\u00edtica del H. Congreso del Estado dio contestaci\u00f3n al requerimiento formulado \u00a0por el Juzgado S\u00e9ptimo de Distrito, mediante el oficio n\u00famero 1118, de fecha 06 de junio de dos 2017, mismo que fue depositado en las oficinas del Servicio Postal Mexicano, con fecha 13 de junio del a\u00f1o en curso.<\/p>\n<p><span style=\"font-weight: 400;\">En Sesi\u00f3n Extraordinaria el 22 de junio de 2017, se aprob\u00f3 el dictamen de la Comisi\u00f3n Permanente de Presupuesto y Programaci\u00f3n, por el cual de conformidad con lo previsto en el art\u00edculo Sexto de la Ley de Bienes Pertenecientes al Estado de Oaxaca, expide un decreto especial que autoriza al Ayuntamiento del Municipio de Salina Cruz, Tehuantepec, Oaxaca, para que de sus recursos propios incluya en su Presupuesto de Egresos para el a\u00f1o 2017. <\/span><\/p>\n<p><span style=\"font-weight: 400;\">En la partida presupuestal denominada \u201csentencias y laudos\u201d, un monto por la cantidad dos millones 505 mil 37 pesos cuya erogaci\u00f3n ser\u00e1 destinada exclusivamente al pago de las obligaciones que le fueron determinadas en la sentencia del expediente sumario civil 558\/2009, radicado en el Juzgado Primero de lo Civil del Distrito Judicial de Salina Cruz, Oaxaca, pago que deber\u00e1 de hacer en favor del \u00a0ciudadano Rafael Garc\u00eda Zavaleta.<\/span><\/p>\n<p><span style=\"font-weight: 400;\">Por consiguiente el juez s\u00e9ptimo realiza diversos requerimientos a la Sexag\u00e9sima Tercera Legislatura y a la Comisi\u00f3n Permanente de Presupuesto y Programaci\u00f3n, <\/span><\/p>\n<p>Antecedentes<\/p>\n<p>El Ayuntamiento de Salina Cruz, manifest\u00f3 haber solicitado mediante oficio n\u00famero 70\/2017 de diez de marzo del a\u00f1o en curso, la expedici\u00f3n de un decreto que autorice la partida especial para el cumplimiento del pago a que fue condenado en el expediente civil n\u00famero 558\/2009 del \u00edndice del Juzgado Primero de lo Civil; oficio que se recibi\u00f3 en la Oficial\u00eda de Partes de este Congreso el diecisiete de marzo de dos mil diecisiete, quedamos vinculados al cumplimiento de la sentencia.<\/p>\n<p><span style=\"font-weight: 400;\">Dicha solicitud fue turnada a la comisi\u00f3n permanente de Presupuesto y Programaci\u00f3n de la LXIII Legislatura para que emitiera el dictamen correspondiente, de acuerdo al procedimiento legislativo que rige al Congreso.<\/span><\/p>\n<p><a href=\"http:\/\/www.eloriente.net\/home\/wp-content\/uploads\/2017\/06\/DIPUTACIO\u0301N-PERMANENTE.jpg\" rel=\"attachment wp-att-48907\"><img loading=\"lazy\" decoding=\"async\" class=\"alignnone wp-image-48907\" src=\"http:\/\/www.eloriente.net\/home\/wp-content\/uploads\/2017\/06\/DIPUTACIO\u0301N-PERMANENTE.jpg\" alt=\"DIPUTACIO\u0301N PERMANENTE\" width=\"601\" height=\"401\" srcset=\"http:\/\/www.eloriente.net\/home\/wp-content\/uploads\/2017\/06\/DIPUTACIO\u0301N-PERMANENTE.jpg 998w, http:\/\/www.eloriente.net\/home\/wp-content\/uploads\/2017\/06\/DIPUTACIO\u0301N-PERMANENTE-300x200.jpg 300w, http:\/\/www.eloriente.net\/home\/wp-content\/uploads\/2017\/06\/DIPUTACIO\u0301N-PERMANENTE-768x513.jpg 768w\" sizes=\"(max-width: 601px) 100vw, 601px\" \/><\/a><\/p>\n<p><strong>OTRAS ENTRADAS<\/strong><\/p>\n<div class=\"featuredpost\">\n<div class=\"flow_hide\">\n<h2 class=\"posttitle bigposttitle\"><a title=\"Enlace Permanente a OAXACA: Llega el primer \u201cMotofest Guelaguetza 2017\u201d\" href=\"http:\/\/www.eloriente.net\/home\/2017\/06\/30\/oaxaca-llega-primer-motofest-guelaguetza-2017\/\" rel=\"bookmark\">OAXACA: Llega el primer \u201cMotofest Guelaguetza 2017\u201d<\/a><\/h2>\n<\/div>\n<p>eloriente.net 30 de junio de 2017 En v\u00edspera de las fiestas de la Guelaguetza 2017, la Direcci\u00f3n de Turismo del Municipio de Oaxaca de Ju\u00e1rez en coordinaci\u00f3n\u2026<\/p>\n<p class=\"postmeta\"><span class=\"meta_date\">junio 30, 2017<\/span><\/p>\n<div class=\"toolbar-social\"><\/div>\n<\/div>\n<div class=\"featuredpost\">\n<div class=\"flow_hide\">\n<p><a href=\"http:\/\/www.eloriente.net\/home\/2017\/06\/30\/ano-partida-legado-ruben-vasconcelos-beltran-oaxaca\/\" rel=\"bookmark\"><img decoding=\"async\" class=\"alignleft\" title=\"A un a\u00f1o de su partida: El legado de Rub\u00e9n Vasconcelos Beltr\u00e1n en Todo Oaxaca\" src=\"http:\/\/www.eloriente.net\/home\/wp-content\/themes\/city-desk\/timthumb.php?src=http%3A%2F%2Fwww.eloriente.net%2Fhome%2Fwp-content%2Fuploads%2F2013%2F03%2FRube%CC%81n-Vasconcelos-www.todooaxacaradio.com_.jpg&amp;q=90&amp;w=70&amp;h=45&amp;zc=1\" alt=\"A un a\u00f1o de su partida: El legado de Rub\u00e9n Vasconcelos Beltr\u00e1n en Todo Oaxaca\" \/><\/a><\/p>\n<h2 class=\"posttitle \"><a title=\"Enlace Permanente a A un a\u00f1o de su partida: El legado de Rub\u00e9n Vasconcelos Beltr\u00e1n en Todo Oaxaca\" href=\"http:\/\/www.eloriente.net\/home\/2017\/06\/30\/ano-partida-legado-ruben-vasconcelos-beltran-oaxaca\/\" rel=\"bookmark\">A un a\u00f1o de su partida: El legado de Rub\u00e9n Vasconcelos Beltr\u00e1n en Todo Oaxaca<\/a><\/h2>\n<\/div>\n<p>eloriente.net 30 de junio de 2017 Este 30 de junio de 2017, el maestro Rub\u00e9n Vasconcelos Beltr\u00e1n estar\u00eda cumpliendo la edad de 77 a\u00f1os, pero por aquellos\u2026<\/p>\n<p class=\"postmeta\"><span class=\"meta_date\">junio 30, 2017<\/span><\/p>\n<\/div>\n\n\t\t\t  <div \n\t\t\t  \tclass = \"fb-comments\" \n\t\t\t  \tdata-href = \"http:\/\/www.eloriente.net\/home\/2017\/06\/30\/oaxaca-la-63-legislatura-cumplio-tiempo-forma-amparo-4262016\/\"\n\t\t\t  \tdata-numposts = \"10\"\n\t\t\t\tdata-colorscheme = \"dark\"\n\t\t\t\tdata-order-by = \"social\"\n\t\t\t\tdata-mobile=true>\n\t\t\t  <\/div>\n\t\t  <style>\n\t\t\t.fb_iframe_widget_fluid_desktop iframe {\n\t\t\t    width: 100% !important;\n\t\t\t}\n\t\t  <\/style>\n\t\t  ","protected":false},"excerpt":{"rendered":"<p>&nbsp; eloriente.net 30 de junio de 2017 La 63 Legislatura cumpli\u00f3 en tiempo y forma con el amparo 426\/2016, as\u00ed lo se\u00f1al\u00f3 el Juzgado S\u00e9ptimo de Distrito en el Estado de Oaxaca, con ello se determina que el Congreso del Estado no fue condenado al cumplimiento de la sentencia por no ser parte en el [&hellip;]<\/p>\n","protected":false},"author":44,"featured_media":48907,"comment_status":"open","ping_status":"open","sticky":false,"template":"","format":"standard","meta":{"_jetpack_memberships_contains_paid_content":false,"footnotes":""},"categories":[4300,1588,91,22,32,63,464,21],"tags":[4428,4195,246,7968,93,255],"class_list":["post-48902","post","type-post","status-publish","format-standard","has-post-thumbnail","hentry","category-comunicacion","category-comunicados-y-boletines","category-congreso-y-justicia","category-derechos-humanos","category-entradas","category-estados","category-oaxaca-estados","category-politica-y-gobierno","tag-boletin","tag-comunicado","tag-congreso","tag-diputacion","tag-diputados","tag-justicia"],"jetpack_featured_media_url":"http:\/\/www.eloriente.net\/home\/wp-content\/uploads\/2017\/06\/DIPUTACIO\u0301N-PERMANENTE.jpg","jetpack_sharing_enabled":true,"_links":{"self":[{"href":"http:\/\/www.eloriente.net\/home\/wp-json\/wp\/v2\/posts\/48902"}],"collection":[{"href":"http:\/\/www.eloriente.net\/home\/wp-json\/wp\/v2\/posts"}],"about":[{"href":"http:\/\/www.eloriente.net\/home\/wp-json\/wp\/v2\/types\/post"}],"author":[{"embeddable":true,"href":"http:\/\/www.eloriente.net\/home\/wp-json\/wp\/v2\/users\/44"}],"replies":[{"embeddable":true,"href":"http:\/\/www.eloriente.net\/home\/wp-json\/wp\/v2\/comments?post=48902"}],"version-history":[{"count":2,"href":"http:\/\/www.eloriente.net\/home\/wp-json\/wp\/v2\/posts\/48902\/revisions"}],"predecessor-version":[{"id":48915,"href":"http:\/\/www.eloriente.net\/home\/wp-json\/wp\/v2\/posts\/48902\/revisions\/48915"}],"wp:featuredmedia":[{"embeddable":true,"href":"http:\/\/www.eloriente.net\/home\/wp-json\/wp\/v2\/media\/48907"}],"wp:attachment":[{"href":"http:\/\/www.eloriente.net\/home\/wp-json\/wp\/v2\/media?parent=48902"}],"wp:term":[{"taxonomy":"category","embeddable":true,"href":"http:\/\/www.eloriente.net\/home\/wp-json\/wp\/v2\/categories?post=48902"},{"taxonomy":"post_tag","embeddable":true,"href":"http:\/\/www.eloriente.net\/home\/wp-json\/wp\/v2\/tags?post=48902"}],"curies":[{"name":"wp","href":"https:\/\/api.w.org\/{rel}","templated":true}]}}